{"id":277,"date":"2014-09-10T09:19:07","date_gmt":"2014-09-10T07:19:07","guid":{"rendered":"http:\/\/wp.kristdemokraterna.se\/ale\/?p=277"},"modified":"2018-03-21T13:39:26","modified_gmt":"2018-03-21T12:39:26","slug":"vardnadsbidrag-och-barnomsorgspeng-i-ale","status":"publish","type":"post","link":"https:\/\/wp.kristdemokraterna.se\/ale\/vardnadsbidrag-och-barnomsorgspeng-i-ale\/","title":{"rendered":"V\u00e5rdnadsbidrag och barnomsorgspeng i ALE"},"content":{"rendered":"<p>Den 1\/12 2011 s\u00e5 inf\u00f6rde Alliansen i Ale ett v\u00e5rdnadsbidrag. Bidraget \u00e4r p\u00e5 3000 kronor i m\u00e5naden. V\u00e5rdnadshavare med barn som fyllt 1 \u00e5r men inte 3 \u00e5r kan ans\u00f6ka om v\u00e5rdnadsbidrag. Detta var en fr\u00e5ga som vi Kristdemokrater drivit l\u00e4nge och som syftar till att skapa \u00f6kad valfrihet f\u00f6r f\u00f6r\u00e4ldrarna. V\u00e5rdnadsbidraget \u00e4r uppskattat men tyv\u00e4rr \u00e4r det f\u00f6r l\u00e5gt f\u00f6r att vara ett alternativ f\u00f6r m\u00e5nga f\u00f6r\u00e4ldrar.<!--more--><\/p>\n<p><strong>Barnomsorgspeng<\/strong><\/p>\n<p>Barnomsorgspeng \u00e4r ett kommunalt bidrag som Alliansregeringen inf\u00f6rde 1 juli 2009 och bidraget f\u00f6ljer barnet till den verksamhet som f\u00f6r\u00e4ldrarna sj\u00e4lva v\u00e4ljer. Detta \u00e4r ocks\u00e5 en valfrihetsreform som ger m\u00f6jligheten att v\u00e4lja olika former av pedagogisk verksamhet f\u00f6r sina barn.<\/p>\n<p><strong>Utveckla barnomsorgspengen i Ale<\/strong><\/p>\n<p>7000 kr\/m\u00e5nad \u00e4r en rimlig summa till f\u00f6r\u00e4ldrar som har omsorg om egna barn. Kristdemokraterna i Ale vill kunna erbjuda f\u00f6r\u00e4ldrarna en barnomsorgspeng. V\u00e5rdnadsbidraget\u00a0 vill vi bevara, tills en barnomsorgspeng p\u00e5 7000 kr kan inf\u00f6ras. Barnomsorgspengen f\u00f6r egna barn b\u00f6r vara skattepliktig och b\u00f6r motsvara drygt 7 000 kronor per m\u00e5nad och barn f\u00f6re skatt.<\/p>\n<p>Kristdemokraterna anser att f\u00f6r\u00e4ldrar vet vad som \u00e4r b\u00e4st f\u00f6r dem och deras barn och ska sj\u00e4lva f\u00e5 best\u00e4mma hur de vill dela p\u00e5 f\u00f6r\u00e4ldraf\u00f6rs\u00e4kringen och vilken sorts barnomsorg som de vill ge sina barn.<\/p>\n<p>Det m\u00e5ste ocks\u00e5 vara m\u00f6jligt att prioritera mer tid med barnen. F\u00f6r att \u00f6ka valfriheten och r\u00e4ttvisan i barnomsorgen f\u00f6resl\u00e5r kristdemokraterna en \u201dbarntidsreform\u201d som syftar till \u00f6kad frihet f\u00f6r f\u00f6r\u00e4ldrarna att \u00e4gna tid \u00e5t sina barn.<\/p>\n<p><strong>\u00a0<\/strong><strong>Flexiblare f\u00f6r\u00e4ldraf\u00f6rs\u00e4kring f\u00f6r mer tid f\u00f6r de sm\u00e5 barnen<\/strong><\/p>\n<p>De on\u00f6diga begr\u00e4nsningar som idag finns i regelverket b\u00f6r tas bort och skyddet av den f\u00f6r\u00e4ldrapenninggrundande inkomsten b\u00f6r f\u00f6rl\u00e4ngas till tre \u00e5r.<\/p>\n<p>R\u00e4tten till tj\u00e4nstledighet p\u00e5 heltid f\u00f6r att vara hemma med barnen b\u00f6r utvidgas s\u00e5 att b\u00e5da f\u00f6r\u00e4ldrarna har r\u00e4tt till tj\u00e4nstledighet p\u00e5 heltid tills barnet fyller 3 \u00e5r. Detta skulle s\u00e4rskilt gynna pappors uttag, d\u00e5 de ofta \u00e4r hemma n\u00e4r barnet blivit lite \u00e4ldre.<\/p>\n<p>Alla dagar ska fritt kunna \u00f6verl\u00e5tas mellan f\u00f6r\u00e4ldrarna<\/p>\n<p>Kristdemokraterna s\u00e4ger best\u00e4mt nej till en p\u00e5tvingad kvotering av f\u00f6r\u00e4ldraf\u00f6rs\u00e4kringen som m\u00e5nga partier kr\u00e4ver utan att fr\u00e5ga vad f\u00f6r\u00e4ldrarna sj\u00e4lva \u00f6nskar.<\/p>\n<p>Tony Karlsson, kristdemokraterna i Ale<br \/>\nSpr\u00e4nggatan 11<br \/>\n446 32 \u00c4lv\u00e4ngen<\/p>\n","protected":false},"excerpt":{"rendered":"<p>Den 1\/12 2011 s\u00e5 inf\u00f6rde Alliansen i Ale ett v\u00e5rdnadsbidrag. Bidraget \u00e4r p\u00e5 3000 kronor i m\u00e5naden. V\u00e5rdnadshavare med barn som fyllt 1 \u00e5r men inte 3 \u00e5r kan ans\u00f6ka om v\u00e5rdnadsbidrag. Detta var en fr\u00e5ga som vi Kristdemokrater drivit l\u00e4nge och som syftar till att skapa \u00f6kad valfrihet f\u00f6r f\u00f6r\u00e4ldrarna. V\u00e5rdnadsbidraget \u00e4r uppskattat men <a class=\"read-more-link\" href=\"https:\/\/wp.kristdemokraterna.se\/ale\/vardnadsbidrag-och-barnomsorgspeng-i-ale\/\">Read More<\/a><\/p>\n","protected":false},"author":23,"featured_media":0,"comment_status":"closed","ping_status":"closed","sticky":false,"template":"","format":"standard","meta":{"_acf_changed":false,"footnotes":""},"categories":[5],"tags":[],"class_list":["post-277","post","type-post","status-publish","format-standard","hentry","category-inlagg"],"acf":[],"yoast_head":"<!-- This site is optimized with the Yoast SEO plugin v27.5 - https:\/\/yoast.com\/product\/yoast-seo-wordpress\/ -->\n<title>V\u00e5rdnadsbidrag och barnomsorgspeng i ALE - Ale<\/title>\n<meta name=\"robots\" content=\"index, follow, max-snippet:-1, max-image-preview:large, max-video-preview:-1\" \/>\n<link rel=\"canonical\" href=\"https:\/\/wp.kristdemokraterna.se\/ale\/vardnadsbidrag-och-barnomsorgspeng-i-ale\/\" \/>\n<meta property=\"og:locale\" content=\"sv_SE\" \/>\n<meta property=\"og:type\" content=\"article\" \/>\n<meta property=\"og:title\" content=\"V\u00e5rdnadsbidrag och barnomsorgspeng i ALE - Ale\" \/>\n<meta property=\"og:description\" content=\"Den 1\/12 2011 s\u00e5 inf\u00f6rde Alliansen i Ale ett v\u00e5rdnadsbidrag. Bidraget \u00e4r p\u00e5 3000 kronor i m\u00e5naden. V\u00e5rdnadshavare med barn som fyllt 1 \u00e5r men inte 3 \u00e5r kan ans\u00f6ka om v\u00e5rdnadsbidrag. Detta var en fr\u00e5ga som vi Kristdemokrater drivit l\u00e4nge och som syftar till att skapa \u00f6kad valfrihet f\u00f6r f\u00f6r\u00e4ldrarna. V\u00e5rdnadsbidraget \u00e4r uppskattat men Read More\" \/>\n<meta property=\"og:url\" content=\"https:\/\/wp.kristdemokraterna.se\/ale\/vardnadsbidrag-och-barnomsorgspeng-i-ale\/\" \/>\n<meta property=\"og:site_name\" content=\"Ale\" \/>\n<meta property=\"article:published_time\" content=\"2014-09-10T07:19:07+00:00\" \/>\n<meta property=\"article:modified_time\" content=\"2018-03-21T12:39:26+00:00\" \/>\n<meta name=\"author\" content=\"Kristdemokraterna i Ale\" \/>\n<meta name=\"twitter:card\" content=\"summary_large_image\" \/>\n<meta name=\"twitter:label1\" content=\"Skriven av\" \/>\n\t<meta name=\"twitter:data1\" content=\"Kristdemokraterna i Ale\" \/>\n\t<meta name=\"twitter:label2\" content=\"Ber\u00e4knad l\u00e4stid\" \/>\n\t<meta name=\"twitter:data2\" content=\"2 minuter\" \/>\n<script type=\"application\/ld+json\" class=\"yoast-schema-graph\">{\"@context\":\"https:\\\/\\\/schema.org\",\"@graph\":[{\"@type\":\"Article\",\"@id\":\"https:\\\/\\\/wp.kristdemokraterna.se\\\/ale\\\/vardnadsbidrag-och-barnomsorgspeng-i-ale\\\/#article\",\"isPartOf\":{\"@id\":\"https:\\\/\\\/wp.kristdemokraterna.se\\\/ale\\\/vardnadsbidrag-och-barnomsorgspeng-i-ale\\\/\"},\"author\":{\"name\":\"Kristdemokraterna i Ale\",\"@id\":\"https:\\\/\\\/wp.kristdemokraterna.se\\\/ale\\\/#\\\/schema\\\/person\\\/e3cee194cd64b6fe6feb71d3bfdb2303\"},\"headline\":\"V\u00e5rdnadsbidrag och barnomsorgspeng i ALE\",\"datePublished\":\"2014-09-10T07:19:07+00:00\",\"dateModified\":\"2018-03-21T12:39:26+00:00\",\"mainEntityOfPage\":{\"@id\":\"https:\\\/\\\/wp.kristdemokraterna.se\\\/ale\\\/vardnadsbidrag-och-barnomsorgspeng-i-ale\\\/\"},\"wordCount\":448,\"articleSection\":[\"Inl\u00e4gg\"],\"inLanguage\":\"sv-SE\"},{\"@type\":\"WebPage\",\"@id\":\"https:\\\/\\\/wp.kristdemokraterna.se\\\/ale\\\/vardnadsbidrag-och-barnomsorgspeng-i-ale\\\/\",\"url\":\"https:\\\/\\\/wp.kristdemokraterna.se\\\/ale\\\/vardnadsbidrag-och-barnomsorgspeng-i-ale\\\/\",\"name\":\"V\u00e5rdnadsbidrag och barnomsorgspeng i ALE - Ale\",\"isPartOf\":{\"@id\":\"https:\\\/\\\/wp.kristdemokraterna.se\\\/ale\\\/#website\"},\"datePublished\":\"2014-09-10T07:19:07+00:00\",\"dateModified\":\"2018-03-21T12:39:26+00:00\",\"author\":{\"@id\":\"https:\\\/\\\/wp.kristdemokraterna.se\\\/ale\\\/#\\\/schema\\\/person\\\/e3cee194cd64b6fe6feb71d3bfdb2303\"},\"breadcrumb\":{\"@id\":\"https:\\\/\\\/wp.kristdemokraterna.se\\\/ale\\\/vardnadsbidrag-och-barnomsorgspeng-i-ale\\\/#breadcrumb\"},\"inLanguage\":\"sv-SE\",\"potentialAction\":[{\"@type\":\"ReadAction\",\"target\":[\"https:\\\/\\\/wp.kristdemokraterna.se\\\/ale\\\/vardnadsbidrag-och-barnomsorgspeng-i-ale\\\/\"]}]},{\"@type\":\"BreadcrumbList\",\"@id\":\"https:\\\/\\\/wp.kristdemokraterna.se\\\/ale\\\/vardnadsbidrag-och-barnomsorgspeng-i-ale\\\/#breadcrumb\",\"itemListElement\":[{\"@type\":\"ListItem\",\"position\":1,\"name\":\"Hem\",\"item\":\"https:\\\/\\\/wp.kristdemokraterna.se\\\/ale\\\/\"},{\"@type\":\"ListItem\",\"position\":2,\"name\":\"V\u00e5rdnadsbidrag och barnomsorgspeng i ALE\"}]},{\"@type\":\"WebSite\",\"@id\":\"https:\\\/\\\/wp.kristdemokraterna.se\\\/ale\\\/#website\",\"url\":\"https:\\\/\\\/wp.kristdemokraterna.se\\\/ale\\\/\",\"name\":\"Ale\",\"description\":\"Ale\",\"inLanguage\":\"sv-SE\"},{\"@type\":\"Person\",\"@id\":\"https:\\\/\\\/wp.kristdemokraterna.se\\\/ale\\\/#\\\/schema\\\/person\\\/e3cee194cd64b6fe6feb71d3bfdb2303\",\"name\":\"Kristdemokraterna i Ale\",\"image\":{\"@type\":\"ImageObject\",\"inLanguage\":\"sv-SE\",\"@id\":\"https:\\\/\\\/secure.gravatar.com\\\/avatar\\\/d5b66755ec2a1fc55986c6002f6ee44d51ee49564fc8b046c298eed8a3293621?s=96&r=g\",\"url\":\"https:\\\/\\\/secure.gravatar.com\\\/avatar\\\/d5b66755ec2a1fc55986c6002f6ee44d51ee49564fc8b046c298eed8a3293621?s=96&r=g\",\"contentUrl\":\"https:\\\/\\\/secure.gravatar.com\\\/avatar\\\/d5b66755ec2a1fc55986c6002f6ee44d51ee49564fc8b046c298eed8a3293621?s=96&r=g\",\"caption\":\"Kristdemokraterna i Ale\"},\"sameAs\":[\"http:\\\/\\\/www.ale.kristdemokraterna.se\"],\"url\":\"https:\\\/\\\/wp.kristdemokraterna.se\\\/ale\\\/author\\\/ale\\\/\"}]}<\/script>\n<!-- \/ Yoast SEO plugin. -->","yoast_head_json":{"title":"V\u00e5rdnadsbidrag och barnomsorgspeng i ALE - Ale","robots":{"index":"index","follow":"follow","max-snippet":"max-snippet:-1","max-image-preview":"max-image-preview:large","max-video-preview":"max-video-preview:-1"},"canonical":"https:\/\/wp.kristdemokraterna.se\/ale\/vardnadsbidrag-och-barnomsorgspeng-i-ale\/","og_locale":"sv_SE","og_type":"article","og_title":"V\u00e5rdnadsbidrag och barnomsorgspeng i ALE - Ale","og_description":"Den 1\/12 2011 s\u00e5 inf\u00f6rde Alliansen i Ale ett v\u00e5rdnadsbidrag. Bidraget \u00e4r p\u00e5 3000 kronor i m\u00e5naden. V\u00e5rdnadshavare med barn som fyllt 1 \u00e5r men inte 3 \u00e5r kan ans\u00f6ka om v\u00e5rdnadsbidrag. Detta var en fr\u00e5ga som vi Kristdemokrater drivit l\u00e4nge och som syftar till att skapa \u00f6kad valfrihet f\u00f6r f\u00f6r\u00e4ldrarna. V\u00e5rdnadsbidraget \u00e4r uppskattat men Read More","og_url":"https:\/\/wp.kristdemokraterna.se\/ale\/vardnadsbidrag-och-barnomsorgspeng-i-ale\/","og_site_name":"Ale","article_published_time":"2014-09-10T07:19:07+00:00","article_modified_time":"2018-03-21T12:39:26+00:00","author":"Kristdemokraterna i Ale","twitter_card":"summary_large_image","twitter_misc":{"Skriven av":"Kristdemokraterna i Ale","Ber\u00e4knad l\u00e4stid":"2 minuter"},"schema":{"@context":"https:\/\/schema.org","@graph":[{"@type":"Article","@id":"https:\/\/wp.kristdemokraterna.se\/ale\/vardnadsbidrag-och-barnomsorgspeng-i-ale\/#article","isPartOf":{"@id":"https:\/\/wp.kristdemokraterna.se\/ale\/vardnadsbidrag-och-barnomsorgspeng-i-ale\/"},"author":{"name":"Kristdemokraterna i Ale","@id":"https:\/\/wp.kristdemokraterna.se\/ale\/#\/schema\/person\/e3cee194cd64b6fe6feb71d3bfdb2303"},"headline":"V\u00e5rdnadsbidrag och barnomsorgspeng i ALE","datePublished":"2014-09-10T07:19:07+00:00","dateModified":"2018-03-21T12:39:26+00:00","mainEntityOfPage":{"@id":"https:\/\/wp.kristdemokraterna.se\/ale\/vardnadsbidrag-och-barnomsorgspeng-i-ale\/"},"wordCount":448,"articleSection":["Inl\u00e4gg"],"inLanguage":"sv-SE"},{"@type":"WebPage","@id":"https:\/\/wp.kristdemokraterna.se\/ale\/vardnadsbidrag-och-barnomsorgspeng-i-ale\/","url":"https:\/\/wp.kristdemokraterna.se\/ale\/vardnadsbidrag-och-barnomsorgspeng-i-ale\/","name":"V\u00e5rdnadsbidrag och barnomsorgspeng i ALE - Ale","isPartOf":{"@id":"https:\/\/wp.kristdemokraterna.se\/ale\/#website"},"datePublished":"2014-09-10T07:19:07+00:00","dateModified":"2018-03-21T12:39:26+00:00","author":{"@id":"https:\/\/wp.kristdemokraterna.se\/ale\/#\/schema\/person\/e3cee194cd64b6fe6feb71d3bfdb2303"},"breadcrumb":{"@id":"https:\/\/wp.kristdemokraterna.se\/ale\/vardnadsbidrag-och-barnomsorgspeng-i-ale\/#breadcrumb"},"inLanguage":"sv-SE","potentialAction":[{"@type":"ReadAction","target":["https:\/\/wp.kristdemokraterna.se\/ale\/vardnadsbidrag-och-barnomsorgspeng-i-ale\/"]}]},{"@type":"BreadcrumbList","@id":"https:\/\/wp.kristdemokraterna.se\/ale\/vardnadsbidrag-och-barnomsorgspeng-i-ale\/#breadcrumb","itemListElement":[{"@type":"ListItem","position":1,"name":"Hem","item":"https:\/\/wp.kristdemokraterna.se\/ale\/"},{"@type":"ListItem","position":2,"name":"V\u00e5rdnadsbidrag och barnomsorgspeng i ALE"}]},{"@type":"WebSite","@id":"https:\/\/wp.kristdemokraterna.se\/ale\/#website","url":"https:\/\/wp.kristdemokraterna.se\/ale\/","name":"Ale","description":"Ale","inLanguage":"sv-SE"},{"@type":"Person","@id":"https:\/\/wp.kristdemokraterna.se\/ale\/#\/schema\/person\/e3cee194cd64b6fe6feb71d3bfdb2303","name":"Kristdemokraterna i Ale","image":{"@type":"ImageObject","inLanguage":"sv-SE","@id":"https:\/\/secure.gravatar.com\/avatar\/d5b66755ec2a1fc55986c6002f6ee44d51ee49564fc8b046c298eed8a3293621?s=96&r=g","url":"https:\/\/secure.gravatar.com\/avatar\/d5b66755ec2a1fc55986c6002f6ee44d51ee49564fc8b046c298eed8a3293621?s=96&r=g","contentUrl":"https:\/\/secure.gravatar.com\/avatar\/d5b66755ec2a1fc55986c6002f6ee44d51ee49564fc8b046c298eed8a3293621?s=96&r=g","caption":"Kristdemokraterna i Ale"},"sameAs":["http:\/\/www.ale.kristdemokraterna.se"],"url":"https:\/\/wp.kristdemokraterna.se\/ale\/author\/ale\/"}]}},"_links":{"self":[{"href":"https:\/\/wp.kristdemokraterna.se\/ale\/wp-json\/wp\/v2\/posts\/277","targetHints":{"allow":["GET"]}}],"collection":[{"href":"https:\/\/wp.kristdemokraterna.se\/ale\/wp-json\/wp\/v2\/posts"}],"about":[{"href":"https:\/\/wp.kristdemokraterna.se\/ale\/wp-json\/wp\/v2\/types\/post"}],"author":[{"embeddable":true,"href":"https:\/\/wp.kristdemokraterna.se\/ale\/wp-json\/wp\/v2\/users\/23"}],"replies":[{"embeddable":true,"href":"https:\/\/wp.kristdemokraterna.se\/ale\/wp-json\/wp\/v2\/comments?post=277"}],"version-history":[{"count":1,"href":"https:\/\/wp.kristdemokraterna.se\/ale\/wp-json\/wp\/v2\/posts\/277\/revisions"}],"predecessor-version":[{"id":278,"href":"https:\/\/wp.kristdemokraterna.se\/ale\/wp-json\/wp\/v2\/posts\/277\/revisions\/278"}],"wp:attachment":[{"href":"https:\/\/wp.kristdemokraterna.se\/ale\/wp-json\/wp\/v2\/media?parent=277"}],"wp:term":[{"taxonomy":"category","embeddable":true,"href":"https:\/\/wp.kristdemokraterna.se\/ale\/wp-json\/wp\/v2\/categories?post=277"},{"taxonomy":"post_tag","embeddable":true,"href":"https:\/\/wp.kristdemokraterna.se\/ale\/wp-json\/wp\/v2\/tags?post=277"}],"curies":[{"name":"wp","href":"https:\/\/api.w.org\/{rel}","templated":true}]}}