{"id":322,"date":"2016-02-05T12:02:59","date_gmt":"2016-02-05T11:02:59","guid":{"rendered":"http:\/\/wp.kristdemokraterna.se\/ale\/?p=322"},"modified":"2018-03-21T13:31:37","modified_gmt":"2018-03-21T12:31:37","slug":"barnen-i-ale-i-klam-nar-regeringen-kvoterar-foraldraforsakringen","status":"publish","type":"post","link":"https:\/\/wp.kristdemokraterna.se\/ale\/barnen-i-ale-i-klam-nar-regeringen-kvoterar-foraldraforsakringen\/","title":{"rendered":"Barnen i Ale i kl\u00e4m n\u00e4r regeringen kvoterar f\u00f6r\u00e4ldraf\u00f6rs\u00e4kringen"},"content":{"rendered":"<p><strong>Ibland <\/strong><strong>ben\u00e4mns denna<\/strong> tv\u00e5ngskvotering som <em>individualiserad<\/em> f\u00f6r\u00e4ldraf\u00f6rs\u00e4kring av dessa socialister.<\/p>\n<p>Den v\u00e4nsterstyrda regeringen har nu genomf\u00f6rt ytterligare en m\u00e5nads kvotering av f\u00f6r\u00e4ldraf\u00f6rs\u00e4kringen d\u00e4r mannen ska ta ut denna m\u00e5nad. F\u00f6r\u00e4ldraf\u00f6rs\u00e4kringen \u00e4r redan idag individualiserad. Varje f\u00f6r\u00e4lder f\u00e5r ut h\u00e4lften av dagarna.<\/p>\n<p>Men tyv\u00e4rr finns det partier som vill hindra den ene f\u00f6r\u00e4ldern att \u00f6verl\u00e5ta f\u00f6r\u00e4ldradagar till den andre f\u00f6r\u00e4ldern. Det vore d\u00e4rf\u00f6r mer hederligt att tala om en <em>tv\u00e5ngskvoterad<\/em> f\u00f6r\u00e4ldraf\u00f6rs\u00e4kring. F\u00f6r det \u00e4r vad det \u00e4r. I klartext inneb\u00e4r den tredje pappam\u00e5naden att f\u00f6r\u00e4ldrarnas frihet, att besluta \u00f6ver vem som ska vara hemma med deras egna barn, inskr\u00e4nks ytterligare.<\/p>\n<p>Vad inneb\u00e4r det f\u00f6r Ale? Jo det inneb\u00e4r att av alla som utnyttjar f\u00f6r\u00e4ldraf\u00f6rs\u00e4kringen s\u00e5 kommer 25% av de barnen att skrivas in 1 m\u00e5nad tidigare till f\u00f6rskolan eftersom inta alla pappor tar ut sina m\u00e5nader.. Har vi 100 st nyf\u00f6dda i Ale\/\u00e5r s\u00e5 kommer statistiskt 25 st att komma 1 m\u00e5nad tidigare till f\u00f6rskolan.\u00a0 25 st barn \u00a0till skall beredas plats. Ett antal drygt 1 \u00e5riga barn 1 m\u00e5nad tidigare i f\u00f6rskolan.<\/p>\n<p><strong>Det kan tyckas<\/strong> vara en sj\u00e4lvklarhet, att familjen som gemenskap ska v\u00e4rnas och st\u00e4rkas. Att varje familj \u00e4r unik och d\u00e4rf\u00f6r m\u00e5ste f\u00e5 m\u00f6jlighet att v\u00e4lja det som passar just dem, utan pekpinnar och politiska ovanifr\u00e5nl\u00f6sningar. Men s\u00e5 \u00e4r det inte. B\u00e5de inom v\u00e4nstern och borgerligheten finns de som vill anv\u00e4nda politiken f\u00f6r att styra och st\u00e4lla. Kristdemokraterna \u00e4r det enda parti som \u00f6ver hela den politiska linjen erk\u00e4nner familjens betydelse.<\/p>\n<p><strong>Familjen \u00e4r nu<\/strong> satt under press. Under alliansregeringens \u00e5tta \u00e5r drev Kristdemokraterna igenom \u00f6kad valfrihet inom barnomsorgen genom att inf\u00f6ra m\u00f6jligheten till v\u00e5rdnadsbidrag. Vi var d\u00e5 ensamma om att f\u00f6rorda en s\u00e5dan m\u00f6jlighet. I dag erbjuds v\u00e5rdnadsbidrag i 100 kommuner och 1 februari tar v\u00e4nsterregeringen \u00a0bort v\u00e5rdnadsbidraget vilket drabbar flera familjer i Ale. Vi har ocks\u00e5 envist st\u00e5tt upp f\u00f6r familjers r\u00e4tt att best\u00e4mma \u00f6ver f\u00f6rdelningen av f\u00f6r\u00e4ldraf\u00f6rs\u00e4kringen, trots att inte minst Folkpartiet i Alliansen drev en motsatt linje.<\/p>\n<p><strong>Den lilla valfrihet<\/strong> som v\u00e5rdnadsbidraget och en flexibel f\u00f6r\u00e4ldraf\u00f6rs\u00e4kring utg\u00f6r, tas \u00a0nu bort. Nu skrota v\u00e5rdnadsbidraget och en ut\u00f6ka tv\u00e5ngskvoteringen i f\u00f6r\u00e4ldraf\u00f6rs\u00e4kringen inf\u00f6rs. Men fler \u00f6ronm\u00e4rkta mamma- respektive pappam\u00e5nader Detta \u00a0kommer knappast \u00f6ka familjers m\u00f6jlighet att klara vardagspusslet och m\u00f6jligg\u00f6ra mer tid f\u00f6r barnen. F\u00f6r att ytterligare underl\u00e4tta f\u00f6r familjer vill kristdemokrater i st\u00e4llet st\u00e4rka sm\u00e5barnsf\u00f6r\u00e4ldrars r\u00e4tt till tj\u00e4nstledighet och inf\u00f6ra en barnomsorgspeng. Men s\u00e5 l\u00e4nge vi har en regering som bedriver familjefientlig politik kommer det inte bli av.<\/p>\n<p><strong>Kristdemokraternas omsorg om<\/strong> familjen grundar sig i insikten om att varje m\u00e4nniska f\u00f6ds in i ett sammanhang. Vi har ett djupt behov av andra m\u00e4nniskor och vi \u00e4r alla i olika faser av v\u00e5ra liv s\u00e5 svaga att vi \u00e4r helt beroende av andra. I den lilla gemenskap som en familj utg\u00f6r f\u00e5r familjemedlemmarna m\u00f6jlighet att m\u00f6ta k\u00e4rlek, omtanke och f\u00f6rst\u00e5else, men ocks\u00e5 st\u00e4llas inf\u00f6r krav och ta ansvar. I de flesta fall best\u00e5r familjen av en mamma, pappa och barn, men i v\u00e5rt samh\u00e4lle finns andra familjebildningar som ska ha samma respekt och st\u00f6d. F\u00f6r barnets b\u00e4sta l\u00e5t f\u00f6r\u00e4ldraf\u00f6rs\u00e4kringen tillh\u00f6ra barnet och valet hur den skall f\u00f6rdelas avg\u00f6ras av f\u00f6r\u00e4ldrarna.<\/p>\n<p>&nbsp;<\/p>\n<p>Tony Karlsson, kristdemokrat<\/p>\n<p>Spr\u00e4nggatan 11<\/p>\n<p>44632 \u00c4lv\u00e4ngen<\/p>\n","protected":false},"excerpt":{"rendered":"<p>Ibland ben\u00e4mns denna tv\u00e5ngskvotering som individualiserad f\u00f6r\u00e4ldraf\u00f6rs\u00e4kring av dessa socialister. Den v\u00e4nsterstyrda regeringen har nu genomf\u00f6rt ytterligare en m\u00e5nads kvotering av f\u00f6r\u00e4ldraf\u00f6rs\u00e4kringen d\u00e4r mannen ska ta ut denna m\u00e5nad. F\u00f6r\u00e4ldraf\u00f6rs\u00e4kringen \u00e4r redan idag individualiserad. Varje f\u00f6r\u00e4lder f\u00e5r ut h\u00e4lften av dagarna. Men tyv\u00e4rr finns det partier som vill hindra den ene f\u00f6r\u00e4ldern att \u00f6verl\u00e5ta f\u00f6r\u00e4ldradagar <a class=\"read-more-link\" href=\"https:\/\/wp.kristdemokraterna.se\/ale\/barnen-i-ale-i-klam-nar-regeringen-kvoterar-foraldraforsakringen\/\">Read More<\/a><\/p>\n","protected":false},"author":23,"featured_media":0,"comment_status":"closed","ping_status":"closed","sticky":false,"template":"","format":"standard","meta":{"_acf_changed":false,"footnotes":""},"categories":[5],"tags":[],"class_list":["post-322","post","type-post","status-publish","format-standard","hentry","category-inlagg"],"acf":[],"yoast_head":"<!-- This site is optimized with the Yoast SEO plugin v27.5 - https:\/\/yoast.com\/product\/yoast-seo-wordpress\/ -->\n<title>Barnen i Ale i kl\u00e4m n\u00e4r regeringen kvoterar f\u00f6r\u00e4ldraf\u00f6rs\u00e4kringen - Ale<\/title>\n<meta name=\"robots\" content=\"index, follow, max-snippet:-1, max-image-preview:large, max-video-preview:-1\" \/>\n<link rel=\"canonical\" href=\"https:\/\/wp.kristdemokraterna.se\/ale\/barnen-i-ale-i-klam-nar-regeringen-kvoterar-foraldraforsakringen\/\" \/>\n<meta property=\"og:locale\" content=\"sv_SE\" \/>\n<meta property=\"og:type\" content=\"article\" \/>\n<meta property=\"og:title\" content=\"Barnen i Ale i kl\u00e4m n\u00e4r regeringen kvoterar f\u00f6r\u00e4ldraf\u00f6rs\u00e4kringen - Ale\" \/>\n<meta property=\"og:description\" content=\"Ibland ben\u00e4mns denna tv\u00e5ngskvotering som individualiserad f\u00f6r\u00e4ldraf\u00f6rs\u00e4kring av dessa socialister. Den v\u00e4nsterstyrda regeringen har nu genomf\u00f6rt ytterligare en m\u00e5nads kvotering av f\u00f6r\u00e4ldraf\u00f6rs\u00e4kringen d\u00e4r mannen ska ta ut denna m\u00e5nad. F\u00f6r\u00e4ldraf\u00f6rs\u00e4kringen \u00e4r redan idag individualiserad. Varje f\u00f6r\u00e4lder f\u00e5r ut h\u00e4lften av dagarna. Men tyv\u00e4rr finns det partier som vill hindra den ene f\u00f6r\u00e4ldern att \u00f6verl\u00e5ta f\u00f6r\u00e4ldradagar Read More\" \/>\n<meta property=\"og:url\" content=\"https:\/\/wp.kristdemokraterna.se\/ale\/barnen-i-ale-i-klam-nar-regeringen-kvoterar-foraldraforsakringen\/\" \/>\n<meta property=\"og:site_name\" content=\"Ale\" \/>\n<meta property=\"article:published_time\" content=\"2016-02-05T11:02:59+00:00\" \/>\n<meta property=\"article:modified_time\" content=\"2018-03-21T12:31:37+00:00\" \/>\n<meta name=\"author\" content=\"Kristdemokraterna i Ale\" \/>\n<meta name=\"twitter:card\" content=\"summary_large_image\" \/>\n<meta name=\"twitter:label1\" content=\"Skriven av\" \/>\n\t<meta name=\"twitter:data1\" content=\"Kristdemokraterna i Ale\" \/>\n\t<meta name=\"twitter:label2\" content=\"Ber\u00e4knad l\u00e4stid\" \/>\n\t<meta name=\"twitter:data2\" content=\"3 minuter\" \/>\n<script type=\"application\/ld+json\" class=\"yoast-schema-graph\">{\"@context\":\"https:\\\/\\\/schema.org\",\"@graph\":[{\"@type\":\"Article\",\"@id\":\"https:\\\/\\\/wp.kristdemokraterna.se\\\/ale\\\/barnen-i-ale-i-klam-nar-regeringen-kvoterar-foraldraforsakringen\\\/#article\",\"isPartOf\":{\"@id\":\"https:\\\/\\\/wp.kristdemokraterna.se\\\/ale\\\/barnen-i-ale-i-klam-nar-regeringen-kvoterar-foraldraforsakringen\\\/\"},\"author\":{\"name\":\"Kristdemokraterna i Ale\",\"@id\":\"https:\\\/\\\/wp.kristdemokraterna.se\\\/ale\\\/#\\\/schema\\\/person\\\/e3cee194cd64b6fe6feb71d3bfdb2303\"},\"headline\":\"Barnen i Ale i kl\u00e4m n\u00e4r regeringen kvoterar f\u00f6r\u00e4ldraf\u00f6rs\u00e4kringen\",\"datePublished\":\"2016-02-05T11:02:59+00:00\",\"dateModified\":\"2018-03-21T12:31:37+00:00\",\"mainEntityOfPage\":{\"@id\":\"https:\\\/\\\/wp.kristdemokraterna.se\\\/ale\\\/barnen-i-ale-i-klam-nar-regeringen-kvoterar-foraldraforsakringen\\\/\"},\"wordCount\":680,\"articleSection\":[\"Inl\u00e4gg\"],\"inLanguage\":\"sv-SE\"},{\"@type\":\"WebPage\",\"@id\":\"https:\\\/\\\/wp.kristdemokraterna.se\\\/ale\\\/barnen-i-ale-i-klam-nar-regeringen-kvoterar-foraldraforsakringen\\\/\",\"url\":\"https:\\\/\\\/wp.kristdemokraterna.se\\\/ale\\\/barnen-i-ale-i-klam-nar-regeringen-kvoterar-foraldraforsakringen\\\/\",\"name\":\"Barnen i Ale i kl\u00e4m n\u00e4r regeringen kvoterar f\u00f6r\u00e4ldraf\u00f6rs\u00e4kringen - Ale\",\"isPartOf\":{\"@id\":\"https:\\\/\\\/wp.kristdemokraterna.se\\\/ale\\\/#website\"},\"datePublished\":\"2016-02-05T11:02:59+00:00\",\"dateModified\":\"2018-03-21T12:31:37+00:00\",\"author\":{\"@id\":\"https:\\\/\\\/wp.kristdemokraterna.se\\\/ale\\\/#\\\/schema\\\/person\\\/e3cee194cd64b6fe6feb71d3bfdb2303\"},\"breadcrumb\":{\"@id\":\"https:\\\/\\\/wp.kristdemokraterna.se\\\/ale\\\/barnen-i-ale-i-klam-nar-regeringen-kvoterar-foraldraforsakringen\\\/#breadcrumb\"},\"inLanguage\":\"sv-SE\",\"potentialAction\":[{\"@type\":\"ReadAction\",\"target\":[\"https:\\\/\\\/wp.kristdemokraterna.se\\\/ale\\\/barnen-i-ale-i-klam-nar-regeringen-kvoterar-foraldraforsakringen\\\/\"]}]},{\"@type\":\"BreadcrumbList\",\"@id\":\"https:\\\/\\\/wp.kristdemokraterna.se\\\/ale\\\/barnen-i-ale-i-klam-nar-regeringen-kvoterar-foraldraforsakringen\\\/#breadcrumb\",\"itemListElement\":[{\"@type\":\"ListItem\",\"position\":1,\"name\":\"Hem\",\"item\":\"https:\\\/\\\/wp.kristdemokraterna.se\\\/ale\\\/\"},{\"@type\":\"ListItem\",\"position\":2,\"name\":\"Barnen i Ale i kl\u00e4m n\u00e4r regeringen kvoterar f\u00f6r\u00e4ldraf\u00f6rs\u00e4kringen\"}]},{\"@type\":\"WebSite\",\"@id\":\"https:\\\/\\\/wp.kristdemokraterna.se\\\/ale\\\/#website\",\"url\":\"https:\\\/\\\/wp.kristdemokraterna.se\\\/ale\\\/\",\"name\":\"Ale\",\"description\":\"Ale\",\"inLanguage\":\"sv-SE\"},{\"@type\":\"Person\",\"@id\":\"https:\\\/\\\/wp.kristdemokraterna.se\\\/ale\\\/#\\\/schema\\\/person\\\/e3cee194cd64b6fe6feb71d3bfdb2303\",\"name\":\"Kristdemokraterna i Ale\",\"image\":{\"@type\":\"ImageObject\",\"inLanguage\":\"sv-SE\",\"@id\":\"https:\\\/\\\/secure.gravatar.com\\\/avatar\\\/d5b66755ec2a1fc55986c6002f6ee44d51ee49564fc8b046c298eed8a3293621?s=96&r=g\",\"url\":\"https:\\\/\\\/secure.gravatar.com\\\/avatar\\\/d5b66755ec2a1fc55986c6002f6ee44d51ee49564fc8b046c298eed8a3293621?s=96&r=g\",\"contentUrl\":\"https:\\\/\\\/secure.gravatar.com\\\/avatar\\\/d5b66755ec2a1fc55986c6002f6ee44d51ee49564fc8b046c298eed8a3293621?s=96&r=g\",\"caption\":\"Kristdemokraterna i Ale\"},\"sameAs\":[\"http:\\\/\\\/www.ale.kristdemokraterna.se\"],\"url\":\"https:\\\/\\\/wp.kristdemokraterna.se\\\/ale\\\/author\\\/ale\\\/\"}]}<\/script>\n<!-- \/ Yoast SEO plugin. -->","yoast_head_json":{"title":"Barnen i Ale i kl\u00e4m n\u00e4r regeringen kvoterar f\u00f6r\u00e4ldraf\u00f6rs\u00e4kringen - Ale","robots":{"index":"index","follow":"follow","max-snippet":"max-snippet:-1","max-image-preview":"max-image-preview:large","max-video-preview":"max-video-preview:-1"},"canonical":"https:\/\/wp.kristdemokraterna.se\/ale\/barnen-i-ale-i-klam-nar-regeringen-kvoterar-foraldraforsakringen\/","og_locale":"sv_SE","og_type":"article","og_title":"Barnen i Ale i kl\u00e4m n\u00e4r regeringen kvoterar f\u00f6r\u00e4ldraf\u00f6rs\u00e4kringen - Ale","og_description":"Ibland ben\u00e4mns denna tv\u00e5ngskvotering som individualiserad f\u00f6r\u00e4ldraf\u00f6rs\u00e4kring av dessa socialister. Den v\u00e4nsterstyrda regeringen har nu genomf\u00f6rt ytterligare en m\u00e5nads kvotering av f\u00f6r\u00e4ldraf\u00f6rs\u00e4kringen d\u00e4r mannen ska ta ut denna m\u00e5nad. F\u00f6r\u00e4ldraf\u00f6rs\u00e4kringen \u00e4r redan idag individualiserad. Varje f\u00f6r\u00e4lder f\u00e5r ut h\u00e4lften av dagarna. Men tyv\u00e4rr finns det partier som vill hindra den ene f\u00f6r\u00e4ldern att \u00f6verl\u00e5ta f\u00f6r\u00e4ldradagar Read More","og_url":"https:\/\/wp.kristdemokraterna.se\/ale\/barnen-i-ale-i-klam-nar-regeringen-kvoterar-foraldraforsakringen\/","og_site_name":"Ale","article_published_time":"2016-02-05T11:02:59+00:00","article_modified_time":"2018-03-21T12:31:37+00:00","author":"Kristdemokraterna i Ale","twitter_card":"summary_large_image","twitter_misc":{"Skriven av":"Kristdemokraterna i Ale","Ber\u00e4knad l\u00e4stid":"3 minuter"},"schema":{"@context":"https:\/\/schema.org","@graph":[{"@type":"Article","@id":"https:\/\/wp.kristdemokraterna.se\/ale\/barnen-i-ale-i-klam-nar-regeringen-kvoterar-foraldraforsakringen\/#article","isPartOf":{"@id":"https:\/\/wp.kristdemokraterna.se\/ale\/barnen-i-ale-i-klam-nar-regeringen-kvoterar-foraldraforsakringen\/"},"author":{"name":"Kristdemokraterna i Ale","@id":"https:\/\/wp.kristdemokraterna.se\/ale\/#\/schema\/person\/e3cee194cd64b6fe6feb71d3bfdb2303"},"headline":"Barnen i Ale i kl\u00e4m n\u00e4r regeringen kvoterar f\u00f6r\u00e4ldraf\u00f6rs\u00e4kringen","datePublished":"2016-02-05T11:02:59+00:00","dateModified":"2018-03-21T12:31:37+00:00","mainEntityOfPage":{"@id":"https:\/\/wp.kristdemokraterna.se\/ale\/barnen-i-ale-i-klam-nar-regeringen-kvoterar-foraldraforsakringen\/"},"wordCount":680,"articleSection":["Inl\u00e4gg"],"inLanguage":"sv-SE"},{"@type":"WebPage","@id":"https:\/\/wp.kristdemokraterna.se\/ale\/barnen-i-ale-i-klam-nar-regeringen-kvoterar-foraldraforsakringen\/","url":"https:\/\/wp.kristdemokraterna.se\/ale\/barnen-i-ale-i-klam-nar-regeringen-kvoterar-foraldraforsakringen\/","name":"Barnen i Ale i kl\u00e4m n\u00e4r regeringen kvoterar f\u00f6r\u00e4ldraf\u00f6rs\u00e4kringen - Ale","isPartOf":{"@id":"https:\/\/wp.kristdemokraterna.se\/ale\/#website"},"datePublished":"2016-02-05T11:02:59+00:00","dateModified":"2018-03-21T12:31:37+00:00","author":{"@id":"https:\/\/wp.kristdemokraterna.se\/ale\/#\/schema\/person\/e3cee194cd64b6fe6feb71d3bfdb2303"},"breadcrumb":{"@id":"https:\/\/wp.kristdemokraterna.se\/ale\/barnen-i-ale-i-klam-nar-regeringen-kvoterar-foraldraforsakringen\/#breadcrumb"},"inLanguage":"sv-SE","potentialAction":[{"@type":"ReadAction","target":["https:\/\/wp.kristdemokraterna.se\/ale\/barnen-i-ale-i-klam-nar-regeringen-kvoterar-foraldraforsakringen\/"]}]},{"@type":"BreadcrumbList","@id":"https:\/\/wp.kristdemokraterna.se\/ale\/barnen-i-ale-i-klam-nar-regeringen-kvoterar-foraldraforsakringen\/#breadcrumb","itemListElement":[{"@type":"ListItem","position":1,"name":"Hem","item":"https:\/\/wp.kristdemokraterna.se\/ale\/"},{"@type":"ListItem","position":2,"name":"Barnen i Ale i kl\u00e4m n\u00e4r regeringen kvoterar f\u00f6r\u00e4ldraf\u00f6rs\u00e4kringen"}]},{"@type":"WebSite","@id":"https:\/\/wp.kristdemokraterna.se\/ale\/#website","url":"https:\/\/wp.kristdemokraterna.se\/ale\/","name":"Ale","description":"Ale","inLanguage":"sv-SE"},{"@type":"Person","@id":"https:\/\/wp.kristdemokraterna.se\/ale\/#\/schema\/person\/e3cee194cd64b6fe6feb71d3bfdb2303","name":"Kristdemokraterna i Ale","image":{"@type":"ImageObject","inLanguage":"sv-SE","@id":"https:\/\/secure.gravatar.com\/avatar\/d5b66755ec2a1fc55986c6002f6ee44d51ee49564fc8b046c298eed8a3293621?s=96&r=g","url":"https:\/\/secure.gravatar.com\/avatar\/d5b66755ec2a1fc55986c6002f6ee44d51ee49564fc8b046c298eed8a3293621?s=96&r=g","contentUrl":"https:\/\/secure.gravatar.com\/avatar\/d5b66755ec2a1fc55986c6002f6ee44d51ee49564fc8b046c298eed8a3293621?s=96&r=g","caption":"Kristdemokraterna i Ale"},"sameAs":["http:\/\/www.ale.kristdemokraterna.se"],"url":"https:\/\/wp.kristdemokraterna.se\/ale\/author\/ale\/"}]}},"_links":{"self":[{"href":"https:\/\/wp.kristdemokraterna.se\/ale\/wp-json\/wp\/v2\/posts\/322","targetHints":{"allow":["GET"]}}],"collection":[{"href":"https:\/\/wp.kristdemokraterna.se\/ale\/wp-json\/wp\/v2\/posts"}],"about":[{"href":"https:\/\/wp.kristdemokraterna.se\/ale\/wp-json\/wp\/v2\/types\/post"}],"author":[{"embeddable":true,"href":"https:\/\/wp.kristdemokraterna.se\/ale\/wp-json\/wp\/v2\/users\/23"}],"replies":[{"embeddable":true,"href":"https:\/\/wp.kristdemokraterna.se\/ale\/wp-json\/wp\/v2\/comments?post=322"}],"version-history":[{"count":1,"href":"https:\/\/wp.kristdemokraterna.se\/ale\/wp-json\/wp\/v2\/posts\/322\/revisions"}],"predecessor-version":[{"id":323,"href":"https:\/\/wp.kristdemokraterna.se\/ale\/wp-json\/wp\/v2\/posts\/322\/revisions\/323"}],"wp:attachment":[{"href":"https:\/\/wp.kristdemokraterna.se\/ale\/wp-json\/wp\/v2\/media?parent=322"}],"wp:term":[{"taxonomy":"category","embeddable":true,"href":"https:\/\/wp.kristdemokraterna.se\/ale\/wp-json\/wp\/v2\/categories?post=322"},{"taxonomy":"post_tag","embeddable":true,"href":"https:\/\/wp.kristdemokraterna.se\/ale\/wp-json\/wp\/v2\/tags?post=322"}],"curies":[{"name":"wp","href":"https:\/\/api.w.org\/{rel}","templated":true}]}}