{"id":622,"date":"2021-05-18T09:24:12","date_gmt":"2021-05-18T07:24:12","guid":{"rendered":"https:\/\/wp.kristdemokraterna.se\/ale\/?p=622"},"modified":"2021-06-03T09:29:34","modified_gmt":"2021-06-03T07:29:34","slug":"solidaritet-och-gemenskap-i-coronatider","status":"publish","type":"post","link":"https:\/\/wp.kristdemokraterna.se\/ale\/solidaritet-och-gemenskap-i-coronatider\/","title":{"rendered":"Solidaritet och gemenskap i Coronatider"},"content":{"rendered":"<p><strong>Socialn\u00e4mndens ordf\u00f6rande Tyrone Hansson hade i veckan en intressant och<\/strong><br \/>\n<strong>informativ ins\u00e4ndare om n\u00e4mndens arbete och inriktning.<\/strong><br \/>\nKristdemokraterna inst\u00e4mmer med Tyrone om att vi m\u00e5ste v\u00e4rna de svaga n\u00e4r<br \/>\nsamh\u00e4llet krymper. Det h\u00e4r kallar vi f\u00f6r den kristdemokratiska solidaritetsprincipen.<br \/>\nM\u00e4nniskan \u00e4r en gemenskaps varelse som utvecklas och m\u00e5r b\u00e4st av att leva i en<br \/>\ngemenskap som pr\u00e4glas av omtanke, ansvarstagande och solidaritet.<br \/>\nSolidaritet kan definieras som den medm\u00e4nsklighet och k\u00e4rlek, som utg\u00e5r fr\u00e5n den<br \/>\ngyllene regeln \u2013 allt vad du vill att m\u00e4nniskor ska g\u00f6ra mot dig ska du ocks\u00e5 g\u00f6ra mot<br \/>\ndem. Denna solidaritet str\u00e4cker sig bortom de naturliga gemenskaperna. Det \u00e4r en<br \/>\nstr\u00e4van efter social r\u00e4ttvisa, det vill s\u00e4ga en ambition att utj\u00e4mna strukturella<br \/>\nor\u00e4ttvisor och skapa en r\u00e4ttvis f\u00f6rdelning av samh\u00e4llets goda. Alla r\u00e4knas och<br \/>\nomfattas av samh\u00e4llsgemenskapen.<\/p>\n<p>Kristdemokratin betonar \u00e4ven det solidariska ansvaret mot medm\u00e4nniskorna. Vi<br \/>\ntycker inte att den starke ska ha st\u00f6rre r\u00e4ttigheter \u00e4n den svage. Vi\u00a0 ser inte mellan<br \/>\nfingrarna n\u00e4r det kommer till or\u00e4ttvisor. Vi som medm\u00e4nniskor har ett ansvar att st\u00e5<br \/>\np\u00e5 det svagas sida och st\u00e5 upp f\u00f6r den lilla m\u00e4nniskan.<br \/>\nVarje m\u00e4nniska \u00e4r s\u00e5ledes en unik person i och med att hon existerar, och som<br \/>\nperson \u00e4r hon f\u00f6dd in i ett sammanhang av andra personer med ett \u00f6msesidigt<br \/>\nberoende.<\/p>\n<p>Vi ser nu i dessa coronatider att gemenskap mellan m\u00e4nniskor och solidaritet \u00e4r \u00e4nnu<br \/>\nviktigare. M\u00e5nga har f\u00e5tt vara med om en l\u00e5ng och jobbig ensamhet. Nu n\u00e4r Ale<br \/>\nsamh\u00e4llet f\u00f6rhoppningsvis i n\u00e4rtid \u00f6ppnar upp igen \u00e4r den m\u00e4nskliga gemenskapen<br \/>\noch solidariteten oerh\u00f6rd viktig. H\u00e4r finns en stor uppgift f\u00f6r alla kommunens<br \/>\nf\u00f6reningar och kyrkor att komma ig\u00e5ng i arbeta f\u00f6r att n\u00e5 alla dessa medlemmar och<br \/>\npersoner som beh\u00f6ver st\u00f6d f\u00f6r att komma med i verksamheter och gemenskapen<br \/>\nigen.<\/p>\n<p>Sune Ryd\u00e9n och Tony Karlsson, kristdemokrater<\/p>\n","protected":false},"excerpt":{"rendered":"<p>Socialn\u00e4mndens ordf\u00f6rande Tyrone Hansson hade i veckan en intressant och informativ ins\u00e4ndare om n\u00e4mndens arbete och inriktning. Kristdemokraterna inst\u00e4mmer med Tyrone om att vi m\u00e5ste v\u00e4rna de svaga n\u00e4r samh\u00e4llet krymper. Det h\u00e4r kallar vi f\u00f6r den kristdemokratiska solidaritetsprincipen. M\u00e4nniskan \u00e4r en gemenskaps varelse som utvecklas och m\u00e5r b\u00e4st av att leva i en gemenskap <a class=\"read-more-link\" href=\"https:\/\/wp.kristdemokraterna.se\/ale\/solidaritet-och-gemenskap-i-coronatider\/\">Read More<\/a><\/p>\n","protected":false},"author":23,"featured_media":0,"comment_status":"closed","ping_status":"closed","sticky":false,"template":"","format":"standard","meta":{"_acf_changed":false,"footnotes":""},"categories":[5],"tags":[],"class_list":["post-622","post","type-post","status-publish","format-standard","hentry","category-inlagg"],"acf":[],"yoast_head":"<!-- This site is optimized with the Yoast SEO plugin v27.4 - https:\/\/yoast.com\/product\/yoast-seo-wordpress\/ -->\n<title>Solidaritet och gemenskap i Coronatider - Ale<\/title>\n<meta name=\"robots\" content=\"index, follow, max-snippet:-1, max-image-preview:large, max-video-preview:-1\" \/>\n<link rel=\"canonical\" href=\"https:\/\/wp.kristdemokraterna.se\/ale\/solidaritet-och-gemenskap-i-coronatider\/\" \/>\n<meta property=\"og:locale\" content=\"sv_SE\" \/>\n<meta property=\"og:type\" content=\"article\" \/>\n<meta property=\"og:title\" content=\"Solidaritet och gemenskap i Coronatider - Ale\" \/>\n<meta property=\"og:description\" content=\"Socialn\u00e4mndens ordf\u00f6rande Tyrone Hansson hade i veckan en intressant och informativ ins\u00e4ndare om n\u00e4mndens arbete och inriktning. Kristdemokraterna inst\u00e4mmer med Tyrone om att vi m\u00e5ste v\u00e4rna de svaga n\u00e4r samh\u00e4llet krymper. Det h\u00e4r kallar vi f\u00f6r den kristdemokratiska solidaritetsprincipen. M\u00e4nniskan \u00e4r en gemenskaps varelse som utvecklas och m\u00e5r b\u00e4st av att leva i en gemenskap Read More\" \/>\n<meta property=\"og:url\" content=\"https:\/\/wp.kristdemokraterna.se\/ale\/solidaritet-och-gemenskap-i-coronatider\/\" \/>\n<meta property=\"og:site_name\" content=\"Ale\" \/>\n<meta property=\"article:published_time\" content=\"2021-05-18T07:24:12+00:00\" \/>\n<meta property=\"article:modified_time\" content=\"2021-06-03T07:29:34+00:00\" \/>\n<meta name=\"author\" content=\"Kristdemokraterna i Ale\" \/>\n<meta name=\"twitter:card\" content=\"summary_large_image\" \/>\n<meta name=\"twitter:label1\" content=\"Skriven av\" \/>\n\t<meta name=\"twitter:data1\" content=\"Kristdemokraterna i Ale\" \/>\n\t<meta name=\"twitter:label2\" content=\"Ber\u00e4knad l\u00e4stid\" \/>\n\t<meta name=\"twitter:data2\" content=\"2 minuter\" \/>\n<script type=\"application\/ld+json\" class=\"yoast-schema-graph\">{\"@context\":\"https:\\\/\\\/schema.org\",\"@graph\":[{\"@type\":\"Article\",\"@id\":\"https:\\\/\\\/wp.kristdemokraterna.se\\\/ale\\\/solidaritet-och-gemenskap-i-coronatider\\\/#article\",\"isPartOf\":{\"@id\":\"https:\\\/\\\/wp.kristdemokraterna.se\\\/ale\\\/solidaritet-och-gemenskap-i-coronatider\\\/\"},\"author\":{\"name\":\"Kristdemokraterna i Ale\",\"@id\":\"https:\\\/\\\/wp.kristdemokraterna.se\\\/ale\\\/#\\\/schema\\\/person\\\/e3cee194cd64b6fe6feb71d3bfdb2303\"},\"headline\":\"Solidaritet och gemenskap i Coronatider\",\"datePublished\":\"2021-05-18T07:24:12+00:00\",\"dateModified\":\"2021-06-03T07:29:34+00:00\",\"mainEntityOfPage\":{\"@id\":\"https:\\\/\\\/wp.kristdemokraterna.se\\\/ale\\\/solidaritet-och-gemenskap-i-coronatider\\\/\"},\"wordCount\":364,\"articleSection\":[\"Inl\u00e4gg\"],\"inLanguage\":\"sv-SE\"},{\"@type\":\"WebPage\",\"@id\":\"https:\\\/\\\/wp.kristdemokraterna.se\\\/ale\\\/solidaritet-och-gemenskap-i-coronatider\\\/\",\"url\":\"https:\\\/\\\/wp.kristdemokraterna.se\\\/ale\\\/solidaritet-och-gemenskap-i-coronatider\\\/\",\"name\":\"Solidaritet och gemenskap i Coronatider - Ale\",\"isPartOf\":{\"@id\":\"https:\\\/\\\/wp.kristdemokraterna.se\\\/ale\\\/#website\"},\"datePublished\":\"2021-05-18T07:24:12+00:00\",\"dateModified\":\"2021-06-03T07:29:34+00:00\",\"author\":{\"@id\":\"https:\\\/\\\/wp.kristdemokraterna.se\\\/ale\\\/#\\\/schema\\\/person\\\/e3cee194cd64b6fe6feb71d3bfdb2303\"},\"breadcrumb\":{\"@id\":\"https:\\\/\\\/wp.kristdemokraterna.se\\\/ale\\\/solidaritet-och-gemenskap-i-coronatider\\\/#breadcrumb\"},\"inLanguage\":\"sv-SE\",\"potentialAction\":[{\"@type\":\"ReadAction\",\"target\":[\"https:\\\/\\\/wp.kristdemokraterna.se\\\/ale\\\/solidaritet-och-gemenskap-i-coronatider\\\/\"]}]},{\"@type\":\"BreadcrumbList\",\"@id\":\"https:\\\/\\\/wp.kristdemokraterna.se\\\/ale\\\/solidaritet-och-gemenskap-i-coronatider\\\/#breadcrumb\",\"itemListElement\":[{\"@type\":\"ListItem\",\"position\":1,\"name\":\"Hem\",\"item\":\"https:\\\/\\\/wp.kristdemokraterna.se\\\/ale\\\/\"},{\"@type\":\"ListItem\",\"position\":2,\"name\":\"Solidaritet och gemenskap i Coronatider\"}]},{\"@type\":\"WebSite\",\"@id\":\"https:\\\/\\\/wp.kristdemokraterna.se\\\/ale\\\/#website\",\"url\":\"https:\\\/\\\/wp.kristdemokraterna.se\\\/ale\\\/\",\"name\":\"Ale\",\"description\":\"Ale\",\"inLanguage\":\"sv-SE\"},{\"@type\":\"Person\",\"@id\":\"https:\\\/\\\/wp.kristdemokraterna.se\\\/ale\\\/#\\\/schema\\\/person\\\/e3cee194cd64b6fe6feb71d3bfdb2303\",\"name\":\"Kristdemokraterna i Ale\",\"image\":{\"@type\":\"ImageObject\",\"inLanguage\":\"sv-SE\",\"@id\":\"https:\\\/\\\/secure.gravatar.com\\\/avatar\\\/d5b66755ec2a1fc55986c6002f6ee44d51ee49564fc8b046c298eed8a3293621?s=96&r=g\",\"url\":\"https:\\\/\\\/secure.gravatar.com\\\/avatar\\\/d5b66755ec2a1fc55986c6002f6ee44d51ee49564fc8b046c298eed8a3293621?s=96&r=g\",\"contentUrl\":\"https:\\\/\\\/secure.gravatar.com\\\/avatar\\\/d5b66755ec2a1fc55986c6002f6ee44d51ee49564fc8b046c298eed8a3293621?s=96&r=g\",\"caption\":\"Kristdemokraterna i Ale\"},\"sameAs\":[\"http:\\\/\\\/www.ale.kristdemokraterna.se\"],\"url\":\"https:\\\/\\\/wp.kristdemokraterna.se\\\/ale\\\/author\\\/ale\\\/\"}]}<\/script>\n<!-- \/ Yoast SEO plugin. -->","yoast_head_json":{"title":"Solidaritet och gemenskap i Coronatider - Ale","robots":{"index":"index","follow":"follow","max-snippet":"max-snippet:-1","max-image-preview":"max-image-preview:large","max-video-preview":"max-video-preview:-1"},"canonical":"https:\/\/wp.kristdemokraterna.se\/ale\/solidaritet-och-gemenskap-i-coronatider\/","og_locale":"sv_SE","og_type":"article","og_title":"Solidaritet och gemenskap i Coronatider - Ale","og_description":"Socialn\u00e4mndens ordf\u00f6rande Tyrone Hansson hade i veckan en intressant och informativ ins\u00e4ndare om n\u00e4mndens arbete och inriktning. Kristdemokraterna inst\u00e4mmer med Tyrone om att vi m\u00e5ste v\u00e4rna de svaga n\u00e4r samh\u00e4llet krymper. Det h\u00e4r kallar vi f\u00f6r den kristdemokratiska solidaritetsprincipen. M\u00e4nniskan \u00e4r en gemenskaps varelse som utvecklas och m\u00e5r b\u00e4st av att leva i en gemenskap Read More","og_url":"https:\/\/wp.kristdemokraterna.se\/ale\/solidaritet-och-gemenskap-i-coronatider\/","og_site_name":"Ale","article_published_time":"2021-05-18T07:24:12+00:00","article_modified_time":"2021-06-03T07:29:34+00:00","author":"Kristdemokraterna i Ale","twitter_card":"summary_large_image","twitter_misc":{"Skriven av":"Kristdemokraterna i Ale","Ber\u00e4knad l\u00e4stid":"2 minuter"},"schema":{"@context":"https:\/\/schema.org","@graph":[{"@type":"Article","@id":"https:\/\/wp.kristdemokraterna.se\/ale\/solidaritet-och-gemenskap-i-coronatider\/#article","isPartOf":{"@id":"https:\/\/wp.kristdemokraterna.se\/ale\/solidaritet-och-gemenskap-i-coronatider\/"},"author":{"name":"Kristdemokraterna i Ale","@id":"https:\/\/wp.kristdemokraterna.se\/ale\/#\/schema\/person\/e3cee194cd64b6fe6feb71d3bfdb2303"},"headline":"Solidaritet och gemenskap i Coronatider","datePublished":"2021-05-18T07:24:12+00:00","dateModified":"2021-06-03T07:29:34+00:00","mainEntityOfPage":{"@id":"https:\/\/wp.kristdemokraterna.se\/ale\/solidaritet-och-gemenskap-i-coronatider\/"},"wordCount":364,"articleSection":["Inl\u00e4gg"],"inLanguage":"sv-SE"},{"@type":"WebPage","@id":"https:\/\/wp.kristdemokraterna.se\/ale\/solidaritet-och-gemenskap-i-coronatider\/","url":"https:\/\/wp.kristdemokraterna.se\/ale\/solidaritet-och-gemenskap-i-coronatider\/","name":"Solidaritet och gemenskap i Coronatider - Ale","isPartOf":{"@id":"https:\/\/wp.kristdemokraterna.se\/ale\/#website"},"datePublished":"2021-05-18T07:24:12+00:00","dateModified":"2021-06-03T07:29:34+00:00","author":{"@id":"https:\/\/wp.kristdemokraterna.se\/ale\/#\/schema\/person\/e3cee194cd64b6fe6feb71d3bfdb2303"},"breadcrumb":{"@id":"https:\/\/wp.kristdemokraterna.se\/ale\/solidaritet-och-gemenskap-i-coronatider\/#breadcrumb"},"inLanguage":"sv-SE","potentialAction":[{"@type":"ReadAction","target":["https:\/\/wp.kristdemokraterna.se\/ale\/solidaritet-och-gemenskap-i-coronatider\/"]}]},{"@type":"BreadcrumbList","@id":"https:\/\/wp.kristdemokraterna.se\/ale\/solidaritet-och-gemenskap-i-coronatider\/#breadcrumb","itemListElement":[{"@type":"ListItem","position":1,"name":"Hem","item":"https:\/\/wp.kristdemokraterna.se\/ale\/"},{"@type":"ListItem","position":2,"name":"Solidaritet och gemenskap i Coronatider"}]},{"@type":"WebSite","@id":"https:\/\/wp.kristdemokraterna.se\/ale\/#website","url":"https:\/\/wp.kristdemokraterna.se\/ale\/","name":"Ale","description":"Ale","inLanguage":"sv-SE"},{"@type":"Person","@id":"https:\/\/wp.kristdemokraterna.se\/ale\/#\/schema\/person\/e3cee194cd64b6fe6feb71d3bfdb2303","name":"Kristdemokraterna i Ale","image":{"@type":"ImageObject","inLanguage":"sv-SE","@id":"https:\/\/secure.gravatar.com\/avatar\/d5b66755ec2a1fc55986c6002f6ee44d51ee49564fc8b046c298eed8a3293621?s=96&r=g","url":"https:\/\/secure.gravatar.com\/avatar\/d5b66755ec2a1fc55986c6002f6ee44d51ee49564fc8b046c298eed8a3293621?s=96&r=g","contentUrl":"https:\/\/secure.gravatar.com\/avatar\/d5b66755ec2a1fc55986c6002f6ee44d51ee49564fc8b046c298eed8a3293621?s=96&r=g","caption":"Kristdemokraterna i Ale"},"sameAs":["http:\/\/www.ale.kristdemokraterna.se"],"url":"https:\/\/wp.kristdemokraterna.se\/ale\/author\/ale\/"}]}},"_links":{"self":[{"href":"https:\/\/wp.kristdemokraterna.se\/ale\/wp-json\/wp\/v2\/posts\/622","targetHints":{"allow":["GET"]}}],"collection":[{"href":"https:\/\/wp.kristdemokraterna.se\/ale\/wp-json\/wp\/v2\/posts"}],"about":[{"href":"https:\/\/wp.kristdemokraterna.se\/ale\/wp-json\/wp\/v2\/types\/post"}],"author":[{"embeddable":true,"href":"https:\/\/wp.kristdemokraterna.se\/ale\/wp-json\/wp\/v2\/users\/23"}],"replies":[{"embeddable":true,"href":"https:\/\/wp.kristdemokraterna.se\/ale\/wp-json\/wp\/v2\/comments?post=622"}],"version-history":[{"count":2,"href":"https:\/\/wp.kristdemokraterna.se\/ale\/wp-json\/wp\/v2\/posts\/622\/revisions"}],"predecessor-version":[{"id":627,"href":"https:\/\/wp.kristdemokraterna.se\/ale\/wp-json\/wp\/v2\/posts\/622\/revisions\/627"}],"wp:attachment":[{"href":"https:\/\/wp.kristdemokraterna.se\/ale\/wp-json\/wp\/v2\/media?parent=622"}],"wp:term":[{"taxonomy":"category","embeddable":true,"href":"https:\/\/wp.kristdemokraterna.se\/ale\/wp-json\/wp\/v2\/categories?post=622"},{"taxonomy":"post_tag","embeddable":true,"href":"https:\/\/wp.kristdemokraterna.se\/ale\/wp-json\/wp\/v2\/tags?post=622"}],"curies":[{"name":"wp","href":"https:\/\/api.w.org\/{rel}","templated":true}]}}