{"id":1210,"date":"2021-02-15T08:25:16","date_gmt":"2021-02-15T07:25:16","guid":{"rendered":"http:\/\/wp.kristdemokraterna.se\/alvesta\/?p=1210"},"modified":"2021-02-15T08:25:16","modified_gmt":"2021-02-15T07:25:16","slug":"hemlosa-riskerar-att-frysa-ihjal","status":"publish","type":"post","link":"https:\/\/wp.kristdemokraterna.se\/alvesta\/hemlosa-riskerar-att-frysa-ihjal\/","title":{"rendered":"Heml\u00f6sa riskerar att frysa ihj\u00e4l&#8230;"},"content":{"rendered":"<div class=\"kvgmc6g5 cxmmr5t8 oygrvhab hcukyx3x c1et5uql ii04i59q\"><\/div>\n<div class=\"o9v6fnle cxmmr5t8 oygrvhab hcukyx3x c1et5uql ii04i59q\">\n<div dir=\"auto\">Heml\u00f6sa riskerar att frysa ihj\u00e4l i den sv\u00e5ra kylan. SVT rapporterade nyligen att Stadsmissionen i G\u00f6teborg beslutat att \u00f6ppna kyrkan \u00e4ven nattetid. Personer med k\u00f6ldskador hade b\u00f6rjat komma dit och de k\u00e4nde att de var tvungna att g\u00f6ra n\u00e5got.<br \/>\nM\u00e5nga st\u00f6d- och hj\u00e4lporganisationer har f\u00e5tt ett mycket st\u00f6rre tryck p\u00e5 sina verksamheter under pandemin samtligt som den sviktande ekonomin gjort att bidragen minskat. KD och V har drivit igenom att bidragen ska \u00f6kas i Riksdagen, men det r\u00e4cker inte.<br \/>\nVi m\u00e5ste alla hj\u00e4lpas \u00e5t f\u00f6r att hj\u00e4lpa dem som har det allra sv\u00e5rast i kylan. Alla kan hj\u00e4lpa! Ge en g\u00e5va till en organisation som arbetar med heml\u00f6sa.<br \/>\nSvensk Insamlingskontroll har en lista \u00f6ver alla hj\u00e4lporganisationer med 90-konto. Organisationerna du hittar h\u00e4r har vitt skilda \u00e4ndam\u00e5l och arbetar bland annat inom hj\u00e4lpverksamhet, internationellt bist\u00e5nd, katastrofhj\u00e4lp, forskning inom olika sjukdomar, milj\u00f6v\u00e5rd, djur och naturskydd samt opinion och information:<\/div>\n<\/div>\n<div class=\"o9v6fnle cxmmr5t8 oygrvhab hcukyx3x c1et5uql ii04i59q\">\n<div dir=\"auto\"><a class=\"oajrlxb2 g5ia77u1 qu0x051f esr5mh6w e9989ue4 r7d6kgcz rq0escxv nhd2j8a9 nc684nl6 p7hjln8o kvgmc6g5 cxmmr5t8 oygrvhab hcukyx3x jb3vyjys rz4wbd8a qt6c0cv9 a8nywdso i1ao9s8h esuyzwwr f1sip0of lzcic4wl py34i1dx gpro0wi8\" role=\"link\" href=\"https:\/\/l.facebook.com\/l.php?u=http%3A%2F%2Finsamlingskontroll.se%2F90konto%3Ffbclid%3DIwAR1c3EoBkfsU4WSkdkNgzBQwurDsEIJj0u3Ji5M4L3b6C8zsicfnibY6R-Q&amp;h=AT0zRmTxqbDhrCF7dU1EbzoTyssHCY-yGBAtdXimh7fJMqT-RqRgYKxKYkGn31NztCMVTQk6x5zZiyLleO4pLHWbI7QMhnFLOx5PrI_SrzKIpm4kzSYFciFhHbcuXTuCxw&amp;__tn__=-UK-R&amp;c[0]=AT3XMy2aFB8m2W0aHhHNTIchlSQ87eS5mGuBe15t8AYmq1_Rmn59PBncbA_qPRjyK61C_uto9n_jTL_puxtchISY974lg9tMTR5PZBOb84egdl6KsbFc4CmPj3SdJddKGXuoMhzgGPCjyeURfhEZt7iUsuUToMFTYfGt6HKtS5HRgJ8ol5TlCpTTWXzA-Noj442oPCQql5Ii\" target=\"_blank\" rel=\"nofollow noopener\">insamlingskontroll.se\/90konto<\/a><\/div>\n<\/div>\n<div class=\"o9v6fnle cxmmr5t8 oygrvhab hcukyx3x c1et5uql ii04i59q\">\n<div dir=\"auto\">Se inslaget p\u00e5 SVT:<\/div>\n<div dir=\"auto\"><a class=\"oajrlxb2 g5ia77u1 qu0x051f esr5mh6w e9989ue4 r7d6kgcz rq0escxv nhd2j8a9 nc684nl6 p7hjln8o kvgmc6g5 cxmmr5t8 oygrvhab hcukyx3x jb3vyjys rz4wbd8a qt6c0cv9 a8nywdso i1ao9s8h esuyzwwr f1sip0of lzcic4wl py34i1dx gpro0wi8\" role=\"link\" href=\"https:\/\/l.facebook.com\/l.php?u=http%3A%2F%2FKD.nu%2Fsvt210207%3Ffbclid%3DIwAR32Zv59tX_Z4gFzi-so1T6hepCQN1L6FpmY8_r0xsOfq_gk7wagMvss64A&amp;h=AT1B4RqCOnCcMcReV81WpDUpXStqJG1GYye3PW_xNLodk02-1rakz0EpFKTJVxvagfXdP6I0g5VDTC1U-Ovz4d9q3rZiXfxGEuH5cIRyf_qAAoPPHUaTX1QTho6HMeDbGw&amp;__tn__=-UK-R&amp;c[0]=AT3XMy2aFB8m2W0aHhHNTIchlSQ87eS5mGuBe15t8AYmq1_Rmn59PBncbA_qPRjyK61C_uto9n_jTL_puxtchISY974lg9tMTR5PZBOb84egdl6KsbFc4CmPj3SdJddKGXuoMhzgGPCjyeURfhEZt7iUsuUToMFTYfGt6HKtS5HRgJ8ol5TlCpTTWXzA-Noj442oPCQql5Ii\" target=\"_blank\" rel=\"nofollow noopener\">http:\/\/KD.nu\/svt210207<\/a><\/div>\n<\/div>\n","protected":false},"excerpt":{"rendered":"<p>Heml\u00f6sa riskerar att frysa ihj\u00e4l i den sv\u00e5ra kylan. SVT rapporterade nyligen att Stadsmissionen i G\u00f6teborg beslutat att \u00f6ppna kyrkan \u00e4ven nattetid. Personer med k\u00f6ldskador hade b\u00f6rjat komma dit och de k\u00e4nde att de var tvungna att g\u00f6ra n\u00e5got. M\u00e5nga st\u00f6d- och hj\u00e4lporganisationer har f\u00e5tt ett mycket st\u00f6rre tryck p\u00e5 sina verksamheter under pandemin samtligt <a class=\"read-more-link\" href=\"https:\/\/wp.kristdemokraterna.se\/alvesta\/hemlosa-riskerar-att-frysa-ihjal\/\">Read More<\/a><\/p>\n","protected":false},"author":443,"featured_media":0,"comment_status":"closed","ping_status":"closed","sticky":false,"template":"","format":"standard","meta":{"_acf_changed":false,"footnotes":""},"categories":[10,1],"tags":[],"class_list":["post-1210","post","type-post","status-publish","format-standard","hentry","category-senaste-nytt","category-okategoriserade"],"acf":[],"yoast_head":"<!-- This site is optimized with the Yoast SEO plugin v27.5 - https:\/\/yoast.com\/product\/yoast-seo-wordpress\/ -->\n<title>Heml\u00f6sa riskerar att frysa ihj\u00e4l... - Kristdemokraterna Alvesta<\/title>\n<meta name=\"robots\" content=\"index, follow, max-snippet:-1, max-image-preview:large, max-video-preview:-1\" \/>\n<link rel=\"canonical\" href=\"https:\/\/wp.kristdemokraterna.se\/alvesta\/hemlosa-riskerar-att-frysa-ihjal\/\" \/>\n<meta property=\"og:locale\" content=\"sv_SE\" \/>\n<meta property=\"og:type\" content=\"article\" \/>\n<meta property=\"og:title\" content=\"Heml\u00f6sa riskerar att frysa ihj\u00e4l... - Kristdemokraterna Alvesta\" \/>\n<meta property=\"og:description\" content=\"Heml\u00f6sa riskerar att frysa ihj\u00e4l i den sv\u00e5ra kylan. SVT rapporterade nyligen att Stadsmissionen i G\u00f6teborg beslutat att \u00f6ppna kyrkan \u00e4ven nattetid. Personer med k\u00f6ldskador hade b\u00f6rjat komma dit och de k\u00e4nde att de var tvungna att g\u00f6ra n\u00e5got. M\u00e5nga st\u00f6d- och hj\u00e4lporganisationer har f\u00e5tt ett mycket st\u00f6rre tryck p\u00e5 sina verksamheter under pandemin samtligt Read More\" \/>\n<meta property=\"og:url\" content=\"https:\/\/wp.kristdemokraterna.se\/alvesta\/hemlosa-riskerar-att-frysa-ihjal\/\" \/>\n<meta property=\"og:site_name\" content=\"Kristdemokraterna Alvesta\" \/>\n<meta property=\"article:published_time\" content=\"2021-02-15T07:25:16+00:00\" \/>\n<meta name=\"author\" content=\"alvesta\" \/>\n<meta name=\"twitter:card\" content=\"summary_large_image\" \/>\n<meta name=\"twitter:label1\" content=\"Skriven av\" \/>\n\t<meta name=\"twitter:data1\" content=\"alvesta\" \/>\n\t<meta name=\"twitter:label2\" content=\"Ber\u00e4knad l\u00e4stid\" \/>\n\t<meta name=\"twitter:data2\" content=\"1 minut\" \/>\n<script type=\"application\/ld+json\" class=\"yoast-schema-graph\">{\"@context\":\"https:\\\/\\\/schema.org\",\"@graph\":[{\"@type\":\"Article\",\"@id\":\"https:\\\/\\\/wp.kristdemokraterna.se\\\/alvesta\\\/hemlosa-riskerar-att-frysa-ihjal\\\/#article\",\"isPartOf\":{\"@id\":\"https:\\\/\\\/wp.kristdemokraterna.se\\\/alvesta\\\/hemlosa-riskerar-att-frysa-ihjal\\\/\"},\"author\":{\"name\":\"alvesta\",\"@id\":\"https:\\\/\\\/wp.kristdemokraterna.se\\\/alvesta\\\/#\\\/schema\\\/person\\\/6810f6f6837cb83b88bf1351ebd1604d\"},\"headline\":\"Heml\u00f6sa riskerar att frysa ihj\u00e4l&#8230;\",\"datePublished\":\"2021-02-15T07:25:16+00:00\",\"mainEntityOfPage\":{\"@id\":\"https:\\\/\\\/wp.kristdemokraterna.se\\\/alvesta\\\/hemlosa-riskerar-att-frysa-ihjal\\\/\"},\"wordCount\":196,\"articleSection\":[\"Nyheter KD Riks\"],\"inLanguage\":\"sv-SE\"},{\"@type\":\"WebPage\",\"@id\":\"https:\\\/\\\/wp.kristdemokraterna.se\\\/alvesta\\\/hemlosa-riskerar-att-frysa-ihjal\\\/\",\"url\":\"https:\\\/\\\/wp.kristdemokraterna.se\\\/alvesta\\\/hemlosa-riskerar-att-frysa-ihjal\\\/\",\"name\":\"Heml\u00f6sa riskerar att frysa ihj\u00e4l... - Kristdemokraterna Alvesta\",\"isPartOf\":{\"@id\":\"https:\\\/\\\/wp.kristdemokraterna.se\\\/alvesta\\\/#website\"},\"datePublished\":\"2021-02-15T07:25:16+00:00\",\"author\":{\"@id\":\"https:\\\/\\\/wp.kristdemokraterna.se\\\/alvesta\\\/#\\\/schema\\\/person\\\/6810f6f6837cb83b88bf1351ebd1604d\"},\"breadcrumb\":{\"@id\":\"https:\\\/\\\/wp.kristdemokraterna.se\\\/alvesta\\\/hemlosa-riskerar-att-frysa-ihjal\\\/#breadcrumb\"},\"inLanguage\":\"sv-SE\",\"potentialAction\":[{\"@type\":\"ReadAction\",\"target\":[\"https:\\\/\\\/wp.kristdemokraterna.se\\\/alvesta\\\/hemlosa-riskerar-att-frysa-ihjal\\\/\"]}]},{\"@type\":\"BreadcrumbList\",\"@id\":\"https:\\\/\\\/wp.kristdemokraterna.se\\\/alvesta\\\/hemlosa-riskerar-att-frysa-ihjal\\\/#breadcrumb\",\"itemListElement\":[{\"@type\":\"ListItem\",\"position\":1,\"name\":\"Hem\",\"item\":\"https:\\\/\\\/wp.kristdemokraterna.se\\\/alvesta\\\/\"},{\"@type\":\"ListItem\",\"position\":2,\"name\":\"Heml\u00f6sa riskerar att frysa ihj\u00e4l&#8230;\"}]},{\"@type\":\"WebSite\",\"@id\":\"https:\\\/\\\/wp.kristdemokraterna.se\\\/alvesta\\\/#website\",\"url\":\"https:\\\/\\\/wp.kristdemokraterna.se\\\/alvesta\\\/\",\"name\":\"Kristdemokraterna Alvesta\",\"description\":\"En till Kristdemokraterna webbplats\",\"inLanguage\":\"sv-SE\"},{\"@type\":\"Person\",\"@id\":\"https:\\\/\\\/wp.kristdemokraterna.se\\\/alvesta\\\/#\\\/schema\\\/person\\\/6810f6f6837cb83b88bf1351ebd1604d\",\"name\":\"alvesta\",\"image\":{\"@type\":\"ImageObject\",\"inLanguage\":\"sv-SE\",\"@id\":\"https:\\\/\\\/secure.gravatar.com\\\/avatar\\\/6308b77d307448058fb02931b4daa7568f960d9593c58ebaccafec9f1de9ca9c?s=96&r=g\",\"url\":\"https:\\\/\\\/secure.gravatar.com\\\/avatar\\\/6308b77d307448058fb02931b4daa7568f960d9593c58ebaccafec9f1de9ca9c?s=96&r=g\",\"contentUrl\":\"https:\\\/\\\/secure.gravatar.com\\\/avatar\\\/6308b77d307448058fb02931b4daa7568f960d9593c58ebaccafec9f1de9ca9c?s=96&r=g\",\"caption\":\"alvesta\"},\"url\":\"https:\\\/\\\/wp.kristdemokraterna.se\\\/alvesta\\\/author\\\/alvesta\\\/\"}]}<\/script>\n<!-- \/ Yoast SEO plugin. -->","yoast_head_json":{"title":"Heml\u00f6sa riskerar att frysa ihj\u00e4l... - Kristdemokraterna Alvesta","robots":{"index":"index","follow":"follow","max-snippet":"max-snippet:-1","max-image-preview":"max-image-preview:large","max-video-preview":"max-video-preview:-1"},"canonical":"https:\/\/wp.kristdemokraterna.se\/alvesta\/hemlosa-riskerar-att-frysa-ihjal\/","og_locale":"sv_SE","og_type":"article","og_title":"Heml\u00f6sa riskerar att frysa ihj\u00e4l... - Kristdemokraterna Alvesta","og_description":"Heml\u00f6sa riskerar att frysa ihj\u00e4l i den sv\u00e5ra kylan. SVT rapporterade nyligen att Stadsmissionen i G\u00f6teborg beslutat att \u00f6ppna kyrkan \u00e4ven nattetid. Personer med k\u00f6ldskador hade b\u00f6rjat komma dit och de k\u00e4nde att de var tvungna att g\u00f6ra n\u00e5got. M\u00e5nga st\u00f6d- och hj\u00e4lporganisationer har f\u00e5tt ett mycket st\u00f6rre tryck p\u00e5 sina verksamheter under pandemin samtligt Read More","og_url":"https:\/\/wp.kristdemokraterna.se\/alvesta\/hemlosa-riskerar-att-frysa-ihjal\/","og_site_name":"Kristdemokraterna Alvesta","article_published_time":"2021-02-15T07:25:16+00:00","author":"alvesta","twitter_card":"summary_large_image","twitter_misc":{"Skriven av":"alvesta","Ber\u00e4knad l\u00e4stid":"1 minut"},"schema":{"@context":"https:\/\/schema.org","@graph":[{"@type":"Article","@id":"https:\/\/wp.kristdemokraterna.se\/alvesta\/hemlosa-riskerar-att-frysa-ihjal\/#article","isPartOf":{"@id":"https:\/\/wp.kristdemokraterna.se\/alvesta\/hemlosa-riskerar-att-frysa-ihjal\/"},"author":{"name":"alvesta","@id":"https:\/\/wp.kristdemokraterna.se\/alvesta\/#\/schema\/person\/6810f6f6837cb83b88bf1351ebd1604d"},"headline":"Heml\u00f6sa riskerar att frysa ihj\u00e4l&#8230;","datePublished":"2021-02-15T07:25:16+00:00","mainEntityOfPage":{"@id":"https:\/\/wp.kristdemokraterna.se\/alvesta\/hemlosa-riskerar-att-frysa-ihjal\/"},"wordCount":196,"articleSection":["Nyheter KD Riks"],"inLanguage":"sv-SE"},{"@type":"WebPage","@id":"https:\/\/wp.kristdemokraterna.se\/alvesta\/hemlosa-riskerar-att-frysa-ihjal\/","url":"https:\/\/wp.kristdemokraterna.se\/alvesta\/hemlosa-riskerar-att-frysa-ihjal\/","name":"Heml\u00f6sa riskerar att frysa ihj\u00e4l... - Kristdemokraterna Alvesta","isPartOf":{"@id":"https:\/\/wp.kristdemokraterna.se\/alvesta\/#website"},"datePublished":"2021-02-15T07:25:16+00:00","author":{"@id":"https:\/\/wp.kristdemokraterna.se\/alvesta\/#\/schema\/person\/6810f6f6837cb83b88bf1351ebd1604d"},"breadcrumb":{"@id":"https:\/\/wp.kristdemokraterna.se\/alvesta\/hemlosa-riskerar-att-frysa-ihjal\/#breadcrumb"},"inLanguage":"sv-SE","potentialAction":[{"@type":"ReadAction","target":["https:\/\/wp.kristdemokraterna.se\/alvesta\/hemlosa-riskerar-att-frysa-ihjal\/"]}]},{"@type":"BreadcrumbList","@id":"https:\/\/wp.kristdemokraterna.se\/alvesta\/hemlosa-riskerar-att-frysa-ihjal\/#breadcrumb","itemListElement":[{"@type":"ListItem","position":1,"name":"Hem","item":"https:\/\/wp.kristdemokraterna.se\/alvesta\/"},{"@type":"ListItem","position":2,"name":"Heml\u00f6sa riskerar att frysa ihj\u00e4l&#8230;"}]},{"@type":"WebSite","@id":"https:\/\/wp.kristdemokraterna.se\/alvesta\/#website","url":"https:\/\/wp.kristdemokraterna.se\/alvesta\/","name":"Kristdemokraterna Alvesta","description":"En till Kristdemokraterna webbplats","inLanguage":"sv-SE"},{"@type":"Person","@id":"https:\/\/wp.kristdemokraterna.se\/alvesta\/#\/schema\/person\/6810f6f6837cb83b88bf1351ebd1604d","name":"alvesta","image":{"@type":"ImageObject","inLanguage":"sv-SE","@id":"https:\/\/secure.gravatar.com\/avatar\/6308b77d307448058fb02931b4daa7568f960d9593c58ebaccafec9f1de9ca9c?s=96&r=g","url":"https:\/\/secure.gravatar.com\/avatar\/6308b77d307448058fb02931b4daa7568f960d9593c58ebaccafec9f1de9ca9c?s=96&r=g","contentUrl":"https:\/\/secure.gravatar.com\/avatar\/6308b77d307448058fb02931b4daa7568f960d9593c58ebaccafec9f1de9ca9c?s=96&r=g","caption":"alvesta"},"url":"https:\/\/wp.kristdemokraterna.se\/alvesta\/author\/alvesta\/"}]}},"_links":{"self":[{"href":"https:\/\/wp.kristdemokraterna.se\/alvesta\/wp-json\/wp\/v2\/posts\/1210","targetHints":{"allow":["GET"]}}],"collection":[{"href":"https:\/\/wp.kristdemokraterna.se\/alvesta\/wp-json\/wp\/v2\/posts"}],"about":[{"href":"https:\/\/wp.kristdemokraterna.se\/alvesta\/wp-json\/wp\/v2\/types\/post"}],"author":[{"embeddable":true,"href":"https:\/\/wp.kristdemokraterna.se\/alvesta\/wp-json\/wp\/v2\/users\/443"}],"replies":[{"embeddable":true,"href":"https:\/\/wp.kristdemokraterna.se\/alvesta\/wp-json\/wp\/v2\/comments?post=1210"}],"version-history":[{"count":1,"href":"https:\/\/wp.kristdemokraterna.se\/alvesta\/wp-json\/wp\/v2\/posts\/1210\/revisions"}],"predecessor-version":[{"id":1212,"href":"https:\/\/wp.kristdemokraterna.se\/alvesta\/wp-json\/wp\/v2\/posts\/1210\/revisions\/1212"}],"wp:attachment":[{"href":"https:\/\/wp.kristdemokraterna.se\/alvesta\/wp-json\/wp\/v2\/media?parent=1210"}],"wp:term":[{"taxonomy":"category","embeddable":true,"href":"https:\/\/wp.kristdemokraterna.se\/alvesta\/wp-json\/wp\/v2\/categories?post=1210"},{"taxonomy":"post_tag","embeddable":true,"href":"https:\/\/wp.kristdemokraterna.se\/alvesta\/wp-json\/wp\/v2\/tags?post=1210"}],"curies":[{"name":"wp","href":"https:\/\/api.w.org\/{rel}","templated":true}]}}