{"id":1782,"date":"2021-07-19T10:39:17","date_gmt":"2021-07-19T08:39:17","guid":{"rendered":"https:\/\/wp.kristdemokraterna.se\/alvesta\/?p=1782"},"modified":"2021-07-19T10:39:28","modified_gmt":"2021-07-19T08:39:28","slug":"situationen-inom-varden-ar-allvarlig","status":"publish","type":"post","link":"https:\/\/wp.kristdemokraterna.se\/alvesta\/situationen-inom-varden-ar-allvarlig\/","title":{"rendered":"Situationen inom v\u00e5rden \u00e4r allvarlig."},"content":{"rendered":"<p>V\u00e5rdpersonalen \u00e4r s\u00e5 \u00f6verbelastade att vi riskerar massjukskrivningar. Samtidigt v\u00e4xer v\u00e5rdskulden. Under krisen har operationer och \u00e5tg\u00e4rder skjutits p\u00e5 framtiden f\u00f6r att minska smittspridning.<br \/>\nVi m\u00e5ste p\u00e5 en och samma g\u00e5ng klara av att hantera den v\u00e4xande v\u00e5rdskulden, s\u00e4kerst\u00e4lla att patienter f\u00e5r v\u00e5rd i tid och se till att den till bristningsgr\u00e4nsen pressade v\u00e5rdpersonalen \u00e4ntligen f\u00e5r vila ut. Det kr\u00e4ver reformer och de l\u00f6sningarna m\u00e5ste vara h\u00e5llbara \u00f6ver l\u00e5ng tid.<\/p>\n<div dir=\"auto\">G\u00e5 med i KD!<\/div>\n<div dir=\"auto\"><a class=\"oajrlxb2 g5ia77u1 qu0x051f esr5mh6w e9989ue4 r7d6kgcz rq0escxv nhd2j8a9 nc684nl6 p7hjln8o kvgmc6g5 cxmmr5t8 oygrvhab hcukyx3x jb3vyjys rz4wbd8a qt6c0cv9 a8nywdso i1ao9s8h esuyzwwr f1sip0of lzcic4wl py34i1dx gpro0wi8\" role=\"link\" href=\"https:\/\/l.facebook.com\/l.php?u=http%3A%2F%2FKD.nu%2Fblimedlem%3Ffbclid%3DIwAR0rjrw2Ehp112E_bvrtfhAbLUoDjh73CRZzoczmpueeGdwQBYY9NFGH1Sw&amp;h=AT237FPcHlhBc440GjzUA0piOc5cyLSBgYPiPNQcx5Y1i3EQMJhwMnFgl3ozXKDTcGCGtBxVeW_4iVdH_JRy_buei_toBCz3YlK8ai5MRT8MkJRaE2hOkI4P7Lh27pjrmA&amp;__tn__=-UK-y-R&amp;c[0]=AT293wWQvCI9y5Hdrgb4pI35rHzVbwg022wSWJerplZWYGu3AnS293RilAJgs1tbcB_v1yDO5Wq6rWFU_lK9kcE8ZyOg-i4FtKusjKE6vrasS34dZw5pPciwjSBWcMYHorntYQBd4-hx1fAxq8PhjVCjaj1oEsUEIo6bA6nVvB-XzpU431jtRUgcRtO161JxCQm19dlJwIpBOY5d-fvE4gbW7f00nuqfioSzGqIYwdMxfFOYVpSM12Y\" target=\"_blank\" rel=\"nofollow noopener\">KD.nu\/blimedlem<\/a><\/div>\n","protected":false},"excerpt":{"rendered":"<p>V\u00e5rdpersonalen \u00e4r s\u00e5 \u00f6verbelastade att vi riskerar massjukskrivningar. Samtidigt v\u00e4xer v\u00e5rdskulden. Under krisen har operationer och \u00e5tg\u00e4rder skjutits p\u00e5 framtiden f\u00f6r att minska smittspridning. Vi m\u00e5ste p\u00e5 en och samma g\u00e5ng klara av att hantera den v\u00e4xande v\u00e5rdskulden, s\u00e4kerst\u00e4lla att patienter f\u00e5r v\u00e5rd i tid och se till att den till bristningsgr\u00e4nsen pressade v\u00e5rdpersonalen \u00e4ntligen <a class=\"read-more-link\" href=\"https:\/\/wp.kristdemokraterna.se\/alvesta\/situationen-inom-varden-ar-allvarlig\/\">Read More<\/a><\/p>\n","protected":false},"author":443,"featured_media":0,"comment_status":"closed","ping_status":"closed","sticky":false,"template":"","format":"standard","meta":{"_acf_changed":false,"footnotes":""},"categories":[10,1],"tags":[],"class_list":["post-1782","post","type-post","status-publish","format-standard","hentry","category-senaste-nytt","category-okategoriserade"],"acf":[],"yoast_head":"<!-- This site is optimized with the Yoast SEO plugin v27.5 - https:\/\/yoast.com\/product\/yoast-seo-wordpress\/ -->\n<title>Situationen inom v\u00e5rden \u00e4r allvarlig. - Kristdemokraterna Alvesta<\/title>\n<meta name=\"robots\" content=\"index, follow, max-snippet:-1, max-image-preview:large, max-video-preview:-1\" \/>\n<link rel=\"canonical\" href=\"https:\/\/wp.kristdemokraterna.se\/alvesta\/situationen-inom-varden-ar-allvarlig\/\" \/>\n<meta property=\"og:locale\" content=\"sv_SE\" \/>\n<meta property=\"og:type\" content=\"article\" \/>\n<meta property=\"og:title\" content=\"Situationen inom v\u00e5rden \u00e4r allvarlig. - Kristdemokraterna Alvesta\" \/>\n<meta property=\"og:description\" content=\"V\u00e5rdpersonalen \u00e4r s\u00e5 \u00f6verbelastade att vi riskerar massjukskrivningar. Samtidigt v\u00e4xer v\u00e5rdskulden. Under krisen har operationer och \u00e5tg\u00e4rder skjutits p\u00e5 framtiden f\u00f6r att minska smittspridning. Vi m\u00e5ste p\u00e5 en och samma g\u00e5ng klara av att hantera den v\u00e4xande v\u00e5rdskulden, s\u00e4kerst\u00e4lla att patienter f\u00e5r v\u00e5rd i tid och se till att den till bristningsgr\u00e4nsen pressade v\u00e5rdpersonalen \u00e4ntligen Read More\" \/>\n<meta property=\"og:url\" content=\"https:\/\/wp.kristdemokraterna.se\/alvesta\/situationen-inom-varden-ar-allvarlig\/\" \/>\n<meta property=\"og:site_name\" content=\"Kristdemokraterna Alvesta\" \/>\n<meta property=\"article:published_time\" content=\"2021-07-19T08:39:17+00:00\" \/>\n<meta property=\"article:modified_time\" content=\"2021-07-19T08:39:28+00:00\" \/>\n<meta name=\"author\" content=\"alvesta\" \/>\n<meta name=\"twitter:card\" content=\"summary_large_image\" \/>\n<meta name=\"twitter:label1\" content=\"Skriven av\" \/>\n\t<meta name=\"twitter:data1\" content=\"alvesta\" \/>\n\t<meta name=\"twitter:label2\" content=\"Ber\u00e4knad l\u00e4stid\" \/>\n\t<meta name=\"twitter:data2\" content=\"1 minut\" \/>\n<script type=\"application\/ld+json\" class=\"yoast-schema-graph\">{\"@context\":\"https:\\\/\\\/schema.org\",\"@graph\":[{\"@type\":\"Article\",\"@id\":\"https:\\\/\\\/wp.kristdemokraterna.se\\\/alvesta\\\/situationen-inom-varden-ar-allvarlig\\\/#article\",\"isPartOf\":{\"@id\":\"https:\\\/\\\/wp.kristdemokraterna.se\\\/alvesta\\\/situationen-inom-varden-ar-allvarlig\\\/\"},\"author\":{\"name\":\"alvesta\",\"@id\":\"https:\\\/\\\/wp.kristdemokraterna.se\\\/alvesta\\\/#\\\/schema\\\/person\\\/6810f6f6837cb83b88bf1351ebd1604d\"},\"headline\":\"Situationen inom v\u00e5rden \u00e4r allvarlig.\",\"datePublished\":\"2021-07-19T08:39:17+00:00\",\"dateModified\":\"2021-07-19T08:39:28+00:00\",\"mainEntityOfPage\":{\"@id\":\"https:\\\/\\\/wp.kristdemokraterna.se\\\/alvesta\\\/situationen-inom-varden-ar-allvarlig\\\/\"},\"wordCount\":104,\"articleSection\":[\"Nyheter KD Riks\"],\"inLanguage\":\"sv-SE\"},{\"@type\":\"WebPage\",\"@id\":\"https:\\\/\\\/wp.kristdemokraterna.se\\\/alvesta\\\/situationen-inom-varden-ar-allvarlig\\\/\",\"url\":\"https:\\\/\\\/wp.kristdemokraterna.se\\\/alvesta\\\/situationen-inom-varden-ar-allvarlig\\\/\",\"name\":\"Situationen inom v\u00e5rden \u00e4r allvarlig. - Kristdemokraterna Alvesta\",\"isPartOf\":{\"@id\":\"https:\\\/\\\/wp.kristdemokraterna.se\\\/alvesta\\\/#website\"},\"datePublished\":\"2021-07-19T08:39:17+00:00\",\"dateModified\":\"2021-07-19T08:39:28+00:00\",\"author\":{\"@id\":\"https:\\\/\\\/wp.kristdemokraterna.se\\\/alvesta\\\/#\\\/schema\\\/person\\\/6810f6f6837cb83b88bf1351ebd1604d\"},\"breadcrumb\":{\"@id\":\"https:\\\/\\\/wp.kristdemokraterna.se\\\/alvesta\\\/situationen-inom-varden-ar-allvarlig\\\/#breadcrumb\"},\"inLanguage\":\"sv-SE\",\"potentialAction\":[{\"@type\":\"ReadAction\",\"target\":[\"https:\\\/\\\/wp.kristdemokraterna.se\\\/alvesta\\\/situationen-inom-varden-ar-allvarlig\\\/\"]}]},{\"@type\":\"BreadcrumbList\",\"@id\":\"https:\\\/\\\/wp.kristdemokraterna.se\\\/alvesta\\\/situationen-inom-varden-ar-allvarlig\\\/#breadcrumb\",\"itemListElement\":[{\"@type\":\"ListItem\",\"position\":1,\"name\":\"Hem\",\"item\":\"https:\\\/\\\/wp.kristdemokraterna.se\\\/alvesta\\\/\"},{\"@type\":\"ListItem\",\"position\":2,\"name\":\"Situationen inom v\u00e5rden \u00e4r allvarlig.\"}]},{\"@type\":\"WebSite\",\"@id\":\"https:\\\/\\\/wp.kristdemokraterna.se\\\/alvesta\\\/#website\",\"url\":\"https:\\\/\\\/wp.kristdemokraterna.se\\\/alvesta\\\/\",\"name\":\"Kristdemokraterna Alvesta\",\"description\":\"En till Kristdemokraterna webbplats\",\"inLanguage\":\"sv-SE\"},{\"@type\":\"Person\",\"@id\":\"https:\\\/\\\/wp.kristdemokraterna.se\\\/alvesta\\\/#\\\/schema\\\/person\\\/6810f6f6837cb83b88bf1351ebd1604d\",\"name\":\"alvesta\",\"image\":{\"@type\":\"ImageObject\",\"inLanguage\":\"sv-SE\",\"@id\":\"https:\\\/\\\/secure.gravatar.com\\\/avatar\\\/6308b77d307448058fb02931b4daa7568f960d9593c58ebaccafec9f1de9ca9c?s=96&r=g\",\"url\":\"https:\\\/\\\/secure.gravatar.com\\\/avatar\\\/6308b77d307448058fb02931b4daa7568f960d9593c58ebaccafec9f1de9ca9c?s=96&r=g\",\"contentUrl\":\"https:\\\/\\\/secure.gravatar.com\\\/avatar\\\/6308b77d307448058fb02931b4daa7568f960d9593c58ebaccafec9f1de9ca9c?s=96&r=g\",\"caption\":\"alvesta\"},\"url\":\"https:\\\/\\\/wp.kristdemokraterna.se\\\/alvesta\\\/author\\\/alvesta\\\/\"}]}<\/script>\n<!-- \/ Yoast SEO plugin. -->","yoast_head_json":{"title":"Situationen inom v\u00e5rden \u00e4r allvarlig. - Kristdemokraterna Alvesta","robots":{"index":"index","follow":"follow","max-snippet":"max-snippet:-1","max-image-preview":"max-image-preview:large","max-video-preview":"max-video-preview:-1"},"canonical":"https:\/\/wp.kristdemokraterna.se\/alvesta\/situationen-inom-varden-ar-allvarlig\/","og_locale":"sv_SE","og_type":"article","og_title":"Situationen inom v\u00e5rden \u00e4r allvarlig. - Kristdemokraterna Alvesta","og_description":"V\u00e5rdpersonalen \u00e4r s\u00e5 \u00f6verbelastade att vi riskerar massjukskrivningar. Samtidigt v\u00e4xer v\u00e5rdskulden. Under krisen har operationer och \u00e5tg\u00e4rder skjutits p\u00e5 framtiden f\u00f6r att minska smittspridning. Vi m\u00e5ste p\u00e5 en och samma g\u00e5ng klara av att hantera den v\u00e4xande v\u00e5rdskulden, s\u00e4kerst\u00e4lla att patienter f\u00e5r v\u00e5rd i tid och se till att den till bristningsgr\u00e4nsen pressade v\u00e5rdpersonalen \u00e4ntligen Read More","og_url":"https:\/\/wp.kristdemokraterna.se\/alvesta\/situationen-inom-varden-ar-allvarlig\/","og_site_name":"Kristdemokraterna Alvesta","article_published_time":"2021-07-19T08:39:17+00:00","article_modified_time":"2021-07-19T08:39:28+00:00","author":"alvesta","twitter_card":"summary_large_image","twitter_misc":{"Skriven av":"alvesta","Ber\u00e4knad l\u00e4stid":"1 minut"},"schema":{"@context":"https:\/\/schema.org","@graph":[{"@type":"Article","@id":"https:\/\/wp.kristdemokraterna.se\/alvesta\/situationen-inom-varden-ar-allvarlig\/#article","isPartOf":{"@id":"https:\/\/wp.kristdemokraterna.se\/alvesta\/situationen-inom-varden-ar-allvarlig\/"},"author":{"name":"alvesta","@id":"https:\/\/wp.kristdemokraterna.se\/alvesta\/#\/schema\/person\/6810f6f6837cb83b88bf1351ebd1604d"},"headline":"Situationen inom v\u00e5rden \u00e4r allvarlig.","datePublished":"2021-07-19T08:39:17+00:00","dateModified":"2021-07-19T08:39:28+00:00","mainEntityOfPage":{"@id":"https:\/\/wp.kristdemokraterna.se\/alvesta\/situationen-inom-varden-ar-allvarlig\/"},"wordCount":104,"articleSection":["Nyheter KD Riks"],"inLanguage":"sv-SE"},{"@type":"WebPage","@id":"https:\/\/wp.kristdemokraterna.se\/alvesta\/situationen-inom-varden-ar-allvarlig\/","url":"https:\/\/wp.kristdemokraterna.se\/alvesta\/situationen-inom-varden-ar-allvarlig\/","name":"Situationen inom v\u00e5rden \u00e4r allvarlig. - Kristdemokraterna Alvesta","isPartOf":{"@id":"https:\/\/wp.kristdemokraterna.se\/alvesta\/#website"},"datePublished":"2021-07-19T08:39:17+00:00","dateModified":"2021-07-19T08:39:28+00:00","author":{"@id":"https:\/\/wp.kristdemokraterna.se\/alvesta\/#\/schema\/person\/6810f6f6837cb83b88bf1351ebd1604d"},"breadcrumb":{"@id":"https:\/\/wp.kristdemokraterna.se\/alvesta\/situationen-inom-varden-ar-allvarlig\/#breadcrumb"},"inLanguage":"sv-SE","potentialAction":[{"@type":"ReadAction","target":["https:\/\/wp.kristdemokraterna.se\/alvesta\/situationen-inom-varden-ar-allvarlig\/"]}]},{"@type":"BreadcrumbList","@id":"https:\/\/wp.kristdemokraterna.se\/alvesta\/situationen-inom-varden-ar-allvarlig\/#breadcrumb","itemListElement":[{"@type":"ListItem","position":1,"name":"Hem","item":"https:\/\/wp.kristdemokraterna.se\/alvesta\/"},{"@type":"ListItem","position":2,"name":"Situationen inom v\u00e5rden \u00e4r allvarlig."}]},{"@type":"WebSite","@id":"https:\/\/wp.kristdemokraterna.se\/alvesta\/#website","url":"https:\/\/wp.kristdemokraterna.se\/alvesta\/","name":"Kristdemokraterna Alvesta","description":"En till Kristdemokraterna webbplats","inLanguage":"sv-SE"},{"@type":"Person","@id":"https:\/\/wp.kristdemokraterna.se\/alvesta\/#\/schema\/person\/6810f6f6837cb83b88bf1351ebd1604d","name":"alvesta","image":{"@type":"ImageObject","inLanguage":"sv-SE","@id":"https:\/\/secure.gravatar.com\/avatar\/6308b77d307448058fb02931b4daa7568f960d9593c58ebaccafec9f1de9ca9c?s=96&r=g","url":"https:\/\/secure.gravatar.com\/avatar\/6308b77d307448058fb02931b4daa7568f960d9593c58ebaccafec9f1de9ca9c?s=96&r=g","contentUrl":"https:\/\/secure.gravatar.com\/avatar\/6308b77d307448058fb02931b4daa7568f960d9593c58ebaccafec9f1de9ca9c?s=96&r=g","caption":"alvesta"},"url":"https:\/\/wp.kristdemokraterna.se\/alvesta\/author\/alvesta\/"}]}},"_links":{"self":[{"href":"https:\/\/wp.kristdemokraterna.se\/alvesta\/wp-json\/wp\/v2\/posts\/1782","targetHints":{"allow":["GET"]}}],"collection":[{"href":"https:\/\/wp.kristdemokraterna.se\/alvesta\/wp-json\/wp\/v2\/posts"}],"about":[{"href":"https:\/\/wp.kristdemokraterna.se\/alvesta\/wp-json\/wp\/v2\/types\/post"}],"author":[{"embeddable":true,"href":"https:\/\/wp.kristdemokraterna.se\/alvesta\/wp-json\/wp\/v2\/users\/443"}],"replies":[{"embeddable":true,"href":"https:\/\/wp.kristdemokraterna.se\/alvesta\/wp-json\/wp\/v2\/comments?post=1782"}],"version-history":[{"count":1,"href":"https:\/\/wp.kristdemokraterna.se\/alvesta\/wp-json\/wp\/v2\/posts\/1782\/revisions"}],"predecessor-version":[{"id":1784,"href":"https:\/\/wp.kristdemokraterna.se\/alvesta\/wp-json\/wp\/v2\/posts\/1782\/revisions\/1784"}],"wp:attachment":[{"href":"https:\/\/wp.kristdemokraterna.se\/alvesta\/wp-json\/wp\/v2\/media?parent=1782"}],"wp:term":[{"taxonomy":"category","embeddable":true,"href":"https:\/\/wp.kristdemokraterna.se\/alvesta\/wp-json\/wp\/v2\/categories?post=1782"},{"taxonomy":"post_tag","embeddable":true,"href":"https:\/\/wp.kristdemokraterna.se\/alvesta\/wp-json\/wp\/v2\/tags?post=1782"}],"curies":[{"name":"wp","href":"https:\/\/api.w.org\/{rel}","templated":true}]}}