{"id":2154,"date":"2021-12-02T09:15:00","date_gmt":"2021-12-02T08:15:00","guid":{"rendered":"https:\/\/wp.kristdemokraterna.se\/alvesta\/?p=2154"},"modified":"2021-12-02T09:15:00","modified_gmt":"2021-12-02T08:15:00","slug":"elkrisen-leder-till-hogre-priser-pa-fika","status":"publish","type":"post","link":"https:\/\/wp.kristdemokraterna.se\/alvesta\/elkrisen-leder-till-hogre-priser-pa-fika\/","title":{"rendered":"Elkrisen leder till h\u00f6gre priser p\u00e5 fika."},"content":{"rendered":"<p>Vi har f\u00e5tt veta att P\u00e5gen tvingas h\u00f6ja priset p\u00e5 sina produkter till f\u00f6ljd av h\u00f6jda elpriser. J\u00e4mmer och el\u00e4nde. Vi skickade ut en expedition att g\u00f6ra ett symboliskt st\u00f6dk\u00f6p av Gifflar inf\u00f6r eftermiddagsfikan h\u00e4r p\u00e5 kansliet. Kul id\u00e9. Men det \u00e4r i grund och botten inte s\u00e4rskilt roligt. M\u00e5nga svenska f\u00f6retag far illa av dessa elpriser, precis som svenska hush\u00e5ll.<br \/>\nL\u00e5t oss vara tydliga med en sak. Vi f\u00f6rst\u00e5r att f\u00f6retag m\u00e5ste f\u00e5 betalt f\u00f6r allt som deras produkter inneh\u00e5ller; vetemj\u00f6l, socker, E200 och elektricitet, f\u00f6r att ta n\u00e5gra exempel. Fr\u00e5gan \u00e4r om Milj\u00f6partiet och Socialdemokraterna f\u00f6rst\u00e5r det? F\u00f6rst\u00e5r de att deras beslut p\u00e5 energiomr\u00e5det p\u00e5verkar svenska jobb och svenska f\u00f6retag? P\u00e5verkar priset p\u00e5 svenska produkter. De har ett ansvar f\u00f6r skenande elpriser och den utveckling det leder till.<br \/>\nG\u00f6r som vi. St\u00f6dk\u00f6p fr\u00e5n svenska f\u00f6retag som drabbats av elpriserna. Precis som du.<br \/>\nG\u00f6r som vi. Jobba f\u00f6r en b\u00e4ttre energipolitik. Framf\u00f6r allt. Se till att Sverige f\u00e5r en ny regering.<\/p>\n<div dir=\"auto\">G\u00e5 med i KD!<\/div>\n<div dir=\"auto\"><a class=\"oajrlxb2 g5ia77u1 qu0x051f esr5mh6w e9989ue4 r7d6kgcz rq0escxv nhd2j8a9 nc684nl6 p7hjln8o kvgmc6g5 cxmmr5t8 oygrvhab hcukyx3x jb3vyjys rz4wbd8a qt6c0cv9 a8nywdso i1ao9s8h esuyzwwr f1sip0of lzcic4wl py34i1dx gpro0wi8\" role=\"link\" href=\"http:\/\/kd.nu\/blimedlem?fbclid=IwAR2jk1HCg-ZoVJDP8o3H9FD7h7jpGGyxyad37bcWOuCqsX48B_0GQj3t5cc\" target=\"_blank\" rel=\"nofollow noopener\">KD.nu\/blimedlem<\/a><\/div>\n<div dir=\"auto\"><\/div>\n<div dir=\"auto\"><strong>L\u00e4s mer i tidningen Fri K\u00f6penskap:<\/strong>\u00a0<a href=\"https:\/\/www.fri-kopenskap.se\/article\/view\/820854\/elbristen_tvingar_pagen_att_hoja_priserna_oansvarig_politik?fbclid=IwAR1Sy9N72rH_azS24mF23QSwA5wnD8yY8S0s5-kkMT7vHv3NUP6yrNXv6gU\" target=\"_blank\" rel=\"noopener\"> https:\/\/www.fri-kopenskap.se\/article\/view\/820854\/elbristen_tvingar_pagen_att_hoja_priserna_oansvarig_politik?fbclid=IwAR1Sy9N72rH_azS24mF23QSwA5wnD8yY8S0s5-kkMT7vHv3NUP6yrNXv6gU<\/a><\/div>\n<div dir=\"auto\"><\/div>\n","protected":false},"excerpt":{"rendered":"<p>Vi har f\u00e5tt veta att P\u00e5gen tvingas h\u00f6ja priset p\u00e5 sina produkter till f\u00f6ljd av h\u00f6jda elpriser. J\u00e4mmer och el\u00e4nde. Vi skickade ut en expedition att g\u00f6ra ett symboliskt st\u00f6dk\u00f6p av Gifflar inf\u00f6r eftermiddagsfikan h\u00e4r p\u00e5 kansliet. Kul id\u00e9. Men det \u00e4r i grund och botten inte s\u00e4rskilt roligt. M\u00e5nga svenska f\u00f6retag far illa av <a class=\"read-more-link\" href=\"https:\/\/wp.kristdemokraterna.se\/alvesta\/elkrisen-leder-till-hogre-priser-pa-fika\/\">Read More<\/a><\/p>\n","protected":false},"author":443,"featured_media":0,"comment_status":"closed","ping_status":"closed","sticky":false,"template":"","format":"standard","meta":{"_acf_changed":false,"footnotes":""},"categories":[10,1],"tags":[],"class_list":["post-2154","post","type-post","status-publish","format-standard","hentry","category-senaste-nytt","category-okategoriserade"],"acf":[],"yoast_head":"<!-- This site is optimized with the Yoast SEO plugin v27.4 - https:\/\/yoast.com\/product\/yoast-seo-wordpress\/ -->\n<title>Elkrisen leder till h\u00f6gre priser p\u00e5 fika. - Kristdemokraterna Alvesta<\/title>\n<meta name=\"robots\" content=\"index, follow, max-snippet:-1, max-image-preview:large, max-video-preview:-1\" \/>\n<link rel=\"canonical\" href=\"https:\/\/wp.kristdemokraterna.se\/alvesta\/elkrisen-leder-till-hogre-priser-pa-fika\/\" \/>\n<meta property=\"og:locale\" content=\"sv_SE\" \/>\n<meta property=\"og:type\" content=\"article\" \/>\n<meta property=\"og:title\" content=\"Elkrisen leder till h\u00f6gre priser p\u00e5 fika. - Kristdemokraterna Alvesta\" \/>\n<meta property=\"og:description\" content=\"Vi har f\u00e5tt veta att P\u00e5gen tvingas h\u00f6ja priset p\u00e5 sina produkter till f\u00f6ljd av h\u00f6jda elpriser. J\u00e4mmer och el\u00e4nde. Vi skickade ut en expedition att g\u00f6ra ett symboliskt st\u00f6dk\u00f6p av Gifflar inf\u00f6r eftermiddagsfikan h\u00e4r p\u00e5 kansliet. Kul id\u00e9. Men det \u00e4r i grund och botten inte s\u00e4rskilt roligt. M\u00e5nga svenska f\u00f6retag far illa av Read More\" \/>\n<meta property=\"og:url\" content=\"https:\/\/wp.kristdemokraterna.se\/alvesta\/elkrisen-leder-till-hogre-priser-pa-fika\/\" \/>\n<meta property=\"og:site_name\" content=\"Kristdemokraterna Alvesta\" \/>\n<meta property=\"article:published_time\" content=\"2021-12-02T08:15:00+00:00\" \/>\n<meta name=\"author\" content=\"alvesta\" \/>\n<meta name=\"twitter:card\" content=\"summary_large_image\" \/>\n<meta name=\"twitter:label1\" content=\"Skriven av\" \/>\n\t<meta name=\"twitter:data1\" content=\"alvesta\" \/>\n\t<meta name=\"twitter:label2\" content=\"Ber\u00e4knad l\u00e4stid\" \/>\n\t<meta name=\"twitter:data2\" content=\"1 minut\" \/>\n<script type=\"application\/ld+json\" class=\"yoast-schema-graph\">{\"@context\":\"https:\\\/\\\/schema.org\",\"@graph\":[{\"@type\":\"Article\",\"@id\":\"https:\\\/\\\/wp.kristdemokraterna.se\\\/alvesta\\\/elkrisen-leder-till-hogre-priser-pa-fika\\\/#article\",\"isPartOf\":{\"@id\":\"https:\\\/\\\/wp.kristdemokraterna.se\\\/alvesta\\\/elkrisen-leder-till-hogre-priser-pa-fika\\\/\"},\"author\":{\"name\":\"alvesta\",\"@id\":\"https:\\\/\\\/wp.kristdemokraterna.se\\\/alvesta\\\/#\\\/schema\\\/person\\\/6810f6f6837cb83b88bf1351ebd1604d\"},\"headline\":\"Elkrisen leder till h\u00f6gre priser p\u00e5 fika.\",\"datePublished\":\"2021-12-02T08:15:00+00:00\",\"mainEntityOfPage\":{\"@id\":\"https:\\\/\\\/wp.kristdemokraterna.se\\\/alvesta\\\/elkrisen-leder-till-hogre-priser-pa-fika\\\/\"},\"wordCount\":263,\"articleSection\":[\"Nyheter KD Riks\"],\"inLanguage\":\"sv-SE\"},{\"@type\":\"WebPage\",\"@id\":\"https:\\\/\\\/wp.kristdemokraterna.se\\\/alvesta\\\/elkrisen-leder-till-hogre-priser-pa-fika\\\/\",\"url\":\"https:\\\/\\\/wp.kristdemokraterna.se\\\/alvesta\\\/elkrisen-leder-till-hogre-priser-pa-fika\\\/\",\"name\":\"Elkrisen leder till h\u00f6gre priser p\u00e5 fika. - Kristdemokraterna Alvesta\",\"isPartOf\":{\"@id\":\"https:\\\/\\\/wp.kristdemokraterna.se\\\/alvesta\\\/#website\"},\"datePublished\":\"2021-12-02T08:15:00+00:00\",\"author\":{\"@id\":\"https:\\\/\\\/wp.kristdemokraterna.se\\\/alvesta\\\/#\\\/schema\\\/person\\\/6810f6f6837cb83b88bf1351ebd1604d\"},\"breadcrumb\":{\"@id\":\"https:\\\/\\\/wp.kristdemokraterna.se\\\/alvesta\\\/elkrisen-leder-till-hogre-priser-pa-fika\\\/#breadcrumb\"},\"inLanguage\":\"sv-SE\",\"potentialAction\":[{\"@type\":\"ReadAction\",\"target\":[\"https:\\\/\\\/wp.kristdemokraterna.se\\\/alvesta\\\/elkrisen-leder-till-hogre-priser-pa-fika\\\/\"]}]},{\"@type\":\"BreadcrumbList\",\"@id\":\"https:\\\/\\\/wp.kristdemokraterna.se\\\/alvesta\\\/elkrisen-leder-till-hogre-priser-pa-fika\\\/#breadcrumb\",\"itemListElement\":[{\"@type\":\"ListItem\",\"position\":1,\"name\":\"Hem\",\"item\":\"https:\\\/\\\/wp.kristdemokraterna.se\\\/alvesta\\\/\"},{\"@type\":\"ListItem\",\"position\":2,\"name\":\"Elkrisen leder till h\u00f6gre priser p\u00e5 fika.\"}]},{\"@type\":\"WebSite\",\"@id\":\"https:\\\/\\\/wp.kristdemokraterna.se\\\/alvesta\\\/#website\",\"url\":\"https:\\\/\\\/wp.kristdemokraterna.se\\\/alvesta\\\/\",\"name\":\"Kristdemokraterna Alvesta\",\"description\":\"En till Kristdemokraterna webbplats\",\"inLanguage\":\"sv-SE\"},{\"@type\":\"Person\",\"@id\":\"https:\\\/\\\/wp.kristdemokraterna.se\\\/alvesta\\\/#\\\/schema\\\/person\\\/6810f6f6837cb83b88bf1351ebd1604d\",\"name\":\"alvesta\",\"image\":{\"@type\":\"ImageObject\",\"inLanguage\":\"sv-SE\",\"@id\":\"https:\\\/\\\/secure.gravatar.com\\\/avatar\\\/6308b77d307448058fb02931b4daa7568f960d9593c58ebaccafec9f1de9ca9c?s=96&r=g\",\"url\":\"https:\\\/\\\/secure.gravatar.com\\\/avatar\\\/6308b77d307448058fb02931b4daa7568f960d9593c58ebaccafec9f1de9ca9c?s=96&r=g\",\"contentUrl\":\"https:\\\/\\\/secure.gravatar.com\\\/avatar\\\/6308b77d307448058fb02931b4daa7568f960d9593c58ebaccafec9f1de9ca9c?s=96&r=g\",\"caption\":\"alvesta\"},\"url\":\"https:\\\/\\\/wp.kristdemokraterna.se\\\/alvesta\\\/author\\\/alvesta\\\/\"}]}<\/script>\n<!-- \/ Yoast SEO plugin. -->","yoast_head_json":{"title":"Elkrisen leder till h\u00f6gre priser p\u00e5 fika. - Kristdemokraterna Alvesta","robots":{"index":"index","follow":"follow","max-snippet":"max-snippet:-1","max-image-preview":"max-image-preview:large","max-video-preview":"max-video-preview:-1"},"canonical":"https:\/\/wp.kristdemokraterna.se\/alvesta\/elkrisen-leder-till-hogre-priser-pa-fika\/","og_locale":"sv_SE","og_type":"article","og_title":"Elkrisen leder till h\u00f6gre priser p\u00e5 fika. - Kristdemokraterna Alvesta","og_description":"Vi har f\u00e5tt veta att P\u00e5gen tvingas h\u00f6ja priset p\u00e5 sina produkter till f\u00f6ljd av h\u00f6jda elpriser. J\u00e4mmer och el\u00e4nde. Vi skickade ut en expedition att g\u00f6ra ett symboliskt st\u00f6dk\u00f6p av Gifflar inf\u00f6r eftermiddagsfikan h\u00e4r p\u00e5 kansliet. Kul id\u00e9. Men det \u00e4r i grund och botten inte s\u00e4rskilt roligt. M\u00e5nga svenska f\u00f6retag far illa av Read More","og_url":"https:\/\/wp.kristdemokraterna.se\/alvesta\/elkrisen-leder-till-hogre-priser-pa-fika\/","og_site_name":"Kristdemokraterna Alvesta","article_published_time":"2021-12-02T08:15:00+00:00","author":"alvesta","twitter_card":"summary_large_image","twitter_misc":{"Skriven av":"alvesta","Ber\u00e4knad l\u00e4stid":"1 minut"},"schema":{"@context":"https:\/\/schema.org","@graph":[{"@type":"Article","@id":"https:\/\/wp.kristdemokraterna.se\/alvesta\/elkrisen-leder-till-hogre-priser-pa-fika\/#article","isPartOf":{"@id":"https:\/\/wp.kristdemokraterna.se\/alvesta\/elkrisen-leder-till-hogre-priser-pa-fika\/"},"author":{"name":"alvesta","@id":"https:\/\/wp.kristdemokraterna.se\/alvesta\/#\/schema\/person\/6810f6f6837cb83b88bf1351ebd1604d"},"headline":"Elkrisen leder till h\u00f6gre priser p\u00e5 fika.","datePublished":"2021-12-02T08:15:00+00:00","mainEntityOfPage":{"@id":"https:\/\/wp.kristdemokraterna.se\/alvesta\/elkrisen-leder-till-hogre-priser-pa-fika\/"},"wordCount":263,"articleSection":["Nyheter KD Riks"],"inLanguage":"sv-SE"},{"@type":"WebPage","@id":"https:\/\/wp.kristdemokraterna.se\/alvesta\/elkrisen-leder-till-hogre-priser-pa-fika\/","url":"https:\/\/wp.kristdemokraterna.se\/alvesta\/elkrisen-leder-till-hogre-priser-pa-fika\/","name":"Elkrisen leder till h\u00f6gre priser p\u00e5 fika. - Kristdemokraterna Alvesta","isPartOf":{"@id":"https:\/\/wp.kristdemokraterna.se\/alvesta\/#website"},"datePublished":"2021-12-02T08:15:00+00:00","author":{"@id":"https:\/\/wp.kristdemokraterna.se\/alvesta\/#\/schema\/person\/6810f6f6837cb83b88bf1351ebd1604d"},"breadcrumb":{"@id":"https:\/\/wp.kristdemokraterna.se\/alvesta\/elkrisen-leder-till-hogre-priser-pa-fika\/#breadcrumb"},"inLanguage":"sv-SE","potentialAction":[{"@type":"ReadAction","target":["https:\/\/wp.kristdemokraterna.se\/alvesta\/elkrisen-leder-till-hogre-priser-pa-fika\/"]}]},{"@type":"BreadcrumbList","@id":"https:\/\/wp.kristdemokraterna.se\/alvesta\/elkrisen-leder-till-hogre-priser-pa-fika\/#breadcrumb","itemListElement":[{"@type":"ListItem","position":1,"name":"Hem","item":"https:\/\/wp.kristdemokraterna.se\/alvesta\/"},{"@type":"ListItem","position":2,"name":"Elkrisen leder till h\u00f6gre priser p\u00e5 fika."}]},{"@type":"WebSite","@id":"https:\/\/wp.kristdemokraterna.se\/alvesta\/#website","url":"https:\/\/wp.kristdemokraterna.se\/alvesta\/","name":"Kristdemokraterna Alvesta","description":"En till Kristdemokraterna webbplats","inLanguage":"sv-SE"},{"@type":"Person","@id":"https:\/\/wp.kristdemokraterna.se\/alvesta\/#\/schema\/person\/6810f6f6837cb83b88bf1351ebd1604d","name":"alvesta","image":{"@type":"ImageObject","inLanguage":"sv-SE","@id":"https:\/\/secure.gravatar.com\/avatar\/6308b77d307448058fb02931b4daa7568f960d9593c58ebaccafec9f1de9ca9c?s=96&r=g","url":"https:\/\/secure.gravatar.com\/avatar\/6308b77d307448058fb02931b4daa7568f960d9593c58ebaccafec9f1de9ca9c?s=96&r=g","contentUrl":"https:\/\/secure.gravatar.com\/avatar\/6308b77d307448058fb02931b4daa7568f960d9593c58ebaccafec9f1de9ca9c?s=96&r=g","caption":"alvesta"},"url":"https:\/\/wp.kristdemokraterna.se\/alvesta\/author\/alvesta\/"}]}},"_links":{"self":[{"href":"https:\/\/wp.kristdemokraterna.se\/alvesta\/wp-json\/wp\/v2\/posts\/2154","targetHints":{"allow":["GET"]}}],"collection":[{"href":"https:\/\/wp.kristdemokraterna.se\/alvesta\/wp-json\/wp\/v2\/posts"}],"about":[{"href":"https:\/\/wp.kristdemokraterna.se\/alvesta\/wp-json\/wp\/v2\/types\/post"}],"author":[{"embeddable":true,"href":"https:\/\/wp.kristdemokraterna.se\/alvesta\/wp-json\/wp\/v2\/users\/443"}],"replies":[{"embeddable":true,"href":"https:\/\/wp.kristdemokraterna.se\/alvesta\/wp-json\/wp\/v2\/comments?post=2154"}],"version-history":[{"count":1,"href":"https:\/\/wp.kristdemokraterna.se\/alvesta\/wp-json\/wp\/v2\/posts\/2154\/revisions"}],"predecessor-version":[{"id":2156,"href":"https:\/\/wp.kristdemokraterna.se\/alvesta\/wp-json\/wp\/v2\/posts\/2154\/revisions\/2156"}],"wp:attachment":[{"href":"https:\/\/wp.kristdemokraterna.se\/alvesta\/wp-json\/wp\/v2\/media?parent=2154"}],"wp:term":[{"taxonomy":"category","embeddable":true,"href":"https:\/\/wp.kristdemokraterna.se\/alvesta\/wp-json\/wp\/v2\/categories?post=2154"},{"taxonomy":"post_tag","embeddable":true,"href":"https:\/\/wp.kristdemokraterna.se\/alvesta\/wp-json\/wp\/v2\/tags?post=2154"}],"curies":[{"name":"wp","href":"https:\/\/api.w.org\/{rel}","templated":true}]}}