{"id":2160,"date":"2021-12-02T17:12:58","date_gmt":"2021-12-02T16:12:58","guid":{"rendered":"https:\/\/wp.kristdemokraterna.se\/alvesta\/?p=2160"},"modified":"2021-12-02T17:12:58","modified_gmt":"2021-12-02T16:12:58","slug":"om-ni-redan-ar-medlemmar-i-kristdemokraterna","status":"publish","type":"post","link":"https:\/\/wp.kristdemokraterna.se\/alvesta\/om-ni-redan-ar-medlemmar-i-kristdemokraterna\/","title":{"rendered":"Om ni redan \u00e4r medlemmar i Kristdemokraterna&#8230;"},"content":{"rendered":"<p>Om ni redan \u00e4r medlemmar i Kristdemokraterna f\u00f6rbered er f\u00f6r det arbetet. Om ni inte \u00e4r det \u2013 varmt v\u00e4lkomna att bli en del av det arbete. Oavsett om du aldrig gjort en dags politiskt arbete tidigare i livet. Vi beh\u00f6ver dig n\u00e4sta \u00e5r. Allt f\u00f6r mycket st\u00e5r p\u00e5 spel \u2013 f\u00f6r att st\u00e5 p\u00e5 sidan av.<br \/>\nF\u00f6r de problem som Sverige har beror p\u00e5 den politik som f\u00f6rs. F\u00f6r\u00e4ndra politiken och vi kan f\u00f6r\u00e4ndra verkligheten. Det beh\u00f6ver inte vara s\u00e5 h\u00e4r. Det finns hopp om en b\u00e4ttre morgondag.<\/p>\n<div dir=\"auto\">G\u00e5 med i KD!<\/div>\n<div dir=\"auto\"><a class=\"oajrlxb2 g5ia77u1 qu0x051f esr5mh6w e9989ue4 r7d6kgcz rq0escxv nhd2j8a9 nc684nl6 p7hjln8o kvgmc6g5 cxmmr5t8 oygrvhab hcukyx3x jb3vyjys rz4wbd8a qt6c0cv9 a8nywdso i1ao9s8h esuyzwwr f1sip0of lzcic4wl py34i1dx gpro0wi8\" role=\"link\" href=\"https:\/\/l.facebook.com\/l.php?u=http%3A%2F%2FKD.nu%2Fblimedlem%3Ffbclid%3DIwAR3fHdUZUv-oCYSnAtlDz0XxrmYfaRAWQ-iTRR7HDhc0kBdKeRx6BSsam7A&amp;h=AT2Nmif8MQ9IabWsAPmtD-LMmwUtpogBJTKty4xjX9yRMRujrvwgOSLlORWws8EAdMwBW2AGf_sxVBzWTRa6zs0HfX49qiakySLrhwhbNI8jztFrnDktdy2xeMq2OHxPLQ&amp;__tn__=-UK-R&amp;c[0]=AT2xjyUiOmFniiA1jCK2hzOfZScU9FLGFDwv4QyQwOKarpcWdHG12Cmyy3IsS-piu-eLSwXA4GO8_zuwW0eSlYM3rsEmGmK1x97tBbbpWIQLTHh4egse-dwL8i_xe3bro1Lj_RtkPyBacnqt5mCF1FO8ZDKW4sdk-wvkY1jeH6SJ90TFBK4nDRw9e5L-uBQgaIhWnkAIFma5Dw\" target=\"_blank\" rel=\"nofollow noopener\">KD.nu\/blimedlem<\/a><\/div>\n","protected":false},"excerpt":{"rendered":"<p>Om ni redan \u00e4r medlemmar i Kristdemokraterna f\u00f6rbered er f\u00f6r det arbetet. Om ni inte \u00e4r det \u2013 varmt v\u00e4lkomna att bli en del av det arbete. Oavsett om du aldrig gjort en dags politiskt arbete tidigare i livet. Vi beh\u00f6ver dig n\u00e4sta \u00e5r. Allt f\u00f6r mycket st\u00e5r p\u00e5 spel \u2013 f\u00f6r att st\u00e5 p\u00e5 <a class=\"read-more-link\" href=\"https:\/\/wp.kristdemokraterna.se\/alvesta\/om-ni-redan-ar-medlemmar-i-kristdemokraterna\/\">Read More<\/a><\/p>\n","protected":false},"author":443,"featured_media":0,"comment_status":"closed","ping_status":"closed","sticky":false,"template":"","format":"standard","meta":{"_acf_changed":false,"footnotes":""},"categories":[10,1],"tags":[],"class_list":["post-2160","post","type-post","status-publish","format-standard","hentry","category-senaste-nytt","category-okategoriserade"],"acf":[],"yoast_head":"<!-- This site is optimized with the Yoast SEO plugin v27.4 - https:\/\/yoast.com\/product\/yoast-seo-wordpress\/ -->\n<title>Om ni redan \u00e4r medlemmar i Kristdemokraterna... - Kristdemokraterna Alvesta<\/title>\n<meta name=\"robots\" content=\"index, follow, max-snippet:-1, max-image-preview:large, max-video-preview:-1\" \/>\n<link rel=\"canonical\" href=\"https:\/\/wp.kristdemokraterna.se\/alvesta\/om-ni-redan-ar-medlemmar-i-kristdemokraterna\/\" \/>\n<meta property=\"og:locale\" content=\"sv_SE\" \/>\n<meta property=\"og:type\" content=\"article\" \/>\n<meta property=\"og:title\" content=\"Om ni redan \u00e4r medlemmar i Kristdemokraterna... - Kristdemokraterna Alvesta\" \/>\n<meta property=\"og:description\" content=\"Om ni redan \u00e4r medlemmar i Kristdemokraterna f\u00f6rbered er f\u00f6r det arbetet. Om ni inte \u00e4r det \u2013 varmt v\u00e4lkomna att bli en del av det arbete. Oavsett om du aldrig gjort en dags politiskt arbete tidigare i livet. Vi beh\u00f6ver dig n\u00e4sta \u00e5r. Allt f\u00f6r mycket st\u00e5r p\u00e5 spel \u2013 f\u00f6r att st\u00e5 p\u00e5 Read More\" \/>\n<meta property=\"og:url\" content=\"https:\/\/wp.kristdemokraterna.se\/alvesta\/om-ni-redan-ar-medlemmar-i-kristdemokraterna\/\" \/>\n<meta property=\"og:site_name\" content=\"Kristdemokraterna Alvesta\" \/>\n<meta property=\"article:published_time\" content=\"2021-12-02T16:12:58+00:00\" \/>\n<meta name=\"author\" content=\"alvesta\" \/>\n<meta name=\"twitter:card\" content=\"summary_large_image\" \/>\n<meta name=\"twitter:label1\" content=\"Skriven av\" \/>\n\t<meta name=\"twitter:data1\" content=\"alvesta\" \/>\n\t<meta name=\"twitter:label2\" content=\"Ber\u00e4knad l\u00e4stid\" \/>\n\t<meta name=\"twitter:data2\" content=\"1 minut\" \/>\n<script type=\"application\/ld+json\" class=\"yoast-schema-graph\">{\"@context\":\"https:\\\/\\\/schema.org\",\"@graph\":[{\"@type\":\"Article\",\"@id\":\"https:\\\/\\\/wp.kristdemokraterna.se\\\/alvesta\\\/om-ni-redan-ar-medlemmar-i-kristdemokraterna\\\/#article\",\"isPartOf\":{\"@id\":\"https:\\\/\\\/wp.kristdemokraterna.se\\\/alvesta\\\/om-ni-redan-ar-medlemmar-i-kristdemokraterna\\\/\"},\"author\":{\"name\":\"alvesta\",\"@id\":\"https:\\\/\\\/wp.kristdemokraterna.se\\\/alvesta\\\/#\\\/schema\\\/person\\\/6810f6f6837cb83b88bf1351ebd1604d\"},\"headline\":\"Om ni redan \u00e4r medlemmar i Kristdemokraterna&#8230;\",\"datePublished\":\"2021-12-02T16:12:58+00:00\",\"mainEntityOfPage\":{\"@id\":\"https:\\\/\\\/wp.kristdemokraterna.se\\\/alvesta\\\/om-ni-redan-ar-medlemmar-i-kristdemokraterna\\\/\"},\"wordCount\":118,\"articleSection\":[\"Nyheter KD Riks\"],\"inLanguage\":\"sv-SE\"},{\"@type\":\"WebPage\",\"@id\":\"https:\\\/\\\/wp.kristdemokraterna.se\\\/alvesta\\\/om-ni-redan-ar-medlemmar-i-kristdemokraterna\\\/\",\"url\":\"https:\\\/\\\/wp.kristdemokraterna.se\\\/alvesta\\\/om-ni-redan-ar-medlemmar-i-kristdemokraterna\\\/\",\"name\":\"Om ni redan \u00e4r medlemmar i Kristdemokraterna... - Kristdemokraterna Alvesta\",\"isPartOf\":{\"@id\":\"https:\\\/\\\/wp.kristdemokraterna.se\\\/alvesta\\\/#website\"},\"datePublished\":\"2021-12-02T16:12:58+00:00\",\"author\":{\"@id\":\"https:\\\/\\\/wp.kristdemokraterna.se\\\/alvesta\\\/#\\\/schema\\\/person\\\/6810f6f6837cb83b88bf1351ebd1604d\"},\"breadcrumb\":{\"@id\":\"https:\\\/\\\/wp.kristdemokraterna.se\\\/alvesta\\\/om-ni-redan-ar-medlemmar-i-kristdemokraterna\\\/#breadcrumb\"},\"inLanguage\":\"sv-SE\",\"potentialAction\":[{\"@type\":\"ReadAction\",\"target\":[\"https:\\\/\\\/wp.kristdemokraterna.se\\\/alvesta\\\/om-ni-redan-ar-medlemmar-i-kristdemokraterna\\\/\"]}]},{\"@type\":\"BreadcrumbList\",\"@id\":\"https:\\\/\\\/wp.kristdemokraterna.se\\\/alvesta\\\/om-ni-redan-ar-medlemmar-i-kristdemokraterna\\\/#breadcrumb\",\"itemListElement\":[{\"@type\":\"ListItem\",\"position\":1,\"name\":\"Hem\",\"item\":\"https:\\\/\\\/wp.kristdemokraterna.se\\\/alvesta\\\/\"},{\"@type\":\"ListItem\",\"position\":2,\"name\":\"Om ni redan \u00e4r medlemmar i Kristdemokraterna&#8230;\"}]},{\"@type\":\"WebSite\",\"@id\":\"https:\\\/\\\/wp.kristdemokraterna.se\\\/alvesta\\\/#website\",\"url\":\"https:\\\/\\\/wp.kristdemokraterna.se\\\/alvesta\\\/\",\"name\":\"Kristdemokraterna Alvesta\",\"description\":\"En till Kristdemokraterna webbplats\",\"inLanguage\":\"sv-SE\"},{\"@type\":\"Person\",\"@id\":\"https:\\\/\\\/wp.kristdemokraterna.se\\\/alvesta\\\/#\\\/schema\\\/person\\\/6810f6f6837cb83b88bf1351ebd1604d\",\"name\":\"alvesta\",\"image\":{\"@type\":\"ImageObject\",\"inLanguage\":\"sv-SE\",\"@id\":\"https:\\\/\\\/secure.gravatar.com\\\/avatar\\\/6308b77d307448058fb02931b4daa7568f960d9593c58ebaccafec9f1de9ca9c?s=96&r=g\",\"url\":\"https:\\\/\\\/secure.gravatar.com\\\/avatar\\\/6308b77d307448058fb02931b4daa7568f960d9593c58ebaccafec9f1de9ca9c?s=96&r=g\",\"contentUrl\":\"https:\\\/\\\/secure.gravatar.com\\\/avatar\\\/6308b77d307448058fb02931b4daa7568f960d9593c58ebaccafec9f1de9ca9c?s=96&r=g\",\"caption\":\"alvesta\"},\"url\":\"https:\\\/\\\/wp.kristdemokraterna.se\\\/alvesta\\\/author\\\/alvesta\\\/\"}]}<\/script>\n<!-- \/ Yoast SEO plugin. -->","yoast_head_json":{"title":"Om ni redan \u00e4r medlemmar i Kristdemokraterna... - Kristdemokraterna Alvesta","robots":{"index":"index","follow":"follow","max-snippet":"max-snippet:-1","max-image-preview":"max-image-preview:large","max-video-preview":"max-video-preview:-1"},"canonical":"https:\/\/wp.kristdemokraterna.se\/alvesta\/om-ni-redan-ar-medlemmar-i-kristdemokraterna\/","og_locale":"sv_SE","og_type":"article","og_title":"Om ni redan \u00e4r medlemmar i Kristdemokraterna... - Kristdemokraterna Alvesta","og_description":"Om ni redan \u00e4r medlemmar i Kristdemokraterna f\u00f6rbered er f\u00f6r det arbetet. Om ni inte \u00e4r det \u2013 varmt v\u00e4lkomna att bli en del av det arbete. Oavsett om du aldrig gjort en dags politiskt arbete tidigare i livet. Vi beh\u00f6ver dig n\u00e4sta \u00e5r. Allt f\u00f6r mycket st\u00e5r p\u00e5 spel \u2013 f\u00f6r att st\u00e5 p\u00e5 Read More","og_url":"https:\/\/wp.kristdemokraterna.se\/alvesta\/om-ni-redan-ar-medlemmar-i-kristdemokraterna\/","og_site_name":"Kristdemokraterna Alvesta","article_published_time":"2021-12-02T16:12:58+00:00","author":"alvesta","twitter_card":"summary_large_image","twitter_misc":{"Skriven av":"alvesta","Ber\u00e4knad l\u00e4stid":"1 minut"},"schema":{"@context":"https:\/\/schema.org","@graph":[{"@type":"Article","@id":"https:\/\/wp.kristdemokraterna.se\/alvesta\/om-ni-redan-ar-medlemmar-i-kristdemokraterna\/#article","isPartOf":{"@id":"https:\/\/wp.kristdemokraterna.se\/alvesta\/om-ni-redan-ar-medlemmar-i-kristdemokraterna\/"},"author":{"name":"alvesta","@id":"https:\/\/wp.kristdemokraterna.se\/alvesta\/#\/schema\/person\/6810f6f6837cb83b88bf1351ebd1604d"},"headline":"Om ni redan \u00e4r medlemmar i Kristdemokraterna&#8230;","datePublished":"2021-12-02T16:12:58+00:00","mainEntityOfPage":{"@id":"https:\/\/wp.kristdemokraterna.se\/alvesta\/om-ni-redan-ar-medlemmar-i-kristdemokraterna\/"},"wordCount":118,"articleSection":["Nyheter KD Riks"],"inLanguage":"sv-SE"},{"@type":"WebPage","@id":"https:\/\/wp.kristdemokraterna.se\/alvesta\/om-ni-redan-ar-medlemmar-i-kristdemokraterna\/","url":"https:\/\/wp.kristdemokraterna.se\/alvesta\/om-ni-redan-ar-medlemmar-i-kristdemokraterna\/","name":"Om ni redan \u00e4r medlemmar i Kristdemokraterna... - Kristdemokraterna Alvesta","isPartOf":{"@id":"https:\/\/wp.kristdemokraterna.se\/alvesta\/#website"},"datePublished":"2021-12-02T16:12:58+00:00","author":{"@id":"https:\/\/wp.kristdemokraterna.se\/alvesta\/#\/schema\/person\/6810f6f6837cb83b88bf1351ebd1604d"},"breadcrumb":{"@id":"https:\/\/wp.kristdemokraterna.se\/alvesta\/om-ni-redan-ar-medlemmar-i-kristdemokraterna\/#breadcrumb"},"inLanguage":"sv-SE","potentialAction":[{"@type":"ReadAction","target":["https:\/\/wp.kristdemokraterna.se\/alvesta\/om-ni-redan-ar-medlemmar-i-kristdemokraterna\/"]}]},{"@type":"BreadcrumbList","@id":"https:\/\/wp.kristdemokraterna.se\/alvesta\/om-ni-redan-ar-medlemmar-i-kristdemokraterna\/#breadcrumb","itemListElement":[{"@type":"ListItem","position":1,"name":"Hem","item":"https:\/\/wp.kristdemokraterna.se\/alvesta\/"},{"@type":"ListItem","position":2,"name":"Om ni redan \u00e4r medlemmar i Kristdemokraterna&#8230;"}]},{"@type":"WebSite","@id":"https:\/\/wp.kristdemokraterna.se\/alvesta\/#website","url":"https:\/\/wp.kristdemokraterna.se\/alvesta\/","name":"Kristdemokraterna Alvesta","description":"En till Kristdemokraterna webbplats","inLanguage":"sv-SE"},{"@type":"Person","@id":"https:\/\/wp.kristdemokraterna.se\/alvesta\/#\/schema\/person\/6810f6f6837cb83b88bf1351ebd1604d","name":"alvesta","image":{"@type":"ImageObject","inLanguage":"sv-SE","@id":"https:\/\/secure.gravatar.com\/avatar\/6308b77d307448058fb02931b4daa7568f960d9593c58ebaccafec9f1de9ca9c?s=96&r=g","url":"https:\/\/secure.gravatar.com\/avatar\/6308b77d307448058fb02931b4daa7568f960d9593c58ebaccafec9f1de9ca9c?s=96&r=g","contentUrl":"https:\/\/secure.gravatar.com\/avatar\/6308b77d307448058fb02931b4daa7568f960d9593c58ebaccafec9f1de9ca9c?s=96&r=g","caption":"alvesta"},"url":"https:\/\/wp.kristdemokraterna.se\/alvesta\/author\/alvesta\/"}]}},"_links":{"self":[{"href":"https:\/\/wp.kristdemokraterna.se\/alvesta\/wp-json\/wp\/v2\/posts\/2160","targetHints":{"allow":["GET"]}}],"collection":[{"href":"https:\/\/wp.kristdemokraterna.se\/alvesta\/wp-json\/wp\/v2\/posts"}],"about":[{"href":"https:\/\/wp.kristdemokraterna.se\/alvesta\/wp-json\/wp\/v2\/types\/post"}],"author":[{"embeddable":true,"href":"https:\/\/wp.kristdemokraterna.se\/alvesta\/wp-json\/wp\/v2\/users\/443"}],"replies":[{"embeddable":true,"href":"https:\/\/wp.kristdemokraterna.se\/alvesta\/wp-json\/wp\/v2\/comments?post=2160"}],"version-history":[{"count":1,"href":"https:\/\/wp.kristdemokraterna.se\/alvesta\/wp-json\/wp\/v2\/posts\/2160\/revisions"}],"predecessor-version":[{"id":2162,"href":"https:\/\/wp.kristdemokraterna.se\/alvesta\/wp-json\/wp\/v2\/posts\/2160\/revisions\/2162"}],"wp:attachment":[{"href":"https:\/\/wp.kristdemokraterna.se\/alvesta\/wp-json\/wp\/v2\/media?parent=2160"}],"wp:term":[{"taxonomy":"category","embeddable":true,"href":"https:\/\/wp.kristdemokraterna.se\/alvesta\/wp-json\/wp\/v2\/categories?post=2160"},{"taxonomy":"post_tag","embeddable":true,"href":"https:\/\/wp.kristdemokraterna.se\/alvesta\/wp-json\/wp\/v2\/tags?post=2160"}],"curies":[{"name":"wp","href":"https:\/\/api.w.org\/{rel}","templated":true}]}}