{"id":2163,"date":"2021-12-03T09:12:34","date_gmt":"2021-12-03T08:12:34","guid":{"rendered":"https:\/\/wp.kristdemokraterna.se\/alvesta\/?p=2163"},"modified":"2021-12-03T09:12:34","modified_gmt":"2021-12-03T08:12:34","slug":"familjen-maste-fungera","status":"publish","type":"post","link":"https:\/\/wp.kristdemokraterna.se\/alvesta\/familjen-maste-fungera\/","title":{"rendered":"Familjen m\u00e5ste fungera&#8230;"},"content":{"rendered":"<p>Familjen m\u00e5ste fungera \u00e4ven f\u00f6r barn och vuxna med funktionsneds\u00e4ttning.<br \/>\nLivspusslet kan vara knepigt att f\u00e5 ihop f\u00f6r alla familjer. Men f\u00f6r familjer d\u00e4r barn eller f\u00f6r\u00e4ldrar har en funktionsneds\u00e4ttning kan det vara extra sv\u00e5rt.<br \/>\nIdag tvingas f\u00f6r\u00e4ldrar k\u00e4mpa mot myndigheter f\u00f6r att f\u00e5 det mest grundl\u00e4ggande st\u00f6det som kr\u00e4v f\u00f6r att de och deras barn ska klara vardagen. Syskon till barn med funktionsneds\u00e4ttning lever ofta i skuggan och f\u00e5r tidigt i livet ta stort ansvar i familjen. F\u00f6r\u00e4ldrar oroar sig f\u00f6r hur deras barn med funktionsneds\u00e4ttning ska klara sig den dag de sj\u00e4lva inte kan eller orkar ta hand om dem l\u00e4ngre. Make, make eller partner till en person med funktionsneds\u00e4ttning f\u00e5r ofta ta ett orimligt stort ansvar f\u00f6r omv\u00e5rdnad av sin k\u00e4rlek men ocks\u00e5 f\u00f6r barn och hem.<br \/>\nIdag den 3 december \u00e4r det den internationella funktionshinderdagen och vi vill dela med oss av n\u00e5gra av Kristdemokraternas f\u00f6rslag till st\u00f6d f\u00f6r dessa familjer.<br \/>\nAnh\u00f6riga till barn med funktionsneds\u00e4ttningar lever stundtals med ett \u00f6verm\u00e4ktigt ansvar. F\u00f6r att st\u00f6dja familjen vill vi inf\u00f6ra ett system med koordinatorer och fast myndighetskontakt som underl\u00e4ttar kontakten med handl\u00e4ggare av v\u00e5rd- och omsorgsinsatser.<br \/>\nBarn med funktionsneds\u00e4ttning har samma grundl\u00e4ggande behov och r\u00e4ttigheter som alla andra barn. Vi vill d\u00e4rf\u00f6r f\u00f6lja upp barnkonventionen som lag och dess implementering p\u00e5 samh\u00e4llets st\u00f6d f\u00f6r barn med funktionsneds\u00e4ttning. P\u00e5 EU-niv\u00e5 k\u00e4mpar vi f\u00f6r att barn med funktionsneds\u00e4ttning ska inkluderas i arbetet med att st\u00e4rka alla barns r\u00e4ttigheter och inte i ett s\u00e4rskilt sp\u00e5r vid sidan av.<br \/>\nAlla barn har r\u00e4tt till tid med sina f\u00f6r\u00e4ldrar men ibland r\u00e4cker tid och ork helt enkelt inte till. F\u00f6r\u00e4ldraansvaret f\u00f6r syskon utan funktionsneds\u00e4ttning b\u00f6r d\u00e4rf\u00f6r beaktas och respekteras vid bed\u00f6mning av familjens behov av olika LSS-insatser.<br \/>\nR\u00e4tten till assistans m\u00e5ste st\u00e4rkas f\u00f6r att fr\u00e4mja frihet och sj\u00e4lvbest\u00e4mmande i sitt eget liv och f\u00f6r att motverka anh\u00f6rigberoende. Samtliga grundl\u00e4ggande behov m\u00e5ste bli assistansgrundande i sin helhet \u2013 idag r\u00e4knas exempelvis bara delar av toalettbes\u00f6ket. Det \u00e4r ov\u00e4rdigt.<br \/>\nF\u00f6r\u00e4ldrar med funktionsneds\u00e4ttning har precis som vilken f\u00f6r\u00e4lder som helst ett f\u00f6r\u00e4ldraansvar men kan beh\u00f6va st\u00f6d f\u00f6r att ut\u00f6va det. Vi vill d\u00e4rf\u00f6r utreda m\u00f6jligheten att inkludera ut\u00f6vande av f\u00f6r\u00e4ldraskap i de grundl\u00e4ggande behoven f\u00f6r personlig assistans.<br \/>\nUnder exempelvis sm\u00e5barns\u00e5ren kan det vara avg\u00f6rande f\u00f6r relationen att kunna dela ansvaret f\u00f6r barnets omsorg och avlasta varandra \u00e4ven i familjer d\u00e4r ingen av f\u00f6r\u00e4ldrarna har en funktionsneds\u00e4ttning. Makeansvaret, det gemensamma ansvar f\u00f6r att v\u00e5rda hem och barn som regleras i \u00e4ktenskapsbalken, kan sl\u00e5 h\u00e5rt mot familjer d\u00e4r ena partnern har en funktionsneds\u00e4ttning. Konsekvensen av detta b\u00f6r ses \u00f6ver.<br \/>\nIdag omfattar bilst\u00f6det bara utrustning som \u00e4r fast monterat. Svag familjeekonomi f\u00e5r inte hindra att barn med funktionsneds\u00e4ttning f\u00e4rdas tryggt i trafiken. Vi vill d\u00e4rf\u00f6r att bilst\u00f6det \u00e4ven ska inkludera specialanpassade bilbarnstolar.<br \/>\nPia Steensland, riksdagsledamot och talesperson f\u00f6r funktionshinderfr\u00e5gor<br \/>\nDavid Lega, EU-parlamentariker som sj\u00e4lv lever med personlig assistans<br \/>\nBildtolkning: Ett foto p\u00e5 mig och David Lega utanf\u00f6r kammare i riksdagen. Text: Familjen m\u00e5ste fungera \u00e4ven f\u00f6r barn och vuxna med funktionsneds\u00e4ttning<\/p>\n","protected":false},"excerpt":{"rendered":"<p>Familjen m\u00e5ste fungera \u00e4ven f\u00f6r barn och vuxna med funktionsneds\u00e4ttning. Livspusslet kan vara knepigt att f\u00e5 ihop f\u00f6r alla familjer. Men f\u00f6r familjer d\u00e4r barn eller f\u00f6r\u00e4ldrar har en funktionsneds\u00e4ttning kan det vara extra sv\u00e5rt. Idag tvingas f\u00f6r\u00e4ldrar k\u00e4mpa mot myndigheter f\u00f6r att f\u00e5 det mest grundl\u00e4ggande st\u00f6det som kr\u00e4v f\u00f6r att de och deras <a class=\"read-more-link\" href=\"https:\/\/wp.kristdemokraterna.se\/alvesta\/familjen-maste-fungera\/\">Read More<\/a><\/p>\n","protected":false},"author":443,"featured_media":0,"comment_status":"closed","ping_status":"closed","sticky":false,"template":"","format":"standard","meta":{"_acf_changed":false,"footnotes":""},"categories":[10,1],"tags":[],"class_list":["post-2163","post","type-post","status-publish","format-standard","hentry","category-senaste-nytt","category-okategoriserade"],"acf":[],"yoast_head":"<!-- This site is optimized with the Yoast SEO plugin v27.4 - https:\/\/yoast.com\/product\/yoast-seo-wordpress\/ -->\n<title>Familjen m\u00e5ste fungera... - Kristdemokraterna Alvesta<\/title>\n<meta name=\"robots\" content=\"index, follow, max-snippet:-1, max-image-preview:large, max-video-preview:-1\" \/>\n<link rel=\"canonical\" href=\"https:\/\/wp.kristdemokraterna.se\/alvesta\/familjen-maste-fungera\/\" \/>\n<meta property=\"og:locale\" content=\"sv_SE\" \/>\n<meta property=\"og:type\" content=\"article\" \/>\n<meta property=\"og:title\" content=\"Familjen m\u00e5ste fungera... - Kristdemokraterna Alvesta\" \/>\n<meta property=\"og:description\" content=\"Familjen m\u00e5ste fungera \u00e4ven f\u00f6r barn och vuxna med funktionsneds\u00e4ttning. Livspusslet kan vara knepigt att f\u00e5 ihop f\u00f6r alla familjer. Men f\u00f6r familjer d\u00e4r barn eller f\u00f6r\u00e4ldrar har en funktionsneds\u00e4ttning kan det vara extra sv\u00e5rt. Idag tvingas f\u00f6r\u00e4ldrar k\u00e4mpa mot myndigheter f\u00f6r att f\u00e5 det mest grundl\u00e4ggande st\u00f6det som kr\u00e4v f\u00f6r att de och deras Read More\" \/>\n<meta property=\"og:url\" content=\"https:\/\/wp.kristdemokraterna.se\/alvesta\/familjen-maste-fungera\/\" \/>\n<meta property=\"og:site_name\" content=\"Kristdemokraterna Alvesta\" \/>\n<meta property=\"article:published_time\" content=\"2021-12-03T08:12:34+00:00\" \/>\n<meta name=\"author\" content=\"alvesta\" \/>\n<meta name=\"twitter:card\" content=\"summary_large_image\" \/>\n<meta name=\"twitter:label1\" content=\"Skriven av\" \/>\n\t<meta name=\"twitter:data1\" content=\"alvesta\" \/>\n\t<meta name=\"twitter:label2\" content=\"Ber\u00e4knad l\u00e4stid\" \/>\n\t<meta name=\"twitter:data2\" content=\"3 minuter\" \/>\n<script type=\"application\/ld+json\" class=\"yoast-schema-graph\">{\"@context\":\"https:\\\/\\\/schema.org\",\"@graph\":[{\"@type\":\"Article\",\"@id\":\"https:\\\/\\\/wp.kristdemokraterna.se\\\/alvesta\\\/familjen-maste-fungera\\\/#article\",\"isPartOf\":{\"@id\":\"https:\\\/\\\/wp.kristdemokraterna.se\\\/alvesta\\\/familjen-maste-fungera\\\/\"},\"author\":{\"name\":\"alvesta\",\"@id\":\"https:\\\/\\\/wp.kristdemokraterna.se\\\/alvesta\\\/#\\\/schema\\\/person\\\/6810f6f6837cb83b88bf1351ebd1604d\"},\"headline\":\"Familjen m\u00e5ste fungera&#8230;\",\"datePublished\":\"2021-12-03T08:12:34+00:00\",\"mainEntityOfPage\":{\"@id\":\"https:\\\/\\\/wp.kristdemokraterna.se\\\/alvesta\\\/familjen-maste-fungera\\\/\"},\"wordCount\":631,\"articleSection\":[\"Nyheter KD Riks\"],\"inLanguage\":\"sv-SE\"},{\"@type\":\"WebPage\",\"@id\":\"https:\\\/\\\/wp.kristdemokraterna.se\\\/alvesta\\\/familjen-maste-fungera\\\/\",\"url\":\"https:\\\/\\\/wp.kristdemokraterna.se\\\/alvesta\\\/familjen-maste-fungera\\\/\",\"name\":\"Familjen m\u00e5ste fungera... - Kristdemokraterna Alvesta\",\"isPartOf\":{\"@id\":\"https:\\\/\\\/wp.kristdemokraterna.se\\\/alvesta\\\/#website\"},\"datePublished\":\"2021-12-03T08:12:34+00:00\",\"author\":{\"@id\":\"https:\\\/\\\/wp.kristdemokraterna.se\\\/alvesta\\\/#\\\/schema\\\/person\\\/6810f6f6837cb83b88bf1351ebd1604d\"},\"breadcrumb\":{\"@id\":\"https:\\\/\\\/wp.kristdemokraterna.se\\\/alvesta\\\/familjen-maste-fungera\\\/#breadcrumb\"},\"inLanguage\":\"sv-SE\",\"potentialAction\":[{\"@type\":\"ReadAction\",\"target\":[\"https:\\\/\\\/wp.kristdemokraterna.se\\\/alvesta\\\/familjen-maste-fungera\\\/\"]}]},{\"@type\":\"BreadcrumbList\",\"@id\":\"https:\\\/\\\/wp.kristdemokraterna.se\\\/alvesta\\\/familjen-maste-fungera\\\/#breadcrumb\",\"itemListElement\":[{\"@type\":\"ListItem\",\"position\":1,\"name\":\"Hem\",\"item\":\"https:\\\/\\\/wp.kristdemokraterna.se\\\/alvesta\\\/\"},{\"@type\":\"ListItem\",\"position\":2,\"name\":\"Familjen m\u00e5ste fungera&#8230;\"}]},{\"@type\":\"WebSite\",\"@id\":\"https:\\\/\\\/wp.kristdemokraterna.se\\\/alvesta\\\/#website\",\"url\":\"https:\\\/\\\/wp.kristdemokraterna.se\\\/alvesta\\\/\",\"name\":\"Kristdemokraterna Alvesta\",\"description\":\"En till Kristdemokraterna webbplats\",\"inLanguage\":\"sv-SE\"},{\"@type\":\"Person\",\"@id\":\"https:\\\/\\\/wp.kristdemokraterna.se\\\/alvesta\\\/#\\\/schema\\\/person\\\/6810f6f6837cb83b88bf1351ebd1604d\",\"name\":\"alvesta\",\"image\":{\"@type\":\"ImageObject\",\"inLanguage\":\"sv-SE\",\"@id\":\"https:\\\/\\\/secure.gravatar.com\\\/avatar\\\/6308b77d307448058fb02931b4daa7568f960d9593c58ebaccafec9f1de9ca9c?s=96&r=g\",\"url\":\"https:\\\/\\\/secure.gravatar.com\\\/avatar\\\/6308b77d307448058fb02931b4daa7568f960d9593c58ebaccafec9f1de9ca9c?s=96&r=g\",\"contentUrl\":\"https:\\\/\\\/secure.gravatar.com\\\/avatar\\\/6308b77d307448058fb02931b4daa7568f960d9593c58ebaccafec9f1de9ca9c?s=96&r=g\",\"caption\":\"alvesta\"},\"url\":\"https:\\\/\\\/wp.kristdemokraterna.se\\\/alvesta\\\/author\\\/alvesta\\\/\"}]}<\/script>\n<!-- \/ Yoast SEO plugin. -->","yoast_head_json":{"title":"Familjen m\u00e5ste fungera... - Kristdemokraterna Alvesta","robots":{"index":"index","follow":"follow","max-snippet":"max-snippet:-1","max-image-preview":"max-image-preview:large","max-video-preview":"max-video-preview:-1"},"canonical":"https:\/\/wp.kristdemokraterna.se\/alvesta\/familjen-maste-fungera\/","og_locale":"sv_SE","og_type":"article","og_title":"Familjen m\u00e5ste fungera... - Kristdemokraterna Alvesta","og_description":"Familjen m\u00e5ste fungera \u00e4ven f\u00f6r barn och vuxna med funktionsneds\u00e4ttning. Livspusslet kan vara knepigt att f\u00e5 ihop f\u00f6r alla familjer. Men f\u00f6r familjer d\u00e4r barn eller f\u00f6r\u00e4ldrar har en funktionsneds\u00e4ttning kan det vara extra sv\u00e5rt. Idag tvingas f\u00f6r\u00e4ldrar k\u00e4mpa mot myndigheter f\u00f6r att f\u00e5 det mest grundl\u00e4ggande st\u00f6det som kr\u00e4v f\u00f6r att de och deras Read More","og_url":"https:\/\/wp.kristdemokraterna.se\/alvesta\/familjen-maste-fungera\/","og_site_name":"Kristdemokraterna Alvesta","article_published_time":"2021-12-03T08:12:34+00:00","author":"alvesta","twitter_card":"summary_large_image","twitter_misc":{"Skriven av":"alvesta","Ber\u00e4knad l\u00e4stid":"3 minuter"},"schema":{"@context":"https:\/\/schema.org","@graph":[{"@type":"Article","@id":"https:\/\/wp.kristdemokraterna.se\/alvesta\/familjen-maste-fungera\/#article","isPartOf":{"@id":"https:\/\/wp.kristdemokraterna.se\/alvesta\/familjen-maste-fungera\/"},"author":{"name":"alvesta","@id":"https:\/\/wp.kristdemokraterna.se\/alvesta\/#\/schema\/person\/6810f6f6837cb83b88bf1351ebd1604d"},"headline":"Familjen m\u00e5ste fungera&#8230;","datePublished":"2021-12-03T08:12:34+00:00","mainEntityOfPage":{"@id":"https:\/\/wp.kristdemokraterna.se\/alvesta\/familjen-maste-fungera\/"},"wordCount":631,"articleSection":["Nyheter KD Riks"],"inLanguage":"sv-SE"},{"@type":"WebPage","@id":"https:\/\/wp.kristdemokraterna.se\/alvesta\/familjen-maste-fungera\/","url":"https:\/\/wp.kristdemokraterna.se\/alvesta\/familjen-maste-fungera\/","name":"Familjen m\u00e5ste fungera... - Kristdemokraterna Alvesta","isPartOf":{"@id":"https:\/\/wp.kristdemokraterna.se\/alvesta\/#website"},"datePublished":"2021-12-03T08:12:34+00:00","author":{"@id":"https:\/\/wp.kristdemokraterna.se\/alvesta\/#\/schema\/person\/6810f6f6837cb83b88bf1351ebd1604d"},"breadcrumb":{"@id":"https:\/\/wp.kristdemokraterna.se\/alvesta\/familjen-maste-fungera\/#breadcrumb"},"inLanguage":"sv-SE","potentialAction":[{"@type":"ReadAction","target":["https:\/\/wp.kristdemokraterna.se\/alvesta\/familjen-maste-fungera\/"]}]},{"@type":"BreadcrumbList","@id":"https:\/\/wp.kristdemokraterna.se\/alvesta\/familjen-maste-fungera\/#breadcrumb","itemListElement":[{"@type":"ListItem","position":1,"name":"Hem","item":"https:\/\/wp.kristdemokraterna.se\/alvesta\/"},{"@type":"ListItem","position":2,"name":"Familjen m\u00e5ste fungera&#8230;"}]},{"@type":"WebSite","@id":"https:\/\/wp.kristdemokraterna.se\/alvesta\/#website","url":"https:\/\/wp.kristdemokraterna.se\/alvesta\/","name":"Kristdemokraterna Alvesta","description":"En till Kristdemokraterna webbplats","inLanguage":"sv-SE"},{"@type":"Person","@id":"https:\/\/wp.kristdemokraterna.se\/alvesta\/#\/schema\/person\/6810f6f6837cb83b88bf1351ebd1604d","name":"alvesta","image":{"@type":"ImageObject","inLanguage":"sv-SE","@id":"https:\/\/secure.gravatar.com\/avatar\/6308b77d307448058fb02931b4daa7568f960d9593c58ebaccafec9f1de9ca9c?s=96&r=g","url":"https:\/\/secure.gravatar.com\/avatar\/6308b77d307448058fb02931b4daa7568f960d9593c58ebaccafec9f1de9ca9c?s=96&r=g","contentUrl":"https:\/\/secure.gravatar.com\/avatar\/6308b77d307448058fb02931b4daa7568f960d9593c58ebaccafec9f1de9ca9c?s=96&r=g","caption":"alvesta"},"url":"https:\/\/wp.kristdemokraterna.se\/alvesta\/author\/alvesta\/"}]}},"_links":{"self":[{"href":"https:\/\/wp.kristdemokraterna.se\/alvesta\/wp-json\/wp\/v2\/posts\/2163","targetHints":{"allow":["GET"]}}],"collection":[{"href":"https:\/\/wp.kristdemokraterna.se\/alvesta\/wp-json\/wp\/v2\/posts"}],"about":[{"href":"https:\/\/wp.kristdemokraterna.se\/alvesta\/wp-json\/wp\/v2\/types\/post"}],"author":[{"embeddable":true,"href":"https:\/\/wp.kristdemokraterna.se\/alvesta\/wp-json\/wp\/v2\/users\/443"}],"replies":[{"embeddable":true,"href":"https:\/\/wp.kristdemokraterna.se\/alvesta\/wp-json\/wp\/v2\/comments?post=2163"}],"version-history":[{"count":1,"href":"https:\/\/wp.kristdemokraterna.se\/alvesta\/wp-json\/wp\/v2\/posts\/2163\/revisions"}],"predecessor-version":[{"id":2165,"href":"https:\/\/wp.kristdemokraterna.se\/alvesta\/wp-json\/wp\/v2\/posts\/2163\/revisions\/2165"}],"wp:attachment":[{"href":"https:\/\/wp.kristdemokraterna.se\/alvesta\/wp-json\/wp\/v2\/media?parent=2163"}],"wp:term":[{"taxonomy":"category","embeddable":true,"href":"https:\/\/wp.kristdemokraterna.se\/alvesta\/wp-json\/wp\/v2\/categories?post=2163"},{"taxonomy":"post_tag","embeddable":true,"href":"https:\/\/wp.kristdemokraterna.se\/alvesta\/wp-json\/wp\/v2\/tags?post=2163"}],"curies":[{"name":"wp","href":"https:\/\/api.w.org\/{rel}","templated":true}]}}