{"id":2277,"date":"2022-01-10T15:32:51","date_gmt":"2022-01-10T14:32:51","guid":{"rendered":"https:\/\/wp.kristdemokraterna.se\/alvesta\/?p=2277"},"modified":"2022-01-10T15:32:51","modified_gmt":"2022-01-10T14:32:51","slug":"nu-ska-vardkon-bort","status":"publish","type":"post","link":"https:\/\/wp.kristdemokraterna.se\/alvesta\/nu-ska-vardkon-bort\/","title":{"rendered":"Nu ska v\u00e5rdk\u00f6n bort."},"content":{"rendered":"<p>Det \u00e4r en viktig politisk m\u00e5ls\u00e4ttning n\u00e4r vi nu f\u00f6rbereder oss f\u00f6r regeringsskifte i h\u00f6st. V\u00e5rdk\u00f6n \u00e4r ett gigantiskt politiskt misslyckande. Bakom varje siffra i v\u00e5rdk\u00f6n finns en m\u00e4nniska. Vi har kapat v\u00e5rdk\u00f6erna f\u00f6rr och vi kommer g\u00f6ra det igen. Vi b\u00f6rjar med att inf\u00f6ra en nationell v\u00e5rdf\u00f6rmedling.<br \/>\nV\u00e5rdk\u00f6er t\u00e4r p\u00e5 tilliten och samh\u00e4llsgemenskapen. Sverige beh\u00f6ver en reformagenda f\u00f6r en b\u00e4ttre och mer tillg\u00e4nglig v\u00e5rd. Sverige beh\u00f6ver en ny regering.<br \/>\nG\u00e5 med i KD! Sveriges v\u00e5rdparti!<\/p>\n<p><a class=\"oajrlxb2 g5ia77u1 qu0x051f esr5mh6w e9989ue4 r7d6kgcz rq0escxv nhd2j8a9 nc684nl6 p7hjln8o kvgmc6g5 cxmmr5t8 oygrvhab hcukyx3x jb3vyjys rz4wbd8a qt6c0cv9 a8nywdso i1ao9s8h esuyzwwr f1sip0of lzcic4wl gpro0wi8 py34i1dx\" role=\"link\" href=\"https:\/\/l.facebook.com\/l.php?u=http%3A%2F%2FKD.nu%2Fblimedlem%3Ffbclid%3DIwAR2SPG3qqxd9-DoUbGfb2O7HqNcfnUTZv6dKa-YVJZrvDWN9cIXzhMxmclA&amp;h=AT0cbayjw0-tgguH99zdBfTFJUktFuotG-pJ5G1rf2D3eXE2I2-_5wSadJEItZKkiFkeFgAGTI8V-3d65KLSEs4xatBOTVR0LWNnKbrIawrTSZrrQgBN1s6aO0QbdtfAeQ&amp;__tn__=-UK-R&amp;c[0]=AT0NpZ4syLnTKOcEzAAd-ieioMSo65BdWIfUUV6qG7NqGERtUm8wECYkaYbdYT4FkYY8FqPKmQvLfNyApdTtm793uxzhhl5_i144YC6A54__zjcAFl6Ld7tfD3fjd7ztU4RKaBD9bAWHJpVPJEo1-y166g\" target=\"_blank\" rel=\"nofollow noopener\">KD.nu\/blimedlem<\/a><\/p>\n","protected":false},"excerpt":{"rendered":"<p>Det \u00e4r en viktig politisk m\u00e5ls\u00e4ttning n\u00e4r vi nu f\u00f6rbereder oss f\u00f6r regeringsskifte i h\u00f6st. V\u00e5rdk\u00f6n \u00e4r ett gigantiskt politiskt misslyckande. Bakom varje siffra i v\u00e5rdk\u00f6n finns en m\u00e4nniska. Vi har kapat v\u00e5rdk\u00f6erna f\u00f6rr och vi kommer g\u00f6ra det igen. Vi b\u00f6rjar med att inf\u00f6ra en nationell v\u00e5rdf\u00f6rmedling. V\u00e5rdk\u00f6er t\u00e4r p\u00e5 tilliten och samh\u00e4llsgemenskapen. Sverige <a class=\"read-more-link\" href=\"https:\/\/wp.kristdemokraterna.se\/alvesta\/nu-ska-vardkon-bort\/\">Read More<\/a><\/p>\n","protected":false},"author":443,"featured_media":0,"comment_status":"closed","ping_status":"closed","sticky":false,"template":"","format":"standard","meta":{"_acf_changed":false,"footnotes":""},"categories":[10,1],"tags":[],"class_list":["post-2277","post","type-post","status-publish","format-standard","hentry","category-senaste-nytt","category-okategoriserade"],"acf":[],"yoast_head":"<!-- This site is optimized with the Yoast SEO plugin v27.5 - https:\/\/yoast.com\/product\/yoast-seo-wordpress\/ -->\n<title>Nu ska v\u00e5rdk\u00f6n bort. - Kristdemokraterna Alvesta<\/title>\n<meta name=\"robots\" content=\"index, follow, max-snippet:-1, max-image-preview:large, max-video-preview:-1\" \/>\n<link rel=\"canonical\" href=\"https:\/\/wp.kristdemokraterna.se\/alvesta\/nu-ska-vardkon-bort\/\" \/>\n<meta property=\"og:locale\" content=\"sv_SE\" \/>\n<meta property=\"og:type\" content=\"article\" \/>\n<meta property=\"og:title\" content=\"Nu ska v\u00e5rdk\u00f6n bort. - Kristdemokraterna Alvesta\" \/>\n<meta property=\"og:description\" content=\"Det \u00e4r en viktig politisk m\u00e5ls\u00e4ttning n\u00e4r vi nu f\u00f6rbereder oss f\u00f6r regeringsskifte i h\u00f6st. V\u00e5rdk\u00f6n \u00e4r ett gigantiskt politiskt misslyckande. Bakom varje siffra i v\u00e5rdk\u00f6n finns en m\u00e4nniska. Vi har kapat v\u00e5rdk\u00f6erna f\u00f6rr och vi kommer g\u00f6ra det igen. Vi b\u00f6rjar med att inf\u00f6ra en nationell v\u00e5rdf\u00f6rmedling. V\u00e5rdk\u00f6er t\u00e4r p\u00e5 tilliten och samh\u00e4llsgemenskapen. Sverige Read More\" \/>\n<meta property=\"og:url\" content=\"https:\/\/wp.kristdemokraterna.se\/alvesta\/nu-ska-vardkon-bort\/\" \/>\n<meta property=\"og:site_name\" content=\"Kristdemokraterna Alvesta\" \/>\n<meta property=\"article:published_time\" content=\"2022-01-10T14:32:51+00:00\" \/>\n<meta name=\"author\" content=\"alvesta\" \/>\n<meta name=\"twitter:card\" content=\"summary_large_image\" \/>\n<meta name=\"twitter:label1\" content=\"Skriven av\" \/>\n\t<meta name=\"twitter:data1\" content=\"alvesta\" \/>\n\t<meta name=\"twitter:label2\" content=\"Ber\u00e4knad l\u00e4stid\" \/>\n\t<meta name=\"twitter:data2\" content=\"1 minut\" \/>\n<script type=\"application\/ld+json\" class=\"yoast-schema-graph\">{\"@context\":\"https:\\\/\\\/schema.org\",\"@graph\":[{\"@type\":\"Article\",\"@id\":\"https:\\\/\\\/wp.kristdemokraterna.se\\\/alvesta\\\/nu-ska-vardkon-bort\\\/#article\",\"isPartOf\":{\"@id\":\"https:\\\/\\\/wp.kristdemokraterna.se\\\/alvesta\\\/nu-ska-vardkon-bort\\\/\"},\"author\":{\"name\":\"alvesta\",\"@id\":\"https:\\\/\\\/wp.kristdemokraterna.se\\\/alvesta\\\/#\\\/schema\\\/person\\\/6810f6f6837cb83b88bf1351ebd1604d\"},\"headline\":\"Nu ska v\u00e5rdk\u00f6n bort.\",\"datePublished\":\"2022-01-10T14:32:51+00:00\",\"mainEntityOfPage\":{\"@id\":\"https:\\\/\\\/wp.kristdemokraterna.se\\\/alvesta\\\/nu-ska-vardkon-bort\\\/\"},\"wordCount\":115,\"articleSection\":[\"Nyheter KD Riks\"],\"inLanguage\":\"sv-SE\"},{\"@type\":\"WebPage\",\"@id\":\"https:\\\/\\\/wp.kristdemokraterna.se\\\/alvesta\\\/nu-ska-vardkon-bort\\\/\",\"url\":\"https:\\\/\\\/wp.kristdemokraterna.se\\\/alvesta\\\/nu-ska-vardkon-bort\\\/\",\"name\":\"Nu ska v\u00e5rdk\u00f6n bort. - Kristdemokraterna Alvesta\",\"isPartOf\":{\"@id\":\"https:\\\/\\\/wp.kristdemokraterna.se\\\/alvesta\\\/#website\"},\"datePublished\":\"2022-01-10T14:32:51+00:00\",\"author\":{\"@id\":\"https:\\\/\\\/wp.kristdemokraterna.se\\\/alvesta\\\/#\\\/schema\\\/person\\\/6810f6f6837cb83b88bf1351ebd1604d\"},\"breadcrumb\":{\"@id\":\"https:\\\/\\\/wp.kristdemokraterna.se\\\/alvesta\\\/nu-ska-vardkon-bort\\\/#breadcrumb\"},\"inLanguage\":\"sv-SE\",\"potentialAction\":[{\"@type\":\"ReadAction\",\"target\":[\"https:\\\/\\\/wp.kristdemokraterna.se\\\/alvesta\\\/nu-ska-vardkon-bort\\\/\"]}]},{\"@type\":\"BreadcrumbList\",\"@id\":\"https:\\\/\\\/wp.kristdemokraterna.se\\\/alvesta\\\/nu-ska-vardkon-bort\\\/#breadcrumb\",\"itemListElement\":[{\"@type\":\"ListItem\",\"position\":1,\"name\":\"Hem\",\"item\":\"https:\\\/\\\/wp.kristdemokraterna.se\\\/alvesta\\\/\"},{\"@type\":\"ListItem\",\"position\":2,\"name\":\"Nu ska v\u00e5rdk\u00f6n bort.\"}]},{\"@type\":\"WebSite\",\"@id\":\"https:\\\/\\\/wp.kristdemokraterna.se\\\/alvesta\\\/#website\",\"url\":\"https:\\\/\\\/wp.kristdemokraterna.se\\\/alvesta\\\/\",\"name\":\"Kristdemokraterna Alvesta\",\"description\":\"En till Kristdemokraterna webbplats\",\"inLanguage\":\"sv-SE\"},{\"@type\":\"Person\",\"@id\":\"https:\\\/\\\/wp.kristdemokraterna.se\\\/alvesta\\\/#\\\/schema\\\/person\\\/6810f6f6837cb83b88bf1351ebd1604d\",\"name\":\"alvesta\",\"image\":{\"@type\":\"ImageObject\",\"inLanguage\":\"sv-SE\",\"@id\":\"https:\\\/\\\/secure.gravatar.com\\\/avatar\\\/6308b77d307448058fb02931b4daa7568f960d9593c58ebaccafec9f1de9ca9c?s=96&r=g\",\"url\":\"https:\\\/\\\/secure.gravatar.com\\\/avatar\\\/6308b77d307448058fb02931b4daa7568f960d9593c58ebaccafec9f1de9ca9c?s=96&r=g\",\"contentUrl\":\"https:\\\/\\\/secure.gravatar.com\\\/avatar\\\/6308b77d307448058fb02931b4daa7568f960d9593c58ebaccafec9f1de9ca9c?s=96&r=g\",\"caption\":\"alvesta\"},\"url\":\"https:\\\/\\\/wp.kristdemokraterna.se\\\/alvesta\\\/author\\\/alvesta\\\/\"}]}<\/script>\n<!-- \/ Yoast SEO plugin. -->","yoast_head_json":{"title":"Nu ska v\u00e5rdk\u00f6n bort. - Kristdemokraterna Alvesta","robots":{"index":"index","follow":"follow","max-snippet":"max-snippet:-1","max-image-preview":"max-image-preview:large","max-video-preview":"max-video-preview:-1"},"canonical":"https:\/\/wp.kristdemokraterna.se\/alvesta\/nu-ska-vardkon-bort\/","og_locale":"sv_SE","og_type":"article","og_title":"Nu ska v\u00e5rdk\u00f6n bort. - Kristdemokraterna Alvesta","og_description":"Det \u00e4r en viktig politisk m\u00e5ls\u00e4ttning n\u00e4r vi nu f\u00f6rbereder oss f\u00f6r regeringsskifte i h\u00f6st. V\u00e5rdk\u00f6n \u00e4r ett gigantiskt politiskt misslyckande. Bakom varje siffra i v\u00e5rdk\u00f6n finns en m\u00e4nniska. Vi har kapat v\u00e5rdk\u00f6erna f\u00f6rr och vi kommer g\u00f6ra det igen. Vi b\u00f6rjar med att inf\u00f6ra en nationell v\u00e5rdf\u00f6rmedling. V\u00e5rdk\u00f6er t\u00e4r p\u00e5 tilliten och samh\u00e4llsgemenskapen. Sverige Read More","og_url":"https:\/\/wp.kristdemokraterna.se\/alvesta\/nu-ska-vardkon-bort\/","og_site_name":"Kristdemokraterna Alvesta","article_published_time":"2022-01-10T14:32:51+00:00","author":"alvesta","twitter_card":"summary_large_image","twitter_misc":{"Skriven av":"alvesta","Ber\u00e4knad l\u00e4stid":"1 minut"},"schema":{"@context":"https:\/\/schema.org","@graph":[{"@type":"Article","@id":"https:\/\/wp.kristdemokraterna.se\/alvesta\/nu-ska-vardkon-bort\/#article","isPartOf":{"@id":"https:\/\/wp.kristdemokraterna.se\/alvesta\/nu-ska-vardkon-bort\/"},"author":{"name":"alvesta","@id":"https:\/\/wp.kristdemokraterna.se\/alvesta\/#\/schema\/person\/6810f6f6837cb83b88bf1351ebd1604d"},"headline":"Nu ska v\u00e5rdk\u00f6n bort.","datePublished":"2022-01-10T14:32:51+00:00","mainEntityOfPage":{"@id":"https:\/\/wp.kristdemokraterna.se\/alvesta\/nu-ska-vardkon-bort\/"},"wordCount":115,"articleSection":["Nyheter KD Riks"],"inLanguage":"sv-SE"},{"@type":"WebPage","@id":"https:\/\/wp.kristdemokraterna.se\/alvesta\/nu-ska-vardkon-bort\/","url":"https:\/\/wp.kristdemokraterna.se\/alvesta\/nu-ska-vardkon-bort\/","name":"Nu ska v\u00e5rdk\u00f6n bort. - Kristdemokraterna Alvesta","isPartOf":{"@id":"https:\/\/wp.kristdemokraterna.se\/alvesta\/#website"},"datePublished":"2022-01-10T14:32:51+00:00","author":{"@id":"https:\/\/wp.kristdemokraterna.se\/alvesta\/#\/schema\/person\/6810f6f6837cb83b88bf1351ebd1604d"},"breadcrumb":{"@id":"https:\/\/wp.kristdemokraterna.se\/alvesta\/nu-ska-vardkon-bort\/#breadcrumb"},"inLanguage":"sv-SE","potentialAction":[{"@type":"ReadAction","target":["https:\/\/wp.kristdemokraterna.se\/alvesta\/nu-ska-vardkon-bort\/"]}]},{"@type":"BreadcrumbList","@id":"https:\/\/wp.kristdemokraterna.se\/alvesta\/nu-ska-vardkon-bort\/#breadcrumb","itemListElement":[{"@type":"ListItem","position":1,"name":"Hem","item":"https:\/\/wp.kristdemokraterna.se\/alvesta\/"},{"@type":"ListItem","position":2,"name":"Nu ska v\u00e5rdk\u00f6n bort."}]},{"@type":"WebSite","@id":"https:\/\/wp.kristdemokraterna.se\/alvesta\/#website","url":"https:\/\/wp.kristdemokraterna.se\/alvesta\/","name":"Kristdemokraterna Alvesta","description":"En till Kristdemokraterna webbplats","inLanguage":"sv-SE"},{"@type":"Person","@id":"https:\/\/wp.kristdemokraterna.se\/alvesta\/#\/schema\/person\/6810f6f6837cb83b88bf1351ebd1604d","name":"alvesta","image":{"@type":"ImageObject","inLanguage":"sv-SE","@id":"https:\/\/secure.gravatar.com\/avatar\/6308b77d307448058fb02931b4daa7568f960d9593c58ebaccafec9f1de9ca9c?s=96&r=g","url":"https:\/\/secure.gravatar.com\/avatar\/6308b77d307448058fb02931b4daa7568f960d9593c58ebaccafec9f1de9ca9c?s=96&r=g","contentUrl":"https:\/\/secure.gravatar.com\/avatar\/6308b77d307448058fb02931b4daa7568f960d9593c58ebaccafec9f1de9ca9c?s=96&r=g","caption":"alvesta"},"url":"https:\/\/wp.kristdemokraterna.se\/alvesta\/author\/alvesta\/"}]}},"_links":{"self":[{"href":"https:\/\/wp.kristdemokraterna.se\/alvesta\/wp-json\/wp\/v2\/posts\/2277","targetHints":{"allow":["GET"]}}],"collection":[{"href":"https:\/\/wp.kristdemokraterna.se\/alvesta\/wp-json\/wp\/v2\/posts"}],"about":[{"href":"https:\/\/wp.kristdemokraterna.se\/alvesta\/wp-json\/wp\/v2\/types\/post"}],"author":[{"embeddable":true,"href":"https:\/\/wp.kristdemokraterna.se\/alvesta\/wp-json\/wp\/v2\/users\/443"}],"replies":[{"embeddable":true,"href":"https:\/\/wp.kristdemokraterna.se\/alvesta\/wp-json\/wp\/v2\/comments?post=2277"}],"version-history":[{"count":1,"href":"https:\/\/wp.kristdemokraterna.se\/alvesta\/wp-json\/wp\/v2\/posts\/2277\/revisions"}],"predecessor-version":[{"id":2279,"href":"https:\/\/wp.kristdemokraterna.se\/alvesta\/wp-json\/wp\/v2\/posts\/2277\/revisions\/2279"}],"wp:attachment":[{"href":"https:\/\/wp.kristdemokraterna.se\/alvesta\/wp-json\/wp\/v2\/media?parent=2277"}],"wp:term":[{"taxonomy":"category","embeddable":true,"href":"https:\/\/wp.kristdemokraterna.se\/alvesta\/wp-json\/wp\/v2\/categories?post=2277"},{"taxonomy":"post_tag","embeddable":true,"href":"https:\/\/wp.kristdemokraterna.se\/alvesta\/wp-json\/wp\/v2\/tags?post=2277"}],"curies":[{"name":"wp","href":"https:\/\/api.w.org\/{rel}","templated":true}]}}