{"id":2295,"date":"2022-01-20T13:24:02","date_gmt":"2022-01-20T12:24:02","guid":{"rendered":"https:\/\/wp.kristdemokraterna.se\/alvesta\/?p=2295"},"modified":"2022-01-20T13:25:03","modified_gmt":"2022-01-20T12:25:03","slug":"sank-dieselpriset-med-tre-kronor","status":"publish","type":"post","link":"https:\/\/wp.kristdemokraterna.se\/alvesta\/sank-dieselpriset-med-tre-kronor\/","title":{"rendered":"S\u00e4nk dieselpriset med tre kronor."},"content":{"rendered":"<p>Regeringen pressar upp dieselpriserna p\u00e5 bekostnad av de barnfamiljer och pension\u00e4rer som lever utanf\u00f6r storst\u00e4derna. Det m\u00e5ste f\u00e5 ett slut.<br \/>\nF\u00f6r f\u00f6retagarna, lantbrukare och skogsbrukare inneb\u00e4r de snabbt stigande priserna allvarliga problem i ett redan anstr\u00e4ngt l\u00e4ge. De \u00e5kerier, bussf\u00f6retag och lantbrukare som konkurrerar med andra l\u00e4nder drabbas h\u00e5rt n\u00e4r priserna i Sverige \u00e4r s\u00e5 mycket h\u00f6gre \u00e4n i konkurrenternas heml\u00e4nder. Och om svenskt jordbruk med sin goda djurh\u00e5llning sl\u00e5s ut till f\u00f6rm\u00e5n f\u00f6r andra l\u00e4nders, ofta s\u00e4mre alternativ, \u00e4r inget vunnet.<br \/>\nSverige ligger redan v\u00e4sentligt h\u00f6gre \u00e4n vad som EU beg\u00e4r att vi ska g\u00f6ra om \u00e5tta \u00e5r vad g\u00e4ller inblandning av biodrivmedel. Och regeringen vill g\u00e5 mer \u00e4n dubbelt s\u00e5 l\u00e5ngt. Men konsekvensen av en h\u00f6g reduktionsplikt \u00e4r kraftigt dyrare diesel. Sverige har, som en konsekvens av detta, f\u00e5tt v\u00e4rldens dyraste diesel.<br \/>\n\u2022 S\u00e4nk priset p\u00e5 diesel idag med 3 kronor genom att s\u00e4nka reduktionsplikten f\u00f6r diesel till EU-m\u00e5let f\u00f6r 2030.<br \/>\n\u2022 Dessutom s\u00e4nker vi drivmedelsskatten med ytterligare 50 \u00f6re f\u00f6r b\u00e5de diesel och bensin i den budget vi fick igenom riksdagen.<br \/>\n\u2022 Inf\u00f6r en bonus p\u00e5 45 000 kr vid k\u00f6p av en begagnad elbil, om man samtidigt byter in en diesel- eller bensinbil.<br \/>\n\u2022 Miljardsatsning f\u00f6r fler laddstolpar utanf\u00f6r storst\u00e4derna<br \/>\n\u2022 S\u00e4tt m\u00e5l att nybilsf\u00f6rs\u00e4ljningen ska best\u00e5 av 100 procent fordon med nollutsl\u00e4pp<br \/>\n2035.<br \/>\nVi kan och ska n\u00e5 v\u00e5ra klimatm\u00e5l men vi ska g\u00f6ra det p\u00e5 ett s\u00e4tt som l\u00e5ter m\u00e4nniskor vara med, snarare \u00e4n ett d\u00e4r verksamheter och m\u00e4nniskors privatekonomi kn\u00e4cks. Hela Sverige ska fungera.<\/p>\n<div dir=\"auto\">G\u00e5 med i KD!<\/div>\n<div dir=\"auto\"><a class=\"oajrlxb2 g5ia77u1 qu0x051f esr5mh6w e9989ue4 r7d6kgcz rq0escxv nhd2j8a9 nc684nl6 p7hjln8o kvgmc6g5 cxmmr5t8 oygrvhab hcukyx3x jb3vyjys rz4wbd8a qt6c0cv9 a8nywdso i1ao9s8h esuyzwwr f1sip0of lzcic4wl gpro0wi8 py34i1dx\" role=\"link\" href=\"http:\/\/kd.nu\/blimedlem?fbclid=IwAR2lj5wcKNd1cKdtN03-EAgmD5tyEVkvKVDe0KdUdVevmi8L4lme2MY7isg\" target=\"_blank\" rel=\"nofollow noopener\">KD.nu\/blimedlem<\/a><\/div>\n","protected":false},"excerpt":{"rendered":"<p>Regeringen pressar upp dieselpriserna p\u00e5 bekostnad av de barnfamiljer och pension\u00e4rer som lever utanf\u00f6r storst\u00e4derna. Det m\u00e5ste f\u00e5 ett slut. F\u00f6r f\u00f6retagarna, lantbrukare och skogsbrukare inneb\u00e4r de snabbt stigande priserna allvarliga problem i ett redan anstr\u00e4ngt l\u00e4ge. De \u00e5kerier, bussf\u00f6retag och lantbrukare som konkurrerar med andra l\u00e4nder drabbas h\u00e5rt n\u00e4r priserna i Sverige \u00e4r s\u00e5 <a class=\"read-more-link\" href=\"https:\/\/wp.kristdemokraterna.se\/alvesta\/sank-dieselpriset-med-tre-kronor\/\">Read More<\/a><\/p>\n","protected":false},"author":443,"featured_media":0,"comment_status":"closed","ping_status":"closed","sticky":false,"template":"","format":"standard","meta":{"_acf_changed":false,"footnotes":""},"categories":[10,1],"tags":[],"class_list":["post-2295","post","type-post","status-publish","format-standard","hentry","category-senaste-nytt","category-okategoriserade"],"acf":[],"yoast_head":"<!-- This site is optimized with the Yoast SEO plugin v27.5 - https:\/\/yoast.com\/product\/yoast-seo-wordpress\/ -->\n<title>S\u00e4nk dieselpriset med tre kronor. - Kristdemokraterna Alvesta<\/title>\n<meta name=\"robots\" content=\"index, follow, max-snippet:-1, max-image-preview:large, max-video-preview:-1\" \/>\n<link rel=\"canonical\" href=\"https:\/\/wp.kristdemokraterna.se\/alvesta\/sank-dieselpriset-med-tre-kronor\/\" \/>\n<meta property=\"og:locale\" content=\"sv_SE\" \/>\n<meta property=\"og:type\" content=\"article\" \/>\n<meta property=\"og:title\" content=\"S\u00e4nk dieselpriset med tre kronor. - Kristdemokraterna Alvesta\" \/>\n<meta property=\"og:description\" content=\"Regeringen pressar upp dieselpriserna p\u00e5 bekostnad av de barnfamiljer och pension\u00e4rer som lever utanf\u00f6r storst\u00e4derna. Det m\u00e5ste f\u00e5 ett slut. F\u00f6r f\u00f6retagarna, lantbrukare och skogsbrukare inneb\u00e4r de snabbt stigande priserna allvarliga problem i ett redan anstr\u00e4ngt l\u00e4ge. De \u00e5kerier, bussf\u00f6retag och lantbrukare som konkurrerar med andra l\u00e4nder drabbas h\u00e5rt n\u00e4r priserna i Sverige \u00e4r s\u00e5 Read More\" \/>\n<meta property=\"og:url\" content=\"https:\/\/wp.kristdemokraterna.se\/alvesta\/sank-dieselpriset-med-tre-kronor\/\" \/>\n<meta property=\"og:site_name\" content=\"Kristdemokraterna Alvesta\" \/>\n<meta property=\"article:published_time\" content=\"2022-01-20T12:24:02+00:00\" \/>\n<meta property=\"article:modified_time\" content=\"2022-01-20T12:25:03+00:00\" \/>\n<meta name=\"author\" content=\"alvesta\" \/>\n<meta name=\"twitter:card\" content=\"summary_large_image\" \/>\n<meta name=\"twitter:label1\" content=\"Skriven av\" \/>\n\t<meta name=\"twitter:data1\" content=\"alvesta\" \/>\n\t<meta name=\"twitter:label2\" content=\"Ber\u00e4knad l\u00e4stid\" \/>\n\t<meta name=\"twitter:data2\" content=\"2 minuter\" \/>\n<script type=\"application\/ld+json\" class=\"yoast-schema-graph\">{\"@context\":\"https:\\\/\\\/schema.org\",\"@graph\":[{\"@type\":\"Article\",\"@id\":\"https:\\\/\\\/wp.kristdemokraterna.se\\\/alvesta\\\/sank-dieselpriset-med-tre-kronor\\\/#article\",\"isPartOf\":{\"@id\":\"https:\\\/\\\/wp.kristdemokraterna.se\\\/alvesta\\\/sank-dieselpriset-med-tre-kronor\\\/\"},\"author\":{\"name\":\"alvesta\",\"@id\":\"https:\\\/\\\/wp.kristdemokraterna.se\\\/alvesta\\\/#\\\/schema\\\/person\\\/6810f6f6837cb83b88bf1351ebd1604d\"},\"headline\":\"S\u00e4nk dieselpriset med tre kronor.\",\"datePublished\":\"2022-01-20T12:24:02+00:00\",\"dateModified\":\"2022-01-20T12:25:03+00:00\",\"mainEntityOfPage\":{\"@id\":\"https:\\\/\\\/wp.kristdemokraterna.se\\\/alvesta\\\/sank-dieselpriset-med-tre-kronor\\\/\"},\"wordCount\":310,\"articleSection\":[\"Nyheter KD Riks\"],\"inLanguage\":\"sv-SE\"},{\"@type\":\"WebPage\",\"@id\":\"https:\\\/\\\/wp.kristdemokraterna.se\\\/alvesta\\\/sank-dieselpriset-med-tre-kronor\\\/\",\"url\":\"https:\\\/\\\/wp.kristdemokraterna.se\\\/alvesta\\\/sank-dieselpriset-med-tre-kronor\\\/\",\"name\":\"S\u00e4nk dieselpriset med tre kronor. - Kristdemokraterna Alvesta\",\"isPartOf\":{\"@id\":\"https:\\\/\\\/wp.kristdemokraterna.se\\\/alvesta\\\/#website\"},\"datePublished\":\"2022-01-20T12:24:02+00:00\",\"dateModified\":\"2022-01-20T12:25:03+00:00\",\"author\":{\"@id\":\"https:\\\/\\\/wp.kristdemokraterna.se\\\/alvesta\\\/#\\\/schema\\\/person\\\/6810f6f6837cb83b88bf1351ebd1604d\"},\"breadcrumb\":{\"@id\":\"https:\\\/\\\/wp.kristdemokraterna.se\\\/alvesta\\\/sank-dieselpriset-med-tre-kronor\\\/#breadcrumb\"},\"inLanguage\":\"sv-SE\",\"potentialAction\":[{\"@type\":\"ReadAction\",\"target\":[\"https:\\\/\\\/wp.kristdemokraterna.se\\\/alvesta\\\/sank-dieselpriset-med-tre-kronor\\\/\"]}]},{\"@type\":\"BreadcrumbList\",\"@id\":\"https:\\\/\\\/wp.kristdemokraterna.se\\\/alvesta\\\/sank-dieselpriset-med-tre-kronor\\\/#breadcrumb\",\"itemListElement\":[{\"@type\":\"ListItem\",\"position\":1,\"name\":\"Hem\",\"item\":\"https:\\\/\\\/wp.kristdemokraterna.se\\\/alvesta\\\/\"},{\"@type\":\"ListItem\",\"position\":2,\"name\":\"S\u00e4nk dieselpriset med tre kronor.\"}]},{\"@type\":\"WebSite\",\"@id\":\"https:\\\/\\\/wp.kristdemokraterna.se\\\/alvesta\\\/#website\",\"url\":\"https:\\\/\\\/wp.kristdemokraterna.se\\\/alvesta\\\/\",\"name\":\"Kristdemokraterna Alvesta\",\"description\":\"En till Kristdemokraterna webbplats\",\"inLanguage\":\"sv-SE\"},{\"@type\":\"Person\",\"@id\":\"https:\\\/\\\/wp.kristdemokraterna.se\\\/alvesta\\\/#\\\/schema\\\/person\\\/6810f6f6837cb83b88bf1351ebd1604d\",\"name\":\"alvesta\",\"image\":{\"@type\":\"ImageObject\",\"inLanguage\":\"sv-SE\",\"@id\":\"https:\\\/\\\/secure.gravatar.com\\\/avatar\\\/6308b77d307448058fb02931b4daa7568f960d9593c58ebaccafec9f1de9ca9c?s=96&r=g\",\"url\":\"https:\\\/\\\/secure.gravatar.com\\\/avatar\\\/6308b77d307448058fb02931b4daa7568f960d9593c58ebaccafec9f1de9ca9c?s=96&r=g\",\"contentUrl\":\"https:\\\/\\\/secure.gravatar.com\\\/avatar\\\/6308b77d307448058fb02931b4daa7568f960d9593c58ebaccafec9f1de9ca9c?s=96&r=g\",\"caption\":\"alvesta\"},\"url\":\"https:\\\/\\\/wp.kristdemokraterna.se\\\/alvesta\\\/author\\\/alvesta\\\/\"}]}<\/script>\n<!-- \/ Yoast SEO plugin. -->","yoast_head_json":{"title":"S\u00e4nk dieselpriset med tre kronor. - Kristdemokraterna Alvesta","robots":{"index":"index","follow":"follow","max-snippet":"max-snippet:-1","max-image-preview":"max-image-preview:large","max-video-preview":"max-video-preview:-1"},"canonical":"https:\/\/wp.kristdemokraterna.se\/alvesta\/sank-dieselpriset-med-tre-kronor\/","og_locale":"sv_SE","og_type":"article","og_title":"S\u00e4nk dieselpriset med tre kronor. - Kristdemokraterna Alvesta","og_description":"Regeringen pressar upp dieselpriserna p\u00e5 bekostnad av de barnfamiljer och pension\u00e4rer som lever utanf\u00f6r storst\u00e4derna. Det m\u00e5ste f\u00e5 ett slut. F\u00f6r f\u00f6retagarna, lantbrukare och skogsbrukare inneb\u00e4r de snabbt stigande priserna allvarliga problem i ett redan anstr\u00e4ngt l\u00e4ge. De \u00e5kerier, bussf\u00f6retag och lantbrukare som konkurrerar med andra l\u00e4nder drabbas h\u00e5rt n\u00e4r priserna i Sverige \u00e4r s\u00e5 Read More","og_url":"https:\/\/wp.kristdemokraterna.se\/alvesta\/sank-dieselpriset-med-tre-kronor\/","og_site_name":"Kristdemokraterna Alvesta","article_published_time":"2022-01-20T12:24:02+00:00","article_modified_time":"2022-01-20T12:25:03+00:00","author":"alvesta","twitter_card":"summary_large_image","twitter_misc":{"Skriven av":"alvesta","Ber\u00e4knad l\u00e4stid":"2 minuter"},"schema":{"@context":"https:\/\/schema.org","@graph":[{"@type":"Article","@id":"https:\/\/wp.kristdemokraterna.se\/alvesta\/sank-dieselpriset-med-tre-kronor\/#article","isPartOf":{"@id":"https:\/\/wp.kristdemokraterna.se\/alvesta\/sank-dieselpriset-med-tre-kronor\/"},"author":{"name":"alvesta","@id":"https:\/\/wp.kristdemokraterna.se\/alvesta\/#\/schema\/person\/6810f6f6837cb83b88bf1351ebd1604d"},"headline":"S\u00e4nk dieselpriset med tre kronor.","datePublished":"2022-01-20T12:24:02+00:00","dateModified":"2022-01-20T12:25:03+00:00","mainEntityOfPage":{"@id":"https:\/\/wp.kristdemokraterna.se\/alvesta\/sank-dieselpriset-med-tre-kronor\/"},"wordCount":310,"articleSection":["Nyheter KD Riks"],"inLanguage":"sv-SE"},{"@type":"WebPage","@id":"https:\/\/wp.kristdemokraterna.se\/alvesta\/sank-dieselpriset-med-tre-kronor\/","url":"https:\/\/wp.kristdemokraterna.se\/alvesta\/sank-dieselpriset-med-tre-kronor\/","name":"S\u00e4nk dieselpriset med tre kronor. - Kristdemokraterna Alvesta","isPartOf":{"@id":"https:\/\/wp.kristdemokraterna.se\/alvesta\/#website"},"datePublished":"2022-01-20T12:24:02+00:00","dateModified":"2022-01-20T12:25:03+00:00","author":{"@id":"https:\/\/wp.kristdemokraterna.se\/alvesta\/#\/schema\/person\/6810f6f6837cb83b88bf1351ebd1604d"},"breadcrumb":{"@id":"https:\/\/wp.kristdemokraterna.se\/alvesta\/sank-dieselpriset-med-tre-kronor\/#breadcrumb"},"inLanguage":"sv-SE","potentialAction":[{"@type":"ReadAction","target":["https:\/\/wp.kristdemokraterna.se\/alvesta\/sank-dieselpriset-med-tre-kronor\/"]}]},{"@type":"BreadcrumbList","@id":"https:\/\/wp.kristdemokraterna.se\/alvesta\/sank-dieselpriset-med-tre-kronor\/#breadcrumb","itemListElement":[{"@type":"ListItem","position":1,"name":"Hem","item":"https:\/\/wp.kristdemokraterna.se\/alvesta\/"},{"@type":"ListItem","position":2,"name":"S\u00e4nk dieselpriset med tre kronor."}]},{"@type":"WebSite","@id":"https:\/\/wp.kristdemokraterna.se\/alvesta\/#website","url":"https:\/\/wp.kristdemokraterna.se\/alvesta\/","name":"Kristdemokraterna Alvesta","description":"En till Kristdemokraterna webbplats","inLanguage":"sv-SE"},{"@type":"Person","@id":"https:\/\/wp.kristdemokraterna.se\/alvesta\/#\/schema\/person\/6810f6f6837cb83b88bf1351ebd1604d","name":"alvesta","image":{"@type":"ImageObject","inLanguage":"sv-SE","@id":"https:\/\/secure.gravatar.com\/avatar\/6308b77d307448058fb02931b4daa7568f960d9593c58ebaccafec9f1de9ca9c?s=96&r=g","url":"https:\/\/secure.gravatar.com\/avatar\/6308b77d307448058fb02931b4daa7568f960d9593c58ebaccafec9f1de9ca9c?s=96&r=g","contentUrl":"https:\/\/secure.gravatar.com\/avatar\/6308b77d307448058fb02931b4daa7568f960d9593c58ebaccafec9f1de9ca9c?s=96&r=g","caption":"alvesta"},"url":"https:\/\/wp.kristdemokraterna.se\/alvesta\/author\/alvesta\/"}]}},"_links":{"self":[{"href":"https:\/\/wp.kristdemokraterna.se\/alvesta\/wp-json\/wp\/v2\/posts\/2295","targetHints":{"allow":["GET"]}}],"collection":[{"href":"https:\/\/wp.kristdemokraterna.se\/alvesta\/wp-json\/wp\/v2\/posts"}],"about":[{"href":"https:\/\/wp.kristdemokraterna.se\/alvesta\/wp-json\/wp\/v2\/types\/post"}],"author":[{"embeddable":true,"href":"https:\/\/wp.kristdemokraterna.se\/alvesta\/wp-json\/wp\/v2\/users\/443"}],"replies":[{"embeddable":true,"href":"https:\/\/wp.kristdemokraterna.se\/alvesta\/wp-json\/wp\/v2\/comments?post=2295"}],"version-history":[{"count":2,"href":"https:\/\/wp.kristdemokraterna.se\/alvesta\/wp-json\/wp\/v2\/posts\/2295\/revisions"}],"predecessor-version":[{"id":2298,"href":"https:\/\/wp.kristdemokraterna.se\/alvesta\/wp-json\/wp\/v2\/posts\/2295\/revisions\/2298"}],"wp:attachment":[{"href":"https:\/\/wp.kristdemokraterna.se\/alvesta\/wp-json\/wp\/v2\/media?parent=2295"}],"wp:term":[{"taxonomy":"category","embeddable":true,"href":"https:\/\/wp.kristdemokraterna.se\/alvesta\/wp-json\/wp\/v2\/categories?post=2295"},{"taxonomy":"post_tag","embeddable":true,"href":"https:\/\/wp.kristdemokraterna.se\/alvesta\/wp-json\/wp\/v2\/tags?post=2295"}],"curies":[{"name":"wp","href":"https:\/\/api.w.org\/{rel}","templated":true}]}}