{"id":2299,"date":"2022-01-21T10:45:02","date_gmt":"2022-01-21T09:45:02","guid":{"rendered":"https:\/\/wp.kristdemokraterna.se\/alvesta\/?p=2299"},"modified":"2022-01-21T10:45:02","modified_gmt":"2022-01-21T09:45:02","slug":"hela-sverige-ska-fungera-3","status":"publish","type":"post","link":"https:\/\/wp.kristdemokraterna.se\/alvesta\/hela-sverige-ska-fungera-3\/","title":{"rendered":"Hela Sverige ska fungera"},"content":{"rendered":"<p>Hela Sverige ska fungera \u2013 apotek i glesbygd \u00e4r en b\u00e4rande del<br \/>\nN\u00e4tapoteken \u00e4r ett utm\u00e4rkt komplement till fysiska apotek. Men f\u00f6r m\u00e5nga, inte minst \u00e4ldre, k\u00e4nns det tryggare att bes\u00f6ka ett apotek f\u00f6r att under en stund med social kontakt f\u00e5 r\u00e5d kring l\u00e4kemedel och egenv\u00e5rd. En trygghet v\u00e4rd att v\u00e4rna.<br \/>\nF\u00f6r att \u00f6ka antalet apotek \u00e4ven i glesbygden kan det s\u00e5 kallade glesbygdsst\u00f6det beh\u00f6va justeras. Men vi vill framf\u00f6r allt till\u00e5ta farmaceutisk n\u00e4rvaro via distans. Tillsammans med en apotekstekniker p\u00e5 plats skapas d\u00e5 en patients\u00e4ker recepthantering och \u00f6ppettiderna kan ut\u00f6kas. F\u00f6rslaget \u00f6ppnar ocks\u00e5 m\u00f6jlighet f\u00f6r samverkan mellan n\u00e4tapotek och mindre fysiska apotek.<br \/>\nSkriver idag om detta i Katrineholms-kuriren tillsammans med Peter Kullgren, Kristdemokraternas partisekreterare och ansvarig f\u00f6r v\u00e5r landsbygdspolitiska arbetsgrupp (l\u00e4nk i kommentarerna)<\/p>\n<div dir=\"auto\">G\u00e5 med i KD!<\/div>\n<div dir=\"auto\"><a class=\"oajrlxb2 g5ia77u1 qu0x051f esr5mh6w e9989ue4 r7d6kgcz rq0escxv nhd2j8a9 nc684nl6 p7hjln8o kvgmc6g5 cxmmr5t8 oygrvhab hcukyx3x jb3vyjys rz4wbd8a qt6c0cv9 a8nywdso i1ao9s8h esuyzwwr f1sip0of lzcic4wl gpro0wi8 py34i1dx\" role=\"link\" href=\"http:\/\/kd.nu\/blimedlem?fbclid=IwAR2lj5wcKNd1cKdtN03-EAgmD5tyEVkvKVDe0KdUdVevmi8L4lme2MY7isg\" target=\"_blank\" rel=\"nofollow noopener\">KD.nu\/blimedlem<\/a><\/div>\n","protected":false},"excerpt":{"rendered":"<p>Hela Sverige ska fungera \u2013 apotek i glesbygd \u00e4r en b\u00e4rande del N\u00e4tapoteken \u00e4r ett utm\u00e4rkt komplement till fysiska apotek. Men f\u00f6r m\u00e5nga, inte minst \u00e4ldre, k\u00e4nns det tryggare att bes\u00f6ka ett apotek f\u00f6r att under en stund med social kontakt f\u00e5 r\u00e5d kring l\u00e4kemedel och egenv\u00e5rd. En trygghet v\u00e4rd att v\u00e4rna. F\u00f6r att \u00f6ka <a class=\"read-more-link\" href=\"https:\/\/wp.kristdemokraterna.se\/alvesta\/hela-sverige-ska-fungera-3\/\">Read More<\/a><\/p>\n","protected":false},"author":443,"featured_media":0,"comment_status":"closed","ping_status":"closed","sticky":false,"template":"","format":"standard","meta":{"_acf_changed":false,"footnotes":""},"categories":[10,1],"tags":[],"class_list":["post-2299","post","type-post","status-publish","format-standard","hentry","category-senaste-nytt","category-okategoriserade"],"acf":[],"yoast_head":"<!-- This site is optimized with the Yoast SEO plugin v27.5 - https:\/\/yoast.com\/product\/yoast-seo-wordpress\/ -->\n<title>Hela Sverige ska fungera - Kristdemokraterna Alvesta<\/title>\n<meta name=\"robots\" content=\"index, follow, max-snippet:-1, max-image-preview:large, max-video-preview:-1\" \/>\n<link rel=\"canonical\" href=\"https:\/\/wp.kristdemokraterna.se\/alvesta\/hela-sverige-ska-fungera-3\/\" \/>\n<meta property=\"og:locale\" content=\"sv_SE\" \/>\n<meta property=\"og:type\" content=\"article\" \/>\n<meta property=\"og:title\" content=\"Hela Sverige ska fungera - Kristdemokraterna Alvesta\" \/>\n<meta property=\"og:description\" content=\"Hela Sverige ska fungera \u2013 apotek i glesbygd \u00e4r en b\u00e4rande del N\u00e4tapoteken \u00e4r ett utm\u00e4rkt komplement till fysiska apotek. Men f\u00f6r m\u00e5nga, inte minst \u00e4ldre, k\u00e4nns det tryggare att bes\u00f6ka ett apotek f\u00f6r att under en stund med social kontakt f\u00e5 r\u00e5d kring l\u00e4kemedel och egenv\u00e5rd. En trygghet v\u00e4rd att v\u00e4rna. F\u00f6r att \u00f6ka Read More\" \/>\n<meta property=\"og:url\" content=\"https:\/\/wp.kristdemokraterna.se\/alvesta\/hela-sverige-ska-fungera-3\/\" \/>\n<meta property=\"og:site_name\" content=\"Kristdemokraterna Alvesta\" \/>\n<meta property=\"article:published_time\" content=\"2022-01-21T09:45:02+00:00\" \/>\n<meta name=\"author\" content=\"alvesta\" \/>\n<meta name=\"twitter:card\" content=\"summary_large_image\" \/>\n<meta name=\"twitter:label1\" content=\"Skriven av\" \/>\n\t<meta name=\"twitter:data1\" content=\"alvesta\" \/>\n\t<meta name=\"twitter:label2\" content=\"Ber\u00e4knad l\u00e4stid\" \/>\n\t<meta name=\"twitter:data2\" content=\"1 minut\" \/>\n<script type=\"application\/ld+json\" class=\"yoast-schema-graph\">{\"@context\":\"https:\\\/\\\/schema.org\",\"@graph\":[{\"@type\":\"Article\",\"@id\":\"https:\\\/\\\/wp.kristdemokraterna.se\\\/alvesta\\\/hela-sverige-ska-fungera-3\\\/#article\",\"isPartOf\":{\"@id\":\"https:\\\/\\\/wp.kristdemokraterna.se\\\/alvesta\\\/hela-sverige-ska-fungera-3\\\/\"},\"author\":{\"name\":\"alvesta\",\"@id\":\"https:\\\/\\\/wp.kristdemokraterna.se\\\/alvesta\\\/#\\\/schema\\\/person\\\/6810f6f6837cb83b88bf1351ebd1604d\"},\"headline\":\"Hela Sverige ska fungera\",\"datePublished\":\"2022-01-21T09:45:02+00:00\",\"mainEntityOfPage\":{\"@id\":\"https:\\\/\\\/wp.kristdemokraterna.se\\\/alvesta\\\/hela-sverige-ska-fungera-3\\\/\"},\"wordCount\":163,\"articleSection\":[\"Nyheter KD Riks\"],\"inLanguage\":\"sv-SE\"},{\"@type\":\"WebPage\",\"@id\":\"https:\\\/\\\/wp.kristdemokraterna.se\\\/alvesta\\\/hela-sverige-ska-fungera-3\\\/\",\"url\":\"https:\\\/\\\/wp.kristdemokraterna.se\\\/alvesta\\\/hela-sverige-ska-fungera-3\\\/\",\"name\":\"Hela Sverige ska fungera - Kristdemokraterna Alvesta\",\"isPartOf\":{\"@id\":\"https:\\\/\\\/wp.kristdemokraterna.se\\\/alvesta\\\/#website\"},\"datePublished\":\"2022-01-21T09:45:02+00:00\",\"author\":{\"@id\":\"https:\\\/\\\/wp.kristdemokraterna.se\\\/alvesta\\\/#\\\/schema\\\/person\\\/6810f6f6837cb83b88bf1351ebd1604d\"},\"breadcrumb\":{\"@id\":\"https:\\\/\\\/wp.kristdemokraterna.se\\\/alvesta\\\/hela-sverige-ska-fungera-3\\\/#breadcrumb\"},\"inLanguage\":\"sv-SE\",\"potentialAction\":[{\"@type\":\"ReadAction\",\"target\":[\"https:\\\/\\\/wp.kristdemokraterna.se\\\/alvesta\\\/hela-sverige-ska-fungera-3\\\/\"]}]},{\"@type\":\"BreadcrumbList\",\"@id\":\"https:\\\/\\\/wp.kristdemokraterna.se\\\/alvesta\\\/hela-sverige-ska-fungera-3\\\/#breadcrumb\",\"itemListElement\":[{\"@type\":\"ListItem\",\"position\":1,\"name\":\"Hem\",\"item\":\"https:\\\/\\\/wp.kristdemokraterna.se\\\/alvesta\\\/\"},{\"@type\":\"ListItem\",\"position\":2,\"name\":\"Hela Sverige ska fungera\"}]},{\"@type\":\"WebSite\",\"@id\":\"https:\\\/\\\/wp.kristdemokraterna.se\\\/alvesta\\\/#website\",\"url\":\"https:\\\/\\\/wp.kristdemokraterna.se\\\/alvesta\\\/\",\"name\":\"Kristdemokraterna Alvesta\",\"description\":\"En till Kristdemokraterna webbplats\",\"inLanguage\":\"sv-SE\"},{\"@type\":\"Person\",\"@id\":\"https:\\\/\\\/wp.kristdemokraterna.se\\\/alvesta\\\/#\\\/schema\\\/person\\\/6810f6f6837cb83b88bf1351ebd1604d\",\"name\":\"alvesta\",\"image\":{\"@type\":\"ImageObject\",\"inLanguage\":\"sv-SE\",\"@id\":\"https:\\\/\\\/secure.gravatar.com\\\/avatar\\\/6308b77d307448058fb02931b4daa7568f960d9593c58ebaccafec9f1de9ca9c?s=96&r=g\",\"url\":\"https:\\\/\\\/secure.gravatar.com\\\/avatar\\\/6308b77d307448058fb02931b4daa7568f960d9593c58ebaccafec9f1de9ca9c?s=96&r=g\",\"contentUrl\":\"https:\\\/\\\/secure.gravatar.com\\\/avatar\\\/6308b77d307448058fb02931b4daa7568f960d9593c58ebaccafec9f1de9ca9c?s=96&r=g\",\"caption\":\"alvesta\"},\"url\":\"https:\\\/\\\/wp.kristdemokraterna.se\\\/alvesta\\\/author\\\/alvesta\\\/\"}]}<\/script>\n<!-- \/ Yoast SEO plugin. -->","yoast_head_json":{"title":"Hela Sverige ska fungera - Kristdemokraterna Alvesta","robots":{"index":"index","follow":"follow","max-snippet":"max-snippet:-1","max-image-preview":"max-image-preview:large","max-video-preview":"max-video-preview:-1"},"canonical":"https:\/\/wp.kristdemokraterna.se\/alvesta\/hela-sverige-ska-fungera-3\/","og_locale":"sv_SE","og_type":"article","og_title":"Hela Sverige ska fungera - Kristdemokraterna Alvesta","og_description":"Hela Sverige ska fungera \u2013 apotek i glesbygd \u00e4r en b\u00e4rande del N\u00e4tapoteken \u00e4r ett utm\u00e4rkt komplement till fysiska apotek. Men f\u00f6r m\u00e5nga, inte minst \u00e4ldre, k\u00e4nns det tryggare att bes\u00f6ka ett apotek f\u00f6r att under en stund med social kontakt f\u00e5 r\u00e5d kring l\u00e4kemedel och egenv\u00e5rd. En trygghet v\u00e4rd att v\u00e4rna. F\u00f6r att \u00f6ka Read More","og_url":"https:\/\/wp.kristdemokraterna.se\/alvesta\/hela-sverige-ska-fungera-3\/","og_site_name":"Kristdemokraterna Alvesta","article_published_time":"2022-01-21T09:45:02+00:00","author":"alvesta","twitter_card":"summary_large_image","twitter_misc":{"Skriven av":"alvesta","Ber\u00e4knad l\u00e4stid":"1 minut"},"schema":{"@context":"https:\/\/schema.org","@graph":[{"@type":"Article","@id":"https:\/\/wp.kristdemokraterna.se\/alvesta\/hela-sverige-ska-fungera-3\/#article","isPartOf":{"@id":"https:\/\/wp.kristdemokraterna.se\/alvesta\/hela-sverige-ska-fungera-3\/"},"author":{"name":"alvesta","@id":"https:\/\/wp.kristdemokraterna.se\/alvesta\/#\/schema\/person\/6810f6f6837cb83b88bf1351ebd1604d"},"headline":"Hela Sverige ska fungera","datePublished":"2022-01-21T09:45:02+00:00","mainEntityOfPage":{"@id":"https:\/\/wp.kristdemokraterna.se\/alvesta\/hela-sverige-ska-fungera-3\/"},"wordCount":163,"articleSection":["Nyheter KD Riks"],"inLanguage":"sv-SE"},{"@type":"WebPage","@id":"https:\/\/wp.kristdemokraterna.se\/alvesta\/hela-sverige-ska-fungera-3\/","url":"https:\/\/wp.kristdemokraterna.se\/alvesta\/hela-sverige-ska-fungera-3\/","name":"Hela Sverige ska fungera - Kristdemokraterna Alvesta","isPartOf":{"@id":"https:\/\/wp.kristdemokraterna.se\/alvesta\/#website"},"datePublished":"2022-01-21T09:45:02+00:00","author":{"@id":"https:\/\/wp.kristdemokraterna.se\/alvesta\/#\/schema\/person\/6810f6f6837cb83b88bf1351ebd1604d"},"breadcrumb":{"@id":"https:\/\/wp.kristdemokraterna.se\/alvesta\/hela-sverige-ska-fungera-3\/#breadcrumb"},"inLanguage":"sv-SE","potentialAction":[{"@type":"ReadAction","target":["https:\/\/wp.kristdemokraterna.se\/alvesta\/hela-sverige-ska-fungera-3\/"]}]},{"@type":"BreadcrumbList","@id":"https:\/\/wp.kristdemokraterna.se\/alvesta\/hela-sverige-ska-fungera-3\/#breadcrumb","itemListElement":[{"@type":"ListItem","position":1,"name":"Hem","item":"https:\/\/wp.kristdemokraterna.se\/alvesta\/"},{"@type":"ListItem","position":2,"name":"Hela Sverige ska fungera"}]},{"@type":"WebSite","@id":"https:\/\/wp.kristdemokraterna.se\/alvesta\/#website","url":"https:\/\/wp.kristdemokraterna.se\/alvesta\/","name":"Kristdemokraterna Alvesta","description":"En till Kristdemokraterna webbplats","inLanguage":"sv-SE"},{"@type":"Person","@id":"https:\/\/wp.kristdemokraterna.se\/alvesta\/#\/schema\/person\/6810f6f6837cb83b88bf1351ebd1604d","name":"alvesta","image":{"@type":"ImageObject","inLanguage":"sv-SE","@id":"https:\/\/secure.gravatar.com\/avatar\/6308b77d307448058fb02931b4daa7568f960d9593c58ebaccafec9f1de9ca9c?s=96&r=g","url":"https:\/\/secure.gravatar.com\/avatar\/6308b77d307448058fb02931b4daa7568f960d9593c58ebaccafec9f1de9ca9c?s=96&r=g","contentUrl":"https:\/\/secure.gravatar.com\/avatar\/6308b77d307448058fb02931b4daa7568f960d9593c58ebaccafec9f1de9ca9c?s=96&r=g","caption":"alvesta"},"url":"https:\/\/wp.kristdemokraterna.se\/alvesta\/author\/alvesta\/"}]}},"_links":{"self":[{"href":"https:\/\/wp.kristdemokraterna.se\/alvesta\/wp-json\/wp\/v2\/posts\/2299","targetHints":{"allow":["GET"]}}],"collection":[{"href":"https:\/\/wp.kristdemokraterna.se\/alvesta\/wp-json\/wp\/v2\/posts"}],"about":[{"href":"https:\/\/wp.kristdemokraterna.se\/alvesta\/wp-json\/wp\/v2\/types\/post"}],"author":[{"embeddable":true,"href":"https:\/\/wp.kristdemokraterna.se\/alvesta\/wp-json\/wp\/v2\/users\/443"}],"replies":[{"embeddable":true,"href":"https:\/\/wp.kristdemokraterna.se\/alvesta\/wp-json\/wp\/v2\/comments?post=2299"}],"version-history":[{"count":1,"href":"https:\/\/wp.kristdemokraterna.se\/alvesta\/wp-json\/wp\/v2\/posts\/2299\/revisions"}],"predecessor-version":[{"id":2301,"href":"https:\/\/wp.kristdemokraterna.se\/alvesta\/wp-json\/wp\/v2\/posts\/2299\/revisions\/2301"}],"wp:attachment":[{"href":"https:\/\/wp.kristdemokraterna.se\/alvesta\/wp-json\/wp\/v2\/media?parent=2299"}],"wp:term":[{"taxonomy":"category","embeddable":true,"href":"https:\/\/wp.kristdemokraterna.se\/alvesta\/wp-json\/wp\/v2\/categories?post=2299"},{"taxonomy":"post_tag","embeddable":true,"href":"https:\/\/wp.kristdemokraterna.se\/alvesta\/wp-json\/wp\/v2\/tags?post=2299"}],"curies":[{"name":"wp","href":"https:\/\/api.w.org\/{rel}","templated":true}]}}