{"id":2354,"date":"2022-02-07T07:40:59","date_gmt":"2022-02-07T06:40:59","guid":{"rendered":"https:\/\/wp.kristdemokraterna.se\/alvesta\/?p=2354"},"modified":"2022-02-07T07:40:59","modified_gmt":"2022-02-07T06:40:59","slug":"sverige-befinner-sig-vid-ett-kritiskt-vagskal","status":"publish","type":"post","link":"https:\/\/wp.kristdemokraterna.se\/alvesta\/sverige-befinner-sig-vid-ett-kritiskt-vagskal\/","title":{"rendered":"Sverige befinner sig vid ett kritiskt v\u00e4gsk\u00e4l."},"content":{"rendered":"<p>Sverige befinner sig vid ett kritiskt v\u00e4gsk\u00e4l. N\u00e4sta regering m\u00e5ste skapa f\u00f6ruts\u00e4ttningar f\u00f6r nya reaktorer f\u00f6r att kunna klara klimatomst\u00e4llningen, och f\u00f6rse f\u00f6retag och hush\u00e5ll med el till rimligt pris.<br \/>\nDet skriver ledarna f\u00f6r M, SD, KD och L i Svenska Dagbladet.<\/p>\n<p><a href=\"https:\/\/www.svd.se\/utveckla-karnkraften--den-har-en-nyckelroll?fbclid=IwAR1h0G6OIF0GH55P7ejGsiSy8ouqMk3PMxhk7ixR-WfJ4zMUQcrdahBaakY\" target=\"_blank\" rel=\"noopener\">https:\/\/www.svd.se\/utveckla-karnkraften&#8211;den-har-en-nyckelroll?fbclid=IwAR1h0G6OIF0GH55P7ejGsiSy8ouqMk3PMxhk7ixR-WfJ4zMUQcrdahBaakY<\/a><\/p>\n<div dir=\"auto\">G\u00e5 med i KD!<\/div>\n<div dir=\"auto\"><a class=\"oajrlxb2 g5ia77u1 qu0x051f esr5mh6w e9989ue4 r7d6kgcz rq0escxv nhd2j8a9 nc684nl6 p7hjln8o kvgmc6g5 cxmmr5t8 oygrvhab hcukyx3x jb3vyjys rz4wbd8a qt6c0cv9 a8nywdso i1ao9s8h esuyzwwr f1sip0of lzcic4wl gpro0wi8 py34i1dx\" role=\"link\" href=\"http:\/\/kd.nu\/blimedlem?fbclid=IwAR34loJ0miyjaiBtyObwsi7rCzjNt-OUPSMzAF6U8fDK81OgxjVPEWW5ZfE\" target=\"_blank\" rel=\"nofollow noopener\">KD.nu\/blimedlem<\/a><\/div>\n","protected":false},"excerpt":{"rendered":"<p>Sverige befinner sig vid ett kritiskt v\u00e4gsk\u00e4l. N\u00e4sta regering m\u00e5ste skapa f\u00f6ruts\u00e4ttningar f\u00f6r nya reaktorer f\u00f6r att kunna klara klimatomst\u00e4llningen, och f\u00f6rse f\u00f6retag och hush\u00e5ll med el till rimligt pris. Det skriver ledarna f\u00f6r M, SD, KD och L i Svenska Dagbladet. https:\/\/www.svd.se\/utveckla-karnkraften&#8211;den-har-en-nyckelroll?fbclid=IwAR1h0G6OIF0GH55P7ejGsiSy8ouqMk3PMxhk7ixR-WfJ4zMUQcrdahBaakY G\u00e5 med i KD! KD.nu\/blimedlem<\/p>\n","protected":false},"author":443,"featured_media":0,"comment_status":"closed","ping_status":"closed","sticky":false,"template":"","format":"standard","meta":{"_acf_changed":false,"footnotes":""},"categories":[10,1],"tags":[],"class_list":["post-2354","post","type-post","status-publish","format-standard","hentry","category-senaste-nytt","category-okategoriserade"],"acf":[],"yoast_head":"<!-- This site is optimized with the Yoast SEO plugin v27.5 - https:\/\/yoast.com\/product\/yoast-seo-wordpress\/ -->\n<title>Sverige befinner sig vid ett kritiskt v\u00e4gsk\u00e4l. - Kristdemokraterna Alvesta<\/title>\n<meta name=\"robots\" content=\"index, follow, max-snippet:-1, max-image-preview:large, max-video-preview:-1\" \/>\n<link rel=\"canonical\" href=\"https:\/\/wp.kristdemokraterna.se\/alvesta\/sverige-befinner-sig-vid-ett-kritiskt-vagskal\/\" \/>\n<meta property=\"og:locale\" content=\"sv_SE\" \/>\n<meta property=\"og:type\" content=\"article\" \/>\n<meta property=\"og:title\" content=\"Sverige befinner sig vid ett kritiskt v\u00e4gsk\u00e4l. - Kristdemokraterna Alvesta\" \/>\n<meta property=\"og:description\" content=\"Sverige befinner sig vid ett kritiskt v\u00e4gsk\u00e4l. N\u00e4sta regering m\u00e5ste skapa f\u00f6ruts\u00e4ttningar f\u00f6r nya reaktorer f\u00f6r att kunna klara klimatomst\u00e4llningen, och f\u00f6rse f\u00f6retag och hush\u00e5ll med el till rimligt pris. Det skriver ledarna f\u00f6r M, SD, KD och L i Svenska Dagbladet. https:\/\/www.svd.se\/utveckla-karnkraften&#8211;den-har-en-nyckelroll?fbclid=IwAR1h0G6OIF0GH55P7ejGsiSy8ouqMk3PMxhk7ixR-WfJ4zMUQcrdahBaakY G\u00e5 med i KD! KD.nu\/blimedlem\" \/>\n<meta property=\"og:url\" content=\"https:\/\/wp.kristdemokraterna.se\/alvesta\/sverige-befinner-sig-vid-ett-kritiskt-vagskal\/\" \/>\n<meta property=\"og:site_name\" content=\"Kristdemokraterna Alvesta\" \/>\n<meta property=\"article:published_time\" content=\"2022-02-07T06:40:59+00:00\" \/>\n<meta name=\"author\" content=\"alvesta\" \/>\n<meta name=\"twitter:card\" content=\"summary_large_image\" \/>\n<meta name=\"twitter:label1\" content=\"Skriven av\" \/>\n\t<meta name=\"twitter:data1\" content=\"alvesta\" \/>\n<script type=\"application\/ld+json\" class=\"yoast-schema-graph\">{\"@context\":\"https:\\\/\\\/schema.org\",\"@graph\":[{\"@type\":\"Article\",\"@id\":\"https:\\\/\\\/wp.kristdemokraterna.se\\\/alvesta\\\/sverige-befinner-sig-vid-ett-kritiskt-vagskal\\\/#article\",\"isPartOf\":{\"@id\":\"https:\\\/\\\/wp.kristdemokraterna.se\\\/alvesta\\\/sverige-befinner-sig-vid-ett-kritiskt-vagskal\\\/\"},\"author\":{\"name\":\"alvesta\",\"@id\":\"https:\\\/\\\/wp.kristdemokraterna.se\\\/alvesta\\\/#\\\/schema\\\/person\\\/6810f6f6837cb83b88bf1351ebd1604d\"},\"headline\":\"Sverige befinner sig vid ett kritiskt v\u00e4gsk\u00e4l.\",\"datePublished\":\"2022-02-07T06:40:59+00:00\",\"mainEntityOfPage\":{\"@id\":\"https:\\\/\\\/wp.kristdemokraterna.se\\\/alvesta\\\/sverige-befinner-sig-vid-ett-kritiskt-vagskal\\\/\"},\"wordCount\":88,\"articleSection\":[\"Nyheter KD Riks\"],\"inLanguage\":\"sv-SE\"},{\"@type\":\"WebPage\",\"@id\":\"https:\\\/\\\/wp.kristdemokraterna.se\\\/alvesta\\\/sverige-befinner-sig-vid-ett-kritiskt-vagskal\\\/\",\"url\":\"https:\\\/\\\/wp.kristdemokraterna.se\\\/alvesta\\\/sverige-befinner-sig-vid-ett-kritiskt-vagskal\\\/\",\"name\":\"Sverige befinner sig vid ett kritiskt v\u00e4gsk\u00e4l. - Kristdemokraterna Alvesta\",\"isPartOf\":{\"@id\":\"https:\\\/\\\/wp.kristdemokraterna.se\\\/alvesta\\\/#website\"},\"datePublished\":\"2022-02-07T06:40:59+00:00\",\"author\":{\"@id\":\"https:\\\/\\\/wp.kristdemokraterna.se\\\/alvesta\\\/#\\\/schema\\\/person\\\/6810f6f6837cb83b88bf1351ebd1604d\"},\"breadcrumb\":{\"@id\":\"https:\\\/\\\/wp.kristdemokraterna.se\\\/alvesta\\\/sverige-befinner-sig-vid-ett-kritiskt-vagskal\\\/#breadcrumb\"},\"inLanguage\":\"sv-SE\",\"potentialAction\":[{\"@type\":\"ReadAction\",\"target\":[\"https:\\\/\\\/wp.kristdemokraterna.se\\\/alvesta\\\/sverige-befinner-sig-vid-ett-kritiskt-vagskal\\\/\"]}]},{\"@type\":\"BreadcrumbList\",\"@id\":\"https:\\\/\\\/wp.kristdemokraterna.se\\\/alvesta\\\/sverige-befinner-sig-vid-ett-kritiskt-vagskal\\\/#breadcrumb\",\"itemListElement\":[{\"@type\":\"ListItem\",\"position\":1,\"name\":\"Hem\",\"item\":\"https:\\\/\\\/wp.kristdemokraterna.se\\\/alvesta\\\/\"},{\"@type\":\"ListItem\",\"position\":2,\"name\":\"Sverige befinner sig vid ett kritiskt v\u00e4gsk\u00e4l.\"}]},{\"@type\":\"WebSite\",\"@id\":\"https:\\\/\\\/wp.kristdemokraterna.se\\\/alvesta\\\/#website\",\"url\":\"https:\\\/\\\/wp.kristdemokraterna.se\\\/alvesta\\\/\",\"name\":\"Kristdemokraterna Alvesta\",\"description\":\"En till Kristdemokraterna webbplats\",\"inLanguage\":\"sv-SE\"},{\"@type\":\"Person\",\"@id\":\"https:\\\/\\\/wp.kristdemokraterna.se\\\/alvesta\\\/#\\\/schema\\\/person\\\/6810f6f6837cb83b88bf1351ebd1604d\",\"name\":\"alvesta\",\"image\":{\"@type\":\"ImageObject\",\"inLanguage\":\"sv-SE\",\"@id\":\"https:\\\/\\\/secure.gravatar.com\\\/avatar\\\/6308b77d307448058fb02931b4daa7568f960d9593c58ebaccafec9f1de9ca9c?s=96&r=g\",\"url\":\"https:\\\/\\\/secure.gravatar.com\\\/avatar\\\/6308b77d307448058fb02931b4daa7568f960d9593c58ebaccafec9f1de9ca9c?s=96&r=g\",\"contentUrl\":\"https:\\\/\\\/secure.gravatar.com\\\/avatar\\\/6308b77d307448058fb02931b4daa7568f960d9593c58ebaccafec9f1de9ca9c?s=96&r=g\",\"caption\":\"alvesta\"},\"url\":\"https:\\\/\\\/wp.kristdemokraterna.se\\\/alvesta\\\/author\\\/alvesta\\\/\"}]}<\/script>\n<!-- \/ Yoast SEO plugin. -->","yoast_head_json":{"title":"Sverige befinner sig vid ett kritiskt v\u00e4gsk\u00e4l. - Kristdemokraterna Alvesta","robots":{"index":"index","follow":"follow","max-snippet":"max-snippet:-1","max-image-preview":"max-image-preview:large","max-video-preview":"max-video-preview:-1"},"canonical":"https:\/\/wp.kristdemokraterna.se\/alvesta\/sverige-befinner-sig-vid-ett-kritiskt-vagskal\/","og_locale":"sv_SE","og_type":"article","og_title":"Sverige befinner sig vid ett kritiskt v\u00e4gsk\u00e4l. - Kristdemokraterna Alvesta","og_description":"Sverige befinner sig vid ett kritiskt v\u00e4gsk\u00e4l. N\u00e4sta regering m\u00e5ste skapa f\u00f6ruts\u00e4ttningar f\u00f6r nya reaktorer f\u00f6r att kunna klara klimatomst\u00e4llningen, och f\u00f6rse f\u00f6retag och hush\u00e5ll med el till rimligt pris. Det skriver ledarna f\u00f6r M, SD, KD och L i Svenska Dagbladet. https:\/\/www.svd.se\/utveckla-karnkraften&#8211;den-har-en-nyckelroll?fbclid=IwAR1h0G6OIF0GH55P7ejGsiSy8ouqMk3PMxhk7ixR-WfJ4zMUQcrdahBaakY G\u00e5 med i KD! KD.nu\/blimedlem","og_url":"https:\/\/wp.kristdemokraterna.se\/alvesta\/sverige-befinner-sig-vid-ett-kritiskt-vagskal\/","og_site_name":"Kristdemokraterna Alvesta","article_published_time":"2022-02-07T06:40:59+00:00","author":"alvesta","twitter_card":"summary_large_image","twitter_misc":{"Skriven av":"alvesta"},"schema":{"@context":"https:\/\/schema.org","@graph":[{"@type":"Article","@id":"https:\/\/wp.kristdemokraterna.se\/alvesta\/sverige-befinner-sig-vid-ett-kritiskt-vagskal\/#article","isPartOf":{"@id":"https:\/\/wp.kristdemokraterna.se\/alvesta\/sverige-befinner-sig-vid-ett-kritiskt-vagskal\/"},"author":{"name":"alvesta","@id":"https:\/\/wp.kristdemokraterna.se\/alvesta\/#\/schema\/person\/6810f6f6837cb83b88bf1351ebd1604d"},"headline":"Sverige befinner sig vid ett kritiskt v\u00e4gsk\u00e4l.","datePublished":"2022-02-07T06:40:59+00:00","mainEntityOfPage":{"@id":"https:\/\/wp.kristdemokraterna.se\/alvesta\/sverige-befinner-sig-vid-ett-kritiskt-vagskal\/"},"wordCount":88,"articleSection":["Nyheter KD Riks"],"inLanguage":"sv-SE"},{"@type":"WebPage","@id":"https:\/\/wp.kristdemokraterna.se\/alvesta\/sverige-befinner-sig-vid-ett-kritiskt-vagskal\/","url":"https:\/\/wp.kristdemokraterna.se\/alvesta\/sverige-befinner-sig-vid-ett-kritiskt-vagskal\/","name":"Sverige befinner sig vid ett kritiskt v\u00e4gsk\u00e4l. - Kristdemokraterna Alvesta","isPartOf":{"@id":"https:\/\/wp.kristdemokraterna.se\/alvesta\/#website"},"datePublished":"2022-02-07T06:40:59+00:00","author":{"@id":"https:\/\/wp.kristdemokraterna.se\/alvesta\/#\/schema\/person\/6810f6f6837cb83b88bf1351ebd1604d"},"breadcrumb":{"@id":"https:\/\/wp.kristdemokraterna.se\/alvesta\/sverige-befinner-sig-vid-ett-kritiskt-vagskal\/#breadcrumb"},"inLanguage":"sv-SE","potentialAction":[{"@type":"ReadAction","target":["https:\/\/wp.kristdemokraterna.se\/alvesta\/sverige-befinner-sig-vid-ett-kritiskt-vagskal\/"]}]},{"@type":"BreadcrumbList","@id":"https:\/\/wp.kristdemokraterna.se\/alvesta\/sverige-befinner-sig-vid-ett-kritiskt-vagskal\/#breadcrumb","itemListElement":[{"@type":"ListItem","position":1,"name":"Hem","item":"https:\/\/wp.kristdemokraterna.se\/alvesta\/"},{"@type":"ListItem","position":2,"name":"Sverige befinner sig vid ett kritiskt v\u00e4gsk\u00e4l."}]},{"@type":"WebSite","@id":"https:\/\/wp.kristdemokraterna.se\/alvesta\/#website","url":"https:\/\/wp.kristdemokraterna.se\/alvesta\/","name":"Kristdemokraterna Alvesta","description":"En till Kristdemokraterna webbplats","inLanguage":"sv-SE"},{"@type":"Person","@id":"https:\/\/wp.kristdemokraterna.se\/alvesta\/#\/schema\/person\/6810f6f6837cb83b88bf1351ebd1604d","name":"alvesta","image":{"@type":"ImageObject","inLanguage":"sv-SE","@id":"https:\/\/secure.gravatar.com\/avatar\/6308b77d307448058fb02931b4daa7568f960d9593c58ebaccafec9f1de9ca9c?s=96&r=g","url":"https:\/\/secure.gravatar.com\/avatar\/6308b77d307448058fb02931b4daa7568f960d9593c58ebaccafec9f1de9ca9c?s=96&r=g","contentUrl":"https:\/\/secure.gravatar.com\/avatar\/6308b77d307448058fb02931b4daa7568f960d9593c58ebaccafec9f1de9ca9c?s=96&r=g","caption":"alvesta"},"url":"https:\/\/wp.kristdemokraterna.se\/alvesta\/author\/alvesta\/"}]}},"_links":{"self":[{"href":"https:\/\/wp.kristdemokraterna.se\/alvesta\/wp-json\/wp\/v2\/posts\/2354","targetHints":{"allow":["GET"]}}],"collection":[{"href":"https:\/\/wp.kristdemokraterna.se\/alvesta\/wp-json\/wp\/v2\/posts"}],"about":[{"href":"https:\/\/wp.kristdemokraterna.se\/alvesta\/wp-json\/wp\/v2\/types\/post"}],"author":[{"embeddable":true,"href":"https:\/\/wp.kristdemokraterna.se\/alvesta\/wp-json\/wp\/v2\/users\/443"}],"replies":[{"embeddable":true,"href":"https:\/\/wp.kristdemokraterna.se\/alvesta\/wp-json\/wp\/v2\/comments?post=2354"}],"version-history":[{"count":1,"href":"https:\/\/wp.kristdemokraterna.se\/alvesta\/wp-json\/wp\/v2\/posts\/2354\/revisions"}],"predecessor-version":[{"id":2356,"href":"https:\/\/wp.kristdemokraterna.se\/alvesta\/wp-json\/wp\/v2\/posts\/2354\/revisions\/2356"}],"wp:attachment":[{"href":"https:\/\/wp.kristdemokraterna.se\/alvesta\/wp-json\/wp\/v2\/media?parent=2354"}],"wp:term":[{"taxonomy":"category","embeddable":true,"href":"https:\/\/wp.kristdemokraterna.se\/alvesta\/wp-json\/wp\/v2\/categories?post=2354"},{"taxonomy":"post_tag","embeddable":true,"href":"https:\/\/wp.kristdemokraterna.se\/alvesta\/wp-json\/wp\/v2\/tags?post=2354"}],"curies":[{"name":"wp","href":"https:\/\/api.w.org\/{rel}","templated":true}]}}