{"id":2360,"date":"2022-02-08T13:01:21","date_gmt":"2022-02-08T12:01:21","guid":{"rendered":"https:\/\/wp.kristdemokraterna.se\/alvesta\/?p=2360"},"modified":"2022-02-08T13:01:21","modified_gmt":"2022-02-08T12:01:21","slug":"grattis-ebba","status":"publish","type":"post","link":"https:\/\/wp.kristdemokraterna.se\/alvesta\/grattis-ebba\/","title":{"rendered":"Grattis Ebba&#8230;"},"content":{"rendered":"<p>Grattis Ebba och s\u00e5 himla roligt att recensionerna av din insats i partiledardebatten \u00e4r s\u00e5 fina. B\u00e5de fr\u00e5n experter och v\u00e4ljarunders\u00f6kningar. Ebba lyfte fr\u00e5gor om h\u00f6ga el- och dieselpriser och g\u00e4ngkriminaliteten p\u00e5 ett fantastiskt s\u00e4tt.<br \/>\n\u201dOm politik varit sport hade Ebba Busch varit b\u00e4st\u201d<br \/>\nViktor Barth-Kron i Expressen<br \/>\n\u201dHon klev fram och framstod n\u00e4stan lite grand som oppositionens ledare\u201d<br \/>\nJens B. Nordstr\u00f6m i TV4<br \/>\n\u201dDet \u00e4r Ebba Busch som visar v\u00e4gen p\u00e5 den bl\u00e5 sidan\u201d<br \/>\nArne Larsson i G\u00f6teborgs-Posten<br \/>\n\u201dHon var tydlig. Hon var skarp. Och hon var oppositionsledare\u201d<br \/>\nElinor Falkman i TV4<\/p>\n<p>Sverige beh\u00f6ver en ny regering! G\u00e5 med i KD!<\/p>\n<p><a class=\"oajrlxb2 g5ia77u1 qu0x051f esr5mh6w e9989ue4 r7d6kgcz rq0escxv nhd2j8a9 nc684nl6 p7hjln8o kvgmc6g5 cxmmr5t8 oygrvhab hcukyx3x jb3vyjys rz4wbd8a qt6c0cv9 a8nywdso i1ao9s8h esuyzwwr f1sip0of lzcic4wl gpro0wi8 py34i1dx\" role=\"link\" href=\"https:\/\/l.facebook.com\/l.php?u=http%3A%2F%2FKD.nu%2Fblimedlem%3Ffbclid%3DIwAR0udikx0EupeuuIHU81PolBorP-3GgY3nvMgBz718yVYlvnLhDOGo6dWNA&amp;h=AT1q9--Iv93WWVNTD1T1_CnSp2HqQ7jdnkYMyGPSDEy33iDpv5fyIbCKlaw3PQVVb4QQcDyNFHfmpoJd864aWzlHIUUuHyP9HsZ5bIO-gZ9pLLbBTCTFM5YCrcWfUsdcV9q4s0hwqftoixQJ2w&amp;__tn__=-UK-R&amp;c[0]=AT3Q_r1gmDoqr78IjLROKuC_LPXn39emBts_1qeQcG2U5Nk_NmhJRwObqNk60Z3wJ0Pyce4klpGNsF6sw028QKc4ib44OPHxSlO3N9Rgx8hHyMRZn_vgdstxrZ0FgLQUV5vREAjugJb3dRL4jnVd3GdGHBsWPyWoh53w-2dZxDSMvZwEURw_O2bmanJG_aAFTBz2H8RR-btY8w\" target=\"_blank\" rel=\"nofollow noopener\">KD.nu\/blimedlem<\/a><\/p>\n<p>&nbsp;<\/p>\n","protected":false},"excerpt":{"rendered":"<p>Grattis Ebba och s\u00e5 himla roligt att recensionerna av din insats i partiledardebatten \u00e4r s\u00e5 fina. B\u00e5de fr\u00e5n experter och v\u00e4ljarunders\u00f6kningar. Ebba lyfte fr\u00e5gor om h\u00f6ga el- och dieselpriser och g\u00e4ngkriminaliteten p\u00e5 ett fantastiskt s\u00e4tt. \u201dOm politik varit sport hade Ebba Busch varit b\u00e4st\u201d Viktor Barth-Kron i Expressen \u201dHon klev fram och framstod n\u00e4stan lite <a class=\"read-more-link\" href=\"https:\/\/wp.kristdemokraterna.se\/alvesta\/grattis-ebba\/\">Read More<\/a><\/p>\n","protected":false},"author":443,"featured_media":0,"comment_status":"closed","ping_status":"closed","sticky":false,"template":"","format":"standard","meta":{"_acf_changed":false,"footnotes":""},"categories":[10,1],"tags":[],"class_list":["post-2360","post","type-post","status-publish","format-standard","hentry","category-senaste-nytt","category-okategoriserade"],"acf":[],"yoast_head":"<!-- This site is optimized with the Yoast SEO plugin v27.5 - https:\/\/yoast.com\/product\/yoast-seo-wordpress\/ -->\n<title>Grattis Ebba... - Kristdemokraterna Alvesta<\/title>\n<meta name=\"robots\" content=\"index, follow, max-snippet:-1, max-image-preview:large, max-video-preview:-1\" \/>\n<link rel=\"canonical\" href=\"https:\/\/wp.kristdemokraterna.se\/alvesta\/grattis-ebba\/\" \/>\n<meta property=\"og:locale\" content=\"sv_SE\" \/>\n<meta property=\"og:type\" content=\"article\" \/>\n<meta property=\"og:title\" content=\"Grattis Ebba... - Kristdemokraterna Alvesta\" \/>\n<meta property=\"og:description\" content=\"Grattis Ebba och s\u00e5 himla roligt att recensionerna av din insats i partiledardebatten \u00e4r s\u00e5 fina. B\u00e5de fr\u00e5n experter och v\u00e4ljarunders\u00f6kningar. Ebba lyfte fr\u00e5gor om h\u00f6ga el- och dieselpriser och g\u00e4ngkriminaliteten p\u00e5 ett fantastiskt s\u00e4tt. \u201dOm politik varit sport hade Ebba Busch varit b\u00e4st\u201d Viktor Barth-Kron i Expressen \u201dHon klev fram och framstod n\u00e4stan lite Read More\" \/>\n<meta property=\"og:url\" content=\"https:\/\/wp.kristdemokraterna.se\/alvesta\/grattis-ebba\/\" \/>\n<meta property=\"og:site_name\" content=\"Kristdemokraterna Alvesta\" \/>\n<meta property=\"article:published_time\" content=\"2022-02-08T12:01:21+00:00\" \/>\n<meta name=\"author\" content=\"alvesta\" \/>\n<meta name=\"twitter:card\" content=\"summary_large_image\" \/>\n<meta name=\"twitter:label1\" content=\"Skriven av\" \/>\n\t<meta name=\"twitter:data1\" content=\"alvesta\" \/>\n\t<meta name=\"twitter:label2\" content=\"Ber\u00e4knad l\u00e4stid\" \/>\n\t<meta name=\"twitter:data2\" content=\"1 minut\" \/>\n<script type=\"application\/ld+json\" class=\"yoast-schema-graph\">{\"@context\":\"https:\\\/\\\/schema.org\",\"@graph\":[{\"@type\":\"Article\",\"@id\":\"https:\\\/\\\/wp.kristdemokraterna.se\\\/alvesta\\\/grattis-ebba\\\/#article\",\"isPartOf\":{\"@id\":\"https:\\\/\\\/wp.kristdemokraterna.se\\\/alvesta\\\/grattis-ebba\\\/\"},\"author\":{\"name\":\"alvesta\",\"@id\":\"https:\\\/\\\/wp.kristdemokraterna.se\\\/alvesta\\\/#\\\/schema\\\/person\\\/6810f6f6837cb83b88bf1351ebd1604d\"},\"headline\":\"Grattis Ebba&#8230;\",\"datePublished\":\"2022-02-08T12:01:21+00:00\",\"mainEntityOfPage\":{\"@id\":\"https:\\\/\\\/wp.kristdemokraterna.se\\\/alvesta\\\/grattis-ebba\\\/\"},\"wordCount\":122,\"articleSection\":[\"Nyheter KD Riks\"],\"inLanguage\":\"sv-SE\"},{\"@type\":\"WebPage\",\"@id\":\"https:\\\/\\\/wp.kristdemokraterna.se\\\/alvesta\\\/grattis-ebba\\\/\",\"url\":\"https:\\\/\\\/wp.kristdemokraterna.se\\\/alvesta\\\/grattis-ebba\\\/\",\"name\":\"Grattis Ebba... - Kristdemokraterna Alvesta\",\"isPartOf\":{\"@id\":\"https:\\\/\\\/wp.kristdemokraterna.se\\\/alvesta\\\/#website\"},\"datePublished\":\"2022-02-08T12:01:21+00:00\",\"author\":{\"@id\":\"https:\\\/\\\/wp.kristdemokraterna.se\\\/alvesta\\\/#\\\/schema\\\/person\\\/6810f6f6837cb83b88bf1351ebd1604d\"},\"breadcrumb\":{\"@id\":\"https:\\\/\\\/wp.kristdemokraterna.se\\\/alvesta\\\/grattis-ebba\\\/#breadcrumb\"},\"inLanguage\":\"sv-SE\",\"potentialAction\":[{\"@type\":\"ReadAction\",\"target\":[\"https:\\\/\\\/wp.kristdemokraterna.se\\\/alvesta\\\/grattis-ebba\\\/\"]}]},{\"@type\":\"BreadcrumbList\",\"@id\":\"https:\\\/\\\/wp.kristdemokraterna.se\\\/alvesta\\\/grattis-ebba\\\/#breadcrumb\",\"itemListElement\":[{\"@type\":\"ListItem\",\"position\":1,\"name\":\"Hem\",\"item\":\"https:\\\/\\\/wp.kristdemokraterna.se\\\/alvesta\\\/\"},{\"@type\":\"ListItem\",\"position\":2,\"name\":\"Grattis Ebba&#8230;\"}]},{\"@type\":\"WebSite\",\"@id\":\"https:\\\/\\\/wp.kristdemokraterna.se\\\/alvesta\\\/#website\",\"url\":\"https:\\\/\\\/wp.kristdemokraterna.se\\\/alvesta\\\/\",\"name\":\"Kristdemokraterna Alvesta\",\"description\":\"En till Kristdemokraterna webbplats\",\"inLanguage\":\"sv-SE\"},{\"@type\":\"Person\",\"@id\":\"https:\\\/\\\/wp.kristdemokraterna.se\\\/alvesta\\\/#\\\/schema\\\/person\\\/6810f6f6837cb83b88bf1351ebd1604d\",\"name\":\"alvesta\",\"image\":{\"@type\":\"ImageObject\",\"inLanguage\":\"sv-SE\",\"@id\":\"https:\\\/\\\/secure.gravatar.com\\\/avatar\\\/6308b77d307448058fb02931b4daa7568f960d9593c58ebaccafec9f1de9ca9c?s=96&r=g\",\"url\":\"https:\\\/\\\/secure.gravatar.com\\\/avatar\\\/6308b77d307448058fb02931b4daa7568f960d9593c58ebaccafec9f1de9ca9c?s=96&r=g\",\"contentUrl\":\"https:\\\/\\\/secure.gravatar.com\\\/avatar\\\/6308b77d307448058fb02931b4daa7568f960d9593c58ebaccafec9f1de9ca9c?s=96&r=g\",\"caption\":\"alvesta\"},\"url\":\"https:\\\/\\\/wp.kristdemokraterna.se\\\/alvesta\\\/author\\\/alvesta\\\/\"}]}<\/script>\n<!-- \/ Yoast SEO plugin. -->","yoast_head_json":{"title":"Grattis Ebba... - Kristdemokraterna Alvesta","robots":{"index":"index","follow":"follow","max-snippet":"max-snippet:-1","max-image-preview":"max-image-preview:large","max-video-preview":"max-video-preview:-1"},"canonical":"https:\/\/wp.kristdemokraterna.se\/alvesta\/grattis-ebba\/","og_locale":"sv_SE","og_type":"article","og_title":"Grattis Ebba... - Kristdemokraterna Alvesta","og_description":"Grattis Ebba och s\u00e5 himla roligt att recensionerna av din insats i partiledardebatten \u00e4r s\u00e5 fina. B\u00e5de fr\u00e5n experter och v\u00e4ljarunders\u00f6kningar. Ebba lyfte fr\u00e5gor om h\u00f6ga el- och dieselpriser och g\u00e4ngkriminaliteten p\u00e5 ett fantastiskt s\u00e4tt. \u201dOm politik varit sport hade Ebba Busch varit b\u00e4st\u201d Viktor Barth-Kron i Expressen \u201dHon klev fram och framstod n\u00e4stan lite Read More","og_url":"https:\/\/wp.kristdemokraterna.se\/alvesta\/grattis-ebba\/","og_site_name":"Kristdemokraterna Alvesta","article_published_time":"2022-02-08T12:01:21+00:00","author":"alvesta","twitter_card":"summary_large_image","twitter_misc":{"Skriven av":"alvesta","Ber\u00e4knad l\u00e4stid":"1 minut"},"schema":{"@context":"https:\/\/schema.org","@graph":[{"@type":"Article","@id":"https:\/\/wp.kristdemokraterna.se\/alvesta\/grattis-ebba\/#article","isPartOf":{"@id":"https:\/\/wp.kristdemokraterna.se\/alvesta\/grattis-ebba\/"},"author":{"name":"alvesta","@id":"https:\/\/wp.kristdemokraterna.se\/alvesta\/#\/schema\/person\/6810f6f6837cb83b88bf1351ebd1604d"},"headline":"Grattis Ebba&#8230;","datePublished":"2022-02-08T12:01:21+00:00","mainEntityOfPage":{"@id":"https:\/\/wp.kristdemokraterna.se\/alvesta\/grattis-ebba\/"},"wordCount":122,"articleSection":["Nyheter KD Riks"],"inLanguage":"sv-SE"},{"@type":"WebPage","@id":"https:\/\/wp.kristdemokraterna.se\/alvesta\/grattis-ebba\/","url":"https:\/\/wp.kristdemokraterna.se\/alvesta\/grattis-ebba\/","name":"Grattis Ebba... - Kristdemokraterna Alvesta","isPartOf":{"@id":"https:\/\/wp.kristdemokraterna.se\/alvesta\/#website"},"datePublished":"2022-02-08T12:01:21+00:00","author":{"@id":"https:\/\/wp.kristdemokraterna.se\/alvesta\/#\/schema\/person\/6810f6f6837cb83b88bf1351ebd1604d"},"breadcrumb":{"@id":"https:\/\/wp.kristdemokraterna.se\/alvesta\/grattis-ebba\/#breadcrumb"},"inLanguage":"sv-SE","potentialAction":[{"@type":"ReadAction","target":["https:\/\/wp.kristdemokraterna.se\/alvesta\/grattis-ebba\/"]}]},{"@type":"BreadcrumbList","@id":"https:\/\/wp.kristdemokraterna.se\/alvesta\/grattis-ebba\/#breadcrumb","itemListElement":[{"@type":"ListItem","position":1,"name":"Hem","item":"https:\/\/wp.kristdemokraterna.se\/alvesta\/"},{"@type":"ListItem","position":2,"name":"Grattis Ebba&#8230;"}]},{"@type":"WebSite","@id":"https:\/\/wp.kristdemokraterna.se\/alvesta\/#website","url":"https:\/\/wp.kristdemokraterna.se\/alvesta\/","name":"Kristdemokraterna Alvesta","description":"En till Kristdemokraterna webbplats","inLanguage":"sv-SE"},{"@type":"Person","@id":"https:\/\/wp.kristdemokraterna.se\/alvesta\/#\/schema\/person\/6810f6f6837cb83b88bf1351ebd1604d","name":"alvesta","image":{"@type":"ImageObject","inLanguage":"sv-SE","@id":"https:\/\/secure.gravatar.com\/avatar\/6308b77d307448058fb02931b4daa7568f960d9593c58ebaccafec9f1de9ca9c?s=96&r=g","url":"https:\/\/secure.gravatar.com\/avatar\/6308b77d307448058fb02931b4daa7568f960d9593c58ebaccafec9f1de9ca9c?s=96&r=g","contentUrl":"https:\/\/secure.gravatar.com\/avatar\/6308b77d307448058fb02931b4daa7568f960d9593c58ebaccafec9f1de9ca9c?s=96&r=g","caption":"alvesta"},"url":"https:\/\/wp.kristdemokraterna.se\/alvesta\/author\/alvesta\/"}]}},"_links":{"self":[{"href":"https:\/\/wp.kristdemokraterna.se\/alvesta\/wp-json\/wp\/v2\/posts\/2360","targetHints":{"allow":["GET"]}}],"collection":[{"href":"https:\/\/wp.kristdemokraterna.se\/alvesta\/wp-json\/wp\/v2\/posts"}],"about":[{"href":"https:\/\/wp.kristdemokraterna.se\/alvesta\/wp-json\/wp\/v2\/types\/post"}],"author":[{"embeddable":true,"href":"https:\/\/wp.kristdemokraterna.se\/alvesta\/wp-json\/wp\/v2\/users\/443"}],"replies":[{"embeddable":true,"href":"https:\/\/wp.kristdemokraterna.se\/alvesta\/wp-json\/wp\/v2\/comments?post=2360"}],"version-history":[{"count":1,"href":"https:\/\/wp.kristdemokraterna.se\/alvesta\/wp-json\/wp\/v2\/posts\/2360\/revisions"}],"predecessor-version":[{"id":2362,"href":"https:\/\/wp.kristdemokraterna.se\/alvesta\/wp-json\/wp\/v2\/posts\/2360\/revisions\/2362"}],"wp:attachment":[{"href":"https:\/\/wp.kristdemokraterna.se\/alvesta\/wp-json\/wp\/v2\/media?parent=2360"}],"wp:term":[{"taxonomy":"category","embeddable":true,"href":"https:\/\/wp.kristdemokraterna.se\/alvesta\/wp-json\/wp\/v2\/categories?post=2360"},{"taxonomy":"post_tag","embeddable":true,"href":"https:\/\/wp.kristdemokraterna.se\/alvesta\/wp-json\/wp\/v2\/tags?post=2360"}],"curies":[{"name":"wp","href":"https:\/\/api.w.org\/{rel}","templated":true}]}}