{"id":2369,"date":"2022-02-11T08:33:32","date_gmt":"2022-02-11T07:33:32","guid":{"rendered":"https:\/\/wp.kristdemokraterna.se\/alvesta\/?p=2369"},"modified":"2022-02-11T08:33:32","modified_gmt":"2022-02-11T07:33:32","slug":"det-handlar-inte-om-hoger-eller-vanster","status":"publish","type":"post","link":"https:\/\/wp.kristdemokraterna.se\/alvesta\/det-handlar-inte-om-hoger-eller-vanster\/","title":{"rendered":"Det handlar inte om h\u00f6ger eller v\u00e4nster."},"content":{"rendered":"<p>V\u00e5rd i tid borde inte vara en fr\u00e5ga om h\u00f6ger mot v\u00e4nster. Det \u00e4r d\u00e4rf\u00f6r sorgligt att Socialdemokraterna f\u00f6rsvarar ett f\u00f6rlegat system fr\u00e5n 1862 som bidrar till de rekordl\u00e5nga k\u00f6erna. Vi vill l\u00e4gga ner ett f\u00f6rlegat system och l\u00e5ta staten ha ett huvudansvar f\u00f6r sjukv\u00e5rden, s\u00e5som v\u00e5ra grannl\u00e4nder redan gjort.<br \/>\nSocialdemokraterna pratar om hur det \u00e4r, Kristdemokraterna visar att det inte beh\u00f6ver forts\u00e4tta vara s\u00e5 h\u00e4r. Vill man ha en ny, modern och j\u00e4mlik sjukv\u00e5rd i Sverige s\u00e5 g\u00e4ller det att r\u00f6sta f\u00f6r en ny regering i h\u00f6st.<\/p>\n<div dir=\"auto\">Vill du vara med och ge Sverige en ny start? Bli medlem du ocks\u00e5.<\/div>\n<div dir=\"auto\"><a class=\"oajrlxb2 g5ia77u1 qu0x051f esr5mh6w e9989ue4 r7d6kgcz rq0escxv nhd2j8a9 nc684nl6 p7hjln8o kvgmc6g5 cxmmr5t8 oygrvhab hcukyx3x jb3vyjys rz4wbd8a qt6c0cv9 a8nywdso i1ao9s8h esuyzwwr f1sip0of lzcic4wl gpro0wi8 py34i1dx\" role=\"link\" href=\"http:\/\/kd.nu\/blimedlem?fbclid=IwAR3PlxCdynVgOWzmbpWp5oSTyKgf2iMAxaBNFy1SYrXR4QpWxtKXAj7VoMc\" target=\"_blank\" rel=\"nofollow noopener\">KD.nu\/blimedlem<\/a><\/div>\n","protected":false},"excerpt":{"rendered":"<p>V\u00e5rd i tid borde inte vara en fr\u00e5ga om h\u00f6ger mot v\u00e4nster. Det \u00e4r d\u00e4rf\u00f6r sorgligt att Socialdemokraterna f\u00f6rsvarar ett f\u00f6rlegat system fr\u00e5n 1862 som bidrar till de rekordl\u00e5nga k\u00f6erna. Vi vill l\u00e4gga ner ett f\u00f6rlegat system och l\u00e5ta staten ha ett huvudansvar f\u00f6r sjukv\u00e5rden, s\u00e5som v\u00e5ra grannl\u00e4nder redan gjort. Socialdemokraterna pratar om hur det <a class=\"read-more-link\" href=\"https:\/\/wp.kristdemokraterna.se\/alvesta\/det-handlar-inte-om-hoger-eller-vanster\/\">Read More<\/a><\/p>\n","protected":false},"author":443,"featured_media":0,"comment_status":"closed","ping_status":"closed","sticky":false,"template":"","format":"standard","meta":{"_acf_changed":false,"footnotes":""},"categories":[10,1],"tags":[],"class_list":["post-2369","post","type-post","status-publish","format-standard","hentry","category-senaste-nytt","category-okategoriserade"],"acf":[],"yoast_head":"<!-- This site is optimized with the Yoast SEO plugin v27.5 - https:\/\/yoast.com\/product\/yoast-seo-wordpress\/ -->\n<title>Det handlar inte om h\u00f6ger eller v\u00e4nster. - Kristdemokraterna Alvesta<\/title>\n<meta name=\"robots\" content=\"index, follow, max-snippet:-1, max-image-preview:large, max-video-preview:-1\" \/>\n<link rel=\"canonical\" href=\"https:\/\/wp.kristdemokraterna.se\/alvesta\/det-handlar-inte-om-hoger-eller-vanster\/\" \/>\n<meta property=\"og:locale\" content=\"sv_SE\" \/>\n<meta property=\"og:type\" content=\"article\" \/>\n<meta property=\"og:title\" content=\"Det handlar inte om h\u00f6ger eller v\u00e4nster. - Kristdemokraterna Alvesta\" \/>\n<meta property=\"og:description\" content=\"V\u00e5rd i tid borde inte vara en fr\u00e5ga om h\u00f6ger mot v\u00e4nster. Det \u00e4r d\u00e4rf\u00f6r sorgligt att Socialdemokraterna f\u00f6rsvarar ett f\u00f6rlegat system fr\u00e5n 1862 som bidrar till de rekordl\u00e5nga k\u00f6erna. Vi vill l\u00e4gga ner ett f\u00f6rlegat system och l\u00e5ta staten ha ett huvudansvar f\u00f6r sjukv\u00e5rden, s\u00e5som v\u00e5ra grannl\u00e4nder redan gjort. Socialdemokraterna pratar om hur det Read More\" \/>\n<meta property=\"og:url\" content=\"https:\/\/wp.kristdemokraterna.se\/alvesta\/det-handlar-inte-om-hoger-eller-vanster\/\" \/>\n<meta property=\"og:site_name\" content=\"Kristdemokraterna Alvesta\" \/>\n<meta property=\"article:published_time\" content=\"2022-02-11T07:33:32+00:00\" \/>\n<meta name=\"author\" content=\"alvesta\" \/>\n<meta name=\"twitter:card\" content=\"summary_large_image\" \/>\n<meta name=\"twitter:label1\" content=\"Skriven av\" \/>\n\t<meta name=\"twitter:data1\" content=\"alvesta\" \/>\n\t<meta name=\"twitter:label2\" content=\"Ber\u00e4knad l\u00e4stid\" \/>\n\t<meta name=\"twitter:data2\" content=\"1 minut\" \/>\n<script type=\"application\/ld+json\" class=\"yoast-schema-graph\">{\"@context\":\"https:\\\/\\\/schema.org\",\"@graph\":[{\"@type\":\"Article\",\"@id\":\"https:\\\/\\\/wp.kristdemokraterna.se\\\/alvesta\\\/det-handlar-inte-om-hoger-eller-vanster\\\/#article\",\"isPartOf\":{\"@id\":\"https:\\\/\\\/wp.kristdemokraterna.se\\\/alvesta\\\/det-handlar-inte-om-hoger-eller-vanster\\\/\"},\"author\":{\"name\":\"alvesta\",\"@id\":\"https:\\\/\\\/wp.kristdemokraterna.se\\\/alvesta\\\/#\\\/schema\\\/person\\\/6810f6f6837cb83b88bf1351ebd1604d\"},\"headline\":\"Det handlar inte om h\u00f6ger eller v\u00e4nster.\",\"datePublished\":\"2022-02-11T07:33:32+00:00\",\"mainEntityOfPage\":{\"@id\":\"https:\\\/\\\/wp.kristdemokraterna.se\\\/alvesta\\\/det-handlar-inte-om-hoger-eller-vanster\\\/\"},\"wordCount\":141,\"articleSection\":[\"Nyheter KD Riks\"],\"inLanguage\":\"sv-SE\"},{\"@type\":\"WebPage\",\"@id\":\"https:\\\/\\\/wp.kristdemokraterna.se\\\/alvesta\\\/det-handlar-inte-om-hoger-eller-vanster\\\/\",\"url\":\"https:\\\/\\\/wp.kristdemokraterna.se\\\/alvesta\\\/det-handlar-inte-om-hoger-eller-vanster\\\/\",\"name\":\"Det handlar inte om h\u00f6ger eller v\u00e4nster. - Kristdemokraterna Alvesta\",\"isPartOf\":{\"@id\":\"https:\\\/\\\/wp.kristdemokraterna.se\\\/alvesta\\\/#website\"},\"datePublished\":\"2022-02-11T07:33:32+00:00\",\"author\":{\"@id\":\"https:\\\/\\\/wp.kristdemokraterna.se\\\/alvesta\\\/#\\\/schema\\\/person\\\/6810f6f6837cb83b88bf1351ebd1604d\"},\"breadcrumb\":{\"@id\":\"https:\\\/\\\/wp.kristdemokraterna.se\\\/alvesta\\\/det-handlar-inte-om-hoger-eller-vanster\\\/#breadcrumb\"},\"inLanguage\":\"sv-SE\",\"potentialAction\":[{\"@type\":\"ReadAction\",\"target\":[\"https:\\\/\\\/wp.kristdemokraterna.se\\\/alvesta\\\/det-handlar-inte-om-hoger-eller-vanster\\\/\"]}]},{\"@type\":\"BreadcrumbList\",\"@id\":\"https:\\\/\\\/wp.kristdemokraterna.se\\\/alvesta\\\/det-handlar-inte-om-hoger-eller-vanster\\\/#breadcrumb\",\"itemListElement\":[{\"@type\":\"ListItem\",\"position\":1,\"name\":\"Hem\",\"item\":\"https:\\\/\\\/wp.kristdemokraterna.se\\\/alvesta\\\/\"},{\"@type\":\"ListItem\",\"position\":2,\"name\":\"Det handlar inte om h\u00f6ger eller v\u00e4nster.\"}]},{\"@type\":\"WebSite\",\"@id\":\"https:\\\/\\\/wp.kristdemokraterna.se\\\/alvesta\\\/#website\",\"url\":\"https:\\\/\\\/wp.kristdemokraterna.se\\\/alvesta\\\/\",\"name\":\"Kristdemokraterna Alvesta\",\"description\":\"En till Kristdemokraterna webbplats\",\"inLanguage\":\"sv-SE\"},{\"@type\":\"Person\",\"@id\":\"https:\\\/\\\/wp.kristdemokraterna.se\\\/alvesta\\\/#\\\/schema\\\/person\\\/6810f6f6837cb83b88bf1351ebd1604d\",\"name\":\"alvesta\",\"image\":{\"@type\":\"ImageObject\",\"inLanguage\":\"sv-SE\",\"@id\":\"https:\\\/\\\/secure.gravatar.com\\\/avatar\\\/6308b77d307448058fb02931b4daa7568f960d9593c58ebaccafec9f1de9ca9c?s=96&r=g\",\"url\":\"https:\\\/\\\/secure.gravatar.com\\\/avatar\\\/6308b77d307448058fb02931b4daa7568f960d9593c58ebaccafec9f1de9ca9c?s=96&r=g\",\"contentUrl\":\"https:\\\/\\\/secure.gravatar.com\\\/avatar\\\/6308b77d307448058fb02931b4daa7568f960d9593c58ebaccafec9f1de9ca9c?s=96&r=g\",\"caption\":\"alvesta\"},\"url\":\"https:\\\/\\\/wp.kristdemokraterna.se\\\/alvesta\\\/author\\\/alvesta\\\/\"}]}<\/script>\n<!-- \/ Yoast SEO plugin. -->","yoast_head_json":{"title":"Det handlar inte om h\u00f6ger eller v\u00e4nster. - Kristdemokraterna Alvesta","robots":{"index":"index","follow":"follow","max-snippet":"max-snippet:-1","max-image-preview":"max-image-preview:large","max-video-preview":"max-video-preview:-1"},"canonical":"https:\/\/wp.kristdemokraterna.se\/alvesta\/det-handlar-inte-om-hoger-eller-vanster\/","og_locale":"sv_SE","og_type":"article","og_title":"Det handlar inte om h\u00f6ger eller v\u00e4nster. - Kristdemokraterna Alvesta","og_description":"V\u00e5rd i tid borde inte vara en fr\u00e5ga om h\u00f6ger mot v\u00e4nster. Det \u00e4r d\u00e4rf\u00f6r sorgligt att Socialdemokraterna f\u00f6rsvarar ett f\u00f6rlegat system fr\u00e5n 1862 som bidrar till de rekordl\u00e5nga k\u00f6erna. Vi vill l\u00e4gga ner ett f\u00f6rlegat system och l\u00e5ta staten ha ett huvudansvar f\u00f6r sjukv\u00e5rden, s\u00e5som v\u00e5ra grannl\u00e4nder redan gjort. Socialdemokraterna pratar om hur det Read More","og_url":"https:\/\/wp.kristdemokraterna.se\/alvesta\/det-handlar-inte-om-hoger-eller-vanster\/","og_site_name":"Kristdemokraterna Alvesta","article_published_time":"2022-02-11T07:33:32+00:00","author":"alvesta","twitter_card":"summary_large_image","twitter_misc":{"Skriven av":"alvesta","Ber\u00e4knad l\u00e4stid":"1 minut"},"schema":{"@context":"https:\/\/schema.org","@graph":[{"@type":"Article","@id":"https:\/\/wp.kristdemokraterna.se\/alvesta\/det-handlar-inte-om-hoger-eller-vanster\/#article","isPartOf":{"@id":"https:\/\/wp.kristdemokraterna.se\/alvesta\/det-handlar-inte-om-hoger-eller-vanster\/"},"author":{"name":"alvesta","@id":"https:\/\/wp.kristdemokraterna.se\/alvesta\/#\/schema\/person\/6810f6f6837cb83b88bf1351ebd1604d"},"headline":"Det handlar inte om h\u00f6ger eller v\u00e4nster.","datePublished":"2022-02-11T07:33:32+00:00","mainEntityOfPage":{"@id":"https:\/\/wp.kristdemokraterna.se\/alvesta\/det-handlar-inte-om-hoger-eller-vanster\/"},"wordCount":141,"articleSection":["Nyheter KD Riks"],"inLanguage":"sv-SE"},{"@type":"WebPage","@id":"https:\/\/wp.kristdemokraterna.se\/alvesta\/det-handlar-inte-om-hoger-eller-vanster\/","url":"https:\/\/wp.kristdemokraterna.se\/alvesta\/det-handlar-inte-om-hoger-eller-vanster\/","name":"Det handlar inte om h\u00f6ger eller v\u00e4nster. - Kristdemokraterna Alvesta","isPartOf":{"@id":"https:\/\/wp.kristdemokraterna.se\/alvesta\/#website"},"datePublished":"2022-02-11T07:33:32+00:00","author":{"@id":"https:\/\/wp.kristdemokraterna.se\/alvesta\/#\/schema\/person\/6810f6f6837cb83b88bf1351ebd1604d"},"breadcrumb":{"@id":"https:\/\/wp.kristdemokraterna.se\/alvesta\/det-handlar-inte-om-hoger-eller-vanster\/#breadcrumb"},"inLanguage":"sv-SE","potentialAction":[{"@type":"ReadAction","target":["https:\/\/wp.kristdemokraterna.se\/alvesta\/det-handlar-inte-om-hoger-eller-vanster\/"]}]},{"@type":"BreadcrumbList","@id":"https:\/\/wp.kristdemokraterna.se\/alvesta\/det-handlar-inte-om-hoger-eller-vanster\/#breadcrumb","itemListElement":[{"@type":"ListItem","position":1,"name":"Hem","item":"https:\/\/wp.kristdemokraterna.se\/alvesta\/"},{"@type":"ListItem","position":2,"name":"Det handlar inte om h\u00f6ger eller v\u00e4nster."}]},{"@type":"WebSite","@id":"https:\/\/wp.kristdemokraterna.se\/alvesta\/#website","url":"https:\/\/wp.kristdemokraterna.se\/alvesta\/","name":"Kristdemokraterna Alvesta","description":"En till Kristdemokraterna webbplats","inLanguage":"sv-SE"},{"@type":"Person","@id":"https:\/\/wp.kristdemokraterna.se\/alvesta\/#\/schema\/person\/6810f6f6837cb83b88bf1351ebd1604d","name":"alvesta","image":{"@type":"ImageObject","inLanguage":"sv-SE","@id":"https:\/\/secure.gravatar.com\/avatar\/6308b77d307448058fb02931b4daa7568f960d9593c58ebaccafec9f1de9ca9c?s=96&r=g","url":"https:\/\/secure.gravatar.com\/avatar\/6308b77d307448058fb02931b4daa7568f960d9593c58ebaccafec9f1de9ca9c?s=96&r=g","contentUrl":"https:\/\/secure.gravatar.com\/avatar\/6308b77d307448058fb02931b4daa7568f960d9593c58ebaccafec9f1de9ca9c?s=96&r=g","caption":"alvesta"},"url":"https:\/\/wp.kristdemokraterna.se\/alvesta\/author\/alvesta\/"}]}},"_links":{"self":[{"href":"https:\/\/wp.kristdemokraterna.se\/alvesta\/wp-json\/wp\/v2\/posts\/2369","targetHints":{"allow":["GET"]}}],"collection":[{"href":"https:\/\/wp.kristdemokraterna.se\/alvesta\/wp-json\/wp\/v2\/posts"}],"about":[{"href":"https:\/\/wp.kristdemokraterna.se\/alvesta\/wp-json\/wp\/v2\/types\/post"}],"author":[{"embeddable":true,"href":"https:\/\/wp.kristdemokraterna.se\/alvesta\/wp-json\/wp\/v2\/users\/443"}],"replies":[{"embeddable":true,"href":"https:\/\/wp.kristdemokraterna.se\/alvesta\/wp-json\/wp\/v2\/comments?post=2369"}],"version-history":[{"count":1,"href":"https:\/\/wp.kristdemokraterna.se\/alvesta\/wp-json\/wp\/v2\/posts\/2369\/revisions"}],"predecessor-version":[{"id":2371,"href":"https:\/\/wp.kristdemokraterna.se\/alvesta\/wp-json\/wp\/v2\/posts\/2369\/revisions\/2371"}],"wp:attachment":[{"href":"https:\/\/wp.kristdemokraterna.se\/alvesta\/wp-json\/wp\/v2\/media?parent=2369"}],"wp:term":[{"taxonomy":"category","embeddable":true,"href":"https:\/\/wp.kristdemokraterna.se\/alvesta\/wp-json\/wp\/v2\/categories?post=2369"},{"taxonomy":"post_tag","embeddable":true,"href":"https:\/\/wp.kristdemokraterna.se\/alvesta\/wp-json\/wp\/v2\/tags?post=2369"}],"curies":[{"name":"wp","href":"https:\/\/api.w.org\/{rel}","templated":true}]}}