{"id":2446,"date":"2022-03-17T12:51:42","date_gmt":"2022-03-17T11:51:42","guid":{"rendered":"https:\/\/wp.kristdemokraterna.se\/alvesta\/?p=2446"},"modified":"2022-03-17T12:51:42","modified_gmt":"2022-03-17T11:51:42","slug":"svenska-bonder-behovs-nu-mer-an-nagonsin","status":"publish","type":"post","link":"https:\/\/wp.kristdemokraterna.se\/alvesta\/svenska-bonder-behovs-nu-mer-an-nagonsin\/","title":{"rendered":"Svenska b\u00f6nder beh\u00f6vs nu mer \u00e4n n\u00e5gonsin."},"content":{"rendered":"<p>Ute p\u00e5 mina resor i Sverige tr\u00e4ffar vi m\u00e5nga som \u00e4r genuint oroliga. Med r\u00e4tta. F\u00f6r elr\u00e4kningen, f\u00f6r de skenande br\u00e4nslepriserna. \u00c5kerier som tvingats st\u00e4nga ner delar eller hela sin verksamhet p\u00e5 grund av de h\u00f6ga kostnaderna. Lantbrukare som genom generationer brukat jorden, men som nu k\u00e4nner att det inte fungerar l\u00e4ngre.<br \/>\nI de orostider som v\u00e4rlden befinner sig i efter Rysslands krig mot Ukraina blir det allt tydligare hur viktig sj\u00e4lvf\u00f6rs\u00f6rjningen \u00e4r f\u00f6r Sverige. Vi borde inte vara s\u00e5 beroende av import av basala varor som vi \u00e4r idag. Svenska b\u00f6nder \u00e4r avg\u00f6rande i detta arbete och ska inte motarbetas som de gjorts av den h\u00e4r regeringen.<br \/>\nI veckan tr\u00e4ffade jag lantbrukare fr\u00e5n hela landet p\u00e5 Knistad herrg\u00e5rd i Sk\u00f6vde, anordnat av Sveriges Mj\u00f6lkb\u00f6nder. Otroligt m\u00e5nga bra samtal och fr\u00e5gor lyftes. Vi h\u00f6r er och kommer forts\u00e4tta st\u00f6tta svenska b\u00f6nder och de gr\u00f6na n\u00e4ringarna nu n\u00e4r Sverige tyv\u00e4rr g\u00e5r i motsatt riktning.<\/p>\n<p><a class=\"oajrlxb2 g5ia77u1 qu0x051f esr5mh6w e9989ue4 r7d6kgcz rq0escxv nhd2j8a9 nc684nl6 p7hjln8o kvgmc6g5 cxmmr5t8 oygrvhab hcukyx3x jb3vyjys rz4wbd8a qt6c0cv9 a8nywdso i1ao9s8h esuyzwwr f1sip0of lzcic4wl gpro0wi8 py34i1dx\" role=\"link\" href=\"https:\/\/l.facebook.com\/l.php?u=http%3A%2F%2FKD.nu%2Fblimedlem%3Ffbclid%3DIwAR2N1VcgmPRP_K2NLWi1cLJ7jDh40jxKnsNamV9OEDVOPOQiSNk89PKwVgI&amp;h=AT3OA9iReHxVCjgRl1e2JI8MNxpXcEyggwghsQVEJLdfcnOwUCKflAfhGmK1BCUN1VAK6bf-5B49CtLk0XcIiyAKvokC1rjTvPVFDpR7QG4FdWUI1CxC2-_nr2MKR6Mjsw&amp;__tn__=-UK-y-R&amp;c[0]=AT2jCWwEYPqJt9q3KLiJHmEnbxwZ9CgjcbdJegpRRcjW_W6kvnmfmr0cWVJsV3jeK_8VTSGeOXhewiWcLGDC7rR8BHQFYKvCXDB2zgBNha_7RNaLou1qIDJu1WkR6ul3WI531hzEsrit9Z_wMgbs1nVnYGpz0OaFI5RCzo9W2769T-PQRo078RB3jP7L7HzuJMS9WW3iwXblzKedoo5RQ-2mSV6zKw58i_deIik\" target=\"_blank\" rel=\"nofollow noopener\">KD.nu\/blimedlem<\/a><\/p>\n","protected":false},"excerpt":{"rendered":"<p>Ute p\u00e5 mina resor i Sverige tr\u00e4ffar vi m\u00e5nga som \u00e4r genuint oroliga. Med r\u00e4tta. F\u00f6r elr\u00e4kningen, f\u00f6r de skenande br\u00e4nslepriserna. \u00c5kerier som tvingats st\u00e4nga ner delar eller hela sin verksamhet p\u00e5 grund av de h\u00f6ga kostnaderna. Lantbrukare som genom generationer brukat jorden, men som nu k\u00e4nner att det inte fungerar l\u00e4ngre. I de orostider <a class=\"read-more-link\" href=\"https:\/\/wp.kristdemokraterna.se\/alvesta\/svenska-bonder-behovs-nu-mer-an-nagonsin\/\">Read More<\/a><\/p>\n","protected":false},"author":443,"featured_media":0,"comment_status":"closed","ping_status":"closed","sticky":false,"template":"","format":"standard","meta":{"_acf_changed":false,"footnotes":""},"categories":[5,1],"tags":[],"class_list":["post-2446","post","type-post","status-publish","format-standard","hentry","category-inlagg","category-okategoriserade"],"acf":[],"yoast_head":"<!-- This site is optimized with the Yoast SEO plugin v27.5 - https:\/\/yoast.com\/product\/yoast-seo-wordpress\/ -->\n<title>Svenska b\u00f6nder beh\u00f6vs nu mer \u00e4n n\u00e5gonsin. - Kristdemokraterna Alvesta<\/title>\n<meta name=\"robots\" content=\"index, follow, max-snippet:-1, max-image-preview:large, max-video-preview:-1\" \/>\n<link rel=\"canonical\" href=\"https:\/\/wp.kristdemokraterna.se\/alvesta\/svenska-bonder-behovs-nu-mer-an-nagonsin\/\" \/>\n<meta property=\"og:locale\" content=\"sv_SE\" \/>\n<meta property=\"og:type\" content=\"article\" \/>\n<meta property=\"og:title\" content=\"Svenska b\u00f6nder beh\u00f6vs nu mer \u00e4n n\u00e5gonsin. - Kristdemokraterna Alvesta\" \/>\n<meta property=\"og:description\" content=\"Ute p\u00e5 mina resor i Sverige tr\u00e4ffar vi m\u00e5nga som \u00e4r genuint oroliga. Med r\u00e4tta. F\u00f6r elr\u00e4kningen, f\u00f6r de skenande br\u00e4nslepriserna. \u00c5kerier som tvingats st\u00e4nga ner delar eller hela sin verksamhet p\u00e5 grund av de h\u00f6ga kostnaderna. Lantbrukare som genom generationer brukat jorden, men som nu k\u00e4nner att det inte fungerar l\u00e4ngre. I de orostider Read More\" \/>\n<meta property=\"og:url\" content=\"https:\/\/wp.kristdemokraterna.se\/alvesta\/svenska-bonder-behovs-nu-mer-an-nagonsin\/\" \/>\n<meta property=\"og:site_name\" content=\"Kristdemokraterna Alvesta\" \/>\n<meta property=\"article:published_time\" content=\"2022-03-17T11:51:42+00:00\" \/>\n<meta name=\"author\" content=\"alvesta\" \/>\n<meta name=\"twitter:card\" content=\"summary_large_image\" \/>\n<meta name=\"twitter:label1\" content=\"Skriven av\" \/>\n\t<meta name=\"twitter:data1\" content=\"alvesta\" \/>\n\t<meta name=\"twitter:label2\" content=\"Ber\u00e4knad l\u00e4stid\" \/>\n\t<meta name=\"twitter:data2\" content=\"1 minut\" \/>\n<script type=\"application\/ld+json\" class=\"yoast-schema-graph\">{\"@context\":\"https:\\\/\\\/schema.org\",\"@graph\":[{\"@type\":\"Article\",\"@id\":\"https:\\\/\\\/wp.kristdemokraterna.se\\\/alvesta\\\/svenska-bonder-behovs-nu-mer-an-nagonsin\\\/#article\",\"isPartOf\":{\"@id\":\"https:\\\/\\\/wp.kristdemokraterna.se\\\/alvesta\\\/svenska-bonder-behovs-nu-mer-an-nagonsin\\\/\"},\"author\":{\"name\":\"alvesta\",\"@id\":\"https:\\\/\\\/wp.kristdemokraterna.se\\\/alvesta\\\/#\\\/schema\\\/person\\\/6810f6f6837cb83b88bf1351ebd1604d\"},\"headline\":\"Svenska b\u00f6nder beh\u00f6vs nu mer \u00e4n n\u00e5gonsin.\",\"datePublished\":\"2022-03-17T11:51:42+00:00\",\"mainEntityOfPage\":{\"@id\":\"https:\\\/\\\/wp.kristdemokraterna.se\\\/alvesta\\\/svenska-bonder-behovs-nu-mer-an-nagonsin\\\/\"},\"wordCount\":202,\"articleSection\":[\"inl\u00e4gg\"],\"inLanguage\":\"sv-SE\"},{\"@type\":\"WebPage\",\"@id\":\"https:\\\/\\\/wp.kristdemokraterna.se\\\/alvesta\\\/svenska-bonder-behovs-nu-mer-an-nagonsin\\\/\",\"url\":\"https:\\\/\\\/wp.kristdemokraterna.se\\\/alvesta\\\/svenska-bonder-behovs-nu-mer-an-nagonsin\\\/\",\"name\":\"Svenska b\u00f6nder beh\u00f6vs nu mer \u00e4n n\u00e5gonsin. - Kristdemokraterna Alvesta\",\"isPartOf\":{\"@id\":\"https:\\\/\\\/wp.kristdemokraterna.se\\\/alvesta\\\/#website\"},\"datePublished\":\"2022-03-17T11:51:42+00:00\",\"author\":{\"@id\":\"https:\\\/\\\/wp.kristdemokraterna.se\\\/alvesta\\\/#\\\/schema\\\/person\\\/6810f6f6837cb83b88bf1351ebd1604d\"},\"breadcrumb\":{\"@id\":\"https:\\\/\\\/wp.kristdemokraterna.se\\\/alvesta\\\/svenska-bonder-behovs-nu-mer-an-nagonsin\\\/#breadcrumb\"},\"inLanguage\":\"sv-SE\",\"potentialAction\":[{\"@type\":\"ReadAction\",\"target\":[\"https:\\\/\\\/wp.kristdemokraterna.se\\\/alvesta\\\/svenska-bonder-behovs-nu-mer-an-nagonsin\\\/\"]}]},{\"@type\":\"BreadcrumbList\",\"@id\":\"https:\\\/\\\/wp.kristdemokraterna.se\\\/alvesta\\\/svenska-bonder-behovs-nu-mer-an-nagonsin\\\/#breadcrumb\",\"itemListElement\":[{\"@type\":\"ListItem\",\"position\":1,\"name\":\"Hem\",\"item\":\"https:\\\/\\\/wp.kristdemokraterna.se\\\/alvesta\\\/\"},{\"@type\":\"ListItem\",\"position\":2,\"name\":\"Svenska b\u00f6nder beh\u00f6vs nu mer \u00e4n n\u00e5gonsin.\"}]},{\"@type\":\"WebSite\",\"@id\":\"https:\\\/\\\/wp.kristdemokraterna.se\\\/alvesta\\\/#website\",\"url\":\"https:\\\/\\\/wp.kristdemokraterna.se\\\/alvesta\\\/\",\"name\":\"Kristdemokraterna Alvesta\",\"description\":\"En till Kristdemokraterna webbplats\",\"inLanguage\":\"sv-SE\"},{\"@type\":\"Person\",\"@id\":\"https:\\\/\\\/wp.kristdemokraterna.se\\\/alvesta\\\/#\\\/schema\\\/person\\\/6810f6f6837cb83b88bf1351ebd1604d\",\"name\":\"alvesta\",\"image\":{\"@type\":\"ImageObject\",\"inLanguage\":\"sv-SE\",\"@id\":\"https:\\\/\\\/secure.gravatar.com\\\/avatar\\\/6308b77d307448058fb02931b4daa7568f960d9593c58ebaccafec9f1de9ca9c?s=96&r=g\",\"url\":\"https:\\\/\\\/secure.gravatar.com\\\/avatar\\\/6308b77d307448058fb02931b4daa7568f960d9593c58ebaccafec9f1de9ca9c?s=96&r=g\",\"contentUrl\":\"https:\\\/\\\/secure.gravatar.com\\\/avatar\\\/6308b77d307448058fb02931b4daa7568f960d9593c58ebaccafec9f1de9ca9c?s=96&r=g\",\"caption\":\"alvesta\"},\"url\":\"https:\\\/\\\/wp.kristdemokraterna.se\\\/alvesta\\\/author\\\/alvesta\\\/\"}]}<\/script>\n<!-- \/ Yoast SEO plugin. -->","yoast_head_json":{"title":"Svenska b\u00f6nder beh\u00f6vs nu mer \u00e4n n\u00e5gonsin. - Kristdemokraterna Alvesta","robots":{"index":"index","follow":"follow","max-snippet":"max-snippet:-1","max-image-preview":"max-image-preview:large","max-video-preview":"max-video-preview:-1"},"canonical":"https:\/\/wp.kristdemokraterna.se\/alvesta\/svenska-bonder-behovs-nu-mer-an-nagonsin\/","og_locale":"sv_SE","og_type":"article","og_title":"Svenska b\u00f6nder beh\u00f6vs nu mer \u00e4n n\u00e5gonsin. - Kristdemokraterna Alvesta","og_description":"Ute p\u00e5 mina resor i Sverige tr\u00e4ffar vi m\u00e5nga som \u00e4r genuint oroliga. Med r\u00e4tta. F\u00f6r elr\u00e4kningen, f\u00f6r de skenande br\u00e4nslepriserna. \u00c5kerier som tvingats st\u00e4nga ner delar eller hela sin verksamhet p\u00e5 grund av de h\u00f6ga kostnaderna. Lantbrukare som genom generationer brukat jorden, men som nu k\u00e4nner att det inte fungerar l\u00e4ngre. I de orostider Read More","og_url":"https:\/\/wp.kristdemokraterna.se\/alvesta\/svenska-bonder-behovs-nu-mer-an-nagonsin\/","og_site_name":"Kristdemokraterna Alvesta","article_published_time":"2022-03-17T11:51:42+00:00","author":"alvesta","twitter_card":"summary_large_image","twitter_misc":{"Skriven av":"alvesta","Ber\u00e4knad l\u00e4stid":"1 minut"},"schema":{"@context":"https:\/\/schema.org","@graph":[{"@type":"Article","@id":"https:\/\/wp.kristdemokraterna.se\/alvesta\/svenska-bonder-behovs-nu-mer-an-nagonsin\/#article","isPartOf":{"@id":"https:\/\/wp.kristdemokraterna.se\/alvesta\/svenska-bonder-behovs-nu-mer-an-nagonsin\/"},"author":{"name":"alvesta","@id":"https:\/\/wp.kristdemokraterna.se\/alvesta\/#\/schema\/person\/6810f6f6837cb83b88bf1351ebd1604d"},"headline":"Svenska b\u00f6nder beh\u00f6vs nu mer \u00e4n n\u00e5gonsin.","datePublished":"2022-03-17T11:51:42+00:00","mainEntityOfPage":{"@id":"https:\/\/wp.kristdemokraterna.se\/alvesta\/svenska-bonder-behovs-nu-mer-an-nagonsin\/"},"wordCount":202,"articleSection":["inl\u00e4gg"],"inLanguage":"sv-SE"},{"@type":"WebPage","@id":"https:\/\/wp.kristdemokraterna.se\/alvesta\/svenska-bonder-behovs-nu-mer-an-nagonsin\/","url":"https:\/\/wp.kristdemokraterna.se\/alvesta\/svenska-bonder-behovs-nu-mer-an-nagonsin\/","name":"Svenska b\u00f6nder beh\u00f6vs nu mer \u00e4n n\u00e5gonsin. - Kristdemokraterna Alvesta","isPartOf":{"@id":"https:\/\/wp.kristdemokraterna.se\/alvesta\/#website"},"datePublished":"2022-03-17T11:51:42+00:00","author":{"@id":"https:\/\/wp.kristdemokraterna.se\/alvesta\/#\/schema\/person\/6810f6f6837cb83b88bf1351ebd1604d"},"breadcrumb":{"@id":"https:\/\/wp.kristdemokraterna.se\/alvesta\/svenska-bonder-behovs-nu-mer-an-nagonsin\/#breadcrumb"},"inLanguage":"sv-SE","potentialAction":[{"@type":"ReadAction","target":["https:\/\/wp.kristdemokraterna.se\/alvesta\/svenska-bonder-behovs-nu-mer-an-nagonsin\/"]}]},{"@type":"BreadcrumbList","@id":"https:\/\/wp.kristdemokraterna.se\/alvesta\/svenska-bonder-behovs-nu-mer-an-nagonsin\/#breadcrumb","itemListElement":[{"@type":"ListItem","position":1,"name":"Hem","item":"https:\/\/wp.kristdemokraterna.se\/alvesta\/"},{"@type":"ListItem","position":2,"name":"Svenska b\u00f6nder beh\u00f6vs nu mer \u00e4n n\u00e5gonsin."}]},{"@type":"WebSite","@id":"https:\/\/wp.kristdemokraterna.se\/alvesta\/#website","url":"https:\/\/wp.kristdemokraterna.se\/alvesta\/","name":"Kristdemokraterna Alvesta","description":"En till Kristdemokraterna webbplats","inLanguage":"sv-SE"},{"@type":"Person","@id":"https:\/\/wp.kristdemokraterna.se\/alvesta\/#\/schema\/person\/6810f6f6837cb83b88bf1351ebd1604d","name":"alvesta","image":{"@type":"ImageObject","inLanguage":"sv-SE","@id":"https:\/\/secure.gravatar.com\/avatar\/6308b77d307448058fb02931b4daa7568f960d9593c58ebaccafec9f1de9ca9c?s=96&r=g","url":"https:\/\/secure.gravatar.com\/avatar\/6308b77d307448058fb02931b4daa7568f960d9593c58ebaccafec9f1de9ca9c?s=96&r=g","contentUrl":"https:\/\/secure.gravatar.com\/avatar\/6308b77d307448058fb02931b4daa7568f960d9593c58ebaccafec9f1de9ca9c?s=96&r=g","caption":"alvesta"},"url":"https:\/\/wp.kristdemokraterna.se\/alvesta\/author\/alvesta\/"}]}},"_links":{"self":[{"href":"https:\/\/wp.kristdemokraterna.se\/alvesta\/wp-json\/wp\/v2\/posts\/2446","targetHints":{"allow":["GET"]}}],"collection":[{"href":"https:\/\/wp.kristdemokraterna.se\/alvesta\/wp-json\/wp\/v2\/posts"}],"about":[{"href":"https:\/\/wp.kristdemokraterna.se\/alvesta\/wp-json\/wp\/v2\/types\/post"}],"author":[{"embeddable":true,"href":"https:\/\/wp.kristdemokraterna.se\/alvesta\/wp-json\/wp\/v2\/users\/443"}],"replies":[{"embeddable":true,"href":"https:\/\/wp.kristdemokraterna.se\/alvesta\/wp-json\/wp\/v2\/comments?post=2446"}],"version-history":[{"count":1,"href":"https:\/\/wp.kristdemokraterna.se\/alvesta\/wp-json\/wp\/v2\/posts\/2446\/revisions"}],"predecessor-version":[{"id":2448,"href":"https:\/\/wp.kristdemokraterna.se\/alvesta\/wp-json\/wp\/v2\/posts\/2446\/revisions\/2448"}],"wp:attachment":[{"href":"https:\/\/wp.kristdemokraterna.se\/alvesta\/wp-json\/wp\/v2\/media?parent=2446"}],"wp:term":[{"taxonomy":"category","embeddable":true,"href":"https:\/\/wp.kristdemokraterna.se\/alvesta\/wp-json\/wp\/v2\/categories?post=2446"},{"taxonomy":"post_tag","embeddable":true,"href":"https:\/\/wp.kristdemokraterna.se\/alvesta\/wp-json\/wp\/v2\/tags?post=2446"}],"curies":[{"name":"wp","href":"https:\/\/api.w.org\/{rel}","templated":true}]}}