{"id":2482,"date":"2022-04-04T14:11:24","date_gmt":"2022-04-04T12:11:24","guid":{"rendered":"https:\/\/wp.kristdemokraterna.se\/alvesta\/?p=2482"},"modified":"2022-04-04T14:11:24","modified_gmt":"2022-04-04T12:11:24","slug":"redo","status":"publish","type":"post","link":"https:\/\/wp.kristdemokraterna.se\/alvesta\/redo\/","title":{"rendered":"REDO&#8230;"},"content":{"rendered":"<p>S\u00e5 kul att \u00e4ntligen f\u00e5 tr\u00e4ffa partiv\u00e4nner fr\u00e5n hela landet under KD-dagarna i Karlstad!<br \/>\nDet som v\u00e4rmde mest var att k\u00e4nna det starka engagemang som finns p\u00e5 alla niv\u00e5er inom partiet f\u00f6r att livet ska bli l\u00e4ttare att leva f\u00f6r m\u00e4nniskor med funktionsneds\u00e4ttning. Helt underbart!<br \/>\nVarmt tack ocks\u00e5 till alla er som visade mig uppskattning f\u00f6r det arbetet som jag g\u00f6r i riksdagen. Det gav massor av energi och betyder mer \u00e4n ni tror &#8211; tack \u2764<br \/>\nP\u00e5 bilden nedan st\u00e5r det \u201dRedo att r\u00e4dda assistansen\u201d och det \u00e4r vi verkligen. Jag skulle vilja p\u00e5st\u00e5 att KD \u00e4r det parti som har arbetet mest konstruktivt i opposition i riksdagen f\u00f6r att driva regeringen framf\u00f6r oss. Vi har drivit fram viktiga f\u00f6r\u00e4ndringar som n\u00e4r de blir verklighet kan st\u00e4rka r\u00e4tten till assistans. Men KD \u00e4r ocks\u00e5 redo att utveckla funktionshinderpolitiken i stort p\u00e5 nationell, regional och kommunal niv\u00e5.<br \/>\n\u00c4r du KD-medlem och redo att engagera dig mer i funktionshinderfr\u00e5gorna? H\u00f6r av dig till mig eller skriv en kommentar nedan s\u00e5 l\u00e4gger jag till dig som medlem i v\u00e5r interna FB-grupp d\u00e4r vi st\u00f6ter och bl\u00f6ter kring de h\u00e4r fr\u00e5gorna.<br \/>\n\u00c4r du inte medlem \u00e4nnu? Ingen fara, det kan du fixa med ett klicka p\u00e5 l\u00e4nken:<\/p>\n<div dir=\"auto\"><a class=\"oajrlxb2 g5ia77u1 qu0x051f esr5mh6w e9989ue4 r7d6kgcz rq0escxv nhd2j8a9 nc684nl6 p7hjln8o kvgmc6g5 cxmmr5t8 oygrvhab hcukyx3x jb3vyjys rz4wbd8a qt6c0cv9 a8nywdso i1ao9s8h esuyzwwr f1sip0of lzcic4wl gpro0wi8 py34i1dx\" role=\"link\" href=\"http:\/\/kd.nu\/blimedlem?fbclid=IwAR0LK8Eh37_S-rb6MvT2-NpIDayYLm-pNVSbTt22IRVOJU7Gu6xsJM5Cb3s\" target=\"_blank\" rel=\"nofollow noopener\">KD.nu\/blimedlem<\/a><\/div>\n<div dir=\"auto\">Nu vinner vi val tillsammans!<\/div>\n","protected":false},"excerpt":{"rendered":"<p>S\u00e5 kul att \u00e4ntligen f\u00e5 tr\u00e4ffa partiv\u00e4nner fr\u00e5n hela landet under KD-dagarna i Karlstad! Det som v\u00e4rmde mest var att k\u00e4nna det starka engagemang som finns p\u00e5 alla niv\u00e5er inom partiet f\u00f6r att livet ska bli l\u00e4ttare att leva f\u00f6r m\u00e4nniskor med funktionsneds\u00e4ttning. Helt underbart! Varmt tack ocks\u00e5 till alla er som visade mig uppskattning <a class=\"read-more-link\" href=\"https:\/\/wp.kristdemokraterna.se\/alvesta\/redo\/\">Read More<\/a><\/p>\n","protected":false},"author":443,"featured_media":0,"comment_status":"closed","ping_status":"closed","sticky":false,"template":"","format":"standard","meta":{"_acf_changed":false,"footnotes":""},"categories":[5,1],"tags":[],"class_list":["post-2482","post","type-post","status-publish","format-standard","hentry","category-inlagg","category-okategoriserade"],"acf":[],"yoast_head":"<!-- This site is optimized with the Yoast SEO plugin v27.4 - https:\/\/yoast.com\/product\/yoast-seo-wordpress\/ -->\n<title>REDO... - Kristdemokraterna Alvesta<\/title>\n<meta name=\"robots\" content=\"index, follow, max-snippet:-1, max-image-preview:large, max-video-preview:-1\" \/>\n<link rel=\"canonical\" href=\"https:\/\/wp.kristdemokraterna.se\/alvesta\/redo\/\" \/>\n<meta property=\"og:locale\" content=\"sv_SE\" \/>\n<meta property=\"og:type\" content=\"article\" \/>\n<meta property=\"og:title\" content=\"REDO... - Kristdemokraterna Alvesta\" \/>\n<meta property=\"og:description\" content=\"S\u00e5 kul att \u00e4ntligen f\u00e5 tr\u00e4ffa partiv\u00e4nner fr\u00e5n hela landet under KD-dagarna i Karlstad! Det som v\u00e4rmde mest var att k\u00e4nna det starka engagemang som finns p\u00e5 alla niv\u00e5er inom partiet f\u00f6r att livet ska bli l\u00e4ttare att leva f\u00f6r m\u00e4nniskor med funktionsneds\u00e4ttning. Helt underbart! Varmt tack ocks\u00e5 till alla er som visade mig uppskattning Read More\" \/>\n<meta property=\"og:url\" content=\"https:\/\/wp.kristdemokraterna.se\/alvesta\/redo\/\" \/>\n<meta property=\"og:site_name\" content=\"Kristdemokraterna Alvesta\" \/>\n<meta property=\"article:published_time\" content=\"2022-04-04T12:11:24+00:00\" \/>\n<meta name=\"author\" content=\"alvesta\" \/>\n<meta name=\"twitter:card\" content=\"summary_large_image\" \/>\n<meta name=\"twitter:label1\" content=\"Skriven av\" \/>\n\t<meta name=\"twitter:data1\" content=\"alvesta\" \/>\n\t<meta name=\"twitter:label2\" content=\"Ber\u00e4knad l\u00e4stid\" \/>\n\t<meta name=\"twitter:data2\" content=\"1 minut\" \/>\n<script type=\"application\/ld+json\" class=\"yoast-schema-graph\">{\"@context\":\"https:\\\/\\\/schema.org\",\"@graph\":[{\"@type\":\"Article\",\"@id\":\"https:\\\/\\\/wp.kristdemokraterna.se\\\/alvesta\\\/redo\\\/#article\",\"isPartOf\":{\"@id\":\"https:\\\/\\\/wp.kristdemokraterna.se\\\/alvesta\\\/redo\\\/\"},\"author\":{\"name\":\"alvesta\",\"@id\":\"https:\\\/\\\/wp.kristdemokraterna.se\\\/alvesta\\\/#\\\/schema\\\/person\\\/6810f6f6837cb83b88bf1351ebd1604d\"},\"headline\":\"REDO&#8230;\",\"datePublished\":\"2022-04-04T12:11:24+00:00\",\"mainEntityOfPage\":{\"@id\":\"https:\\\/\\\/wp.kristdemokraterna.se\\\/alvesta\\\/redo\\\/\"},\"wordCount\":245,\"articleSection\":[\"inl\u00e4gg\"],\"inLanguage\":\"sv-SE\"},{\"@type\":\"WebPage\",\"@id\":\"https:\\\/\\\/wp.kristdemokraterna.se\\\/alvesta\\\/redo\\\/\",\"url\":\"https:\\\/\\\/wp.kristdemokraterna.se\\\/alvesta\\\/redo\\\/\",\"name\":\"REDO... - Kristdemokraterna Alvesta\",\"isPartOf\":{\"@id\":\"https:\\\/\\\/wp.kristdemokraterna.se\\\/alvesta\\\/#website\"},\"datePublished\":\"2022-04-04T12:11:24+00:00\",\"author\":{\"@id\":\"https:\\\/\\\/wp.kristdemokraterna.se\\\/alvesta\\\/#\\\/schema\\\/person\\\/6810f6f6837cb83b88bf1351ebd1604d\"},\"breadcrumb\":{\"@id\":\"https:\\\/\\\/wp.kristdemokraterna.se\\\/alvesta\\\/redo\\\/#breadcrumb\"},\"inLanguage\":\"sv-SE\",\"potentialAction\":[{\"@type\":\"ReadAction\",\"target\":[\"https:\\\/\\\/wp.kristdemokraterna.se\\\/alvesta\\\/redo\\\/\"]}]},{\"@type\":\"BreadcrumbList\",\"@id\":\"https:\\\/\\\/wp.kristdemokraterna.se\\\/alvesta\\\/redo\\\/#breadcrumb\",\"itemListElement\":[{\"@type\":\"ListItem\",\"position\":1,\"name\":\"Hem\",\"item\":\"https:\\\/\\\/wp.kristdemokraterna.se\\\/alvesta\\\/\"},{\"@type\":\"ListItem\",\"position\":2,\"name\":\"REDO&#8230;\"}]},{\"@type\":\"WebSite\",\"@id\":\"https:\\\/\\\/wp.kristdemokraterna.se\\\/alvesta\\\/#website\",\"url\":\"https:\\\/\\\/wp.kristdemokraterna.se\\\/alvesta\\\/\",\"name\":\"Kristdemokraterna Alvesta\",\"description\":\"En till Kristdemokraterna webbplats\",\"inLanguage\":\"sv-SE\"},{\"@type\":\"Person\",\"@id\":\"https:\\\/\\\/wp.kristdemokraterna.se\\\/alvesta\\\/#\\\/schema\\\/person\\\/6810f6f6837cb83b88bf1351ebd1604d\",\"name\":\"alvesta\",\"image\":{\"@type\":\"ImageObject\",\"inLanguage\":\"sv-SE\",\"@id\":\"https:\\\/\\\/secure.gravatar.com\\\/avatar\\\/6308b77d307448058fb02931b4daa7568f960d9593c58ebaccafec9f1de9ca9c?s=96&r=g\",\"url\":\"https:\\\/\\\/secure.gravatar.com\\\/avatar\\\/6308b77d307448058fb02931b4daa7568f960d9593c58ebaccafec9f1de9ca9c?s=96&r=g\",\"contentUrl\":\"https:\\\/\\\/secure.gravatar.com\\\/avatar\\\/6308b77d307448058fb02931b4daa7568f960d9593c58ebaccafec9f1de9ca9c?s=96&r=g\",\"caption\":\"alvesta\"},\"url\":\"https:\\\/\\\/wp.kristdemokraterna.se\\\/alvesta\\\/author\\\/alvesta\\\/\"}]}<\/script>\n<!-- \/ Yoast SEO plugin. -->","yoast_head_json":{"title":"REDO... - Kristdemokraterna Alvesta","robots":{"index":"index","follow":"follow","max-snippet":"max-snippet:-1","max-image-preview":"max-image-preview:large","max-video-preview":"max-video-preview:-1"},"canonical":"https:\/\/wp.kristdemokraterna.se\/alvesta\/redo\/","og_locale":"sv_SE","og_type":"article","og_title":"REDO... - Kristdemokraterna Alvesta","og_description":"S\u00e5 kul att \u00e4ntligen f\u00e5 tr\u00e4ffa partiv\u00e4nner fr\u00e5n hela landet under KD-dagarna i Karlstad! Det som v\u00e4rmde mest var att k\u00e4nna det starka engagemang som finns p\u00e5 alla niv\u00e5er inom partiet f\u00f6r att livet ska bli l\u00e4ttare att leva f\u00f6r m\u00e4nniskor med funktionsneds\u00e4ttning. Helt underbart! Varmt tack ocks\u00e5 till alla er som visade mig uppskattning Read More","og_url":"https:\/\/wp.kristdemokraterna.se\/alvesta\/redo\/","og_site_name":"Kristdemokraterna Alvesta","article_published_time":"2022-04-04T12:11:24+00:00","author":"alvesta","twitter_card":"summary_large_image","twitter_misc":{"Skriven av":"alvesta","Ber\u00e4knad l\u00e4stid":"1 minut"},"schema":{"@context":"https:\/\/schema.org","@graph":[{"@type":"Article","@id":"https:\/\/wp.kristdemokraterna.se\/alvesta\/redo\/#article","isPartOf":{"@id":"https:\/\/wp.kristdemokraterna.se\/alvesta\/redo\/"},"author":{"name":"alvesta","@id":"https:\/\/wp.kristdemokraterna.se\/alvesta\/#\/schema\/person\/6810f6f6837cb83b88bf1351ebd1604d"},"headline":"REDO&#8230;","datePublished":"2022-04-04T12:11:24+00:00","mainEntityOfPage":{"@id":"https:\/\/wp.kristdemokraterna.se\/alvesta\/redo\/"},"wordCount":245,"articleSection":["inl\u00e4gg"],"inLanguage":"sv-SE"},{"@type":"WebPage","@id":"https:\/\/wp.kristdemokraterna.se\/alvesta\/redo\/","url":"https:\/\/wp.kristdemokraterna.se\/alvesta\/redo\/","name":"REDO... - Kristdemokraterna Alvesta","isPartOf":{"@id":"https:\/\/wp.kristdemokraterna.se\/alvesta\/#website"},"datePublished":"2022-04-04T12:11:24+00:00","author":{"@id":"https:\/\/wp.kristdemokraterna.se\/alvesta\/#\/schema\/person\/6810f6f6837cb83b88bf1351ebd1604d"},"breadcrumb":{"@id":"https:\/\/wp.kristdemokraterna.se\/alvesta\/redo\/#breadcrumb"},"inLanguage":"sv-SE","potentialAction":[{"@type":"ReadAction","target":["https:\/\/wp.kristdemokraterna.se\/alvesta\/redo\/"]}]},{"@type":"BreadcrumbList","@id":"https:\/\/wp.kristdemokraterna.se\/alvesta\/redo\/#breadcrumb","itemListElement":[{"@type":"ListItem","position":1,"name":"Hem","item":"https:\/\/wp.kristdemokraterna.se\/alvesta\/"},{"@type":"ListItem","position":2,"name":"REDO&#8230;"}]},{"@type":"WebSite","@id":"https:\/\/wp.kristdemokraterna.se\/alvesta\/#website","url":"https:\/\/wp.kristdemokraterna.se\/alvesta\/","name":"Kristdemokraterna Alvesta","description":"En till Kristdemokraterna webbplats","inLanguage":"sv-SE"},{"@type":"Person","@id":"https:\/\/wp.kristdemokraterna.se\/alvesta\/#\/schema\/person\/6810f6f6837cb83b88bf1351ebd1604d","name":"alvesta","image":{"@type":"ImageObject","inLanguage":"sv-SE","@id":"https:\/\/secure.gravatar.com\/avatar\/6308b77d307448058fb02931b4daa7568f960d9593c58ebaccafec9f1de9ca9c?s=96&r=g","url":"https:\/\/secure.gravatar.com\/avatar\/6308b77d307448058fb02931b4daa7568f960d9593c58ebaccafec9f1de9ca9c?s=96&r=g","contentUrl":"https:\/\/secure.gravatar.com\/avatar\/6308b77d307448058fb02931b4daa7568f960d9593c58ebaccafec9f1de9ca9c?s=96&r=g","caption":"alvesta"},"url":"https:\/\/wp.kristdemokraterna.se\/alvesta\/author\/alvesta\/"}]}},"_links":{"self":[{"href":"https:\/\/wp.kristdemokraterna.se\/alvesta\/wp-json\/wp\/v2\/posts\/2482","targetHints":{"allow":["GET"]}}],"collection":[{"href":"https:\/\/wp.kristdemokraterna.se\/alvesta\/wp-json\/wp\/v2\/posts"}],"about":[{"href":"https:\/\/wp.kristdemokraterna.se\/alvesta\/wp-json\/wp\/v2\/types\/post"}],"author":[{"embeddable":true,"href":"https:\/\/wp.kristdemokraterna.se\/alvesta\/wp-json\/wp\/v2\/users\/443"}],"replies":[{"embeddable":true,"href":"https:\/\/wp.kristdemokraterna.se\/alvesta\/wp-json\/wp\/v2\/comments?post=2482"}],"version-history":[{"count":1,"href":"https:\/\/wp.kristdemokraterna.se\/alvesta\/wp-json\/wp\/v2\/posts\/2482\/revisions"}],"predecessor-version":[{"id":2484,"href":"https:\/\/wp.kristdemokraterna.se\/alvesta\/wp-json\/wp\/v2\/posts\/2482\/revisions\/2484"}],"wp:attachment":[{"href":"https:\/\/wp.kristdemokraterna.se\/alvesta\/wp-json\/wp\/v2\/media?parent=2482"}],"wp:term":[{"taxonomy":"category","embeddable":true,"href":"https:\/\/wp.kristdemokraterna.se\/alvesta\/wp-json\/wp\/v2\/categories?post=2482"},{"taxonomy":"post_tag","embeddable":true,"href":"https:\/\/wp.kristdemokraterna.se\/alvesta\/wp-json\/wp\/v2\/tags?post=2482"}],"curies":[{"name":"wp","href":"https:\/\/api.w.org\/{rel}","templated":true}]}}