{"id":630,"date":"2020-11-25T12:06:56","date_gmt":"2020-11-25T11:06:56","guid":{"rendered":"http:\/\/wp.kristdemokraterna.se\/alvesta\/?p=630"},"modified":"2020-12-01T16:33:03","modified_gmt":"2020-12-01T15:33:03","slug":"skydda-henne-inte-forovaren","status":"publish","type":"post","link":"https:\/\/wp.kristdemokraterna.se\/alvesta\/skydda-henne-inte-forovaren\/","title":{"rendered":"Skydda henne inte f\u00f6r\u00f6varen"},"content":{"rendered":"<div class=\"kvgmc6g5 cxmmr5t8 oygrvhab hcukyx3x c1et5uql ii04i59q\">\n<div class=\"kvgmc6g5 cxmmr5t8 oygrvhab hcukyx3x c1et5uql ii04i59q\"><\/div>\n<\/div>\n<div class=\"o9v6fnle cxmmr5t8 oygrvhab hcukyx3x c1et5uql ii04i59q\">\n<div dir=\"auto\"><\/div>\n<div dir=\"auto\">F\u00f6rra \u00e5ret anm\u00e4ldes 8350 v\u00e5ldt\u00e4kter i Sverige, bara en br\u00e5kdel klarades upp. Att s\u00e5 f\u00e5 v\u00e5ldsbrott klaras upp \u00e4r ett svek mot de som uts\u00e4tts och mot de som v\u00e5gar anm\u00e4la. Sverige beh\u00f6ver fler poliser och sk\u00e4rpta straff f\u00f6r v\u00e5ldsbrott. Samh\u00e4llet m\u00e5ste se till att brottsoffret f\u00e5r uppr\u00e4ttelse n\u00e4r ett brott skett. Att s\u00e5 f\u00e5 v\u00e5lds- och sexualbrott klaras upp \u00e4r ett svek mot de som uts\u00e4tts. Det yttersta uttrycket f\u00f6r bristen p\u00e5 j\u00e4mst\u00e4lldhet i ett samh\u00e4lle \u00e4r v\u00e5ld i n\u00e4ra relationer.<\/div>\n<\/div>\n<p>25 november \u00e4r den internationella dagen mot v\u00e5ld mot kvinnor. Instiftad av FN:s generalf\u00f6rsamling 25 november 1999 f\u00f6r att hylla de tre systrarna Mirabal som k\u00e4mpade mot diktaturen i Dominikanska republiken och avr\u00e4ttades av diktatorn Rafael Trujillo. G\u00e5 med i ett parti som tar brottslighet p\u00e5 allvar. Vad tycker ni? L\u00e4mna g\u00e4rna er \u00e5sikt och dela och gilla om du h\u00e5ller med. Vill du vara med och p\u00e5verka? Bli medlem!\u00a0<span role=\"gridcell\"><a class=\"oajrlxb2 g5ia77u1 qu0x051f esr5mh6w e9989ue4 r7d6kgcz rq0escxv nhd2j8a9 nc684nl6 p7hjln8o kvgmc6g5 cxmmr5t8 oygrvhab hcukyx3x jb3vyjys rz4wbd8a qt6c0cv9 a8nywdso i1ao9s8h oo483o9r f1sip0of lzcic4wl oo9gr5id gpro0wi8\" role=\"link\" href=\"http:\/\/kd.nu\/blimedlem?fbclid=IwAR2nzxRk9hD70FrhA8O0s6wApRq1JnjJ7xy4KQb_CsRsFR7mubvWH0tKMxE\" target=\"_blank\" rel=\"nofollow noopener noreferrer\">KD.nu\/blimedlem<\/a><\/span><\/p>\n","protected":false},"excerpt":{"rendered":"<p>F\u00f6rra \u00e5ret anm\u00e4ldes 8350 v\u00e5ldt\u00e4kter i Sverige, bara en br\u00e5kdel klarades upp. Att s\u00e5 f\u00e5 v\u00e5ldsbrott klaras upp \u00e4r ett svek mot de som uts\u00e4tts och mot de som v\u00e5gar anm\u00e4la. Sverige beh\u00f6ver fler poliser och sk\u00e4rpta straff f\u00f6r v\u00e5ldsbrott. Samh\u00e4llet m\u00e5ste se till att brottsoffret f\u00e5r uppr\u00e4ttelse n\u00e4r ett brott skett. Att s\u00e5 f\u00e5 <a class=\"read-more-link\" href=\"https:\/\/wp.kristdemokraterna.se\/alvesta\/skydda-henne-inte-forovaren\/\">Read More<\/a><\/p>\n","protected":false},"author":444,"featured_media":0,"comment_status":"closed","ping_status":"closed","sticky":false,"template":"","format":"standard","meta":{"_acf_changed":false,"footnotes":""},"categories":[10,1],"tags":[],"class_list":["post-630","post","type-post","status-publish","format-standard","hentry","category-senaste-nytt","category-okategoriserade"],"acf":[],"yoast_head":"<!-- This site is optimized with the Yoast SEO plugin v27.4 - https:\/\/yoast.com\/product\/yoast-seo-wordpress\/ -->\n<title>Skydda henne inte f\u00f6r\u00f6varen - Kristdemokraterna Alvesta<\/title>\n<meta name=\"robots\" content=\"index, follow, max-snippet:-1, max-image-preview:large, max-video-preview:-1\" \/>\n<link rel=\"canonical\" href=\"https:\/\/wp.kristdemokraterna.se\/alvesta\/skydda-henne-inte-forovaren\/\" \/>\n<meta property=\"og:locale\" content=\"sv_SE\" \/>\n<meta property=\"og:type\" content=\"article\" \/>\n<meta property=\"og:title\" content=\"Skydda henne inte f\u00f6r\u00f6varen - Kristdemokraterna Alvesta\" \/>\n<meta property=\"og:description\" content=\"F\u00f6rra \u00e5ret anm\u00e4ldes 8350 v\u00e5ldt\u00e4kter i Sverige, bara en br\u00e5kdel klarades upp. Att s\u00e5 f\u00e5 v\u00e5ldsbrott klaras upp \u00e4r ett svek mot de som uts\u00e4tts och mot de som v\u00e5gar anm\u00e4la. Sverige beh\u00f6ver fler poliser och sk\u00e4rpta straff f\u00f6r v\u00e5ldsbrott. Samh\u00e4llet m\u00e5ste se till att brottsoffret f\u00e5r uppr\u00e4ttelse n\u00e4r ett brott skett. Att s\u00e5 f\u00e5 Read More\" \/>\n<meta property=\"og:url\" content=\"https:\/\/wp.kristdemokraterna.se\/alvesta\/skydda-henne-inte-forovaren\/\" \/>\n<meta property=\"og:site_name\" content=\"Kristdemokraterna Alvesta\" \/>\n<meta property=\"article:published_time\" content=\"2020-11-25T11:06:56+00:00\" \/>\n<meta property=\"article:modified_time\" content=\"2020-12-01T15:33:03+00:00\" \/>\n<meta name=\"author\" content=\"helpdesk\" \/>\n<meta name=\"twitter:card\" content=\"summary_large_image\" \/>\n<meta name=\"twitter:label1\" content=\"Skriven av\" \/>\n\t<meta name=\"twitter:data1\" content=\"helpdesk\" \/>\n\t<meta name=\"twitter:label2\" content=\"Ber\u00e4knad l\u00e4stid\" \/>\n\t<meta name=\"twitter:data2\" content=\"1 minut\" \/>\n<script type=\"application\/ld+json\" class=\"yoast-schema-graph\">{\"@context\":\"https:\\\/\\\/schema.org\",\"@graph\":[{\"@type\":\"Article\",\"@id\":\"https:\\\/\\\/wp.kristdemokraterna.se\\\/alvesta\\\/skydda-henne-inte-forovaren\\\/#article\",\"isPartOf\":{\"@id\":\"https:\\\/\\\/wp.kristdemokraterna.se\\\/alvesta\\\/skydda-henne-inte-forovaren\\\/\"},\"author\":{\"name\":\"helpdesk\",\"@id\":\"https:\\\/\\\/wp.kristdemokraterna.se\\\/alvesta\\\/#\\\/schema\\\/person\\\/98d27838d17178471da5e8a56aa604a4\"},\"headline\":\"Skydda henne inte f\u00f6r\u00f6varen\",\"datePublished\":\"2020-11-25T11:06:56+00:00\",\"dateModified\":\"2020-12-01T15:33:03+00:00\",\"mainEntityOfPage\":{\"@id\":\"https:\\\/\\\/wp.kristdemokraterna.se\\\/alvesta\\\/skydda-henne-inte-forovaren\\\/\"},\"wordCount\":193,\"articleSection\":[\"Nyheter KD Riks\"],\"inLanguage\":\"sv-SE\"},{\"@type\":\"WebPage\",\"@id\":\"https:\\\/\\\/wp.kristdemokraterna.se\\\/alvesta\\\/skydda-henne-inte-forovaren\\\/\",\"url\":\"https:\\\/\\\/wp.kristdemokraterna.se\\\/alvesta\\\/skydda-henne-inte-forovaren\\\/\",\"name\":\"Skydda henne inte f\u00f6r\u00f6varen - Kristdemokraterna Alvesta\",\"isPartOf\":{\"@id\":\"https:\\\/\\\/wp.kristdemokraterna.se\\\/alvesta\\\/#website\"},\"datePublished\":\"2020-11-25T11:06:56+00:00\",\"dateModified\":\"2020-12-01T15:33:03+00:00\",\"author\":{\"@id\":\"https:\\\/\\\/wp.kristdemokraterna.se\\\/alvesta\\\/#\\\/schema\\\/person\\\/98d27838d17178471da5e8a56aa604a4\"},\"breadcrumb\":{\"@id\":\"https:\\\/\\\/wp.kristdemokraterna.se\\\/alvesta\\\/skydda-henne-inte-forovaren\\\/#breadcrumb\"},\"inLanguage\":\"sv-SE\",\"potentialAction\":[{\"@type\":\"ReadAction\",\"target\":[\"https:\\\/\\\/wp.kristdemokraterna.se\\\/alvesta\\\/skydda-henne-inte-forovaren\\\/\"]}]},{\"@type\":\"BreadcrumbList\",\"@id\":\"https:\\\/\\\/wp.kristdemokraterna.se\\\/alvesta\\\/skydda-henne-inte-forovaren\\\/#breadcrumb\",\"itemListElement\":[{\"@type\":\"ListItem\",\"position\":1,\"name\":\"Hem\",\"item\":\"https:\\\/\\\/wp.kristdemokraterna.se\\\/alvesta\\\/\"},{\"@type\":\"ListItem\",\"position\":2,\"name\":\"Skydda henne inte f\u00f6r\u00f6varen\"}]},{\"@type\":\"WebSite\",\"@id\":\"https:\\\/\\\/wp.kristdemokraterna.se\\\/alvesta\\\/#website\",\"url\":\"https:\\\/\\\/wp.kristdemokraterna.se\\\/alvesta\\\/\",\"name\":\"Kristdemokraterna Alvesta\",\"description\":\"En till Kristdemokraterna webbplats\",\"inLanguage\":\"sv-SE\"},{\"@type\":\"Person\",\"@id\":\"https:\\\/\\\/wp.kristdemokraterna.se\\\/alvesta\\\/#\\\/schema\\\/person\\\/98d27838d17178471da5e8a56aa604a4\",\"name\":\"helpdesk\",\"image\":{\"@type\":\"ImageObject\",\"inLanguage\":\"sv-SE\",\"@id\":\"https:\\\/\\\/secure.gravatar.com\\\/avatar\\\/2e747bc9a7d4e5a6ecca7d851e4175129f995f3f6d9ef18734d1ff623abe4a88?s=96&r=g\",\"url\":\"https:\\\/\\\/secure.gravatar.com\\\/avatar\\\/2e747bc9a7d4e5a6ecca7d851e4175129f995f3f6d9ef18734d1ff623abe4a88?s=96&r=g\",\"contentUrl\":\"https:\\\/\\\/secure.gravatar.com\\\/avatar\\\/2e747bc9a7d4e5a6ecca7d851e4175129f995f3f6d9ef18734d1ff623abe4a88?s=96&r=g\",\"caption\":\"helpdesk\"},\"url\":\"https:\\\/\\\/wp.kristdemokraterna.se\\\/alvesta\\\/author\\\/helpdesk\\\/\"}]}<\/script>\n<!-- \/ Yoast SEO plugin. -->","yoast_head_json":{"title":"Skydda henne inte f\u00f6r\u00f6varen - Kristdemokraterna Alvesta","robots":{"index":"index","follow":"follow","max-snippet":"max-snippet:-1","max-image-preview":"max-image-preview:large","max-video-preview":"max-video-preview:-1"},"canonical":"https:\/\/wp.kristdemokraterna.se\/alvesta\/skydda-henne-inte-forovaren\/","og_locale":"sv_SE","og_type":"article","og_title":"Skydda henne inte f\u00f6r\u00f6varen - Kristdemokraterna Alvesta","og_description":"F\u00f6rra \u00e5ret anm\u00e4ldes 8350 v\u00e5ldt\u00e4kter i Sverige, bara en br\u00e5kdel klarades upp. Att s\u00e5 f\u00e5 v\u00e5ldsbrott klaras upp \u00e4r ett svek mot de som uts\u00e4tts och mot de som v\u00e5gar anm\u00e4la. Sverige beh\u00f6ver fler poliser och sk\u00e4rpta straff f\u00f6r v\u00e5ldsbrott. Samh\u00e4llet m\u00e5ste se till att brottsoffret f\u00e5r uppr\u00e4ttelse n\u00e4r ett brott skett. Att s\u00e5 f\u00e5 Read More","og_url":"https:\/\/wp.kristdemokraterna.se\/alvesta\/skydda-henne-inte-forovaren\/","og_site_name":"Kristdemokraterna Alvesta","article_published_time":"2020-11-25T11:06:56+00:00","article_modified_time":"2020-12-01T15:33:03+00:00","author":"helpdesk","twitter_card":"summary_large_image","twitter_misc":{"Skriven av":"helpdesk","Ber\u00e4knad l\u00e4stid":"1 minut"},"schema":{"@context":"https:\/\/schema.org","@graph":[{"@type":"Article","@id":"https:\/\/wp.kristdemokraterna.se\/alvesta\/skydda-henne-inte-forovaren\/#article","isPartOf":{"@id":"https:\/\/wp.kristdemokraterna.se\/alvesta\/skydda-henne-inte-forovaren\/"},"author":{"name":"helpdesk","@id":"https:\/\/wp.kristdemokraterna.se\/alvesta\/#\/schema\/person\/98d27838d17178471da5e8a56aa604a4"},"headline":"Skydda henne inte f\u00f6r\u00f6varen","datePublished":"2020-11-25T11:06:56+00:00","dateModified":"2020-12-01T15:33:03+00:00","mainEntityOfPage":{"@id":"https:\/\/wp.kristdemokraterna.se\/alvesta\/skydda-henne-inte-forovaren\/"},"wordCount":193,"articleSection":["Nyheter KD Riks"],"inLanguage":"sv-SE"},{"@type":"WebPage","@id":"https:\/\/wp.kristdemokraterna.se\/alvesta\/skydda-henne-inte-forovaren\/","url":"https:\/\/wp.kristdemokraterna.se\/alvesta\/skydda-henne-inte-forovaren\/","name":"Skydda henne inte f\u00f6r\u00f6varen - Kristdemokraterna Alvesta","isPartOf":{"@id":"https:\/\/wp.kristdemokraterna.se\/alvesta\/#website"},"datePublished":"2020-11-25T11:06:56+00:00","dateModified":"2020-12-01T15:33:03+00:00","author":{"@id":"https:\/\/wp.kristdemokraterna.se\/alvesta\/#\/schema\/person\/98d27838d17178471da5e8a56aa604a4"},"breadcrumb":{"@id":"https:\/\/wp.kristdemokraterna.se\/alvesta\/skydda-henne-inte-forovaren\/#breadcrumb"},"inLanguage":"sv-SE","potentialAction":[{"@type":"ReadAction","target":["https:\/\/wp.kristdemokraterna.se\/alvesta\/skydda-henne-inte-forovaren\/"]}]},{"@type":"BreadcrumbList","@id":"https:\/\/wp.kristdemokraterna.se\/alvesta\/skydda-henne-inte-forovaren\/#breadcrumb","itemListElement":[{"@type":"ListItem","position":1,"name":"Hem","item":"https:\/\/wp.kristdemokraterna.se\/alvesta\/"},{"@type":"ListItem","position":2,"name":"Skydda henne inte f\u00f6r\u00f6varen"}]},{"@type":"WebSite","@id":"https:\/\/wp.kristdemokraterna.se\/alvesta\/#website","url":"https:\/\/wp.kristdemokraterna.se\/alvesta\/","name":"Kristdemokraterna Alvesta","description":"En till Kristdemokraterna webbplats","inLanguage":"sv-SE"},{"@type":"Person","@id":"https:\/\/wp.kristdemokraterna.se\/alvesta\/#\/schema\/person\/98d27838d17178471da5e8a56aa604a4","name":"helpdesk","image":{"@type":"ImageObject","inLanguage":"sv-SE","@id":"https:\/\/secure.gravatar.com\/avatar\/2e747bc9a7d4e5a6ecca7d851e4175129f995f3f6d9ef18734d1ff623abe4a88?s=96&r=g","url":"https:\/\/secure.gravatar.com\/avatar\/2e747bc9a7d4e5a6ecca7d851e4175129f995f3f6d9ef18734d1ff623abe4a88?s=96&r=g","contentUrl":"https:\/\/secure.gravatar.com\/avatar\/2e747bc9a7d4e5a6ecca7d851e4175129f995f3f6d9ef18734d1ff623abe4a88?s=96&r=g","caption":"helpdesk"},"url":"https:\/\/wp.kristdemokraterna.se\/alvesta\/author\/helpdesk\/"}]}},"_links":{"self":[{"href":"https:\/\/wp.kristdemokraterna.se\/alvesta\/wp-json\/wp\/v2\/posts\/630","targetHints":{"allow":["GET"]}}],"collection":[{"href":"https:\/\/wp.kristdemokraterna.se\/alvesta\/wp-json\/wp\/v2\/posts"}],"about":[{"href":"https:\/\/wp.kristdemokraterna.se\/alvesta\/wp-json\/wp\/v2\/types\/post"}],"author":[{"embeddable":true,"href":"https:\/\/wp.kristdemokraterna.se\/alvesta\/wp-json\/wp\/v2\/users\/444"}],"replies":[{"embeddable":true,"href":"https:\/\/wp.kristdemokraterna.se\/alvesta\/wp-json\/wp\/v2\/comments?post=630"}],"version-history":[{"count":7,"href":"https:\/\/wp.kristdemokraterna.se\/alvesta\/wp-json\/wp\/v2\/posts\/630\/revisions"}],"predecessor-version":[{"id":697,"href":"https:\/\/wp.kristdemokraterna.se\/alvesta\/wp-json\/wp\/v2\/posts\/630\/revisions\/697"}],"wp:attachment":[{"href":"https:\/\/wp.kristdemokraterna.se\/alvesta\/wp-json\/wp\/v2\/media?parent=630"}],"wp:term":[{"taxonomy":"category","embeddable":true,"href":"https:\/\/wp.kristdemokraterna.se\/alvesta\/wp-json\/wp\/v2\/categories?post=630"},{"taxonomy":"post_tag","embeddable":true,"href":"https:\/\/wp.kristdemokraterna.se\/alvesta\/wp-json\/wp\/v2\/tags?post=630"}],"curies":[{"name":"wp","href":"https:\/\/api.w.org\/{rel}","templated":true}]}}