{"id":710,"date":"2020-12-04T15:48:41","date_gmt":"2020-12-04T14:48:41","guid":{"rendered":"http:\/\/wp.kristdemokraterna.se\/alvesta\/?p=710"},"modified":"2020-12-04T15:48:41","modified_gmt":"2020-12-04T14:48:41","slug":"grova-fornedringsran-ger-ungdomsrabatt-i-sverige","status":"publish","type":"post","link":"https:\/\/wp.kristdemokraterna.se\/alvesta\/grova-fornedringsran-ger-ungdomsrabatt-i-sverige\/","title":{"rendered":"GROVA F\u00d6RNEDRINGSR\u00c5N GER UNGDOMSRABATT I SVERIGE"},"content":{"rendered":"<div class=\"kvgmc6g5 cxmmr5t8 oygrvhab hcukyx3x c1et5uql ii04i59q\">\n<div dir=\"auto\">GROVA F\u00d6RNEDRINGSR\u00c5N GER UNGDOMSRABATT I SVERIGE<\/div>\n<\/div>\n<div class=\"o9v6fnle cxmmr5t8 oygrvhab hcukyx3x c1et5uql ii04i59q\">\n<div dir=\"auto\">Diskutera g\u00e4rna den h\u00e4r fr\u00e5gan i tr\u00e5den. Men h\u00e5ll tonen anst\u00e4ndig. Vi har nolltolerans mot elakheter och osakligheter.<\/div>\n<\/div>\n<div class=\"o9v6fnle cxmmr5t8 oygrvhab hcukyx3x c1et5uql ii04i59q\">\n<div dir=\"auto\">I somras skedde ett brutalt r\u00e5n i G\u00f6teborg. R\u00e5narna n\u00f6jde sig inte med att ta pengar och v\u00e4rdesaker fr\u00e5n sitt offer. Som allt oftare nu f\u00f6r tiden ville de f\u00f6rnedra sitt offer. De band fast offret, misshandlade honom och v\u00e5ldtog honom. Det skedde i mannens eget hem och \u00e4r ett avskyv\u00e4rt brott. De hotade ocks\u00e5 med att sl\u00e4ppa filmer p\u00e5 det som h\u00e4nde.<\/div>\n<\/div>\n<div class=\"o9v6fnle cxmmr5t8 oygrvhab hcukyx3x c1et5uql ii04i59q\">\n<div dir=\"auto\">Det h\u00e4r har flera medier rapporterat om och v\u00e5r r\u00e4ttspolitiske talesperson, riksdagsledamoten<\/p>\n<div class=\"nc684nl6\">Andreas Carlson<\/div>\n<p>\u00e4r p\u00e5 bollen och sl\u00e4pper den inte.<\/p><\/div>\n<\/div>\n<div class=\"o9v6fnle cxmmr5t8 oygrvhab hcukyx3x c1et5uql ii04i59q\">\n<div dir=\"auto\">Alla f\u00f6rst\u00e5r hur vidrigt detta brott \u00e4r. Det \u00e4r inte personer vid sunda moraliska v\u00e4tskor som genomf\u00f6r s\u00e5dana h\u00e4r d\u00e5d. De \u00e4r bara 19 och 20 \u00e5r gamla. Vuxna i all mening f\u00f6rutom straffr\u00e4ttens. De kvalificerar sig n\u00e4mligen f\u00f6r ungdomsrabatt. Trots att de \u00e4r vuxna. Trots den oerh\u00f6rda grymheten i deras brott.<\/div>\n<\/div>\n<div class=\"o9v6fnle cxmmr5t8 oygrvhab hcukyx3x c1et5uql ii04i59q\">\n<div dir=\"auto\">De d\u00f6mdes till tv\u00e5 \u00e5r och nio m\u00e5naders f\u00e4ngelse. De \u00e4r med andra ute i det fria efter knappt tv\u00e5 \u00e5r som frihetsber\u00f6vade, p\u00e5 grund av den villkorliga frigivningen. \u00c4r det ett tillr\u00e4ckligt h\u00e5rt straff f\u00f6r ett v\u00e5ldt\u00e4ktsr\u00e5n med kraftiga f\u00f6rnedringsinlag?<\/div>\n<\/div>\n<div class=\"o9v6fnle cxmmr5t8 oygrvhab hcukyx3x c1et5uql ii04i59q\">\n<div dir=\"auto\">Vi kristdemokrater vill lyfta att n\u00e5got h\u00e5ller p\u00e5 att g\u00e5 s\u00f6nder i Sverige, det \u00e4r ett utslitet uttryck, sedan Socialdemokraterna anv\u00e4nde det i en valr\u00f6relse h\u00e4rom\u00e5ret. Trots att de inte kunde f\u00f6rklara vad de menade, eller vad de skulle g\u00f6ra \u00e5t saken. Fr\u00e5gan \u00e4r om det inte \u00e4r r\u00e4ttsmaskineriet och v\u00e4lf\u00e4rdsapparaten som g\u00e5tt s\u00f6nder. Viktiga kuggar i samh\u00e4llsbygget. Avg\u00f6rande f\u00f6r att skapa samh\u00e4llsgemenskap.<\/div>\n<\/div>\n<div class=\"o9v6fnle cxmmr5t8 oygrvhab hcukyx3x c1et5uql ii04i59q\">\n<div dir=\"auto\">Jobba mot kriminaliteten. G\u00e5 med i KD!<\/div>\n<div dir=\"auto\"><a class=\"oajrlxb2 g5ia77u1 qu0x051f esr5mh6w e9989ue4 r7d6kgcz rq0escxv nhd2j8a9 nc684nl6 p7hjln8o kvgmc6g5 cxmmr5t8 oygrvhab hcukyx3x jb3vyjys rz4wbd8a qt6c0cv9 a8nywdso i1ao9s8h esuyzwwr f1sip0of lzcic4wl py34i1dx gpro0wi8\" role=\"link\" href=\"https:\/\/l.facebook.com\/l.php?u=http%3A%2F%2FKD.nu%2Fblimedlem%3Ffbclid%3DIwAR2jMQdUDIyJFoVYbkhVJNnoGdMiI1xJmRya-aPdNdCrYpXXjS_QNIFdqpw&amp;h=AT3MKMxLnyJLMricU_IdUUt_dnUjO6fWn-E0Fyok5hbtoAVo9cADBn8XBJHjCD66s08EDcS4slUZkWaFv7g2Z1u4BAAiJKcSY58p34Sx0H-dWZ4KbBU64dR3s47ehGPeUQ&amp;__tn__=-UK-R&amp;c[0]=AT2r81h99N_ZtrHyHSKyEl-3DAT9vLntnzT36c182zYQSA7-WHVEHRFX8tbQ0nIGRDaQDIxJENdcEwbCx9DO8sa9OSxTsvTBZL7DJLwZROF2S4JVPzozQW45zEh0QlU6FPrQ_EyL0xb2BCwqqVRIngMOjuFkJ9hlNS1W7ZdSzoS1Dskx7pgztizpGkWGwpDnuFnC9DudO9kG\" target=\"_blank\" rel=\"nofollow noopener noreferrer\">KD.nu\/blimedlem<\/a><\/div>\n<\/div>\n","protected":false},"excerpt":{"rendered":"<p>GROVA F\u00d6RNEDRINGSR\u00c5N GER UNGDOMSRABATT I SVERIGE Diskutera g\u00e4rna den h\u00e4r fr\u00e5gan i tr\u00e5den. Men h\u00e5ll tonen anst\u00e4ndig. Vi har nolltolerans mot elakheter och osakligheter. I somras skedde ett brutalt r\u00e5n i G\u00f6teborg. R\u00e5narna n\u00f6jde sig inte med att ta pengar och v\u00e4rdesaker fr\u00e5n sitt offer. Som allt oftare nu f\u00f6r tiden ville de f\u00f6rnedra sitt <a class=\"read-more-link\" href=\"https:\/\/wp.kristdemokraterna.se\/alvesta\/grova-fornedringsran-ger-ungdomsrabatt-i-sverige\/\">Read More<\/a><\/p>\n","protected":false},"author":443,"featured_media":0,"comment_status":"closed","ping_status":"closed","sticky":false,"template":"","format":"standard","meta":{"_acf_changed":false,"footnotes":""},"categories":[10,1],"tags":[],"class_list":["post-710","post","type-post","status-publish","format-standard","hentry","category-senaste-nytt","category-okategoriserade"],"acf":[],"yoast_head":"<!-- This site is optimized with the Yoast SEO plugin v27.5 - https:\/\/yoast.com\/product\/yoast-seo-wordpress\/ -->\n<title>GROVA F\u00d6RNEDRINGSR\u00c5N GER UNGDOMSRABATT I SVERIGE - Kristdemokraterna Alvesta<\/title>\n<meta name=\"robots\" content=\"index, follow, max-snippet:-1, max-image-preview:large, max-video-preview:-1\" \/>\n<link rel=\"canonical\" href=\"https:\/\/wp.kristdemokraterna.se\/alvesta\/grova-fornedringsran-ger-ungdomsrabatt-i-sverige\/\" \/>\n<meta property=\"og:locale\" content=\"sv_SE\" \/>\n<meta property=\"og:type\" content=\"article\" \/>\n<meta property=\"og:title\" content=\"GROVA F\u00d6RNEDRINGSR\u00c5N GER UNGDOMSRABATT I SVERIGE - Kristdemokraterna Alvesta\" \/>\n<meta property=\"og:description\" content=\"GROVA F\u00d6RNEDRINGSR\u00c5N GER UNGDOMSRABATT I SVERIGE Diskutera g\u00e4rna den h\u00e4r fr\u00e5gan i tr\u00e5den. Men h\u00e5ll tonen anst\u00e4ndig. Vi har nolltolerans mot elakheter och osakligheter. I somras skedde ett brutalt r\u00e5n i G\u00f6teborg. R\u00e5narna n\u00f6jde sig inte med att ta pengar och v\u00e4rdesaker fr\u00e5n sitt offer. Som allt oftare nu f\u00f6r tiden ville de f\u00f6rnedra sitt Read More\" \/>\n<meta property=\"og:url\" content=\"https:\/\/wp.kristdemokraterna.se\/alvesta\/grova-fornedringsran-ger-ungdomsrabatt-i-sverige\/\" \/>\n<meta property=\"og:site_name\" content=\"Kristdemokraterna Alvesta\" \/>\n<meta property=\"article:published_time\" content=\"2020-12-04T14:48:41+00:00\" \/>\n<meta name=\"author\" content=\"alvesta\" \/>\n<meta name=\"twitter:card\" content=\"summary_large_image\" \/>\n<meta name=\"twitter:label1\" content=\"Skriven av\" \/>\n\t<meta name=\"twitter:data1\" content=\"alvesta\" \/>\n\t<meta name=\"twitter:label2\" content=\"Ber\u00e4knad l\u00e4stid\" \/>\n\t<meta name=\"twitter:data2\" content=\"2 minuter\" \/>\n<script type=\"application\/ld+json\" class=\"yoast-schema-graph\">{\"@context\":\"https:\\\/\\\/schema.org\",\"@graph\":[{\"@type\":\"Article\",\"@id\":\"https:\\\/\\\/wp.kristdemokraterna.se\\\/alvesta\\\/grova-fornedringsran-ger-ungdomsrabatt-i-sverige\\\/#article\",\"isPartOf\":{\"@id\":\"https:\\\/\\\/wp.kristdemokraterna.se\\\/alvesta\\\/grova-fornedringsran-ger-ungdomsrabatt-i-sverige\\\/\"},\"author\":{\"name\":\"alvesta\",\"@id\":\"https:\\\/\\\/wp.kristdemokraterna.se\\\/alvesta\\\/#\\\/schema\\\/person\\\/6810f6f6837cb83b88bf1351ebd1604d\"},\"headline\":\"GROVA F\u00d6RNEDRINGSR\u00c5N GER UNGDOMSRABATT I SVERIGE\",\"datePublished\":\"2020-12-04T14:48:41+00:00\",\"mainEntityOfPage\":{\"@id\":\"https:\\\/\\\/wp.kristdemokraterna.se\\\/alvesta\\\/grova-fornedringsran-ger-ungdomsrabatt-i-sverige\\\/\"},\"wordCount\":346,\"articleSection\":[\"Nyheter KD Riks\"],\"inLanguage\":\"sv-SE\"},{\"@type\":\"WebPage\",\"@id\":\"https:\\\/\\\/wp.kristdemokraterna.se\\\/alvesta\\\/grova-fornedringsran-ger-ungdomsrabatt-i-sverige\\\/\",\"url\":\"https:\\\/\\\/wp.kristdemokraterna.se\\\/alvesta\\\/grova-fornedringsran-ger-ungdomsrabatt-i-sverige\\\/\",\"name\":\"GROVA F\u00d6RNEDRINGSR\u00c5N GER UNGDOMSRABATT I SVERIGE - Kristdemokraterna Alvesta\",\"isPartOf\":{\"@id\":\"https:\\\/\\\/wp.kristdemokraterna.se\\\/alvesta\\\/#website\"},\"datePublished\":\"2020-12-04T14:48:41+00:00\",\"author\":{\"@id\":\"https:\\\/\\\/wp.kristdemokraterna.se\\\/alvesta\\\/#\\\/schema\\\/person\\\/6810f6f6837cb83b88bf1351ebd1604d\"},\"breadcrumb\":{\"@id\":\"https:\\\/\\\/wp.kristdemokraterna.se\\\/alvesta\\\/grova-fornedringsran-ger-ungdomsrabatt-i-sverige\\\/#breadcrumb\"},\"inLanguage\":\"sv-SE\",\"potentialAction\":[{\"@type\":\"ReadAction\",\"target\":[\"https:\\\/\\\/wp.kristdemokraterna.se\\\/alvesta\\\/grova-fornedringsran-ger-ungdomsrabatt-i-sverige\\\/\"]}]},{\"@type\":\"BreadcrumbList\",\"@id\":\"https:\\\/\\\/wp.kristdemokraterna.se\\\/alvesta\\\/grova-fornedringsran-ger-ungdomsrabatt-i-sverige\\\/#breadcrumb\",\"itemListElement\":[{\"@type\":\"ListItem\",\"position\":1,\"name\":\"Hem\",\"item\":\"https:\\\/\\\/wp.kristdemokraterna.se\\\/alvesta\\\/\"},{\"@type\":\"ListItem\",\"position\":2,\"name\":\"GROVA F\u00d6RNEDRINGSR\u00c5N GER UNGDOMSRABATT I SVERIGE\"}]},{\"@type\":\"WebSite\",\"@id\":\"https:\\\/\\\/wp.kristdemokraterna.se\\\/alvesta\\\/#website\",\"url\":\"https:\\\/\\\/wp.kristdemokraterna.se\\\/alvesta\\\/\",\"name\":\"Kristdemokraterna Alvesta\",\"description\":\"En till Kristdemokraterna webbplats\",\"inLanguage\":\"sv-SE\"},{\"@type\":\"Person\",\"@id\":\"https:\\\/\\\/wp.kristdemokraterna.se\\\/alvesta\\\/#\\\/schema\\\/person\\\/6810f6f6837cb83b88bf1351ebd1604d\",\"name\":\"alvesta\",\"image\":{\"@type\":\"ImageObject\",\"inLanguage\":\"sv-SE\",\"@id\":\"https:\\\/\\\/secure.gravatar.com\\\/avatar\\\/6308b77d307448058fb02931b4daa7568f960d9593c58ebaccafec9f1de9ca9c?s=96&r=g\",\"url\":\"https:\\\/\\\/secure.gravatar.com\\\/avatar\\\/6308b77d307448058fb02931b4daa7568f960d9593c58ebaccafec9f1de9ca9c?s=96&r=g\",\"contentUrl\":\"https:\\\/\\\/secure.gravatar.com\\\/avatar\\\/6308b77d307448058fb02931b4daa7568f960d9593c58ebaccafec9f1de9ca9c?s=96&r=g\",\"caption\":\"alvesta\"},\"url\":\"https:\\\/\\\/wp.kristdemokraterna.se\\\/alvesta\\\/author\\\/alvesta\\\/\"}]}<\/script>\n<!-- \/ Yoast SEO plugin. -->","yoast_head_json":{"title":"GROVA F\u00d6RNEDRINGSR\u00c5N GER UNGDOMSRABATT I SVERIGE - Kristdemokraterna Alvesta","robots":{"index":"index","follow":"follow","max-snippet":"max-snippet:-1","max-image-preview":"max-image-preview:large","max-video-preview":"max-video-preview:-1"},"canonical":"https:\/\/wp.kristdemokraterna.se\/alvesta\/grova-fornedringsran-ger-ungdomsrabatt-i-sverige\/","og_locale":"sv_SE","og_type":"article","og_title":"GROVA F\u00d6RNEDRINGSR\u00c5N GER UNGDOMSRABATT I SVERIGE - Kristdemokraterna Alvesta","og_description":"GROVA F\u00d6RNEDRINGSR\u00c5N GER UNGDOMSRABATT I SVERIGE Diskutera g\u00e4rna den h\u00e4r fr\u00e5gan i tr\u00e5den. Men h\u00e5ll tonen anst\u00e4ndig. Vi har nolltolerans mot elakheter och osakligheter. I somras skedde ett brutalt r\u00e5n i G\u00f6teborg. R\u00e5narna n\u00f6jde sig inte med att ta pengar och v\u00e4rdesaker fr\u00e5n sitt offer. Som allt oftare nu f\u00f6r tiden ville de f\u00f6rnedra sitt Read More","og_url":"https:\/\/wp.kristdemokraterna.se\/alvesta\/grova-fornedringsran-ger-ungdomsrabatt-i-sverige\/","og_site_name":"Kristdemokraterna Alvesta","article_published_time":"2020-12-04T14:48:41+00:00","author":"alvesta","twitter_card":"summary_large_image","twitter_misc":{"Skriven av":"alvesta","Ber\u00e4knad l\u00e4stid":"2 minuter"},"schema":{"@context":"https:\/\/schema.org","@graph":[{"@type":"Article","@id":"https:\/\/wp.kristdemokraterna.se\/alvesta\/grova-fornedringsran-ger-ungdomsrabatt-i-sverige\/#article","isPartOf":{"@id":"https:\/\/wp.kristdemokraterna.se\/alvesta\/grova-fornedringsran-ger-ungdomsrabatt-i-sverige\/"},"author":{"name":"alvesta","@id":"https:\/\/wp.kristdemokraterna.se\/alvesta\/#\/schema\/person\/6810f6f6837cb83b88bf1351ebd1604d"},"headline":"GROVA F\u00d6RNEDRINGSR\u00c5N GER UNGDOMSRABATT I SVERIGE","datePublished":"2020-12-04T14:48:41+00:00","mainEntityOfPage":{"@id":"https:\/\/wp.kristdemokraterna.se\/alvesta\/grova-fornedringsran-ger-ungdomsrabatt-i-sverige\/"},"wordCount":346,"articleSection":["Nyheter KD Riks"],"inLanguage":"sv-SE"},{"@type":"WebPage","@id":"https:\/\/wp.kristdemokraterna.se\/alvesta\/grova-fornedringsran-ger-ungdomsrabatt-i-sverige\/","url":"https:\/\/wp.kristdemokraterna.se\/alvesta\/grova-fornedringsran-ger-ungdomsrabatt-i-sverige\/","name":"GROVA F\u00d6RNEDRINGSR\u00c5N GER UNGDOMSRABATT I SVERIGE - Kristdemokraterna Alvesta","isPartOf":{"@id":"https:\/\/wp.kristdemokraterna.se\/alvesta\/#website"},"datePublished":"2020-12-04T14:48:41+00:00","author":{"@id":"https:\/\/wp.kristdemokraterna.se\/alvesta\/#\/schema\/person\/6810f6f6837cb83b88bf1351ebd1604d"},"breadcrumb":{"@id":"https:\/\/wp.kristdemokraterna.se\/alvesta\/grova-fornedringsran-ger-ungdomsrabatt-i-sverige\/#breadcrumb"},"inLanguage":"sv-SE","potentialAction":[{"@type":"ReadAction","target":["https:\/\/wp.kristdemokraterna.se\/alvesta\/grova-fornedringsran-ger-ungdomsrabatt-i-sverige\/"]}]},{"@type":"BreadcrumbList","@id":"https:\/\/wp.kristdemokraterna.se\/alvesta\/grova-fornedringsran-ger-ungdomsrabatt-i-sverige\/#breadcrumb","itemListElement":[{"@type":"ListItem","position":1,"name":"Hem","item":"https:\/\/wp.kristdemokraterna.se\/alvesta\/"},{"@type":"ListItem","position":2,"name":"GROVA F\u00d6RNEDRINGSR\u00c5N GER UNGDOMSRABATT I SVERIGE"}]},{"@type":"WebSite","@id":"https:\/\/wp.kristdemokraterna.se\/alvesta\/#website","url":"https:\/\/wp.kristdemokraterna.se\/alvesta\/","name":"Kristdemokraterna Alvesta","description":"En till Kristdemokraterna webbplats","inLanguage":"sv-SE"},{"@type":"Person","@id":"https:\/\/wp.kristdemokraterna.se\/alvesta\/#\/schema\/person\/6810f6f6837cb83b88bf1351ebd1604d","name":"alvesta","image":{"@type":"ImageObject","inLanguage":"sv-SE","@id":"https:\/\/secure.gravatar.com\/avatar\/6308b77d307448058fb02931b4daa7568f960d9593c58ebaccafec9f1de9ca9c?s=96&r=g","url":"https:\/\/secure.gravatar.com\/avatar\/6308b77d307448058fb02931b4daa7568f960d9593c58ebaccafec9f1de9ca9c?s=96&r=g","contentUrl":"https:\/\/secure.gravatar.com\/avatar\/6308b77d307448058fb02931b4daa7568f960d9593c58ebaccafec9f1de9ca9c?s=96&r=g","caption":"alvesta"},"url":"https:\/\/wp.kristdemokraterna.se\/alvesta\/author\/alvesta\/"}]}},"_links":{"self":[{"href":"https:\/\/wp.kristdemokraterna.se\/alvesta\/wp-json\/wp\/v2\/posts\/710","targetHints":{"allow":["GET"]}}],"collection":[{"href":"https:\/\/wp.kristdemokraterna.se\/alvesta\/wp-json\/wp\/v2\/posts"}],"about":[{"href":"https:\/\/wp.kristdemokraterna.se\/alvesta\/wp-json\/wp\/v2\/types\/post"}],"author":[{"embeddable":true,"href":"https:\/\/wp.kristdemokraterna.se\/alvesta\/wp-json\/wp\/v2\/users\/443"}],"replies":[{"embeddable":true,"href":"https:\/\/wp.kristdemokraterna.se\/alvesta\/wp-json\/wp\/v2\/comments?post=710"}],"version-history":[{"count":1,"href":"https:\/\/wp.kristdemokraterna.se\/alvesta\/wp-json\/wp\/v2\/posts\/710\/revisions"}],"predecessor-version":[{"id":711,"href":"https:\/\/wp.kristdemokraterna.se\/alvesta\/wp-json\/wp\/v2\/posts\/710\/revisions\/711"}],"wp:attachment":[{"href":"https:\/\/wp.kristdemokraterna.se\/alvesta\/wp-json\/wp\/v2\/media?parent=710"}],"wp:term":[{"taxonomy":"category","embeddable":true,"href":"https:\/\/wp.kristdemokraterna.se\/alvesta\/wp-json\/wp\/v2\/categories?post=710"},{"taxonomy":"post_tag","embeddable":true,"href":"https:\/\/wp.kristdemokraterna.se\/alvesta\/wp-json\/wp\/v2\/tags?post=710"}],"curies":[{"name":"wp","href":"https:\/\/api.w.org\/{rel}","templated":true}]}}