{"id":773,"date":"2012-03-21T09:09:47","date_gmt":"2012-03-21T09:09:47","guid":{"rendered":"http:\/\/wpskane.kristdemokraterna.se\/angelholm\/?p=176"},"modified":"2012-03-21T09:09:47","modified_gmt":"2012-03-21T09:09:47","slug":"kosten-pa-vara-aldreboende","status":"publish","type":"post","link":"https:\/\/wp.kristdemokraterna.se\/angelholm\/kosten-pa-vara-aldreboende\/","title":{"rendered":"Kosten p\u00e5 v\u00e5ra \u00e4ldreboende"},"content":{"rendered":"<p>Svar Till Eva Kullenberg.<\/p>\n<p>&nbsp;<\/p>\n<p>Tack f\u00f6r din debattartikel ang\u00e5ende kosten till v\u00e5ra gamla. Jag \u00e4r helt enig i dina \u00e5sikter om kostens betydelse f\u00f6r v\u00e5r h\u00e4lsa, b\u00e5de f\u00f6r det fysiska och det psykiska v\u00e4lm\u00e5endet.<\/p>\n<p>Kostens kvalit\u00e9 \u2013vilka r\u00e5varor som anv\u00e4nds, kostens mak, konsistens, f\u00e4rg och doft men ocks\u00e5 m\u00e5ltidsgemenskapen \u00e4r av stor betydelse f\u00f6r hungern och matlusten.<\/p>\n<p>Du har kanske r\u00e4tt i att vi skulle beh\u00f6va ett kostpolitiskt program d\u00e4r vi tar det \u00f6vergripande ansvaret f\u00f6r hur vi vill att maten ska vara, om vi vill att den ska vara ekologisk, hur mycket den f\u00e5r kosta, om kostsektionen ska ha en mera central och sj\u00e4lvst\u00e4ndig roll osv.<\/p>\n<p>Maten \u00e4r ofta p\u00e5 agendan p\u00e5 SN:s m\u00f6ten och f\u00f6rvaltningen jobbar p\u00e5 olika s\u00e4tt f\u00f6r att f\u00f6rb\u00e4ttra maten och m\u00e5ltiden f\u00f6r den enskilde och s\u00e5 sent som den 6:e februari inf\u00f6rdes en ny kostordning.<\/p>\n<p>Man inf\u00f6rde flera mellanm\u00e5l och man tillf\u00f6rde flera alternativ till kv\u00e4lls och nattm\u00e5l.<\/p>\n<p>Bl.a. inf\u00f6rdes ett f\u00f6rmiddagsfika best\u00e5ende av kaffe och skorpa.<\/p>\n<p>Sen g\u00e5r det ett stort mediadrev att vi drar in sm\u00f6ret till skorpan! Vilket sm\u00f6r?<\/p>\n<p>Tala om storm i ett vattenglas!<\/p>\n<p>Nu har ju detta resulterat i att man f\u00e5r sm\u00f6r till skorpan som ytterligare bonus och det \u00e4r ju bra, men sanningen \u00e4r den att det hela tiden har varit till\u00e5tet f\u00f6r v\u00e5ra v\u00e5rdboenden att servera sm\u00f6r till skorpan \u00e4ven om det inte st\u00e5r i kostp\u00e4rmen.<\/p>\n<p>\u00c4ven om vi inte har ett kostpolitiskt program i \u00c4ngelholm Eva Kullenberg, s\u00e5 finns det personer med relevant kunskap i diet o kost och de \u00e4ldres behov av god och n\u00e4ringsriktig mat b\u00e5de n\u00e4r man \u00e4r frisk eller lider av olika \u00e5kommor. Dessa har arbetat fram riktlinjer och program f\u00f6r att s\u00e4kerst\u00e4lla att den enskilde f\u00e5r n\u00e4ringsriktig och god mat och flera projekt och program \u00e4r p\u00e5 g\u00e5ng. Den goda m\u00e5ltiden \u00e4r en angel\u00e4genhet f\u00f6r oss alla.<\/p>\n<p>&nbsp;<\/p>\n<p>Katarina Nilsson<\/p>\n<p>Ledamot i socialn\u00e4mnden (Kd)<\/p>\n<p>&nbsp;<\/p>\n<p>&nbsp;<\/p>\n<p>&nbsp;<\/p>\n<p>&nbsp;<\/p>\n","protected":false},"excerpt":{"rendered":"<p>Svar Till Eva Kullenberg. &nbsp; Tack f\u00f6r din debattartikel ang\u00e5ende kosten till v\u00e5ra gamla. Jag \u00e4r helt enig i dina \u00e5sikter om kostens betydelse f\u00f6r v\u00e5r h\u00e4lsa, b\u00e5de f\u00f6r det fysiska och det psykiska v\u00e4lm\u00e5endet. Kostens kvalit\u00e9 \u2013vilka r\u00e5varor som anv\u00e4nds, kostens mak, konsistens, f\u00e4rg och doft men ocks\u00e5 m\u00e5ltidsgemenskapen \u00e4r av stor betydelse f\u00f6r <a class=\"read-more-link\" href=\"https:\/\/wp.kristdemokraterna.se\/angelholm\/kosten-pa-vara-aldreboende\/\">L\u00e4s mer<\/a><\/p>\n","protected":false},"author":444,"featured_media":0,"comment_status":"open","ping_status":"open","sticky":false,"template":"","format":"standard","meta":{"_acf_changed":false,"footnotes":""},"categories":[14],"tags":[],"class_list":["post-773","post","type-post","status-publish","format-standard","hentry","category-debatt-insandare"],"acf":[],"yoast_head":"<!-- This site is optimized with the Yoast SEO plugin v27.4 - https:\/\/yoast.com\/product\/yoast-seo-wordpress\/ -->\n<title>Kosten p\u00e5 v\u00e5ra \u00e4ldreboende - Kristdemokraterna | \u00c4ngelholm<\/title>\n<meta name=\"robots\" content=\"index, follow, max-snippet:-1, max-image-preview:large, max-video-preview:-1\" \/>\n<link rel=\"canonical\" href=\"https:\/\/wp.kristdemokraterna.se\/angelholm\/kosten-pa-vara-aldreboende\/\" \/>\n<meta property=\"og:locale\" content=\"sv_SE\" \/>\n<meta property=\"og:type\" content=\"article\" \/>\n<meta property=\"og:title\" content=\"Kosten p\u00e5 v\u00e5ra \u00e4ldreboende - Kristdemokraterna | \u00c4ngelholm\" \/>\n<meta property=\"og:description\" content=\"Svar Till Eva Kullenberg. &nbsp; Tack f\u00f6r din debattartikel ang\u00e5ende kosten till v\u00e5ra gamla. Jag \u00e4r helt enig i dina \u00e5sikter om kostens betydelse f\u00f6r v\u00e5r h\u00e4lsa, b\u00e5de f\u00f6r det fysiska och det psykiska v\u00e4lm\u00e5endet. Kostens kvalit\u00e9 \u2013vilka r\u00e5varor som anv\u00e4nds, kostens mak, konsistens, f\u00e4rg och doft men ocks\u00e5 m\u00e5ltidsgemenskapen \u00e4r av stor betydelse f\u00f6r L\u00e4s mer\" \/>\n<meta property=\"og:url\" content=\"https:\/\/wp.kristdemokraterna.se\/angelholm\/kosten-pa-vara-aldreboende\/\" \/>\n<meta property=\"og:site_name\" content=\"Kristdemokraterna | \u00c4ngelholm\" \/>\n<meta property=\"article:published_time\" content=\"2012-03-21T09:09:47+00:00\" \/>\n<meta name=\"author\" content=\"helpdesk\" \/>\n<meta name=\"twitter:card\" content=\"summary_large_image\" \/>\n<meta name=\"twitter:label1\" content=\"Skriven av\" \/>\n\t<meta name=\"twitter:data1\" content=\"helpdesk\" \/>\n\t<meta name=\"twitter:label2\" content=\"Ber\u00e4knad l\u00e4stid\" \/>\n\t<meta name=\"twitter:data2\" content=\"2 minuter\" \/>\n<script type=\"application\/ld+json\" class=\"yoast-schema-graph\">{\"@context\":\"https:\\\/\\\/schema.org\",\"@graph\":[{\"@type\":\"Article\",\"@id\":\"https:\\\/\\\/wp.kristdemokraterna.se\\\/angelholm\\\/kosten-pa-vara-aldreboende\\\/#article\",\"isPartOf\":{\"@id\":\"https:\\\/\\\/wp.kristdemokraterna.se\\\/angelholm\\\/kosten-pa-vara-aldreboende\\\/\"},\"author\":{\"name\":\"helpdesk\",\"@id\":\"https:\\\/\\\/wp.kristdemokraterna.se\\\/angelholm\\\/#\\\/schema\\\/person\\\/98d27838d17178471da5e8a56aa604a4\"},\"headline\":\"Kosten p\u00e5 v\u00e5ra \u00e4ldreboende\",\"datePublished\":\"2012-03-21T09:09:47+00:00\",\"mainEntityOfPage\":{\"@id\":\"https:\\\/\\\/wp.kristdemokraterna.se\\\/angelholm\\\/kosten-pa-vara-aldreboende\\\/\"},\"wordCount\":390,\"commentCount\":0,\"articleSection\":[\"Debatt och ins\u00e4ndare\"],\"inLanguage\":\"sv-SE\"},{\"@type\":\"WebPage\",\"@id\":\"https:\\\/\\\/wp.kristdemokraterna.se\\\/angelholm\\\/kosten-pa-vara-aldreboende\\\/\",\"url\":\"https:\\\/\\\/wp.kristdemokraterna.se\\\/angelholm\\\/kosten-pa-vara-aldreboende\\\/\",\"name\":\"Kosten p\u00e5 v\u00e5ra \u00e4ldreboende - Kristdemokraterna | \u00c4ngelholm\",\"isPartOf\":{\"@id\":\"https:\\\/\\\/wp.kristdemokraterna.se\\\/angelholm\\\/#website\"},\"datePublished\":\"2012-03-21T09:09:47+00:00\",\"author\":{\"@id\":\"https:\\\/\\\/wp.kristdemokraterna.se\\\/angelholm\\\/#\\\/schema\\\/person\\\/98d27838d17178471da5e8a56aa604a4\"},\"breadcrumb\":{\"@id\":\"https:\\\/\\\/wp.kristdemokraterna.se\\\/angelholm\\\/kosten-pa-vara-aldreboende\\\/#breadcrumb\"},\"inLanguage\":\"sv-SE\",\"potentialAction\":[{\"@type\":\"ReadAction\",\"target\":[\"https:\\\/\\\/wp.kristdemokraterna.se\\\/angelholm\\\/kosten-pa-vara-aldreboende\\\/\"]}]},{\"@type\":\"BreadcrumbList\",\"@id\":\"https:\\\/\\\/wp.kristdemokraterna.se\\\/angelholm\\\/kosten-pa-vara-aldreboende\\\/#breadcrumb\",\"itemListElement\":[{\"@type\":\"ListItem\",\"position\":1,\"name\":\"Hem\",\"item\":\"https:\\\/\\\/wp.kristdemokraterna.se\\\/angelholm\\\/\"},{\"@type\":\"ListItem\",\"position\":2,\"name\":\"Kosten p\u00e5 v\u00e5ra \u00e4ldreboende\"}]},{\"@type\":\"WebSite\",\"@id\":\"https:\\\/\\\/wp.kristdemokraterna.se\\\/angelholm\\\/#website\",\"url\":\"https:\\\/\\\/wp.kristdemokraterna.se\\\/angelholm\\\/\",\"name\":\"Kristdemokraterna | \u00c4ngelholm\",\"description\":\"Kristdemokraterna i \u00c4ngelholms webbplats\",\"inLanguage\":\"sv-SE\"},{\"@type\":\"Person\",\"@id\":\"https:\\\/\\\/wp.kristdemokraterna.se\\\/angelholm\\\/#\\\/schema\\\/person\\\/98d27838d17178471da5e8a56aa604a4\",\"name\":\"helpdesk\",\"image\":{\"@type\":\"ImageObject\",\"inLanguage\":\"sv-SE\",\"@id\":\"https:\\\/\\\/secure.gravatar.com\\\/avatar\\\/2e747bc9a7d4e5a6ecca7d851e4175129f995f3f6d9ef18734d1ff623abe4a88?s=96&d=mm&r=g\",\"url\":\"https:\\\/\\\/secure.gravatar.com\\\/avatar\\\/2e747bc9a7d4e5a6ecca7d851e4175129f995f3f6d9ef18734d1ff623abe4a88?s=96&d=mm&r=g\",\"contentUrl\":\"https:\\\/\\\/secure.gravatar.com\\\/avatar\\\/2e747bc9a7d4e5a6ecca7d851e4175129f995f3f6d9ef18734d1ff623abe4a88?s=96&d=mm&r=g\",\"caption\":\"helpdesk\"},\"url\":\"https:\\\/\\\/wp.kristdemokraterna.se\\\/angelholm\\\/author\\\/helpdesk\\\/\"}]}<\/script>\n<!-- \/ Yoast SEO plugin. -->","yoast_head_json":{"title":"Kosten p\u00e5 v\u00e5ra \u00e4ldreboende - Kristdemokraterna | \u00c4ngelholm","robots":{"index":"index","follow":"follow","max-snippet":"max-snippet:-1","max-image-preview":"max-image-preview:large","max-video-preview":"max-video-preview:-1"},"canonical":"https:\/\/wp.kristdemokraterna.se\/angelholm\/kosten-pa-vara-aldreboende\/","og_locale":"sv_SE","og_type":"article","og_title":"Kosten p\u00e5 v\u00e5ra \u00e4ldreboende - Kristdemokraterna | \u00c4ngelholm","og_description":"Svar Till Eva Kullenberg. &nbsp; Tack f\u00f6r din debattartikel ang\u00e5ende kosten till v\u00e5ra gamla. Jag \u00e4r helt enig i dina \u00e5sikter om kostens betydelse f\u00f6r v\u00e5r h\u00e4lsa, b\u00e5de f\u00f6r det fysiska och det psykiska v\u00e4lm\u00e5endet. Kostens kvalit\u00e9 \u2013vilka r\u00e5varor som anv\u00e4nds, kostens mak, konsistens, f\u00e4rg och doft men ocks\u00e5 m\u00e5ltidsgemenskapen \u00e4r av stor betydelse f\u00f6r L\u00e4s mer","og_url":"https:\/\/wp.kristdemokraterna.se\/angelholm\/kosten-pa-vara-aldreboende\/","og_site_name":"Kristdemokraterna | \u00c4ngelholm","article_published_time":"2012-03-21T09:09:47+00:00","author":"helpdesk","twitter_card":"summary_large_image","twitter_misc":{"Skriven av":"helpdesk","Ber\u00e4knad l\u00e4stid":"2 minuter"},"schema":{"@context":"https:\/\/schema.org","@graph":[{"@type":"Article","@id":"https:\/\/wp.kristdemokraterna.se\/angelholm\/kosten-pa-vara-aldreboende\/#article","isPartOf":{"@id":"https:\/\/wp.kristdemokraterna.se\/angelholm\/kosten-pa-vara-aldreboende\/"},"author":{"name":"helpdesk","@id":"https:\/\/wp.kristdemokraterna.se\/angelholm\/#\/schema\/person\/98d27838d17178471da5e8a56aa604a4"},"headline":"Kosten p\u00e5 v\u00e5ra \u00e4ldreboende","datePublished":"2012-03-21T09:09:47+00:00","mainEntityOfPage":{"@id":"https:\/\/wp.kristdemokraterna.se\/angelholm\/kosten-pa-vara-aldreboende\/"},"wordCount":390,"commentCount":0,"articleSection":["Debatt och ins\u00e4ndare"],"inLanguage":"sv-SE"},{"@type":"WebPage","@id":"https:\/\/wp.kristdemokraterna.se\/angelholm\/kosten-pa-vara-aldreboende\/","url":"https:\/\/wp.kristdemokraterna.se\/angelholm\/kosten-pa-vara-aldreboende\/","name":"Kosten p\u00e5 v\u00e5ra \u00e4ldreboende - Kristdemokraterna | \u00c4ngelholm","isPartOf":{"@id":"https:\/\/wp.kristdemokraterna.se\/angelholm\/#website"},"datePublished":"2012-03-21T09:09:47+00:00","author":{"@id":"https:\/\/wp.kristdemokraterna.se\/angelholm\/#\/schema\/person\/98d27838d17178471da5e8a56aa604a4"},"breadcrumb":{"@id":"https:\/\/wp.kristdemokraterna.se\/angelholm\/kosten-pa-vara-aldreboende\/#breadcrumb"},"inLanguage":"sv-SE","potentialAction":[{"@type":"ReadAction","target":["https:\/\/wp.kristdemokraterna.se\/angelholm\/kosten-pa-vara-aldreboende\/"]}]},{"@type":"BreadcrumbList","@id":"https:\/\/wp.kristdemokraterna.se\/angelholm\/kosten-pa-vara-aldreboende\/#breadcrumb","itemListElement":[{"@type":"ListItem","position":1,"name":"Hem","item":"https:\/\/wp.kristdemokraterna.se\/angelholm\/"},{"@type":"ListItem","position":2,"name":"Kosten p\u00e5 v\u00e5ra \u00e4ldreboende"}]},{"@type":"WebSite","@id":"https:\/\/wp.kristdemokraterna.se\/angelholm\/#website","url":"https:\/\/wp.kristdemokraterna.se\/angelholm\/","name":"Kristdemokraterna | \u00c4ngelholm","description":"Kristdemokraterna i \u00c4ngelholms webbplats","inLanguage":"sv-SE"},{"@type":"Person","@id":"https:\/\/wp.kristdemokraterna.se\/angelholm\/#\/schema\/person\/98d27838d17178471da5e8a56aa604a4","name":"helpdesk","image":{"@type":"ImageObject","inLanguage":"sv-SE","@id":"https:\/\/secure.gravatar.com\/avatar\/2e747bc9a7d4e5a6ecca7d851e4175129f995f3f6d9ef18734d1ff623abe4a88?s=96&d=mm&r=g","url":"https:\/\/secure.gravatar.com\/avatar\/2e747bc9a7d4e5a6ecca7d851e4175129f995f3f6d9ef18734d1ff623abe4a88?s=96&d=mm&r=g","contentUrl":"https:\/\/secure.gravatar.com\/avatar\/2e747bc9a7d4e5a6ecca7d851e4175129f995f3f6d9ef18734d1ff623abe4a88?s=96&d=mm&r=g","caption":"helpdesk"},"url":"https:\/\/wp.kristdemokraterna.se\/angelholm\/author\/helpdesk\/"}]}},"_links":{"self":[{"href":"https:\/\/wp.kristdemokraterna.se\/angelholm\/wp-json\/wp\/v2\/posts\/773","targetHints":{"allow":["GET"]}}],"collection":[{"href":"https:\/\/wp.kristdemokraterna.se\/angelholm\/wp-json\/wp\/v2\/posts"}],"about":[{"href":"https:\/\/wp.kristdemokraterna.se\/angelholm\/wp-json\/wp\/v2\/types\/post"}],"author":[{"embeddable":true,"href":"https:\/\/wp.kristdemokraterna.se\/angelholm\/wp-json\/wp\/v2\/users\/444"}],"replies":[{"embeddable":true,"href":"https:\/\/wp.kristdemokraterna.se\/angelholm\/wp-json\/wp\/v2\/comments?post=773"}],"version-history":[{"count":0,"href":"https:\/\/wp.kristdemokraterna.se\/angelholm\/wp-json\/wp\/v2\/posts\/773\/revisions"}],"wp:attachment":[{"href":"https:\/\/wp.kristdemokraterna.se\/angelholm\/wp-json\/wp\/v2\/media?parent=773"}],"wp:term":[{"taxonomy":"category","embeddable":true,"href":"https:\/\/wp.kristdemokraterna.se\/angelholm\/wp-json\/wp\/v2\/categories?post=773"},{"taxonomy":"post_tag","embeddable":true,"href":"https:\/\/wp.kristdemokraterna.se\/angelholm\/wp-json\/wp\/v2\/tags?post=773"}],"curies":[{"name":"wp","href":"https:\/\/api.w.org\/{rel}","templated":true}]}}