{"id":774,"date":"2012-03-21T09:18:15","date_gmt":"2012-03-21T09:18:15","guid":{"rendered":"http:\/\/wpskane.kristdemokraterna.se\/angelholm\/?p=180"},"modified":"2012-03-21T09:18:15","modified_gmt":"2012-03-21T09:18:15","slug":"tradgardar-for-alla-sinnen","status":"publish","type":"post","link":"https:\/\/wp.kristdemokraterna.se\/angelholm\/tradgardar-for-alla-sinnen\/","title":{"rendered":"Tr\u00e4dg\u00e5rdar f\u00f6r alla sinnen"},"content":{"rendered":"<p>&nbsp;<\/p>\n<p>Att bli gammal och beroende av fr\u00e4mmande m\u00e4nniskors h\u00e4nder f\u00f6r att klara sin vardag och att kanske f\u00e5 l\u00e4mna ett \u00e4lskat hem och en k\u00e4r tr\u00e4dg\u00e5rd f\u00f6r att flytta in i ett \u00e4ldreboende \u00e4r en omst\u00e4llning i livet som inte \u00e4r s\u00e5 enkel. Att flytta fr\u00e5n ett stort hus eller l\u00e4genhet till en privat sf\u00e4r p\u00e5 cirka 30 m2 \u00e4r en stor f\u00f6r\u00e4ndring och det kr\u00e4vs en stor lyh\u00f6rdhet fr\u00e5n dem som servar i det nya hemmet f\u00f6r att den enskilde ska k\u00e4nna sig hemma.<\/p>\n<p>Personalen \u00e4r sj\u00e4lvklart den viktigaste resursen i ett \u00e4ldreboende.<\/p>\n<p>Att f\u00e5 god, smakrik, nylagad och g\u00e4rna kaloririk mat serverad vackert h\u00f6r ocks\u00e5 till faktorer som \u00e4r viktiga f\u00f6r trivseln.<\/p>\n<p>Det har ocks\u00e5 stor betydelse att f\u00e5 delta i aktiviteter och dagligen ha m\u00f6jlighet att komma utanf\u00f6r d\u00f6rren. Att d\u00e5 f\u00e5 g\u00e5 ut i en tr\u00e4dg\u00e5rd d\u00e4r alla sinnena blir stimulerade h\u00f6r till sj\u00e4lvklara \u00a0guldkanter som borde finnas p\u00e5 alla \u00e4ldreboende. En tr\u00e4dg\u00e5rd d\u00e4r man ska kunna vila \u00f6gonen p\u00e5 v\u00e4xande blommor och fladdrande fj\u00e4rilar, k\u00e4nna dofter av t.ex. lavendel och schersmin, lyssna till vattenspel och f\u00e5gelkvitter,\u00a0k\u00e4nna smaken av solvarma \u00e4pplen och smultron och efter f\u00f6rm\u00e5ga f\u00e5 vara delaktig i \u201dtr\u00e4dg\u00e5rdsarbetet\u201d.<\/p>\n<p>I en tr\u00e4dg\u00e5rd f\u00f6r \u00e4ldre borde ocks\u00e5 finnas tr\u00e4ningsredskap eller naturliga m\u00f6jligheter f\u00f6r att tr\u00e4na balans, vilket \u00e4r viktigt f\u00f6r att f\u00f6rebygga fallolyckor.<\/p>\n<p>Efter ett f\u00f6rslag fr\u00e5n \u00c4ngelholms demensf\u00f6rening har socialn\u00e4mnden gett tekniska kontoret i uppdrag att se \u00f6ver tr\u00e4dg\u00e5rdsmilj\u00f6erna p\u00e5 v\u00e5ra demensboenden. Mycket bra och jag hoppas att man sen g\u00e5r vidare med tr\u00e4dg\u00e5rdarna till <em>alla<\/em> v\u00e5ra \u00e4ldreboende. En kostnadsfr\u00e5ga och m\u00e5ste kanske f\u00e5 ta ett par tre \u00e5r, men som kristdemokratisk ledamot i socialn\u00e4mnden ser jag det som sj\u00e4lvklart att den som flyttar till sitt f\u00f6rmodligen sista hem ska ha det gott och k\u00e4nna trivsel och f\u00e5 stimulans till ett s\u00e5 aktivt liv som m\u00f6jligt.<\/p>\n<p>Katarina Nilsson<\/p>\n<p>&nbsp;<\/p>\n<p>&nbsp;<\/p>\n","protected":false},"excerpt":{"rendered":"<p>&nbsp; Att bli gammal och beroende av fr\u00e4mmande m\u00e4nniskors h\u00e4nder f\u00f6r att klara sin vardag och att kanske f\u00e5 l\u00e4mna ett \u00e4lskat hem och en k\u00e4r tr\u00e4dg\u00e5rd f\u00f6r att flytta in i ett \u00e4ldreboende \u00e4r en omst\u00e4llning i livet som inte \u00e4r s\u00e5 enkel. Att flytta fr\u00e5n ett stort hus eller l\u00e4genhet till en privat <a class=\"read-more-link\" href=\"https:\/\/wp.kristdemokraterna.se\/angelholm\/tradgardar-for-alla-sinnen\/\">L\u00e4s mer<\/a><\/p>\n","protected":false},"author":444,"featured_media":0,"comment_status":"open","ping_status":"open","sticky":false,"template":"","format":"standard","meta":{"_acf_changed":false,"footnotes":""},"categories":[14],"tags":[],"class_list":["post-774","post","type-post","status-publish","format-standard","hentry","category-debatt-insandare"],"acf":[],"yoast_head":"<!-- This site is optimized with the Yoast SEO plugin v27.4 - https:\/\/yoast.com\/product\/yoast-seo-wordpress\/ -->\n<title>Tr\u00e4dg\u00e5rdar f\u00f6r alla sinnen - Kristdemokraterna | \u00c4ngelholm<\/title>\n<meta name=\"robots\" content=\"index, follow, max-snippet:-1, max-image-preview:large, max-video-preview:-1\" \/>\n<link rel=\"canonical\" href=\"https:\/\/wp.kristdemokraterna.se\/angelholm\/tradgardar-for-alla-sinnen\/\" \/>\n<meta property=\"og:locale\" content=\"sv_SE\" \/>\n<meta property=\"og:type\" content=\"article\" \/>\n<meta property=\"og:title\" content=\"Tr\u00e4dg\u00e5rdar f\u00f6r alla sinnen - Kristdemokraterna | \u00c4ngelholm\" \/>\n<meta property=\"og:description\" content=\"&nbsp; Att bli gammal och beroende av fr\u00e4mmande m\u00e4nniskors h\u00e4nder f\u00f6r att klara sin vardag och att kanske f\u00e5 l\u00e4mna ett \u00e4lskat hem och en k\u00e4r tr\u00e4dg\u00e5rd f\u00f6r att flytta in i ett \u00e4ldreboende \u00e4r en omst\u00e4llning i livet som inte \u00e4r s\u00e5 enkel. Att flytta fr\u00e5n ett stort hus eller l\u00e4genhet till en privat L\u00e4s mer\" \/>\n<meta property=\"og:url\" content=\"https:\/\/wp.kristdemokraterna.se\/angelholm\/tradgardar-for-alla-sinnen\/\" \/>\n<meta property=\"og:site_name\" content=\"Kristdemokraterna | \u00c4ngelholm\" \/>\n<meta property=\"article:published_time\" content=\"2012-03-21T09:18:15+00:00\" \/>\n<meta name=\"author\" content=\"helpdesk\" \/>\n<meta name=\"twitter:card\" content=\"summary_large_image\" \/>\n<meta name=\"twitter:label1\" content=\"Skriven av\" \/>\n\t<meta name=\"twitter:data1\" content=\"helpdesk\" \/>\n\t<meta name=\"twitter:label2\" content=\"Ber\u00e4knad l\u00e4stid\" \/>\n\t<meta name=\"twitter:data2\" content=\"2 minuter\" \/>\n<script type=\"application\/ld+json\" class=\"yoast-schema-graph\">{\"@context\":\"https:\\\/\\\/schema.org\",\"@graph\":[{\"@type\":\"Article\",\"@id\":\"https:\\\/\\\/wp.kristdemokraterna.se\\\/angelholm\\\/tradgardar-for-alla-sinnen\\\/#article\",\"isPartOf\":{\"@id\":\"https:\\\/\\\/wp.kristdemokraterna.se\\\/angelholm\\\/tradgardar-for-alla-sinnen\\\/\"},\"author\":{\"name\":\"helpdesk\",\"@id\":\"https:\\\/\\\/wp.kristdemokraterna.se\\\/angelholm\\\/#\\\/schema\\\/person\\\/98d27838d17178471da5e8a56aa604a4\"},\"headline\":\"Tr\u00e4dg\u00e5rdar f\u00f6r alla sinnen\",\"datePublished\":\"2012-03-21T09:18:15+00:00\",\"mainEntityOfPage\":{\"@id\":\"https:\\\/\\\/wp.kristdemokraterna.se\\\/angelholm\\\/tradgardar-for-alla-sinnen\\\/\"},\"wordCount\":387,\"commentCount\":0,\"articleSection\":[\"Debatt och ins\u00e4ndare\"],\"inLanguage\":\"sv-SE\"},{\"@type\":\"WebPage\",\"@id\":\"https:\\\/\\\/wp.kristdemokraterna.se\\\/angelholm\\\/tradgardar-for-alla-sinnen\\\/\",\"url\":\"https:\\\/\\\/wp.kristdemokraterna.se\\\/angelholm\\\/tradgardar-for-alla-sinnen\\\/\",\"name\":\"Tr\u00e4dg\u00e5rdar f\u00f6r alla sinnen - Kristdemokraterna | \u00c4ngelholm\",\"isPartOf\":{\"@id\":\"https:\\\/\\\/wp.kristdemokraterna.se\\\/angelholm\\\/#website\"},\"datePublished\":\"2012-03-21T09:18:15+00:00\",\"author\":{\"@id\":\"https:\\\/\\\/wp.kristdemokraterna.se\\\/angelholm\\\/#\\\/schema\\\/person\\\/98d27838d17178471da5e8a56aa604a4\"},\"breadcrumb\":{\"@id\":\"https:\\\/\\\/wp.kristdemokraterna.se\\\/angelholm\\\/tradgardar-for-alla-sinnen\\\/#breadcrumb\"},\"inLanguage\":\"sv-SE\",\"potentialAction\":[{\"@type\":\"ReadAction\",\"target\":[\"https:\\\/\\\/wp.kristdemokraterna.se\\\/angelholm\\\/tradgardar-for-alla-sinnen\\\/\"]}]},{\"@type\":\"BreadcrumbList\",\"@id\":\"https:\\\/\\\/wp.kristdemokraterna.se\\\/angelholm\\\/tradgardar-for-alla-sinnen\\\/#breadcrumb\",\"itemListElement\":[{\"@type\":\"ListItem\",\"position\":1,\"name\":\"Hem\",\"item\":\"https:\\\/\\\/wp.kristdemokraterna.se\\\/angelholm\\\/\"},{\"@type\":\"ListItem\",\"position\":2,\"name\":\"Tr\u00e4dg\u00e5rdar f\u00f6r alla sinnen\"}]},{\"@type\":\"WebSite\",\"@id\":\"https:\\\/\\\/wp.kristdemokraterna.se\\\/angelholm\\\/#website\",\"url\":\"https:\\\/\\\/wp.kristdemokraterna.se\\\/angelholm\\\/\",\"name\":\"Kristdemokraterna | \u00c4ngelholm\",\"description\":\"Kristdemokraterna i \u00c4ngelholms webbplats\",\"inLanguage\":\"sv-SE\"},{\"@type\":\"Person\",\"@id\":\"https:\\\/\\\/wp.kristdemokraterna.se\\\/angelholm\\\/#\\\/schema\\\/person\\\/98d27838d17178471da5e8a56aa604a4\",\"name\":\"helpdesk\",\"image\":{\"@type\":\"ImageObject\",\"inLanguage\":\"sv-SE\",\"@id\":\"https:\\\/\\\/secure.gravatar.com\\\/avatar\\\/2e747bc9a7d4e5a6ecca7d851e4175129f995f3f6d9ef18734d1ff623abe4a88?s=96&d=mm&r=g\",\"url\":\"https:\\\/\\\/secure.gravatar.com\\\/avatar\\\/2e747bc9a7d4e5a6ecca7d851e4175129f995f3f6d9ef18734d1ff623abe4a88?s=96&d=mm&r=g\",\"contentUrl\":\"https:\\\/\\\/secure.gravatar.com\\\/avatar\\\/2e747bc9a7d4e5a6ecca7d851e4175129f995f3f6d9ef18734d1ff623abe4a88?s=96&d=mm&r=g\",\"caption\":\"helpdesk\"},\"url\":\"https:\\\/\\\/wp.kristdemokraterna.se\\\/angelholm\\\/author\\\/helpdesk\\\/\"}]}<\/script>\n<!-- \/ Yoast SEO plugin. -->","yoast_head_json":{"title":"Tr\u00e4dg\u00e5rdar f\u00f6r alla sinnen - Kristdemokraterna | \u00c4ngelholm","robots":{"index":"index","follow":"follow","max-snippet":"max-snippet:-1","max-image-preview":"max-image-preview:large","max-video-preview":"max-video-preview:-1"},"canonical":"https:\/\/wp.kristdemokraterna.se\/angelholm\/tradgardar-for-alla-sinnen\/","og_locale":"sv_SE","og_type":"article","og_title":"Tr\u00e4dg\u00e5rdar f\u00f6r alla sinnen - Kristdemokraterna | \u00c4ngelholm","og_description":"&nbsp; Att bli gammal och beroende av fr\u00e4mmande m\u00e4nniskors h\u00e4nder f\u00f6r att klara sin vardag och att kanske f\u00e5 l\u00e4mna ett \u00e4lskat hem och en k\u00e4r tr\u00e4dg\u00e5rd f\u00f6r att flytta in i ett \u00e4ldreboende \u00e4r en omst\u00e4llning i livet som inte \u00e4r s\u00e5 enkel. Att flytta fr\u00e5n ett stort hus eller l\u00e4genhet till en privat L\u00e4s mer","og_url":"https:\/\/wp.kristdemokraterna.se\/angelholm\/tradgardar-for-alla-sinnen\/","og_site_name":"Kristdemokraterna | \u00c4ngelholm","article_published_time":"2012-03-21T09:18:15+00:00","author":"helpdesk","twitter_card":"summary_large_image","twitter_misc":{"Skriven av":"helpdesk","Ber\u00e4knad l\u00e4stid":"2 minuter"},"schema":{"@context":"https:\/\/schema.org","@graph":[{"@type":"Article","@id":"https:\/\/wp.kristdemokraterna.se\/angelholm\/tradgardar-for-alla-sinnen\/#article","isPartOf":{"@id":"https:\/\/wp.kristdemokraterna.se\/angelholm\/tradgardar-for-alla-sinnen\/"},"author":{"name":"helpdesk","@id":"https:\/\/wp.kristdemokraterna.se\/angelholm\/#\/schema\/person\/98d27838d17178471da5e8a56aa604a4"},"headline":"Tr\u00e4dg\u00e5rdar f\u00f6r alla sinnen","datePublished":"2012-03-21T09:18:15+00:00","mainEntityOfPage":{"@id":"https:\/\/wp.kristdemokraterna.se\/angelholm\/tradgardar-for-alla-sinnen\/"},"wordCount":387,"commentCount":0,"articleSection":["Debatt och ins\u00e4ndare"],"inLanguage":"sv-SE"},{"@type":"WebPage","@id":"https:\/\/wp.kristdemokraterna.se\/angelholm\/tradgardar-for-alla-sinnen\/","url":"https:\/\/wp.kristdemokraterna.se\/angelholm\/tradgardar-for-alla-sinnen\/","name":"Tr\u00e4dg\u00e5rdar f\u00f6r alla sinnen - Kristdemokraterna | \u00c4ngelholm","isPartOf":{"@id":"https:\/\/wp.kristdemokraterna.se\/angelholm\/#website"},"datePublished":"2012-03-21T09:18:15+00:00","author":{"@id":"https:\/\/wp.kristdemokraterna.se\/angelholm\/#\/schema\/person\/98d27838d17178471da5e8a56aa604a4"},"breadcrumb":{"@id":"https:\/\/wp.kristdemokraterna.se\/angelholm\/tradgardar-for-alla-sinnen\/#breadcrumb"},"inLanguage":"sv-SE","potentialAction":[{"@type":"ReadAction","target":["https:\/\/wp.kristdemokraterna.se\/angelholm\/tradgardar-for-alla-sinnen\/"]}]},{"@type":"BreadcrumbList","@id":"https:\/\/wp.kristdemokraterna.se\/angelholm\/tradgardar-for-alla-sinnen\/#breadcrumb","itemListElement":[{"@type":"ListItem","position":1,"name":"Hem","item":"https:\/\/wp.kristdemokraterna.se\/angelholm\/"},{"@type":"ListItem","position":2,"name":"Tr\u00e4dg\u00e5rdar f\u00f6r alla sinnen"}]},{"@type":"WebSite","@id":"https:\/\/wp.kristdemokraterna.se\/angelholm\/#website","url":"https:\/\/wp.kristdemokraterna.se\/angelholm\/","name":"Kristdemokraterna | \u00c4ngelholm","description":"Kristdemokraterna i \u00c4ngelholms webbplats","inLanguage":"sv-SE"},{"@type":"Person","@id":"https:\/\/wp.kristdemokraterna.se\/angelholm\/#\/schema\/person\/98d27838d17178471da5e8a56aa604a4","name":"helpdesk","image":{"@type":"ImageObject","inLanguage":"sv-SE","@id":"https:\/\/secure.gravatar.com\/avatar\/2e747bc9a7d4e5a6ecca7d851e4175129f995f3f6d9ef18734d1ff623abe4a88?s=96&d=mm&r=g","url":"https:\/\/secure.gravatar.com\/avatar\/2e747bc9a7d4e5a6ecca7d851e4175129f995f3f6d9ef18734d1ff623abe4a88?s=96&d=mm&r=g","contentUrl":"https:\/\/secure.gravatar.com\/avatar\/2e747bc9a7d4e5a6ecca7d851e4175129f995f3f6d9ef18734d1ff623abe4a88?s=96&d=mm&r=g","caption":"helpdesk"},"url":"https:\/\/wp.kristdemokraterna.se\/angelholm\/author\/helpdesk\/"}]}},"_links":{"self":[{"href":"https:\/\/wp.kristdemokraterna.se\/angelholm\/wp-json\/wp\/v2\/posts\/774","targetHints":{"allow":["GET"]}}],"collection":[{"href":"https:\/\/wp.kristdemokraterna.se\/angelholm\/wp-json\/wp\/v2\/posts"}],"about":[{"href":"https:\/\/wp.kristdemokraterna.se\/angelholm\/wp-json\/wp\/v2\/types\/post"}],"author":[{"embeddable":true,"href":"https:\/\/wp.kristdemokraterna.se\/angelholm\/wp-json\/wp\/v2\/users\/444"}],"replies":[{"embeddable":true,"href":"https:\/\/wp.kristdemokraterna.se\/angelholm\/wp-json\/wp\/v2\/comments?post=774"}],"version-history":[{"count":0,"href":"https:\/\/wp.kristdemokraterna.se\/angelholm\/wp-json\/wp\/v2\/posts\/774\/revisions"}],"wp:attachment":[{"href":"https:\/\/wp.kristdemokraterna.se\/angelholm\/wp-json\/wp\/v2\/media?parent=774"}],"wp:term":[{"taxonomy":"category","embeddable":true,"href":"https:\/\/wp.kristdemokraterna.se\/angelholm\/wp-json\/wp\/v2\/categories?post=774"},{"taxonomy":"post_tag","embeddable":true,"href":"https:\/\/wp.kristdemokraterna.se\/angelholm\/wp-json\/wp\/v2\/tags?post=774"}],"curies":[{"name":"wp","href":"https:\/\/api.w.org\/{rel}","templated":true}]}}