{"id":783,"date":"2014-01-14T17:40:37","date_gmt":"2014-01-14T17:40:37","guid":{"rendered":"http:\/\/wpskane.kristdemokraterna.se\/angelholm\/?p=301"},"modified":"2014-01-14T17:40:37","modified_gmt":"2014-01-14T17:40:37","slug":"vaga-ta-plats-i-ditt-barns-liv","status":"publish","type":"post","link":"https:\/\/wp.kristdemokraterna.se\/angelholm\/vaga-ta-plats-i-ditt-barns-liv\/","title":{"rendered":"V\u00e5ga ta plats i ditt barns liv"},"content":{"rendered":"<p align=\"CENTER\"><span style=\"font-size: large\">\u00a0<\/span><\/p>\n<p align=\"LEFT\"><span style=\"font-size: medium\">Den senaste tiden har det debatterats: <\/span><\/p>\n<p align=\"LEFT\"><span style=\"font-size: medium\">-Huruvida det \u00e4r f\u00f6r\u00e4ldrarna eller l\u00e4rarna som har huvudansvaret att fostra barnen och att l\u00e4rarna m\u00e5ste anv\u00e4nda mycket av sin tid f\u00f6r att f\u00e5 hyfs och ordning p\u00e5 ungarna.<\/span><\/p>\n<p align=\"LEFT\"><span style=\"font-size: medium\">-Om ut\u00f6kad tid p\u00e5 f\u00f6rskola n\u00e4r f\u00f6r\u00e4lder \u00e4r arbetsl\u00f6s eller f\u00f6r\u00e4ldraledig \u00e4r en bra eller d\u00e5lig id\u00e9.<\/span><\/p>\n<p align=\"LEFT\"><span style=\"font-size: medium\">-Kring faktat att kvinnor och d\u00e5 fr\u00e4mst mammor med tv\u00e5 barn eller flera har en \u00f6kad sjukfr\u00e5nvaro.<\/span><\/p>\n<p align=\"LEFT\">\u00a0<span style=\"font-size: medium\">Jag tror personligen att f\u00f6r\u00e4ldraskapet beh\u00f6ver uppdateras och f\u00e5 en h\u00f6gre status. Att politiken och f\u00f6r\u00e4ldrar m\u00e5ste inse att det \u00e4r ett projekt att bli f\u00f6r\u00e4lder, ett l\u00e5ngtidsprojekt som tar tid och energi. Ett projekt som faktiskt kan vara sv\u00e5rt att kombinera med tv\u00e5 heltidstj\u00e4nster.<\/span><\/p>\n<p align=\"LEFT\"><span style=\"font-size: medium\">Politiken har under de senaste decennierna propagerat f\u00f6r att barn tidigt beh\u00f6ver f\u00f6rskola f\u00f6r att utvecklas och att f\u00f6r\u00e4ldrar g\u00e4rna ska jobba heltid. Att ta hand om barn, om det \u00e4r de egna, \u00e4r inte ett arbete v\u00e4rt att stimulera. Arbetslinjen, heltid utanf\u00f6r hemmet, \u00e4r norm. F\u00f6r\u00e4ldrar har f\u00e5tts att tro att barn som \u201dg\u00e5r hemma\u201d f\u00e5r en d\u00e5lig start i livet. Att det fodras att man \u00e4r utbildad pedagog f\u00f6r att fostra barn fr\u00e5n ett\u00e5rs\u00e5lder till sj\u00e4lvst\u00e4ndiga och goda samh\u00e4llsmedborgare.<\/span><\/p>\n<p align=\"LEFT\"><span style=\"font-size: medium\">H\u00e4romveckan, p\u00e5 debattsidan i HD, skriver tre socialdemokrater fr\u00e5n Helsingborg att de vill erbjuda barn till f\u00f6r\u00e4ldralediga och arbetsl\u00f6sa 30-35 tim\/vecka fri f\u00f6rskola. Detta f\u00f6r man menar att s\u00e5 gott som alla vetenskapliga unders\u00f6kningar visar att f\u00f6rskola \u00e4r bra f\u00f6r barnen.<\/span><\/p>\n<p align=\"LEFT\"><span style=\"font-size: medium\">Jag undrar vilka unders\u00f6kningar man st\u00f6der sig p\u00e5 och vid vilken \u00e5lder och hur l\u00e4nge\/dag som det g\u00e4ller?<\/span><\/p>\n<p align=\"LEFT\"><span style=\"font-size: medium\">I Per K\u00e5gessons bok \u201dTid f\u00f6r barn\u201d beskrivs flera unders\u00f6kningar som visar att sm\u00e5 barn under 2-3\u00e5r inte alls har behov av f\u00f6rskola. De beh\u00f6ver tid till anknytning till sin mamma och pappa och de upplever separations\u00e5ngest och negativ stress (h\u00f6ga cortisolv\u00e4rden i blodet) vid tidig dagisdebut. <\/span><\/p>\n<p align=\"LEFT\"><span style=\"font-size: medium\">Jag \u00e4r \u00f6vertygad om att barn generellt skulle m\u00e5 b\u00e4ttre och vara mindre stressade om f\u00f6r\u00e4ldrarna hade getts m\u00f6jlighet och av samh\u00e4llet p\u00e5verkats att arbeta lite mindre f\u00f6r ha mera tid f\u00f6r sina barn och jag \u00e4r ocks\u00e5 \u00f6vertygad om att \u00e4ven f\u00f6r\u00e4ldrarna skulle m\u00e5 b\u00e4ttre.<\/span><\/p>\n<p align=\"LEFT\"><span style=\"font-size: medium\">Det \u00e4r bl.a. d\u00e4rf\u00f6r jag \u00e4r kristdemokrat, f\u00f6r kristdemokraterna \u00e4r det parti som allra tydligast vill g\u00f6ra det m\u00f6jligt f\u00f6r f\u00f6r\u00e4ldrar att f\u00e5 ihop livspusslet s\u00e5 att det bli mera tid \u00f6ver till relationer.<\/span><\/p>\n<p align=\"LEFT\"><span style=\"font-size: medium\">Tid f\u00f6r barn, vardagstid och relationstid, kan aldrig kompenseras med prylar och dyra semesterveckor. <\/span><\/p>\n<p align=\"LEFT\"><span style=\"font-size: medium\">F\u00f6rskola \u00e4r sj\u00e4lvklart ett bra komplement, som i adekvat \u00e5lder, lagom portioner och i sm\u00e5 grupper visst kan vara bra f\u00f6r barns utveckling.<\/span><\/p>\n<p align=\"LEFT\"><span style=\"font-size: medium\">F\u00f6r f\u00f6r\u00e4ldrar som av olika sk\u00e4l inte orkar med f\u00f6r\u00e4ldraskapet helt ut kan naturligtvis en tidig f\u00f6rskolestart vara till barnets gagn.<\/span><\/p>\n<p align=\"LEFT\"><span style=\"font-size: medium\">Men n\u00e4r politiken genom olika styrmedel och h\u00e4nvisning till vaga unders\u00f6kningar f\u00f6rs\u00f6ker att f\u00e5 f\u00f6r\u00e4ldrar att abdikera som f\u00f6r\u00e4lder och f\u00e5 dem att tro att pedagoger \u00e4r viktigare \u00e4n f\u00f6r\u00e4ldrar d\u00e5 \u00e4r det n\u00e5got som g\u00e5tt snett.<\/span><\/p>\n<p align=\"LEFT\"><span style=\"font-size: medium\">Katarina Nilsson (Kd)<\/span><\/p>\n<p align=\"LEFT\"><span style=\"font-size: medium\">\u00c4ngelholm<\/span><\/p>\n<p align=\"CENTER\"><span style=\"font-size: medium\">\u00a0<\/span><\/p>\n<p align=\"LEFT\"><span style=\"font-size: medium\">&#8211;<\/span><\/p>\n","protected":false},"excerpt":{"rendered":"<p>\u00a0 Den senaste tiden har det debatterats: -Huruvida det \u00e4r f\u00f6r\u00e4ldrarna eller l\u00e4rarna som har huvudansvaret att fostra barnen och att l\u00e4rarna m\u00e5ste anv\u00e4nda mycket av sin tid f\u00f6r att f\u00e5 hyfs och ordning p\u00e5 ungarna. -Om ut\u00f6kad tid p\u00e5 f\u00f6rskola n\u00e4r f\u00f6r\u00e4lder \u00e4r arbetsl\u00f6s eller f\u00f6r\u00e4ldraledig \u00e4r en bra eller d\u00e5lig id\u00e9. -Kring faktat <a class=\"read-more-link\" href=\"https:\/\/wp.kristdemokraterna.se\/angelholm\/vaga-ta-plats-i-ditt-barns-liv\/\">L\u00e4s mer<\/a><\/p>\n","protected":false},"author":444,"featured_media":0,"comment_status":"open","ping_status":"open","sticky":false,"template":"","format":"standard","meta":{"_acf_changed":false,"footnotes":""},"categories":[14],"tags":[],"class_list":["post-783","post","type-post","status-publish","format-standard","hentry","category-debatt-insandare"],"acf":[],"yoast_head":"<!-- This site is optimized with the Yoast SEO plugin v27.4 - https:\/\/yoast.com\/product\/yoast-seo-wordpress\/ -->\n<title>V\u00e5ga ta plats i ditt barns liv - Kristdemokraterna | \u00c4ngelholm<\/title>\n<meta name=\"robots\" content=\"index, follow, max-snippet:-1, max-image-preview:large, max-video-preview:-1\" \/>\n<link rel=\"canonical\" href=\"https:\/\/wp.kristdemokraterna.se\/angelholm\/vaga-ta-plats-i-ditt-barns-liv\/\" \/>\n<meta property=\"og:locale\" content=\"sv_SE\" \/>\n<meta property=\"og:type\" content=\"article\" \/>\n<meta property=\"og:title\" content=\"V\u00e5ga ta plats i ditt barns liv - Kristdemokraterna | \u00c4ngelholm\" \/>\n<meta property=\"og:description\" content=\"\u00a0 Den senaste tiden har det debatterats: -Huruvida det \u00e4r f\u00f6r\u00e4ldrarna eller l\u00e4rarna som har huvudansvaret att fostra barnen och att l\u00e4rarna m\u00e5ste anv\u00e4nda mycket av sin tid f\u00f6r att f\u00e5 hyfs och ordning p\u00e5 ungarna. -Om ut\u00f6kad tid p\u00e5 f\u00f6rskola n\u00e4r f\u00f6r\u00e4lder \u00e4r arbetsl\u00f6s eller f\u00f6r\u00e4ldraledig \u00e4r en bra eller d\u00e5lig id\u00e9. -Kring faktat L\u00e4s mer\" \/>\n<meta property=\"og:url\" content=\"https:\/\/wp.kristdemokraterna.se\/angelholm\/vaga-ta-plats-i-ditt-barns-liv\/\" \/>\n<meta property=\"og:site_name\" content=\"Kristdemokraterna | \u00c4ngelholm\" \/>\n<meta property=\"article:published_time\" content=\"2014-01-14T17:40:37+00:00\" \/>\n<meta name=\"author\" content=\"helpdesk\" \/>\n<meta name=\"twitter:card\" content=\"summary_large_image\" \/>\n<meta name=\"twitter:label1\" content=\"Skriven av\" \/>\n\t<meta name=\"twitter:data1\" content=\"helpdesk\" \/>\n\t<meta name=\"twitter:label2\" content=\"Ber\u00e4knad l\u00e4stid\" \/>\n\t<meta name=\"twitter:data2\" content=\"3 minuter\" \/>\n<script type=\"application\/ld+json\" class=\"yoast-schema-graph\">{\"@context\":\"https:\\\/\\\/schema.org\",\"@graph\":[{\"@type\":\"Article\",\"@id\":\"https:\\\/\\\/wp.kristdemokraterna.se\\\/angelholm\\\/vaga-ta-plats-i-ditt-barns-liv\\\/#article\",\"isPartOf\":{\"@id\":\"https:\\\/\\\/wp.kristdemokraterna.se\\\/angelholm\\\/vaga-ta-plats-i-ditt-barns-liv\\\/\"},\"author\":{\"name\":\"helpdesk\",\"@id\":\"https:\\\/\\\/wp.kristdemokraterna.se\\\/angelholm\\\/#\\\/schema\\\/person\\\/98d27838d17178471da5e8a56aa604a4\"},\"headline\":\"V\u00e5ga ta plats i ditt barns liv\",\"datePublished\":\"2014-01-14T17:40:37+00:00\",\"mainEntityOfPage\":{\"@id\":\"https:\\\/\\\/wp.kristdemokraterna.se\\\/angelholm\\\/vaga-ta-plats-i-ditt-barns-liv\\\/\"},\"wordCount\":609,\"commentCount\":0,\"articleSection\":[\"Debatt och ins\u00e4ndare\"],\"inLanguage\":\"sv-SE\"},{\"@type\":\"WebPage\",\"@id\":\"https:\\\/\\\/wp.kristdemokraterna.se\\\/angelholm\\\/vaga-ta-plats-i-ditt-barns-liv\\\/\",\"url\":\"https:\\\/\\\/wp.kristdemokraterna.se\\\/angelholm\\\/vaga-ta-plats-i-ditt-barns-liv\\\/\",\"name\":\"V\u00e5ga ta plats i ditt barns liv - Kristdemokraterna | \u00c4ngelholm\",\"isPartOf\":{\"@id\":\"https:\\\/\\\/wp.kristdemokraterna.se\\\/angelholm\\\/#website\"},\"datePublished\":\"2014-01-14T17:40:37+00:00\",\"author\":{\"@id\":\"https:\\\/\\\/wp.kristdemokraterna.se\\\/angelholm\\\/#\\\/schema\\\/person\\\/98d27838d17178471da5e8a56aa604a4\"},\"breadcrumb\":{\"@id\":\"https:\\\/\\\/wp.kristdemokraterna.se\\\/angelholm\\\/vaga-ta-plats-i-ditt-barns-liv\\\/#breadcrumb\"},\"inLanguage\":\"sv-SE\",\"potentialAction\":[{\"@type\":\"ReadAction\",\"target\":[\"https:\\\/\\\/wp.kristdemokraterna.se\\\/angelholm\\\/vaga-ta-plats-i-ditt-barns-liv\\\/\"]}]},{\"@type\":\"BreadcrumbList\",\"@id\":\"https:\\\/\\\/wp.kristdemokraterna.se\\\/angelholm\\\/vaga-ta-plats-i-ditt-barns-liv\\\/#breadcrumb\",\"itemListElement\":[{\"@type\":\"ListItem\",\"position\":1,\"name\":\"Hem\",\"item\":\"https:\\\/\\\/wp.kristdemokraterna.se\\\/angelholm\\\/\"},{\"@type\":\"ListItem\",\"position\":2,\"name\":\"V\u00e5ga ta plats i ditt barns liv\"}]},{\"@type\":\"WebSite\",\"@id\":\"https:\\\/\\\/wp.kristdemokraterna.se\\\/angelholm\\\/#website\",\"url\":\"https:\\\/\\\/wp.kristdemokraterna.se\\\/angelholm\\\/\",\"name\":\"Kristdemokraterna | \u00c4ngelholm\",\"description\":\"Kristdemokraterna i \u00c4ngelholms webbplats\",\"inLanguage\":\"sv-SE\"},{\"@type\":\"Person\",\"@id\":\"https:\\\/\\\/wp.kristdemokraterna.se\\\/angelholm\\\/#\\\/schema\\\/person\\\/98d27838d17178471da5e8a56aa604a4\",\"name\":\"helpdesk\",\"image\":{\"@type\":\"ImageObject\",\"inLanguage\":\"sv-SE\",\"@id\":\"https:\\\/\\\/secure.gravatar.com\\\/avatar\\\/2e747bc9a7d4e5a6ecca7d851e4175129f995f3f6d9ef18734d1ff623abe4a88?s=96&d=mm&r=g\",\"url\":\"https:\\\/\\\/secure.gravatar.com\\\/avatar\\\/2e747bc9a7d4e5a6ecca7d851e4175129f995f3f6d9ef18734d1ff623abe4a88?s=96&d=mm&r=g\",\"contentUrl\":\"https:\\\/\\\/secure.gravatar.com\\\/avatar\\\/2e747bc9a7d4e5a6ecca7d851e4175129f995f3f6d9ef18734d1ff623abe4a88?s=96&d=mm&r=g\",\"caption\":\"helpdesk\"},\"url\":\"https:\\\/\\\/wp.kristdemokraterna.se\\\/angelholm\\\/author\\\/helpdesk\\\/\"}]}<\/script>\n<!-- \/ Yoast SEO plugin. -->","yoast_head_json":{"title":"V\u00e5ga ta plats i ditt barns liv - Kristdemokraterna | \u00c4ngelholm","robots":{"index":"index","follow":"follow","max-snippet":"max-snippet:-1","max-image-preview":"max-image-preview:large","max-video-preview":"max-video-preview:-1"},"canonical":"https:\/\/wp.kristdemokraterna.se\/angelholm\/vaga-ta-plats-i-ditt-barns-liv\/","og_locale":"sv_SE","og_type":"article","og_title":"V\u00e5ga ta plats i ditt barns liv - Kristdemokraterna | \u00c4ngelholm","og_description":"\u00a0 Den senaste tiden har det debatterats: -Huruvida det \u00e4r f\u00f6r\u00e4ldrarna eller l\u00e4rarna som har huvudansvaret att fostra barnen och att l\u00e4rarna m\u00e5ste anv\u00e4nda mycket av sin tid f\u00f6r att f\u00e5 hyfs och ordning p\u00e5 ungarna. -Om ut\u00f6kad tid p\u00e5 f\u00f6rskola n\u00e4r f\u00f6r\u00e4lder \u00e4r arbetsl\u00f6s eller f\u00f6r\u00e4ldraledig \u00e4r en bra eller d\u00e5lig id\u00e9. -Kring faktat L\u00e4s mer","og_url":"https:\/\/wp.kristdemokraterna.se\/angelholm\/vaga-ta-plats-i-ditt-barns-liv\/","og_site_name":"Kristdemokraterna | \u00c4ngelholm","article_published_time":"2014-01-14T17:40:37+00:00","author":"helpdesk","twitter_card":"summary_large_image","twitter_misc":{"Skriven av":"helpdesk","Ber\u00e4knad l\u00e4stid":"3 minuter"},"schema":{"@context":"https:\/\/schema.org","@graph":[{"@type":"Article","@id":"https:\/\/wp.kristdemokraterna.se\/angelholm\/vaga-ta-plats-i-ditt-barns-liv\/#article","isPartOf":{"@id":"https:\/\/wp.kristdemokraterna.se\/angelholm\/vaga-ta-plats-i-ditt-barns-liv\/"},"author":{"name":"helpdesk","@id":"https:\/\/wp.kristdemokraterna.se\/angelholm\/#\/schema\/person\/98d27838d17178471da5e8a56aa604a4"},"headline":"V\u00e5ga ta plats i ditt barns liv","datePublished":"2014-01-14T17:40:37+00:00","mainEntityOfPage":{"@id":"https:\/\/wp.kristdemokraterna.se\/angelholm\/vaga-ta-plats-i-ditt-barns-liv\/"},"wordCount":609,"commentCount":0,"articleSection":["Debatt och ins\u00e4ndare"],"inLanguage":"sv-SE"},{"@type":"WebPage","@id":"https:\/\/wp.kristdemokraterna.se\/angelholm\/vaga-ta-plats-i-ditt-barns-liv\/","url":"https:\/\/wp.kristdemokraterna.se\/angelholm\/vaga-ta-plats-i-ditt-barns-liv\/","name":"V\u00e5ga ta plats i ditt barns liv - Kristdemokraterna | \u00c4ngelholm","isPartOf":{"@id":"https:\/\/wp.kristdemokraterna.se\/angelholm\/#website"},"datePublished":"2014-01-14T17:40:37+00:00","author":{"@id":"https:\/\/wp.kristdemokraterna.se\/angelholm\/#\/schema\/person\/98d27838d17178471da5e8a56aa604a4"},"breadcrumb":{"@id":"https:\/\/wp.kristdemokraterna.se\/angelholm\/vaga-ta-plats-i-ditt-barns-liv\/#breadcrumb"},"inLanguage":"sv-SE","potentialAction":[{"@type":"ReadAction","target":["https:\/\/wp.kristdemokraterna.se\/angelholm\/vaga-ta-plats-i-ditt-barns-liv\/"]}]},{"@type":"BreadcrumbList","@id":"https:\/\/wp.kristdemokraterna.se\/angelholm\/vaga-ta-plats-i-ditt-barns-liv\/#breadcrumb","itemListElement":[{"@type":"ListItem","position":1,"name":"Hem","item":"https:\/\/wp.kristdemokraterna.se\/angelholm\/"},{"@type":"ListItem","position":2,"name":"V\u00e5ga ta plats i ditt barns liv"}]},{"@type":"WebSite","@id":"https:\/\/wp.kristdemokraterna.se\/angelholm\/#website","url":"https:\/\/wp.kristdemokraterna.se\/angelholm\/","name":"Kristdemokraterna | \u00c4ngelholm","description":"Kristdemokraterna i \u00c4ngelholms webbplats","inLanguage":"sv-SE"},{"@type":"Person","@id":"https:\/\/wp.kristdemokraterna.se\/angelholm\/#\/schema\/person\/98d27838d17178471da5e8a56aa604a4","name":"helpdesk","image":{"@type":"ImageObject","inLanguage":"sv-SE","@id":"https:\/\/secure.gravatar.com\/avatar\/2e747bc9a7d4e5a6ecca7d851e4175129f995f3f6d9ef18734d1ff623abe4a88?s=96&d=mm&r=g","url":"https:\/\/secure.gravatar.com\/avatar\/2e747bc9a7d4e5a6ecca7d851e4175129f995f3f6d9ef18734d1ff623abe4a88?s=96&d=mm&r=g","contentUrl":"https:\/\/secure.gravatar.com\/avatar\/2e747bc9a7d4e5a6ecca7d851e4175129f995f3f6d9ef18734d1ff623abe4a88?s=96&d=mm&r=g","caption":"helpdesk"},"url":"https:\/\/wp.kristdemokraterna.se\/angelholm\/author\/helpdesk\/"}]}},"_links":{"self":[{"href":"https:\/\/wp.kristdemokraterna.se\/angelholm\/wp-json\/wp\/v2\/posts\/783","targetHints":{"allow":["GET"]}}],"collection":[{"href":"https:\/\/wp.kristdemokraterna.se\/angelholm\/wp-json\/wp\/v2\/posts"}],"about":[{"href":"https:\/\/wp.kristdemokraterna.se\/angelholm\/wp-json\/wp\/v2\/types\/post"}],"author":[{"embeddable":true,"href":"https:\/\/wp.kristdemokraterna.se\/angelholm\/wp-json\/wp\/v2\/users\/444"}],"replies":[{"embeddable":true,"href":"https:\/\/wp.kristdemokraterna.se\/angelholm\/wp-json\/wp\/v2\/comments?post=783"}],"version-history":[{"count":0,"href":"https:\/\/wp.kristdemokraterna.se\/angelholm\/wp-json\/wp\/v2\/posts\/783\/revisions"}],"wp:attachment":[{"href":"https:\/\/wp.kristdemokraterna.se\/angelholm\/wp-json\/wp\/v2\/media?parent=783"}],"wp:term":[{"taxonomy":"category","embeddable":true,"href":"https:\/\/wp.kristdemokraterna.se\/angelholm\/wp-json\/wp\/v2\/categories?post=783"},{"taxonomy":"post_tag","embeddable":true,"href":"https:\/\/wp.kristdemokraterna.se\/angelholm\/wp-json\/wp\/v2\/tags?post=783"}],"curies":[{"name":"wp","href":"https:\/\/api.w.org\/{rel}","templated":true}]}}