{"id":2321,"date":"2019-11-27T21:33:05","date_gmt":"2019-11-27T20:33:05","guid":{"rendered":"http:\/\/wp.kristdemokraterna.se\/koping\/?p=366"},"modified":"2019-11-27T21:33:05","modified_gmt":"2019-11-27T20:33:05","slug":"kan-familjecentralen-jobba-med-hemmasittarna","status":"publish","type":"post","link":"https:\/\/wp.kristdemokraterna.se\/arboga\/kan-familjecentralen-jobba-med-hemmasittarna\/","title":{"rendered":"Kan Familjecentralen jobba med hemmasittarna?"},"content":{"rendered":"<p>Vi har skolplikt i v\u00e5rt land och \u00e4nd\u00e5 ber\u00e4knas \u00f6ver 5.000 elever vara sk hammasittare, som av olika anledningar inte g\u00e5r till skolan varje dag utan sitter hemma.<\/p>\n<p>Detta \u00e4r en mycket allvarlig utveckling d\u00e4r det kan handla om olika orsaker allt ifr\u00e5n elevens hemmilj\u00f6 och studiemilj\u00f6n i skolan till elevens beg\u00e5vningsf\u00f6ruts\u00e4ttningar eller neuropsykiatriska diagnoser.<\/p>\n<p>Dessa elever som inte klarar av att g\u00e5 till skolan f\u00f6r f\u00e5 den utbildning de s\u00e5 v\u00e4l beh\u00f6ver och som de har r\u00e4tt till finns ocks\u00e5 i K\u00f6pings kommun. Malmaskolan i Kolsva \u00e4r ett exempel d\u00e4r de sedan l\u00e4nge bedrivit ett omfattande elevh\u00e4lsoarbete f\u00f6r att eleverna ska f\u00e5 det st\u00f6d de har r\u00e4tt till och f\u00e5 hemmasittare tillbaka till skolan.<\/p>\n<p>F\u00f6r\u00e4ldrarna har alltid huvudansvaret f\u00f6r att barnen kommer iv\u00e4g till skolan men skolan och elevh\u00e4lsan har nyckelroller i att ta reda p\u00e5, f\u00f6lja upp och st\u00f6dja eleverna och arbeta f\u00f6r en positiv och st\u00f6djande skolmilj\u00f6. Inom h\u00e4lso- och sjukv\u00e5rden finns andra mycket viktiga kompetenser att kunna anv\u00e4nda f\u00f6r att hj\u00e4lpa hemmasittarna.<\/p>\n<p>I b\u00f6rjan av januari invigdes Familjecentralen i K\u00f6ping som \u00e4r ett samarbete mellan Kolsva kommun och Regionen med hela sin kompetens inom h\u00e4lso- och sjukv\u00e5rden.<\/p>\n<p>K\u00f6pings kommun borde snabbutreda om Familjecentralen skulle kunna spela en central och avg\u00f6rande roll i arbetet med att st\u00f6dja, hj\u00e4lpa och f\u00e5 tillbaka de elever som har fastnat i att vara hemmasittare.<\/p>\n<p>Anna-Carin Ragnarsson (KD)<\/p>\n","protected":false},"excerpt":{"rendered":"<p>Vi har skolplikt i v\u00e5rt land och \u00e4nd\u00e5 ber\u00e4knas \u00f6ver 5.000 elever vara sk hammasittare, som av olika anledningar inte g\u00e5r till skolan varje dag utan sitter hemma. Detta \u00e4r en mycket allvarlig utveckling d\u00e4r det kan handla om olika orsaker allt ifr\u00e5n elevens hemmilj\u00f6 och studiemilj\u00f6n i skolan till elevens beg\u00e5vningsf\u00f6ruts\u00e4ttningar eller neuropsykiatriska diagnoser. <a class=\"read-more-link\" href=\"https:\/\/wp.kristdemokraterna.se\/arboga\/kan-familjecentralen-jobba-med-hemmasittarna\/\">L\u00e4s mer<\/a><\/p>\n","protected":false},"author":444,"featured_media":714,"comment_status":"closed","ping_status":"closed","sticky":false,"template":"","format":"standard","meta":{"_acf_changed":false,"footnotes":""},"categories":[16],"tags":[],"class_list":["post-2321","post","type-post","status-publish","format-standard","hentry","category-lokalmedia"],"acf":[],"yoast_head":"<!-- This site is optimized with the Yoast SEO plugin v27.4 - https:\/\/yoast.com\/product\/yoast-seo-wordpress\/ -->\n<title>Kan Familjecentralen jobba med hemmasittarna? - Kristdemokraterna | Arboga<\/title>\n<meta name=\"robots\" content=\"index, follow, max-snippet:-1, max-image-preview:large, max-video-preview:-1\" \/>\n<link rel=\"canonical\" href=\"https:\/\/wp.kristdemokraterna.se\/arboga\/kan-familjecentralen-jobba-med-hemmasittarna\/\" \/>\n<meta property=\"og:locale\" content=\"sv_SE\" \/>\n<meta property=\"og:type\" content=\"article\" \/>\n<meta property=\"og:title\" content=\"Kan Familjecentralen jobba med hemmasittarna? - Kristdemokraterna | Arboga\" \/>\n<meta property=\"og:description\" content=\"Vi har skolplikt i v\u00e5rt land och \u00e4nd\u00e5 ber\u00e4knas \u00f6ver 5.000 elever vara sk hammasittare, som av olika anledningar inte g\u00e5r till skolan varje dag utan sitter hemma. Detta \u00e4r en mycket allvarlig utveckling d\u00e4r det kan handla om olika orsaker allt ifr\u00e5n elevens hemmilj\u00f6 och studiemilj\u00f6n i skolan till elevens beg\u00e5vningsf\u00f6ruts\u00e4ttningar eller neuropsykiatriska diagnoser. L\u00e4s mer\" \/>\n<meta property=\"og:url\" content=\"https:\/\/wp.kristdemokraterna.se\/arboga\/kan-familjecentralen-jobba-med-hemmasittarna\/\" \/>\n<meta property=\"og:site_name\" content=\"Kristdemokraterna | Arboga\" \/>\n<meta property=\"article:published_time\" content=\"2019-11-27T20:33:05+00:00\" \/>\n<meta name=\"author\" content=\"helpdesk\" \/>\n<meta name=\"twitter:card\" content=\"summary_large_image\" \/>\n<meta name=\"twitter:label1\" content=\"Skriven av\" \/>\n\t<meta name=\"twitter:data1\" content=\"helpdesk\" \/>\n\t<meta name=\"twitter:label2\" content=\"Ber\u00e4knad l\u00e4stid\" \/>\n\t<meta name=\"twitter:data2\" content=\"1 minut\" \/>\n<script type=\"application\/ld+json\" class=\"yoast-schema-graph\">{\"@context\":\"https:\\\/\\\/schema.org\",\"@graph\":[{\"@type\":\"Article\",\"@id\":\"https:\\\/\\\/wp.kristdemokraterna.se\\\/arboga\\\/kan-familjecentralen-jobba-med-hemmasittarna\\\/#article\",\"isPartOf\":{\"@id\":\"https:\\\/\\\/wp.kristdemokraterna.se\\\/arboga\\\/kan-familjecentralen-jobba-med-hemmasittarna\\\/\"},\"author\":{\"name\":\"helpdesk\",\"@id\":\"https:\\\/\\\/wp.kristdemokraterna.se\\\/arboga\\\/#\\\/schema\\\/person\\\/98d27838d17178471da5e8a56aa604a4\"},\"headline\":\"Kan Familjecentralen jobba med hemmasittarna?\",\"datePublished\":\"2019-11-27T20:33:05+00:00\",\"mainEntityOfPage\":{\"@id\":\"https:\\\/\\\/wp.kristdemokraterna.se\\\/arboga\\\/kan-familjecentralen-jobba-med-hemmasittarna\\\/\"},\"wordCount\":272,\"image\":{\"@id\":\"https:\\\/\\\/wp.kristdemokraterna.se\\\/arboga\\\/kan-familjecentralen-jobba-med-hemmasittarna\\\/#primaryimage\"},\"thumbnailUrl\":\"\",\"articleSection\":[\"Lokalmedia\"],\"inLanguage\":\"sv-SE\"},{\"@type\":\"WebPage\",\"@id\":\"https:\\\/\\\/wp.kristdemokraterna.se\\\/arboga\\\/kan-familjecentralen-jobba-med-hemmasittarna\\\/\",\"url\":\"https:\\\/\\\/wp.kristdemokraterna.se\\\/arboga\\\/kan-familjecentralen-jobba-med-hemmasittarna\\\/\",\"name\":\"Kan Familjecentralen jobba med hemmasittarna? - Kristdemokraterna | Arboga\",\"isPartOf\":{\"@id\":\"https:\\\/\\\/wp.kristdemokraterna.se\\\/arboga\\\/#website\"},\"primaryImageOfPage\":{\"@id\":\"https:\\\/\\\/wp.kristdemokraterna.se\\\/arboga\\\/kan-familjecentralen-jobba-med-hemmasittarna\\\/#primaryimage\"},\"image\":{\"@id\":\"https:\\\/\\\/wp.kristdemokraterna.se\\\/arboga\\\/kan-familjecentralen-jobba-med-hemmasittarna\\\/#primaryimage\"},\"thumbnailUrl\":\"\",\"datePublished\":\"2019-11-27T20:33:05+00:00\",\"author\":{\"@id\":\"https:\\\/\\\/wp.kristdemokraterna.se\\\/arboga\\\/#\\\/schema\\\/person\\\/98d27838d17178471da5e8a56aa604a4\"},\"breadcrumb\":{\"@id\":\"https:\\\/\\\/wp.kristdemokraterna.se\\\/arboga\\\/kan-familjecentralen-jobba-med-hemmasittarna\\\/#breadcrumb\"},\"inLanguage\":\"sv-SE\",\"potentialAction\":[{\"@type\":\"ReadAction\",\"target\":[\"https:\\\/\\\/wp.kristdemokraterna.se\\\/arboga\\\/kan-familjecentralen-jobba-med-hemmasittarna\\\/\"]}]},{\"@type\":\"ImageObject\",\"inLanguage\":\"sv-SE\",\"@id\":\"https:\\\/\\\/wp.kristdemokraterna.se\\\/arboga\\\/kan-familjecentralen-jobba-med-hemmasittarna\\\/#primaryimage\",\"url\":\"\",\"contentUrl\":\"\"},{\"@type\":\"BreadcrumbList\",\"@id\":\"https:\\\/\\\/wp.kristdemokraterna.se\\\/arboga\\\/kan-familjecentralen-jobba-med-hemmasittarna\\\/#breadcrumb\",\"itemListElement\":[{\"@type\":\"ListItem\",\"position\":1,\"name\":\"Hem\",\"item\":\"https:\\\/\\\/wp.kristdemokraterna.se\\\/arboga\\\/\"},{\"@type\":\"ListItem\",\"position\":2,\"name\":\"Kan Familjecentralen jobba med hemmasittarna?\"}]},{\"@type\":\"WebSite\",\"@id\":\"https:\\\/\\\/wp.kristdemokraterna.se\\\/arboga\\\/#website\",\"url\":\"https:\\\/\\\/wp.kristdemokraterna.se\\\/arboga\\\/\",\"name\":\"Kristdemokraterna | Arboga\",\"description\":\"En till Kristdemokraterna webbplats\",\"inLanguage\":\"sv-SE\"},{\"@type\":\"Person\",\"@id\":\"https:\\\/\\\/wp.kristdemokraterna.se\\\/arboga\\\/#\\\/schema\\\/person\\\/98d27838d17178471da5e8a56aa604a4\",\"name\":\"helpdesk\",\"image\":{\"@type\":\"ImageObject\",\"inLanguage\":\"sv-SE\",\"@id\":\"https:\\\/\\\/secure.gravatar.com\\\/avatar\\\/2e747bc9a7d4e5a6ecca7d851e4175129f995f3f6d9ef18734d1ff623abe4a88?s=96&d=mm&r=g\",\"url\":\"https:\\\/\\\/secure.gravatar.com\\\/avatar\\\/2e747bc9a7d4e5a6ecca7d851e4175129f995f3f6d9ef18734d1ff623abe4a88?s=96&d=mm&r=g\",\"contentUrl\":\"https:\\\/\\\/secure.gravatar.com\\\/avatar\\\/2e747bc9a7d4e5a6ecca7d851e4175129f995f3f6d9ef18734d1ff623abe4a88?s=96&d=mm&r=g\",\"caption\":\"helpdesk\"},\"url\":\"https:\\\/\\\/wp.kristdemokraterna.se\\\/arboga\\\/author\\\/helpdesk\\\/\"}]}<\/script>\n<!-- \/ Yoast SEO plugin. -->","yoast_head_json":{"title":"Kan Familjecentralen jobba med hemmasittarna? - Kristdemokraterna | Arboga","robots":{"index":"index","follow":"follow","max-snippet":"max-snippet:-1","max-image-preview":"max-image-preview:large","max-video-preview":"max-video-preview:-1"},"canonical":"https:\/\/wp.kristdemokraterna.se\/arboga\/kan-familjecentralen-jobba-med-hemmasittarna\/","og_locale":"sv_SE","og_type":"article","og_title":"Kan Familjecentralen jobba med hemmasittarna? - Kristdemokraterna | Arboga","og_description":"Vi har skolplikt i v\u00e5rt land och \u00e4nd\u00e5 ber\u00e4knas \u00f6ver 5.000 elever vara sk hammasittare, som av olika anledningar inte g\u00e5r till skolan varje dag utan sitter hemma. Detta \u00e4r en mycket allvarlig utveckling d\u00e4r det kan handla om olika orsaker allt ifr\u00e5n elevens hemmilj\u00f6 och studiemilj\u00f6n i skolan till elevens beg\u00e5vningsf\u00f6ruts\u00e4ttningar eller neuropsykiatriska diagnoser. L\u00e4s mer","og_url":"https:\/\/wp.kristdemokraterna.se\/arboga\/kan-familjecentralen-jobba-med-hemmasittarna\/","og_site_name":"Kristdemokraterna | Arboga","article_published_time":"2019-11-27T20:33:05+00:00","author":"helpdesk","twitter_card":"summary_large_image","twitter_misc":{"Skriven av":"helpdesk","Ber\u00e4knad l\u00e4stid":"1 minut"},"schema":{"@context":"https:\/\/schema.org","@graph":[{"@type":"Article","@id":"https:\/\/wp.kristdemokraterna.se\/arboga\/kan-familjecentralen-jobba-med-hemmasittarna\/#article","isPartOf":{"@id":"https:\/\/wp.kristdemokraterna.se\/arboga\/kan-familjecentralen-jobba-med-hemmasittarna\/"},"author":{"name":"helpdesk","@id":"https:\/\/wp.kristdemokraterna.se\/arboga\/#\/schema\/person\/98d27838d17178471da5e8a56aa604a4"},"headline":"Kan Familjecentralen jobba med hemmasittarna?","datePublished":"2019-11-27T20:33:05+00:00","mainEntityOfPage":{"@id":"https:\/\/wp.kristdemokraterna.se\/arboga\/kan-familjecentralen-jobba-med-hemmasittarna\/"},"wordCount":272,"image":{"@id":"https:\/\/wp.kristdemokraterna.se\/arboga\/kan-familjecentralen-jobba-med-hemmasittarna\/#primaryimage"},"thumbnailUrl":"","articleSection":["Lokalmedia"],"inLanguage":"sv-SE"},{"@type":"WebPage","@id":"https:\/\/wp.kristdemokraterna.se\/arboga\/kan-familjecentralen-jobba-med-hemmasittarna\/","url":"https:\/\/wp.kristdemokraterna.se\/arboga\/kan-familjecentralen-jobba-med-hemmasittarna\/","name":"Kan Familjecentralen jobba med hemmasittarna? - Kristdemokraterna | Arboga","isPartOf":{"@id":"https:\/\/wp.kristdemokraterna.se\/arboga\/#website"},"primaryImageOfPage":{"@id":"https:\/\/wp.kristdemokraterna.se\/arboga\/kan-familjecentralen-jobba-med-hemmasittarna\/#primaryimage"},"image":{"@id":"https:\/\/wp.kristdemokraterna.se\/arboga\/kan-familjecentralen-jobba-med-hemmasittarna\/#primaryimage"},"thumbnailUrl":"","datePublished":"2019-11-27T20:33:05+00:00","author":{"@id":"https:\/\/wp.kristdemokraterna.se\/arboga\/#\/schema\/person\/98d27838d17178471da5e8a56aa604a4"},"breadcrumb":{"@id":"https:\/\/wp.kristdemokraterna.se\/arboga\/kan-familjecentralen-jobba-med-hemmasittarna\/#breadcrumb"},"inLanguage":"sv-SE","potentialAction":[{"@type":"ReadAction","target":["https:\/\/wp.kristdemokraterna.se\/arboga\/kan-familjecentralen-jobba-med-hemmasittarna\/"]}]},{"@type":"ImageObject","inLanguage":"sv-SE","@id":"https:\/\/wp.kristdemokraterna.se\/arboga\/kan-familjecentralen-jobba-med-hemmasittarna\/#primaryimage","url":"","contentUrl":""},{"@type":"BreadcrumbList","@id":"https:\/\/wp.kristdemokraterna.se\/arboga\/kan-familjecentralen-jobba-med-hemmasittarna\/#breadcrumb","itemListElement":[{"@type":"ListItem","position":1,"name":"Hem","item":"https:\/\/wp.kristdemokraterna.se\/arboga\/"},{"@type":"ListItem","position":2,"name":"Kan Familjecentralen jobba med hemmasittarna?"}]},{"@type":"WebSite","@id":"https:\/\/wp.kristdemokraterna.se\/arboga\/#website","url":"https:\/\/wp.kristdemokraterna.se\/arboga\/","name":"Kristdemokraterna | Arboga","description":"En till Kristdemokraterna webbplats","inLanguage":"sv-SE"},{"@type":"Person","@id":"https:\/\/wp.kristdemokraterna.se\/arboga\/#\/schema\/person\/98d27838d17178471da5e8a56aa604a4","name":"helpdesk","image":{"@type":"ImageObject","inLanguage":"sv-SE","@id":"https:\/\/secure.gravatar.com\/avatar\/2e747bc9a7d4e5a6ecca7d851e4175129f995f3f6d9ef18734d1ff623abe4a88?s=96&d=mm&r=g","url":"https:\/\/secure.gravatar.com\/avatar\/2e747bc9a7d4e5a6ecca7d851e4175129f995f3f6d9ef18734d1ff623abe4a88?s=96&d=mm&r=g","contentUrl":"https:\/\/secure.gravatar.com\/avatar\/2e747bc9a7d4e5a6ecca7d851e4175129f995f3f6d9ef18734d1ff623abe4a88?s=96&d=mm&r=g","caption":"helpdesk"},"url":"https:\/\/wp.kristdemokraterna.se\/arboga\/author\/helpdesk\/"}]}},"_links":{"self":[{"href":"https:\/\/wp.kristdemokraterna.se\/arboga\/wp-json\/wp\/v2\/posts\/2321","targetHints":{"allow":["GET"]}}],"collection":[{"href":"https:\/\/wp.kristdemokraterna.se\/arboga\/wp-json\/wp\/v2\/posts"}],"about":[{"href":"https:\/\/wp.kristdemokraterna.se\/arboga\/wp-json\/wp\/v2\/types\/post"}],"author":[{"embeddable":true,"href":"https:\/\/wp.kristdemokraterna.se\/arboga\/wp-json\/wp\/v2\/users\/444"}],"replies":[{"embeddable":true,"href":"https:\/\/wp.kristdemokraterna.se\/arboga\/wp-json\/wp\/v2\/comments?post=2321"}],"version-history":[{"count":0,"href":"https:\/\/wp.kristdemokraterna.se\/arboga\/wp-json\/wp\/v2\/posts\/2321\/revisions"}],"wp:featuredmedia":[{"embeddable":true,"href":"https:\/\/wp.kristdemokraterna.se\/arboga\/wp-json\/"}],"wp:attachment":[{"href":"https:\/\/wp.kristdemokraterna.se\/arboga\/wp-json\/wp\/v2\/media?parent=2321"}],"wp:term":[{"taxonomy":"category","embeddable":true,"href":"https:\/\/wp.kristdemokraterna.se\/arboga\/wp-json\/wp\/v2\/categories?post=2321"},{"taxonomy":"post_tag","embeddable":true,"href":"https:\/\/wp.kristdemokraterna.se\/arboga\/wp-json\/wp\/v2\/tags?post=2321"}],"curies":[{"name":"wp","href":"https:\/\/api.w.org\/{rel}","templated":true}]}}