{"id":796,"date":"2020-10-12T12:03:42","date_gmt":"2020-10-12T10:03:42","guid":{"rendered":"http:\/\/wp.kristdemokraterna.se\/koping\/?p=796"},"modified":"2020-10-12T12:03:42","modified_gmt":"2020-10-12T10:03:42","slug":"forbattra-skolresultaten-i-koping","status":"publish","type":"post","link":"https:\/\/wp.kristdemokraterna.se\/arboga\/forbattra-skolresultaten-i-koping\/","title":{"rendered":"F\u00f6rb\u00e4ttra skolresultaten i K\u00f6ping"},"content":{"rendered":"<p>Pressmeddelande<br \/>\n2020-10-12<\/p>\n<p>Kristdemokraterna i K\u00f6ping har i en motion till kommunfullm\u00e4ktige f\u00f6reslagit \u00e5tg\u00e4rder f\u00f6r att f\u00f6rb\u00e4ttra skolresultaten i kommunen. De h\u00e4nvisar till L\u00e4rarf\u00f6rbundets ranking \u201dB\u00e4sta skolkommun 2019\u201d d\u00e4r K\u00f6ping har g\u00e5tt bak\u00e5t och hamnat p\u00e5 plats 239 bland landets 290 kommuner. N\u00e4r det g\u00e4ller andelen elever med fullf\u00f6ljd gymnasieutbildning \u00e5terfinns K\u00f6ping p\u00e5 plats 275 av 290.<\/p>\n<p>F\u00f6r att f\u00f6rb\u00e4ttra skolresultaten har Kristdemokraterna n\u00e5gra konkreta f\u00f6rlag. Dels f\u00f6resl\u00e5r de att en elevh\u00e4lsogaranti inf\u00f6rs d\u00e4r varje elev ska kunna komma i kontakt med elevh\u00e4lsan inom 24 timmars arbetsdag via chat eller i personligt m\u00f6te.<\/p>\n<p>Kristdemokraterna vill \u00e4ven inf\u00f6ra aktivt skolval och g\u00f6ra det enkelt att p\u00e5 kommunens hemsida j\u00e4mf\u00f6ra skolor f\u00f6r att underl\u00e4tta valet av skola.<\/p>\n<p>&#8211; K\u00f6ping beh\u00f6ver ta intryck av framg\u00e5ngsrika arbetss\u00e4tt i andra kommuner f\u00f6r att utveckla det egna kvalitetsarbetet. Vi vill ge de kommunala skolorna st\u00f6rre m\u00f6jligheter att styra verksamheten och p\u00e5verka resultatet genom intraprenad. Det \u00e4r en driftform inom offentlig sektor med st\u00f6rre befogenheter att styra \u00f6ver den egna verksamheten, samt ett st\u00f6rre ansvar f\u00f6r resultatet av verksamheten, s\u00e4ger Anna-Carin Ragnarsson som \u00e4r gruppledare f\u00f6r Kristdemokraterna i K\u00f6pings kommun.<\/p>\n<p>I motionen lyfter partiet fr\u00e5gan om att det ocks\u00e5 borde finnas en friskola i K\u00f6ping.<br \/>\n&#8211; K\u00f6pings majoritetspartier har sagt att de \u00e4r positiva till en friskoleetablering men vi kan \u00e4nnu inte se att det h\u00e4nt n\u00e5got, s\u00e4ger Per Norin, vice ordf\u00f6rande i KD K\u00f6ping.<\/p>\n<p>&#8211; Det r\u00e4cker inte att bara sitta och v\u00e4nta p\u00e5 att n\u00e5gon skall knacka p\u00e5 r\u00e5dhusporten med beskedet att de vill starta en friskola i K\u00f6ping. Eftersom kommunledningen tidigare haft en s\u00e5 avog inst\u00e4llning till friskolor kr\u00e4vs att kommunen, om de menar allvar, kontaktar ett stort antal frist\u00e5ende akt\u00f6rer p\u00e5 skolomr\u00e5det och unders\u00f6ker intresset att etablera friskola i v\u00e5r kommun, avslutar Per Norin<\/p>\n<p>F\u00f6r mer info:<br \/>\nAnna-Carin Ragnarsson tel 076-3365894<br \/>\nPer Norin tel 070-6083916<\/p>\n","protected":false},"excerpt":{"rendered":"<p>Pressmeddelande 2020-10-12 Kristdemokraterna i K\u00f6ping har i en motion till kommunfullm\u00e4ktige f\u00f6reslagit \u00e5tg\u00e4rder f\u00f6r att f\u00f6rb\u00e4ttra skolresultaten i kommunen. De h\u00e4nvisar till L\u00e4rarf\u00f6rbundets ranking \u201dB\u00e4sta skolkommun 2019\u201d d\u00e4r K\u00f6ping har g\u00e5tt bak\u00e5t och hamnat p\u00e5 plats 239 bland landets 290 kommuner. N\u00e4r det g\u00e4ller andelen elever med fullf\u00f6ljd gymnasieutbildning \u00e5terfinns K\u00f6ping p\u00e5 plats 275 av <a class=\"read-more-link\" href=\"https:\/\/wp.kristdemokraterna.se\/arboga\/forbattra-skolresultaten-i-koping\/\">L\u00e4s mer<\/a><\/p>\n","protected":false},"author":444,"featured_media":714,"comment_status":"closed","ping_status":"closed","sticky":false,"template":"","format":"standard","meta":{"_acf_changed":false,"footnotes":""},"categories":[16],"tags":[],"class_list":["post-796","post","type-post","status-publish","format-standard","hentry","category-lokalmedia"],"acf":[],"yoast_head":"<!-- This site is optimized with the Yoast SEO plugin v27.4 - https:\/\/yoast.com\/product\/yoast-seo-wordpress\/ -->\n<title>F\u00f6rb\u00e4ttra skolresultaten i K\u00f6ping - Kristdemokraterna | Arboga<\/title>\n<meta name=\"robots\" content=\"index, follow, max-snippet:-1, max-image-preview:large, max-video-preview:-1\" \/>\n<link rel=\"canonical\" href=\"https:\/\/wp.kristdemokraterna.se\/arboga\/forbattra-skolresultaten-i-koping\/\" \/>\n<meta property=\"og:locale\" content=\"sv_SE\" \/>\n<meta property=\"og:type\" content=\"article\" \/>\n<meta property=\"og:title\" content=\"F\u00f6rb\u00e4ttra skolresultaten i K\u00f6ping - Kristdemokraterna | Arboga\" \/>\n<meta property=\"og:description\" content=\"Pressmeddelande 2020-10-12 Kristdemokraterna i K\u00f6ping har i en motion till kommunfullm\u00e4ktige f\u00f6reslagit \u00e5tg\u00e4rder f\u00f6r att f\u00f6rb\u00e4ttra skolresultaten i kommunen. De h\u00e4nvisar till L\u00e4rarf\u00f6rbundets ranking \u201dB\u00e4sta skolkommun 2019\u201d d\u00e4r K\u00f6ping har g\u00e5tt bak\u00e5t och hamnat p\u00e5 plats 239 bland landets 290 kommuner. N\u00e4r det g\u00e4ller andelen elever med fullf\u00f6ljd gymnasieutbildning \u00e5terfinns K\u00f6ping p\u00e5 plats 275 av L\u00e4s mer\" \/>\n<meta property=\"og:url\" content=\"https:\/\/wp.kristdemokraterna.se\/arboga\/forbattra-skolresultaten-i-koping\/\" \/>\n<meta property=\"og:site_name\" content=\"Kristdemokraterna | Arboga\" \/>\n<meta property=\"article:published_time\" content=\"2020-10-12T10:03:42+00:00\" \/>\n<meta name=\"author\" content=\"helpdesk\" \/>\n<meta name=\"twitter:card\" content=\"summary_large_image\" \/>\n<meta name=\"twitter:label1\" content=\"Skriven av\" \/>\n\t<meta name=\"twitter:data1\" content=\"helpdesk\" \/>\n\t<meta name=\"twitter:label2\" content=\"Ber\u00e4knad l\u00e4stid\" \/>\n\t<meta name=\"twitter:data2\" content=\"2 minuter\" \/>\n<script type=\"application\/ld+json\" class=\"yoast-schema-graph\">{\"@context\":\"https:\\\/\\\/schema.org\",\"@graph\":[{\"@type\":\"Article\",\"@id\":\"https:\\\/\\\/wp.kristdemokraterna.se\\\/arboga\\\/forbattra-skolresultaten-i-koping\\\/#article\",\"isPartOf\":{\"@id\":\"https:\\\/\\\/wp.kristdemokraterna.se\\\/arboga\\\/forbattra-skolresultaten-i-koping\\\/\"},\"author\":{\"name\":\"helpdesk\",\"@id\":\"https:\\\/\\\/wp.kristdemokraterna.se\\\/arboga\\\/#\\\/schema\\\/person\\\/98d27838d17178471da5e8a56aa604a4\"},\"headline\":\"F\u00f6rb\u00e4ttra skolresultaten i K\u00f6ping\",\"datePublished\":\"2020-10-12T10:03:42+00:00\",\"mainEntityOfPage\":{\"@id\":\"https:\\\/\\\/wp.kristdemokraterna.se\\\/arboga\\\/forbattra-skolresultaten-i-koping\\\/\"},\"wordCount\":375,\"image\":{\"@id\":\"https:\\\/\\\/wp.kristdemokraterna.se\\\/arboga\\\/forbattra-skolresultaten-i-koping\\\/#primaryimage\"},\"thumbnailUrl\":\"\",\"articleSection\":[\"Lokalmedia\"],\"inLanguage\":\"sv-SE\"},{\"@type\":\"WebPage\",\"@id\":\"https:\\\/\\\/wp.kristdemokraterna.se\\\/arboga\\\/forbattra-skolresultaten-i-koping\\\/\",\"url\":\"https:\\\/\\\/wp.kristdemokraterna.se\\\/arboga\\\/forbattra-skolresultaten-i-koping\\\/\",\"name\":\"F\u00f6rb\u00e4ttra skolresultaten i K\u00f6ping - Kristdemokraterna | Arboga\",\"isPartOf\":{\"@id\":\"https:\\\/\\\/wp.kristdemokraterna.se\\\/arboga\\\/#website\"},\"primaryImageOfPage\":{\"@id\":\"https:\\\/\\\/wp.kristdemokraterna.se\\\/arboga\\\/forbattra-skolresultaten-i-koping\\\/#primaryimage\"},\"image\":{\"@id\":\"https:\\\/\\\/wp.kristdemokraterna.se\\\/arboga\\\/forbattra-skolresultaten-i-koping\\\/#primaryimage\"},\"thumbnailUrl\":\"\",\"datePublished\":\"2020-10-12T10:03:42+00:00\",\"author\":{\"@id\":\"https:\\\/\\\/wp.kristdemokraterna.se\\\/arboga\\\/#\\\/schema\\\/person\\\/98d27838d17178471da5e8a56aa604a4\"},\"breadcrumb\":{\"@id\":\"https:\\\/\\\/wp.kristdemokraterna.se\\\/arboga\\\/forbattra-skolresultaten-i-koping\\\/#breadcrumb\"},\"inLanguage\":\"sv-SE\",\"potentialAction\":[{\"@type\":\"ReadAction\",\"target\":[\"https:\\\/\\\/wp.kristdemokraterna.se\\\/arboga\\\/forbattra-skolresultaten-i-koping\\\/\"]}]},{\"@type\":\"ImageObject\",\"inLanguage\":\"sv-SE\",\"@id\":\"https:\\\/\\\/wp.kristdemokraterna.se\\\/arboga\\\/forbattra-skolresultaten-i-koping\\\/#primaryimage\",\"url\":\"\",\"contentUrl\":\"\"},{\"@type\":\"BreadcrumbList\",\"@id\":\"https:\\\/\\\/wp.kristdemokraterna.se\\\/arboga\\\/forbattra-skolresultaten-i-koping\\\/#breadcrumb\",\"itemListElement\":[{\"@type\":\"ListItem\",\"position\":1,\"name\":\"Hem\",\"item\":\"https:\\\/\\\/wp.kristdemokraterna.se\\\/arboga\\\/\"},{\"@type\":\"ListItem\",\"position\":2,\"name\":\"F\u00f6rb\u00e4ttra skolresultaten i K\u00f6ping\"}]},{\"@type\":\"WebSite\",\"@id\":\"https:\\\/\\\/wp.kristdemokraterna.se\\\/arboga\\\/#website\",\"url\":\"https:\\\/\\\/wp.kristdemokraterna.se\\\/arboga\\\/\",\"name\":\"Kristdemokraterna | Arboga\",\"description\":\"En till Kristdemokraterna webbplats\",\"inLanguage\":\"sv-SE\"},{\"@type\":\"Person\",\"@id\":\"https:\\\/\\\/wp.kristdemokraterna.se\\\/arboga\\\/#\\\/schema\\\/person\\\/98d27838d17178471da5e8a56aa604a4\",\"name\":\"helpdesk\",\"image\":{\"@type\":\"ImageObject\",\"inLanguage\":\"sv-SE\",\"@id\":\"https:\\\/\\\/secure.gravatar.com\\\/avatar\\\/2e747bc9a7d4e5a6ecca7d851e4175129f995f3f6d9ef18734d1ff623abe4a88?s=96&d=mm&r=g\",\"url\":\"https:\\\/\\\/secure.gravatar.com\\\/avatar\\\/2e747bc9a7d4e5a6ecca7d851e4175129f995f3f6d9ef18734d1ff623abe4a88?s=96&d=mm&r=g\",\"contentUrl\":\"https:\\\/\\\/secure.gravatar.com\\\/avatar\\\/2e747bc9a7d4e5a6ecca7d851e4175129f995f3f6d9ef18734d1ff623abe4a88?s=96&d=mm&r=g\",\"caption\":\"helpdesk\"},\"url\":\"https:\\\/\\\/wp.kristdemokraterna.se\\\/arboga\\\/author\\\/helpdesk\\\/\"}]}<\/script>\n<!-- \/ Yoast SEO plugin. -->","yoast_head_json":{"title":"F\u00f6rb\u00e4ttra skolresultaten i K\u00f6ping - Kristdemokraterna | Arboga","robots":{"index":"index","follow":"follow","max-snippet":"max-snippet:-1","max-image-preview":"max-image-preview:large","max-video-preview":"max-video-preview:-1"},"canonical":"https:\/\/wp.kristdemokraterna.se\/arboga\/forbattra-skolresultaten-i-koping\/","og_locale":"sv_SE","og_type":"article","og_title":"F\u00f6rb\u00e4ttra skolresultaten i K\u00f6ping - Kristdemokraterna | Arboga","og_description":"Pressmeddelande 2020-10-12 Kristdemokraterna i K\u00f6ping har i en motion till kommunfullm\u00e4ktige f\u00f6reslagit \u00e5tg\u00e4rder f\u00f6r att f\u00f6rb\u00e4ttra skolresultaten i kommunen. De h\u00e4nvisar till L\u00e4rarf\u00f6rbundets ranking \u201dB\u00e4sta skolkommun 2019\u201d d\u00e4r K\u00f6ping har g\u00e5tt bak\u00e5t och hamnat p\u00e5 plats 239 bland landets 290 kommuner. N\u00e4r det g\u00e4ller andelen elever med fullf\u00f6ljd gymnasieutbildning \u00e5terfinns K\u00f6ping p\u00e5 plats 275 av L\u00e4s mer","og_url":"https:\/\/wp.kristdemokraterna.se\/arboga\/forbattra-skolresultaten-i-koping\/","og_site_name":"Kristdemokraterna | Arboga","article_published_time":"2020-10-12T10:03:42+00:00","author":"helpdesk","twitter_card":"summary_large_image","twitter_misc":{"Skriven av":"helpdesk","Ber\u00e4knad l\u00e4stid":"2 minuter"},"schema":{"@context":"https:\/\/schema.org","@graph":[{"@type":"Article","@id":"https:\/\/wp.kristdemokraterna.se\/arboga\/forbattra-skolresultaten-i-koping\/#article","isPartOf":{"@id":"https:\/\/wp.kristdemokraterna.se\/arboga\/forbattra-skolresultaten-i-koping\/"},"author":{"name":"helpdesk","@id":"https:\/\/wp.kristdemokraterna.se\/arboga\/#\/schema\/person\/98d27838d17178471da5e8a56aa604a4"},"headline":"F\u00f6rb\u00e4ttra skolresultaten i K\u00f6ping","datePublished":"2020-10-12T10:03:42+00:00","mainEntityOfPage":{"@id":"https:\/\/wp.kristdemokraterna.se\/arboga\/forbattra-skolresultaten-i-koping\/"},"wordCount":375,"image":{"@id":"https:\/\/wp.kristdemokraterna.se\/arboga\/forbattra-skolresultaten-i-koping\/#primaryimage"},"thumbnailUrl":"","articleSection":["Lokalmedia"],"inLanguage":"sv-SE"},{"@type":"WebPage","@id":"https:\/\/wp.kristdemokraterna.se\/arboga\/forbattra-skolresultaten-i-koping\/","url":"https:\/\/wp.kristdemokraterna.se\/arboga\/forbattra-skolresultaten-i-koping\/","name":"F\u00f6rb\u00e4ttra skolresultaten i K\u00f6ping - Kristdemokraterna | Arboga","isPartOf":{"@id":"https:\/\/wp.kristdemokraterna.se\/arboga\/#website"},"primaryImageOfPage":{"@id":"https:\/\/wp.kristdemokraterna.se\/arboga\/forbattra-skolresultaten-i-koping\/#primaryimage"},"image":{"@id":"https:\/\/wp.kristdemokraterna.se\/arboga\/forbattra-skolresultaten-i-koping\/#primaryimage"},"thumbnailUrl":"","datePublished":"2020-10-12T10:03:42+00:00","author":{"@id":"https:\/\/wp.kristdemokraterna.se\/arboga\/#\/schema\/person\/98d27838d17178471da5e8a56aa604a4"},"breadcrumb":{"@id":"https:\/\/wp.kristdemokraterna.se\/arboga\/forbattra-skolresultaten-i-koping\/#breadcrumb"},"inLanguage":"sv-SE","potentialAction":[{"@type":"ReadAction","target":["https:\/\/wp.kristdemokraterna.se\/arboga\/forbattra-skolresultaten-i-koping\/"]}]},{"@type":"ImageObject","inLanguage":"sv-SE","@id":"https:\/\/wp.kristdemokraterna.se\/arboga\/forbattra-skolresultaten-i-koping\/#primaryimage","url":"","contentUrl":""},{"@type":"BreadcrumbList","@id":"https:\/\/wp.kristdemokraterna.se\/arboga\/forbattra-skolresultaten-i-koping\/#breadcrumb","itemListElement":[{"@type":"ListItem","position":1,"name":"Hem","item":"https:\/\/wp.kristdemokraterna.se\/arboga\/"},{"@type":"ListItem","position":2,"name":"F\u00f6rb\u00e4ttra skolresultaten i K\u00f6ping"}]},{"@type":"WebSite","@id":"https:\/\/wp.kristdemokraterna.se\/arboga\/#website","url":"https:\/\/wp.kristdemokraterna.se\/arboga\/","name":"Kristdemokraterna | Arboga","description":"En till Kristdemokraterna webbplats","inLanguage":"sv-SE"},{"@type":"Person","@id":"https:\/\/wp.kristdemokraterna.se\/arboga\/#\/schema\/person\/98d27838d17178471da5e8a56aa604a4","name":"helpdesk","image":{"@type":"ImageObject","inLanguage":"sv-SE","@id":"https:\/\/secure.gravatar.com\/avatar\/2e747bc9a7d4e5a6ecca7d851e4175129f995f3f6d9ef18734d1ff623abe4a88?s=96&d=mm&r=g","url":"https:\/\/secure.gravatar.com\/avatar\/2e747bc9a7d4e5a6ecca7d851e4175129f995f3f6d9ef18734d1ff623abe4a88?s=96&d=mm&r=g","contentUrl":"https:\/\/secure.gravatar.com\/avatar\/2e747bc9a7d4e5a6ecca7d851e4175129f995f3f6d9ef18734d1ff623abe4a88?s=96&d=mm&r=g","caption":"helpdesk"},"url":"https:\/\/wp.kristdemokraterna.se\/arboga\/author\/helpdesk\/"}]}},"_links":{"self":[{"href":"https:\/\/wp.kristdemokraterna.se\/arboga\/wp-json\/wp\/v2\/posts\/796","targetHints":{"allow":["GET"]}}],"collection":[{"href":"https:\/\/wp.kristdemokraterna.se\/arboga\/wp-json\/wp\/v2\/posts"}],"about":[{"href":"https:\/\/wp.kristdemokraterna.se\/arboga\/wp-json\/wp\/v2\/types\/post"}],"author":[{"embeddable":true,"href":"https:\/\/wp.kristdemokraterna.se\/arboga\/wp-json\/wp\/v2\/users\/444"}],"replies":[{"embeddable":true,"href":"https:\/\/wp.kristdemokraterna.se\/arboga\/wp-json\/wp\/v2\/comments?post=796"}],"version-history":[{"count":0,"href":"https:\/\/wp.kristdemokraterna.se\/arboga\/wp-json\/wp\/v2\/posts\/796\/revisions"}],"wp:featuredmedia":[{"embeddable":true,"href":"https:\/\/wp.kristdemokraterna.se\/arboga\/wp-json\/"}],"wp:attachment":[{"href":"https:\/\/wp.kristdemokraterna.se\/arboga\/wp-json\/wp\/v2\/media?parent=796"}],"wp:term":[{"taxonomy":"category","embeddable":true,"href":"https:\/\/wp.kristdemokraterna.se\/arboga\/wp-json\/wp\/v2\/categories?post=796"},{"taxonomy":"post_tag","embeddable":true,"href":"https:\/\/wp.kristdemokraterna.se\/arboga\/wp-json\/wp\/v2\/tags?post=796"}],"curies":[{"name":"wp","href":"https:\/\/api.w.org\/{rel}","templated":true}]}}