{"id":243,"date":"2015-04-21T08:06:06","date_gmt":"2015-04-21T08:06:06","guid":{"rendered":"http:\/\/wpskane.kristdemokraterna.se\/bastad\/?p=243"},"modified":"2015-04-21T08:06:06","modified_gmt":"2015-04-21T08:06:06","slug":"skattemedel-ska-hanteras-varsamt","status":"publish","type":"post","link":"https:\/\/wp.kristdemokraterna.se\/bastad\/skattemedel-ska-hanteras-varsamt\/","title":{"rendered":"Skattemedel ska hanteras varsamt"},"content":{"rendered":"<p>Skattepengar \u00e4r medborgarnas pengar som kommunen har att ta hand om och ge tillbaka ett merv\u00e4rde till medborgaren. Vi vill se ett b\u00e4ttre f\u00f6rvaltande av de resurser som vi kommunpolitiker r\u00e5r \u00f6ver. \u00c5terh\u00e5llsamhet, god planering, konsekvensanalys, ansvarsfullt genomf\u00f6rande med full insyn, s\u00e5v\u00e4l som uppf\u00f6ljning och utv\u00e4rdering av genomf\u00f6rda projekt, ska pr\u00e4gla kommunens investeringar. Vi vill \u00e4ven se ett stopp f\u00f6r utf\u00f6rs\u00e4ljning av B\u00e5stadhems fastigheter.<\/p>\n","protected":false},"excerpt":{"rendered":"<p>Skattepengar \u00e4r medborgarnas pengar som kommunen har att ta hand om och ge tillbaka ett merv\u00e4rde till medborgaren. Vi vill se ett b\u00e4ttre f\u00f6rvaltande av de resurser som vi kommunpolitiker r\u00e5r \u00f6ver. \u00c5terh\u00e5llsamhet, god planering, konsekvensanalys, ansvarsfullt genomf\u00f6rande med full insyn, s\u00e5v\u00e4l som uppf\u00f6ljning och utv\u00e4rdering av genomf\u00f6rda projekt, ska pr\u00e4gla kommunens investeringar. Vi vill <a class=\"read-more-link\" href=\"https:\/\/wp.kristdemokraterna.se\/bastad\/skattemedel-ska-hanteras-varsamt\/\">L\u00e4s mer<\/a><\/p>\n","protected":false},"author":444,"featured_media":531,"comment_status":"open","ping_status":"open","sticky":false,"template":"","format":"standard","meta":{"_acf_changed":false,"footnotes":""},"categories":[16],"tags":[19,21,22,25],"class_list":["post-243","post","type-post","status-publish","format-standard","hentry","category-val-2015","tag-bostader","tag-exploatering","tag-investeringar","tag-skattemedel"],"acf":[],"yoast_head":"<!-- This site is optimized with the Yoast SEO plugin v27.4 - https:\/\/yoast.com\/product\/yoast-seo-wordpress\/ -->\n<title>Skattemedel ska hanteras varsamt - Kristdemokraterna | B\u00e5stad<\/title>\n<meta name=\"robots\" content=\"index, follow, max-snippet:-1, max-image-preview:large, max-video-preview:-1\" \/>\n<link rel=\"canonical\" href=\"https:\/\/wp.kristdemokraterna.se\/bastad\/skattemedel-ska-hanteras-varsamt\/\" \/>\n<meta property=\"og:locale\" content=\"sv_SE\" \/>\n<meta property=\"og:type\" content=\"article\" \/>\n<meta property=\"og:title\" content=\"Skattemedel ska hanteras varsamt - Kristdemokraterna | B\u00e5stad\" \/>\n<meta property=\"og:description\" content=\"Skattepengar \u00e4r medborgarnas pengar som kommunen har att ta hand om och ge tillbaka ett merv\u00e4rde till medborgaren. Vi vill se ett b\u00e4ttre f\u00f6rvaltande av de resurser som vi kommunpolitiker r\u00e5r \u00f6ver. \u00c5terh\u00e5llsamhet, god planering, konsekvensanalys, ansvarsfullt genomf\u00f6rande med full insyn, s\u00e5v\u00e4l som uppf\u00f6ljning och utv\u00e4rdering av genomf\u00f6rda projekt, ska pr\u00e4gla kommunens investeringar. Vi vill L\u00e4s mer\" \/>\n<meta property=\"og:url\" content=\"https:\/\/wp.kristdemokraterna.se\/bastad\/skattemedel-ska-hanteras-varsamt\/\" \/>\n<meta property=\"og:site_name\" content=\"Kristdemokraterna | B\u00e5stad\" \/>\n<meta property=\"article:published_time\" content=\"2015-04-21T08:06:06+00:00\" \/>\n<meta property=\"og:image\" content=\"https:\/\/wp.kristdemokraterna.se\/bastad\/files\/2015\/04\/bastadhd5.jpg\" \/>\n\t<meta property=\"og:image:width\" content=\"980\" \/>\n\t<meta property=\"og:image:height\" content=\"240\" \/>\n\t<meta property=\"og:image:type\" content=\"image\/jpeg\" \/>\n<meta name=\"author\" content=\"helpdesk\" \/>\n<meta name=\"twitter:card\" content=\"summary_large_image\" \/>\n<meta name=\"twitter:label1\" content=\"Skriven av\" \/>\n\t<meta name=\"twitter:data1\" content=\"helpdesk\" \/>\n<script type=\"application\/ld+json\" class=\"yoast-schema-graph\">{\"@context\":\"https:\\\/\\\/schema.org\",\"@graph\":[{\"@type\":\"Article\",\"@id\":\"https:\\\/\\\/wp.kristdemokraterna.se\\\/bastad\\\/skattemedel-ska-hanteras-varsamt\\\/#article\",\"isPartOf\":{\"@id\":\"https:\\\/\\\/wp.kristdemokraterna.se\\\/bastad\\\/skattemedel-ska-hanteras-varsamt\\\/\"},\"author\":{\"name\":\"helpdesk\",\"@id\":\"https:\\\/\\\/wp.kristdemokraterna.se\\\/bastad\\\/#\\\/schema\\\/person\\\/98d27838d17178471da5e8a56aa604a4\"},\"headline\":\"Skattemedel ska hanteras varsamt\",\"datePublished\":\"2015-04-21T08:06:06+00:00\",\"mainEntityOfPage\":{\"@id\":\"https:\\\/\\\/wp.kristdemokraterna.se\\\/bastad\\\/skattemedel-ska-hanteras-varsamt\\\/\"},\"wordCount\":84,\"commentCount\":0,\"image\":{\"@id\":\"https:\\\/\\\/wp.kristdemokraterna.se\\\/bastad\\\/skattemedel-ska-hanteras-varsamt\\\/#primaryimage\"},\"thumbnailUrl\":\"https:\\\/\\\/wp.kristdemokraterna.se\\\/bastad\\\/files\\\/2015\\\/04\\\/bastadhd5.jpg\",\"keywords\":[\"bost\u00e4der\",\"exploatering\",\"investeringar\",\"skattemedel\"],\"articleSection\":[\"Val 2015\"],\"inLanguage\":\"sv-SE\"},{\"@type\":\"WebPage\",\"@id\":\"https:\\\/\\\/wp.kristdemokraterna.se\\\/bastad\\\/skattemedel-ska-hanteras-varsamt\\\/\",\"url\":\"https:\\\/\\\/wp.kristdemokraterna.se\\\/bastad\\\/skattemedel-ska-hanteras-varsamt\\\/\",\"name\":\"Skattemedel ska hanteras varsamt - Kristdemokraterna | B\u00e5stad\",\"isPartOf\":{\"@id\":\"https:\\\/\\\/wp.kristdemokraterna.se\\\/bastad\\\/#website\"},\"primaryImageOfPage\":{\"@id\":\"https:\\\/\\\/wp.kristdemokraterna.se\\\/bastad\\\/skattemedel-ska-hanteras-varsamt\\\/#primaryimage\"},\"image\":{\"@id\":\"https:\\\/\\\/wp.kristdemokraterna.se\\\/bastad\\\/skattemedel-ska-hanteras-varsamt\\\/#primaryimage\"},\"thumbnailUrl\":\"https:\\\/\\\/wp.kristdemokraterna.se\\\/bastad\\\/files\\\/2015\\\/04\\\/bastadhd5.jpg\",\"datePublished\":\"2015-04-21T08:06:06+00:00\",\"author\":{\"@id\":\"https:\\\/\\\/wp.kristdemokraterna.se\\\/bastad\\\/#\\\/schema\\\/person\\\/98d27838d17178471da5e8a56aa604a4\"},\"breadcrumb\":{\"@id\":\"https:\\\/\\\/wp.kristdemokraterna.se\\\/bastad\\\/skattemedel-ska-hanteras-varsamt\\\/#breadcrumb\"},\"inLanguage\":\"sv-SE\",\"potentialAction\":[{\"@type\":\"ReadAction\",\"target\":[\"https:\\\/\\\/wp.kristdemokraterna.se\\\/bastad\\\/skattemedel-ska-hanteras-varsamt\\\/\"]}]},{\"@type\":\"ImageObject\",\"inLanguage\":\"sv-SE\",\"@id\":\"https:\\\/\\\/wp.kristdemokraterna.se\\\/bastad\\\/skattemedel-ska-hanteras-varsamt\\\/#primaryimage\",\"url\":\"https:\\\/\\\/wp.kristdemokraterna.se\\\/bastad\\\/files\\\/2015\\\/04\\\/bastadhd5.jpg\",\"contentUrl\":\"https:\\\/\\\/wp.kristdemokraterna.se\\\/bastad\\\/files\\\/2015\\\/04\\\/bastadhd5.jpg\",\"width\":980,\"height\":240},{\"@type\":\"BreadcrumbList\",\"@id\":\"https:\\\/\\\/wp.kristdemokraterna.se\\\/bastad\\\/skattemedel-ska-hanteras-varsamt\\\/#breadcrumb\",\"itemListElement\":[{\"@type\":\"ListItem\",\"position\":1,\"name\":\"Hem\",\"item\":\"https:\\\/\\\/wp.kristdemokraterna.se\\\/bastad\\\/\"},{\"@type\":\"ListItem\",\"position\":2,\"name\":\"Skattemedel ska hanteras varsamt\"}]},{\"@type\":\"WebSite\",\"@id\":\"https:\\\/\\\/wp.kristdemokraterna.se\\\/bastad\\\/#website\",\"url\":\"https:\\\/\\\/wp.kristdemokraterna.se\\\/bastad\\\/\",\"name\":\"Kristdemokraterna | B\u00e5stad\",\"description\":\"\u00c4nnu en webbplats hos Kristdemokraterna\",\"inLanguage\":\"sv-SE\"},{\"@type\":\"Person\",\"@id\":\"https:\\\/\\\/wp.kristdemokraterna.se\\\/bastad\\\/#\\\/schema\\\/person\\\/98d27838d17178471da5e8a56aa604a4\",\"name\":\"helpdesk\",\"image\":{\"@type\":\"ImageObject\",\"inLanguage\":\"sv-SE\",\"@id\":\"https:\\\/\\\/secure.gravatar.com\\\/avatar\\\/2e747bc9a7d4e5a6ecca7d851e4175129f995f3f6d9ef18734d1ff623abe4a88?s=96&d=mm&r=g\",\"url\":\"https:\\\/\\\/secure.gravatar.com\\\/avatar\\\/2e747bc9a7d4e5a6ecca7d851e4175129f995f3f6d9ef18734d1ff623abe4a88?s=96&d=mm&r=g\",\"contentUrl\":\"https:\\\/\\\/secure.gravatar.com\\\/avatar\\\/2e747bc9a7d4e5a6ecca7d851e4175129f995f3f6d9ef18734d1ff623abe4a88?s=96&d=mm&r=g\",\"caption\":\"helpdesk\"},\"url\":\"https:\\\/\\\/wp.kristdemokraterna.se\\\/bastad\\\/author\\\/helpdesk\\\/\"}]}<\/script>\n<!-- \/ Yoast SEO plugin. -->","yoast_head_json":{"title":"Skattemedel ska hanteras varsamt - Kristdemokraterna | B\u00e5stad","robots":{"index":"index","follow":"follow","max-snippet":"max-snippet:-1","max-image-preview":"max-image-preview:large","max-video-preview":"max-video-preview:-1"},"canonical":"https:\/\/wp.kristdemokraterna.se\/bastad\/skattemedel-ska-hanteras-varsamt\/","og_locale":"sv_SE","og_type":"article","og_title":"Skattemedel ska hanteras varsamt - Kristdemokraterna | B\u00e5stad","og_description":"Skattepengar \u00e4r medborgarnas pengar som kommunen har att ta hand om och ge tillbaka ett merv\u00e4rde till medborgaren. Vi vill se ett b\u00e4ttre f\u00f6rvaltande av de resurser som vi kommunpolitiker r\u00e5r \u00f6ver. \u00c5terh\u00e5llsamhet, god planering, konsekvensanalys, ansvarsfullt genomf\u00f6rande med full insyn, s\u00e5v\u00e4l som uppf\u00f6ljning och utv\u00e4rdering av genomf\u00f6rda projekt, ska pr\u00e4gla kommunens investeringar. Vi vill L\u00e4s mer","og_url":"https:\/\/wp.kristdemokraterna.se\/bastad\/skattemedel-ska-hanteras-varsamt\/","og_site_name":"Kristdemokraterna | B\u00e5stad","article_published_time":"2015-04-21T08:06:06+00:00","og_image":[{"width":980,"height":240,"url":"https:\/\/wp.kristdemokraterna.se\/bastad\/files\/2015\/04\/bastadhd5.jpg","type":"image\/jpeg"}],"author":"helpdesk","twitter_card":"summary_large_image","twitter_misc":{"Skriven av":"helpdesk"},"schema":{"@context":"https:\/\/schema.org","@graph":[{"@type":"Article","@id":"https:\/\/wp.kristdemokraterna.se\/bastad\/skattemedel-ska-hanteras-varsamt\/#article","isPartOf":{"@id":"https:\/\/wp.kristdemokraterna.se\/bastad\/skattemedel-ska-hanteras-varsamt\/"},"author":{"name":"helpdesk","@id":"https:\/\/wp.kristdemokraterna.se\/bastad\/#\/schema\/person\/98d27838d17178471da5e8a56aa604a4"},"headline":"Skattemedel ska hanteras varsamt","datePublished":"2015-04-21T08:06:06+00:00","mainEntityOfPage":{"@id":"https:\/\/wp.kristdemokraterna.se\/bastad\/skattemedel-ska-hanteras-varsamt\/"},"wordCount":84,"commentCount":0,"image":{"@id":"https:\/\/wp.kristdemokraterna.se\/bastad\/skattemedel-ska-hanteras-varsamt\/#primaryimage"},"thumbnailUrl":"https:\/\/wp.kristdemokraterna.se\/bastad\/files\/2015\/04\/bastadhd5.jpg","keywords":["bost\u00e4der","exploatering","investeringar","skattemedel"],"articleSection":["Val 2015"],"inLanguage":"sv-SE"},{"@type":"WebPage","@id":"https:\/\/wp.kristdemokraterna.se\/bastad\/skattemedel-ska-hanteras-varsamt\/","url":"https:\/\/wp.kristdemokraterna.se\/bastad\/skattemedel-ska-hanteras-varsamt\/","name":"Skattemedel ska hanteras varsamt - Kristdemokraterna | B\u00e5stad","isPartOf":{"@id":"https:\/\/wp.kristdemokraterna.se\/bastad\/#website"},"primaryImageOfPage":{"@id":"https:\/\/wp.kristdemokraterna.se\/bastad\/skattemedel-ska-hanteras-varsamt\/#primaryimage"},"image":{"@id":"https:\/\/wp.kristdemokraterna.se\/bastad\/skattemedel-ska-hanteras-varsamt\/#primaryimage"},"thumbnailUrl":"https:\/\/wp.kristdemokraterna.se\/bastad\/files\/2015\/04\/bastadhd5.jpg","datePublished":"2015-04-21T08:06:06+00:00","author":{"@id":"https:\/\/wp.kristdemokraterna.se\/bastad\/#\/schema\/person\/98d27838d17178471da5e8a56aa604a4"},"breadcrumb":{"@id":"https:\/\/wp.kristdemokraterna.se\/bastad\/skattemedel-ska-hanteras-varsamt\/#breadcrumb"},"inLanguage":"sv-SE","potentialAction":[{"@type":"ReadAction","target":["https:\/\/wp.kristdemokraterna.se\/bastad\/skattemedel-ska-hanteras-varsamt\/"]}]},{"@type":"ImageObject","inLanguage":"sv-SE","@id":"https:\/\/wp.kristdemokraterna.se\/bastad\/skattemedel-ska-hanteras-varsamt\/#primaryimage","url":"https:\/\/wp.kristdemokraterna.se\/bastad\/files\/2015\/04\/bastadhd5.jpg","contentUrl":"https:\/\/wp.kristdemokraterna.se\/bastad\/files\/2015\/04\/bastadhd5.jpg","width":980,"height":240},{"@type":"BreadcrumbList","@id":"https:\/\/wp.kristdemokraterna.se\/bastad\/skattemedel-ska-hanteras-varsamt\/#breadcrumb","itemListElement":[{"@type":"ListItem","position":1,"name":"Hem","item":"https:\/\/wp.kristdemokraterna.se\/bastad\/"},{"@type":"ListItem","position":2,"name":"Skattemedel ska hanteras varsamt"}]},{"@type":"WebSite","@id":"https:\/\/wp.kristdemokraterna.se\/bastad\/#website","url":"https:\/\/wp.kristdemokraterna.se\/bastad\/","name":"Kristdemokraterna | B\u00e5stad","description":"\u00c4nnu en webbplats hos Kristdemokraterna","inLanguage":"sv-SE"},{"@type":"Person","@id":"https:\/\/wp.kristdemokraterna.se\/bastad\/#\/schema\/person\/98d27838d17178471da5e8a56aa604a4","name":"helpdesk","image":{"@type":"ImageObject","inLanguage":"sv-SE","@id":"https:\/\/secure.gravatar.com\/avatar\/2e747bc9a7d4e5a6ecca7d851e4175129f995f3f6d9ef18734d1ff623abe4a88?s=96&d=mm&r=g","url":"https:\/\/secure.gravatar.com\/avatar\/2e747bc9a7d4e5a6ecca7d851e4175129f995f3f6d9ef18734d1ff623abe4a88?s=96&d=mm&r=g","contentUrl":"https:\/\/secure.gravatar.com\/avatar\/2e747bc9a7d4e5a6ecca7d851e4175129f995f3f6d9ef18734d1ff623abe4a88?s=96&d=mm&r=g","caption":"helpdesk"},"url":"https:\/\/wp.kristdemokraterna.se\/bastad\/author\/helpdesk\/"}]}},"_links":{"self":[{"href":"https:\/\/wp.kristdemokraterna.se\/bastad\/wp-json\/wp\/v2\/posts\/243","targetHints":{"allow":["GET"]}}],"collection":[{"href":"https:\/\/wp.kristdemokraterna.se\/bastad\/wp-json\/wp\/v2\/posts"}],"about":[{"href":"https:\/\/wp.kristdemokraterna.se\/bastad\/wp-json\/wp\/v2\/types\/post"}],"author":[{"embeddable":true,"href":"https:\/\/wp.kristdemokraterna.se\/bastad\/wp-json\/wp\/v2\/users\/444"}],"replies":[{"embeddable":true,"href":"https:\/\/wp.kristdemokraterna.se\/bastad\/wp-json\/wp\/v2\/comments?post=243"}],"version-history":[{"count":0,"href":"https:\/\/wp.kristdemokraterna.se\/bastad\/wp-json\/wp\/v2\/posts\/243\/revisions"}],"wp:featuredmedia":[{"embeddable":true,"href":"https:\/\/wp.kristdemokraterna.se\/bastad\/wp-json\/wp\/v2\/media\/531"}],"wp:attachment":[{"href":"https:\/\/wp.kristdemokraterna.se\/bastad\/wp-json\/wp\/v2\/media?parent=243"}],"wp:term":[{"taxonomy":"category","embeddable":true,"href":"https:\/\/wp.kristdemokraterna.se\/bastad\/wp-json\/wp\/v2\/categories?post=243"},{"taxonomy":"post_tag","embeddable":true,"href":"https:\/\/wp.kristdemokraterna.se\/bastad\/wp-json\/wp\/v2\/tags?post=243"}],"curies":[{"name":"wp","href":"https:\/\/api.w.org\/{rel}","templated":true}]}}