{"id":245,"date":"2015-04-21T08:08:56","date_gmt":"2015-04-21T08:08:56","guid":{"rendered":"http:\/\/wpskane.kristdemokraterna.se\/bastad\/?p=245"},"modified":"2015-04-21T08:08:56","modified_gmt":"2015-04-21T08:08:56","slug":"for-ett-vardigt-aldrande","status":"publish","type":"post","link":"https:\/\/wp.kristdemokraterna.se\/bastad\/for-ett-vardigt-aldrande\/","title":{"rendered":"F\u00f6r ett v\u00e4rdigt \u00e5ldrande"},"content":{"rendered":"<p>\u00c4ldrefr\u00e5gorna \u00e4r h\u00f6gprioriterade f\u00f6r oss. Vi st\u00e4ller h\u00f6ga krav p\u00e5 en trygg och v\u00e4rdig \u00e4ldreomsorg. Vi vill att Bj\u00e4res \u00e4ldre ska ges m\u00f6jlighet och valfrihet att bo kvar p\u00e5 de orter d\u00e4r man levt och verkat &#8211; inte bara om man kommer fr\u00e5n kommunens st\u00f6rsta orter. Vi vill \u00f6ppna fler platser p\u00e5 kommunens korttidsboenden och bevara de m\u00f6tesplatser f\u00f6r \u00e4ldre som finns, samt utveckla nya.<br \/>\n<a href=\"http:\/\/wp.kristdemokraterna.se\/bastad\/files\/2015\/04\/bastadhd6.jpg\"><img loading=\"lazy\" decoding=\"async\" class=\"alignnone size-full wp-image-267\" src=\"http:\/\/wp.kristdemokraterna.se\/bastad\/files\/2015\/04\/bastadhd6.jpg\" alt=\"bastadhd6\" width=\"980\" height=\"240\" srcset=\"https:\/\/wp.kristdemokraterna.se\/bastad\/files\/2015\/04\/bastadhd6.jpg 980w, https:\/\/wp.kristdemokraterna.se\/bastad\/files\/2015\/04\/bastadhd6-300x73.jpg 300w, https:\/\/wp.kristdemokraterna.se\/bastad\/files\/2015\/04\/bastadhd6-768x188.jpg 768w, https:\/\/wp.kristdemokraterna.se\/bastad\/files\/2015\/04\/bastadhd6-370x91.jpg 370w, https:\/\/wp.kristdemokraterna.se\/bastad\/files\/2015\/04\/bastadhd6-770x189.jpg 770w, https:\/\/wp.kristdemokraterna.se\/bastad\/files\/2015\/04\/bastadhd6-450x110.jpg 450w, https:\/\/wp.kristdemokraterna.se\/bastad\/files\/2015\/04\/bastadhd6-280x69.jpg 280w, https:\/\/wp.kristdemokraterna.se\/bastad\/files\/2015\/04\/bastadhd6-340x83.jpg 340w, https:\/\/wp.kristdemokraterna.se\/bastad\/files\/2015\/04\/bastadhd6-200x49.jpg 200w, https:\/\/wp.kristdemokraterna.se\/bastad\/files\/2015\/04\/bastadhd6-229x56.jpg 229w\" sizes=\"auto, (max-width: 980px) 100vw, 980px\" \/><\/a><\/p>\n","protected":false},"excerpt":{"rendered":"<p>\u00c4ldrefr\u00e5gorna \u00e4r h\u00f6gprioriterade f\u00f6r oss. Vi st\u00e4ller h\u00f6ga krav p\u00e5 en trygg och v\u00e4rdig \u00e4ldreomsorg. Vi vill att Bj\u00e4res \u00e4ldre ska ges m\u00f6jlighet och valfrihet att bo kvar p\u00e5 de orter d\u00e4r man levt och verkat &#8211; inte bara om man kommer fr\u00e5n kommunens st\u00f6rsta orter. Vi vill \u00f6ppna fler platser p\u00e5 kommunens korttidsboenden och <a class=\"read-more-link\" href=\"https:\/\/wp.kristdemokraterna.se\/bastad\/for-ett-vardigt-aldrande\/\">L\u00e4s mer<\/a><\/p>\n","protected":false},"author":444,"featured_media":238,"comment_status":"open","ping_status":"open","sticky":false,"template":"","format":"standard","meta":{"_acf_changed":false,"footnotes":""},"categories":[16],"tags":[17],"class_list":["post-245","post","type-post","status-publish","format-standard","hentry","category-val-2015","tag-aldreomsorg"],"acf":[],"yoast_head":"<!-- This site is optimized with the Yoast SEO plugin v27.4 - https:\/\/yoast.com\/product\/yoast-seo-wordpress\/ -->\n<title>F\u00f6r ett v\u00e4rdigt \u00e5ldrande - Kristdemokraterna | B\u00e5stad<\/title>\n<meta name=\"robots\" content=\"index, follow, max-snippet:-1, max-image-preview:large, max-video-preview:-1\" \/>\n<link rel=\"canonical\" href=\"https:\/\/wp.kristdemokraterna.se\/bastad\/for-ett-vardigt-aldrande\/\" \/>\n<meta property=\"og:locale\" content=\"sv_SE\" \/>\n<meta property=\"og:type\" content=\"article\" \/>\n<meta property=\"og:title\" content=\"F\u00f6r ett v\u00e4rdigt \u00e5ldrande - Kristdemokraterna | B\u00e5stad\" \/>\n<meta property=\"og:description\" content=\"\u00c4ldrefr\u00e5gorna \u00e4r h\u00f6gprioriterade f\u00f6r oss. Vi st\u00e4ller h\u00f6ga krav p\u00e5 en trygg och v\u00e4rdig \u00e4ldreomsorg. Vi vill att Bj\u00e4res \u00e4ldre ska ges m\u00f6jlighet och valfrihet att bo kvar p\u00e5 de orter d\u00e4r man levt och verkat &#8211; inte bara om man kommer fr\u00e5n kommunens st\u00f6rsta orter. Vi vill \u00f6ppna fler platser p\u00e5 kommunens korttidsboenden och L\u00e4s mer\" \/>\n<meta property=\"og:url\" content=\"https:\/\/wp.kristdemokraterna.se\/bastad\/for-ett-vardigt-aldrande\/\" \/>\n<meta property=\"og:site_name\" content=\"Kristdemokraterna | B\u00e5stad\" \/>\n<meta property=\"article:published_time\" content=\"2015-04-21T08:08:56+00:00\" \/>\n<meta property=\"og:image\" content=\"https:\/\/wp.kristdemokraterna.se\/bastad\/files\/2015\/04\/bastadhd2.jpg\" \/>\n\t<meta property=\"og:image:width\" content=\"980\" \/>\n\t<meta property=\"og:image:height\" content=\"240\" \/>\n\t<meta property=\"og:image:type\" content=\"image\/jpeg\" \/>\n<meta name=\"author\" content=\"helpdesk\" \/>\n<meta name=\"twitter:card\" content=\"summary_large_image\" \/>\n<meta name=\"twitter:label1\" content=\"Skriven av\" \/>\n\t<meta name=\"twitter:data1\" content=\"helpdesk\" \/>\n<script type=\"application\/ld+json\" class=\"yoast-schema-graph\">{\"@context\":\"https:\\\/\\\/schema.org\",\"@graph\":[{\"@type\":\"Article\",\"@id\":\"https:\\\/\\\/wp.kristdemokraterna.se\\\/bastad\\\/for-ett-vardigt-aldrande\\\/#article\",\"isPartOf\":{\"@id\":\"https:\\\/\\\/wp.kristdemokraterna.se\\\/bastad\\\/for-ett-vardigt-aldrande\\\/\"},\"author\":{\"name\":\"helpdesk\",\"@id\":\"https:\\\/\\\/wp.kristdemokraterna.se\\\/bastad\\\/#\\\/schema\\\/person\\\/98d27838d17178471da5e8a56aa604a4\"},\"headline\":\"F\u00f6r ett v\u00e4rdigt \u00e5ldrande\",\"datePublished\":\"2015-04-21T08:08:56+00:00\",\"mainEntityOfPage\":{\"@id\":\"https:\\\/\\\/wp.kristdemokraterna.se\\\/bastad\\\/for-ett-vardigt-aldrande\\\/\"},\"wordCount\":84,\"commentCount\":0,\"image\":{\"@id\":\"https:\\\/\\\/wp.kristdemokraterna.se\\\/bastad\\\/for-ett-vardigt-aldrande\\\/#primaryimage\"},\"thumbnailUrl\":\"https:\\\/\\\/wp.kristdemokraterna.se\\\/bastad\\\/files\\\/2015\\\/04\\\/bastadhd2.jpg\",\"keywords\":[\"\u00e4ldreomsorg\"],\"articleSection\":[\"Val 2015\"],\"inLanguage\":\"sv-SE\"},{\"@type\":\"WebPage\",\"@id\":\"https:\\\/\\\/wp.kristdemokraterna.se\\\/bastad\\\/for-ett-vardigt-aldrande\\\/\",\"url\":\"https:\\\/\\\/wp.kristdemokraterna.se\\\/bastad\\\/for-ett-vardigt-aldrande\\\/\",\"name\":\"F\u00f6r ett v\u00e4rdigt \u00e5ldrande - Kristdemokraterna | B\u00e5stad\",\"isPartOf\":{\"@id\":\"https:\\\/\\\/wp.kristdemokraterna.se\\\/bastad\\\/#website\"},\"primaryImageOfPage\":{\"@id\":\"https:\\\/\\\/wp.kristdemokraterna.se\\\/bastad\\\/for-ett-vardigt-aldrande\\\/#primaryimage\"},\"image\":{\"@id\":\"https:\\\/\\\/wp.kristdemokraterna.se\\\/bastad\\\/for-ett-vardigt-aldrande\\\/#primaryimage\"},\"thumbnailUrl\":\"https:\\\/\\\/wp.kristdemokraterna.se\\\/bastad\\\/files\\\/2015\\\/04\\\/bastadhd2.jpg\",\"datePublished\":\"2015-04-21T08:08:56+00:00\",\"author\":{\"@id\":\"https:\\\/\\\/wp.kristdemokraterna.se\\\/bastad\\\/#\\\/schema\\\/person\\\/98d27838d17178471da5e8a56aa604a4\"},\"breadcrumb\":{\"@id\":\"https:\\\/\\\/wp.kristdemokraterna.se\\\/bastad\\\/for-ett-vardigt-aldrande\\\/#breadcrumb\"},\"inLanguage\":\"sv-SE\",\"potentialAction\":[{\"@type\":\"ReadAction\",\"target\":[\"https:\\\/\\\/wp.kristdemokraterna.se\\\/bastad\\\/for-ett-vardigt-aldrande\\\/\"]}]},{\"@type\":\"ImageObject\",\"inLanguage\":\"sv-SE\",\"@id\":\"https:\\\/\\\/wp.kristdemokraterna.se\\\/bastad\\\/for-ett-vardigt-aldrande\\\/#primaryimage\",\"url\":\"https:\\\/\\\/wp.kristdemokraterna.se\\\/bastad\\\/files\\\/2015\\\/04\\\/bastadhd2.jpg\",\"contentUrl\":\"https:\\\/\\\/wp.kristdemokraterna.se\\\/bastad\\\/files\\\/2015\\\/04\\\/bastadhd2.jpg\",\"width\":980,\"height\":240},{\"@type\":\"BreadcrumbList\",\"@id\":\"https:\\\/\\\/wp.kristdemokraterna.se\\\/bastad\\\/for-ett-vardigt-aldrande\\\/#breadcrumb\",\"itemListElement\":[{\"@type\":\"ListItem\",\"position\":1,\"name\":\"Hem\",\"item\":\"https:\\\/\\\/wp.kristdemokraterna.se\\\/bastad\\\/\"},{\"@type\":\"ListItem\",\"position\":2,\"name\":\"F\u00f6r ett v\u00e4rdigt \u00e5ldrande\"}]},{\"@type\":\"WebSite\",\"@id\":\"https:\\\/\\\/wp.kristdemokraterna.se\\\/bastad\\\/#website\",\"url\":\"https:\\\/\\\/wp.kristdemokraterna.se\\\/bastad\\\/\",\"name\":\"Kristdemokraterna | B\u00e5stad\",\"description\":\"\u00c4nnu en webbplats hos Kristdemokraterna\",\"inLanguage\":\"sv-SE\"},{\"@type\":\"Person\",\"@id\":\"https:\\\/\\\/wp.kristdemokraterna.se\\\/bastad\\\/#\\\/schema\\\/person\\\/98d27838d17178471da5e8a56aa604a4\",\"name\":\"helpdesk\",\"image\":{\"@type\":\"ImageObject\",\"inLanguage\":\"sv-SE\",\"@id\":\"https:\\\/\\\/secure.gravatar.com\\\/avatar\\\/2e747bc9a7d4e5a6ecca7d851e4175129f995f3f6d9ef18734d1ff623abe4a88?s=96&d=mm&r=g\",\"url\":\"https:\\\/\\\/secure.gravatar.com\\\/avatar\\\/2e747bc9a7d4e5a6ecca7d851e4175129f995f3f6d9ef18734d1ff623abe4a88?s=96&d=mm&r=g\",\"contentUrl\":\"https:\\\/\\\/secure.gravatar.com\\\/avatar\\\/2e747bc9a7d4e5a6ecca7d851e4175129f995f3f6d9ef18734d1ff623abe4a88?s=96&d=mm&r=g\",\"caption\":\"helpdesk\"},\"url\":\"https:\\\/\\\/wp.kristdemokraterna.se\\\/bastad\\\/author\\\/helpdesk\\\/\"}]}<\/script>\n<!-- \/ Yoast SEO plugin. -->","yoast_head_json":{"title":"F\u00f6r ett v\u00e4rdigt \u00e5ldrande - Kristdemokraterna | B\u00e5stad","robots":{"index":"index","follow":"follow","max-snippet":"max-snippet:-1","max-image-preview":"max-image-preview:large","max-video-preview":"max-video-preview:-1"},"canonical":"https:\/\/wp.kristdemokraterna.se\/bastad\/for-ett-vardigt-aldrande\/","og_locale":"sv_SE","og_type":"article","og_title":"F\u00f6r ett v\u00e4rdigt \u00e5ldrande - Kristdemokraterna | B\u00e5stad","og_description":"\u00c4ldrefr\u00e5gorna \u00e4r h\u00f6gprioriterade f\u00f6r oss. Vi st\u00e4ller h\u00f6ga krav p\u00e5 en trygg och v\u00e4rdig \u00e4ldreomsorg. Vi vill att Bj\u00e4res \u00e4ldre ska ges m\u00f6jlighet och valfrihet att bo kvar p\u00e5 de orter d\u00e4r man levt och verkat &#8211; inte bara om man kommer fr\u00e5n kommunens st\u00f6rsta orter. Vi vill \u00f6ppna fler platser p\u00e5 kommunens korttidsboenden och L\u00e4s mer","og_url":"https:\/\/wp.kristdemokraterna.se\/bastad\/for-ett-vardigt-aldrande\/","og_site_name":"Kristdemokraterna | B\u00e5stad","article_published_time":"2015-04-21T08:08:56+00:00","og_image":[{"width":980,"height":240,"url":"https:\/\/wp.kristdemokraterna.se\/bastad\/files\/2015\/04\/bastadhd2.jpg","type":"image\/jpeg"}],"author":"helpdesk","twitter_card":"summary_large_image","twitter_misc":{"Skriven av":"helpdesk"},"schema":{"@context":"https:\/\/schema.org","@graph":[{"@type":"Article","@id":"https:\/\/wp.kristdemokraterna.se\/bastad\/for-ett-vardigt-aldrande\/#article","isPartOf":{"@id":"https:\/\/wp.kristdemokraterna.se\/bastad\/for-ett-vardigt-aldrande\/"},"author":{"name":"helpdesk","@id":"https:\/\/wp.kristdemokraterna.se\/bastad\/#\/schema\/person\/98d27838d17178471da5e8a56aa604a4"},"headline":"F\u00f6r ett v\u00e4rdigt \u00e5ldrande","datePublished":"2015-04-21T08:08:56+00:00","mainEntityOfPage":{"@id":"https:\/\/wp.kristdemokraterna.se\/bastad\/for-ett-vardigt-aldrande\/"},"wordCount":84,"commentCount":0,"image":{"@id":"https:\/\/wp.kristdemokraterna.se\/bastad\/for-ett-vardigt-aldrande\/#primaryimage"},"thumbnailUrl":"https:\/\/wp.kristdemokraterna.se\/bastad\/files\/2015\/04\/bastadhd2.jpg","keywords":["\u00e4ldreomsorg"],"articleSection":["Val 2015"],"inLanguage":"sv-SE"},{"@type":"WebPage","@id":"https:\/\/wp.kristdemokraterna.se\/bastad\/for-ett-vardigt-aldrande\/","url":"https:\/\/wp.kristdemokraterna.se\/bastad\/for-ett-vardigt-aldrande\/","name":"F\u00f6r ett v\u00e4rdigt \u00e5ldrande - Kristdemokraterna | B\u00e5stad","isPartOf":{"@id":"https:\/\/wp.kristdemokraterna.se\/bastad\/#website"},"primaryImageOfPage":{"@id":"https:\/\/wp.kristdemokraterna.se\/bastad\/for-ett-vardigt-aldrande\/#primaryimage"},"image":{"@id":"https:\/\/wp.kristdemokraterna.se\/bastad\/for-ett-vardigt-aldrande\/#primaryimage"},"thumbnailUrl":"https:\/\/wp.kristdemokraterna.se\/bastad\/files\/2015\/04\/bastadhd2.jpg","datePublished":"2015-04-21T08:08:56+00:00","author":{"@id":"https:\/\/wp.kristdemokraterna.se\/bastad\/#\/schema\/person\/98d27838d17178471da5e8a56aa604a4"},"breadcrumb":{"@id":"https:\/\/wp.kristdemokraterna.se\/bastad\/for-ett-vardigt-aldrande\/#breadcrumb"},"inLanguage":"sv-SE","potentialAction":[{"@type":"ReadAction","target":["https:\/\/wp.kristdemokraterna.se\/bastad\/for-ett-vardigt-aldrande\/"]}]},{"@type":"ImageObject","inLanguage":"sv-SE","@id":"https:\/\/wp.kristdemokraterna.se\/bastad\/for-ett-vardigt-aldrande\/#primaryimage","url":"https:\/\/wp.kristdemokraterna.se\/bastad\/files\/2015\/04\/bastadhd2.jpg","contentUrl":"https:\/\/wp.kristdemokraterna.se\/bastad\/files\/2015\/04\/bastadhd2.jpg","width":980,"height":240},{"@type":"BreadcrumbList","@id":"https:\/\/wp.kristdemokraterna.se\/bastad\/for-ett-vardigt-aldrande\/#breadcrumb","itemListElement":[{"@type":"ListItem","position":1,"name":"Hem","item":"https:\/\/wp.kristdemokraterna.se\/bastad\/"},{"@type":"ListItem","position":2,"name":"F\u00f6r ett v\u00e4rdigt \u00e5ldrande"}]},{"@type":"WebSite","@id":"https:\/\/wp.kristdemokraterna.se\/bastad\/#website","url":"https:\/\/wp.kristdemokraterna.se\/bastad\/","name":"Kristdemokraterna | B\u00e5stad","description":"\u00c4nnu en webbplats hos Kristdemokraterna","inLanguage":"sv-SE"},{"@type":"Person","@id":"https:\/\/wp.kristdemokraterna.se\/bastad\/#\/schema\/person\/98d27838d17178471da5e8a56aa604a4","name":"helpdesk","image":{"@type":"ImageObject","inLanguage":"sv-SE","@id":"https:\/\/secure.gravatar.com\/avatar\/2e747bc9a7d4e5a6ecca7d851e4175129f995f3f6d9ef18734d1ff623abe4a88?s=96&d=mm&r=g","url":"https:\/\/secure.gravatar.com\/avatar\/2e747bc9a7d4e5a6ecca7d851e4175129f995f3f6d9ef18734d1ff623abe4a88?s=96&d=mm&r=g","contentUrl":"https:\/\/secure.gravatar.com\/avatar\/2e747bc9a7d4e5a6ecca7d851e4175129f995f3f6d9ef18734d1ff623abe4a88?s=96&d=mm&r=g","caption":"helpdesk"},"url":"https:\/\/wp.kristdemokraterna.se\/bastad\/author\/helpdesk\/"}]}},"_links":{"self":[{"href":"https:\/\/wp.kristdemokraterna.se\/bastad\/wp-json\/wp\/v2\/posts\/245","targetHints":{"allow":["GET"]}}],"collection":[{"href":"https:\/\/wp.kristdemokraterna.se\/bastad\/wp-json\/wp\/v2\/posts"}],"about":[{"href":"https:\/\/wp.kristdemokraterna.se\/bastad\/wp-json\/wp\/v2\/types\/post"}],"author":[{"embeddable":true,"href":"https:\/\/wp.kristdemokraterna.se\/bastad\/wp-json\/wp\/v2\/users\/444"}],"replies":[{"embeddable":true,"href":"https:\/\/wp.kristdemokraterna.se\/bastad\/wp-json\/wp\/v2\/comments?post=245"}],"version-history":[{"count":0,"href":"https:\/\/wp.kristdemokraterna.se\/bastad\/wp-json\/wp\/v2\/posts\/245\/revisions"}],"wp:featuredmedia":[{"embeddable":true,"href":"https:\/\/wp.kristdemokraterna.se\/bastad\/wp-json\/wp\/v2\/media\/238"}],"wp:attachment":[{"href":"https:\/\/wp.kristdemokraterna.se\/bastad\/wp-json\/wp\/v2\/media?parent=245"}],"wp:term":[{"taxonomy":"category","embeddable":true,"href":"https:\/\/wp.kristdemokraterna.se\/bastad\/wp-json\/wp\/v2\/categories?post=245"},{"taxonomy":"post_tag","embeddable":true,"href":"https:\/\/wp.kristdemokraterna.se\/bastad\/wp-json\/wp\/v2\/tags?post=245"}],"curies":[{"name":"wp","href":"https:\/\/api.w.org\/{rel}","templated":true}]}}