{"id":573,"date":"2022-02-21T21:20:23","date_gmt":"2022-02-21T20:20:23","guid":{"rendered":"https:\/\/wp.kristdemokraterna.se\/bollnas\/?p=573"},"modified":"2022-02-21T21:43:41","modified_gmt":"2022-02-21T20:43:41","slug":"forskolan-och-det-kristna-julfirandet","status":"publish","type":"post","link":"https:\/\/wp.kristdemokraterna.se\/bollnas\/forskolan-och-det-kristna-julfirandet\/","title":{"rendered":"F\u00f6rskolan och det kristna julfirandet"},"content":{"rendered":"<p>Enligt F\u00f6rskolans L\u00e4roplan ska vi \u201d\u00f6verf\u00f6ra och utveckla ett kulturarv, v\u00e4rden, tradition, spr\u00e5k och kunskap, fr\u00e5n en generation till n\u00e4sta\u201d. Ett starkt kulturarv och en l\u00e5ng tradition i Sverige \u00e4r absolut julen. Enligt Barnkonventionens artikel 27 sl\u00e5s det dessutom fast att alla barn har r\u00e4tt till social, moralisk och andlig utveckling.<\/p>\n<p>Enligt kyrkoherden i Bolln\u00e4s pastorat (uttalande i Ljusnan 19 november) har f\u00f6rskolecheferna i Bolln\u00e4s kommun best\u00e4mt att barnen inte f\u00e5r bes\u00f6ka kyrkan och ta del av \u201dlevande julspel\u201d inf\u00f6r julfirandet. Vi kan inte utest\u00e4nga v\u00e5ra vetgiriga f\u00f6rskolebarn fr\u00e5n att f\u00e5 veta varf\u00f6r det st\u00e5r \u00e5r 2019 i v\u00e5ra kalendrar eller varf\u00f6r vi h\u00e4nger upp stj\u00e4rnor i v\u00e5ra f\u00f6nster under advents- och jultiden eller vem barnet \u00e4r som ligger i krubban i stallet?<\/p>\n<p>Detta \u00e4r allm\u00e4nbildande kunskap som kommer fr\u00e5n Bibelns gamla ber\u00e4ttelser, som har stor betydelse senare i livet d\u00e5 v\u00e5ra ungdomar l\u00e4ser litteratur av olika slag, studerar konst och film. I dessa sammanhang anv\u00e4nds ofta Bibeln som den mest citerade boken i v\u00e4rlden. Denna grundkunskap om Bibeln underl\u00e4ttar och ger s\u00e5 mycket mera n\u00e4r man senare studerar v\u00e4rldslitteratur eller andra konstarter.<\/p>\n<p>Ge v\u00e5ra f\u00f6rskolebarn en bra grund att st\u00e5 p\u00e5 och d\u00e5 kan julbes\u00f6ket i kyrkan spela en stor roll. Detta \u00e4r en del av v\u00e5rt svenska kulturarv som inte inneb\u00e4r att tvinga p\u00e5 n\u00e5gon en tro, utan att l\u00e4ra k\u00e4nna de traditioner som ligger till grund f\u00f6r ber\u00e4ttelserna i Bibeln och i de traditionella juls\u00e5ngerna.<\/p>\n<p>Kristdemokraterna i Bolln\u00e4s har d\u00e4rf\u00f6r i en motion till kommunfullm\u00e4ktige f\u00f6reslagit, att n\u00e4r Svenska kyrkan inbjuder till bes\u00f6k ska barnen i f\u00f6rskolorna i Bolln\u00e4s kommun ges m\u00f6jlighet att bevista \u201dlevande julspel\u201d eller liknande arrangemang i adventstid, i syfte att befr\u00e4mja och f\u00f6rdjupa kunskaperna om v\u00e5r kristna jultradition, som firas av miljoner m\u00e4nniskor i Sverige.<\/p>\n<p>\/\/Anders Bergsten (KD)<br \/>\n(Ins\u00e4ndare Nov 2019)<\/p>\n","protected":false},"excerpt":{"rendered":"<p>Enligt F\u00f6rskolans L\u00e4roplan ska vi \u201d\u00f6verf\u00f6ra och utveckla ett kulturarv, v\u00e4rden, tradition, spr\u00e5k och kunskap, fr\u00e5n en generation till n\u00e4sta\u201d. Ett starkt kulturarv och en l\u00e5ng tradition i Sverige \u00e4r absolut julen. Enligt Barnkonventionens artikel 27 sl\u00e5s det dessutom fast att alla barn har r\u00e4tt till social, moralisk och andlig utveckling. Enligt kyrkoherden i Bolln\u00e4s <a class=\"read-more-link\" href=\"https:\/\/wp.kristdemokraterna.se\/bollnas\/forskolan-och-det-kristna-julfirandet\/\">L\u00e4s mer<\/a><\/p>\n","protected":false},"author":920,"featured_media":0,"comment_status":"closed","ping_status":"closed","sticky":false,"template":"","format":"standard","meta":{"_acf_changed":false,"footnotes":""},"categories":[12,4,11,3],"tags":[],"class_list":["post-573","post","type-post","status-publish","format-standard","hentry","category-familjer","category-i-kommunen","category-inlagg","category-var-politik"],"acf":[],"yoast_head":"<!-- This site is optimized with the Yoast SEO plugin v27.5 - https:\/\/yoast.com\/product\/yoast-seo-wordpress\/ -->\n<title>F\u00f6rskolan och det kristna julfirandet - Kristdemokraterna i Bolln\u00e4s<\/title>\n<meta name=\"robots\" content=\"index, follow, max-snippet:-1, max-image-preview:large, max-video-preview:-1\" \/>\n<link rel=\"canonical\" href=\"https:\/\/wp.kristdemokraterna.se\/bollnas\/forskolan-och-det-kristna-julfirandet\/\" \/>\n<meta property=\"og:locale\" content=\"sv_SE\" \/>\n<meta property=\"og:type\" content=\"article\" \/>\n<meta property=\"og:title\" content=\"F\u00f6rskolan och det kristna julfirandet - Kristdemokraterna i Bolln\u00e4s\" \/>\n<meta property=\"og:description\" content=\"Enligt F\u00f6rskolans L\u00e4roplan ska vi \u201d\u00f6verf\u00f6ra och utveckla ett kulturarv, v\u00e4rden, tradition, spr\u00e5k och kunskap, fr\u00e5n en generation till n\u00e4sta\u201d. Ett starkt kulturarv och en l\u00e5ng tradition i Sverige \u00e4r absolut julen. Enligt Barnkonventionens artikel 27 sl\u00e5s det dessutom fast att alla barn har r\u00e4tt till social, moralisk och andlig utveckling. Enligt kyrkoherden i Bolln\u00e4s L\u00e4s mer\" \/>\n<meta property=\"og:url\" content=\"https:\/\/wp.kristdemokraterna.se\/bollnas\/forskolan-och-det-kristna-julfirandet\/\" \/>\n<meta property=\"og:site_name\" content=\"Kristdemokraterna i Bolln\u00e4s\" \/>\n<meta property=\"article:published_time\" content=\"2022-02-21T20:20:23+00:00\" \/>\n<meta property=\"article:modified_time\" content=\"2022-02-21T20:43:41+00:00\" \/>\n<meta name=\"author\" content=\"Andreas Sandsg\u00e5rd\" \/>\n<meta name=\"twitter:card\" content=\"summary_large_image\" \/>\n<meta name=\"twitter:label1\" content=\"Skriven av\" \/>\n\t<meta name=\"twitter:data1\" content=\"Andreas Sandsg\u00e5rd\" \/>\n\t<meta name=\"twitter:label2\" content=\"Ber\u00e4knad l\u00e4stid\" \/>\n\t<meta name=\"twitter:data2\" content=\"2 minuter\" \/>\n<script type=\"application\/ld+json\" class=\"yoast-schema-graph\">{\"@context\":\"https:\\\/\\\/schema.org\",\"@graph\":[{\"@type\":\"Article\",\"@id\":\"https:\\\/\\\/wp.kristdemokraterna.se\\\/bollnas\\\/forskolan-och-det-kristna-julfirandet\\\/#article\",\"isPartOf\":{\"@id\":\"https:\\\/\\\/wp.kristdemokraterna.se\\\/bollnas\\\/forskolan-och-det-kristna-julfirandet\\\/\"},\"author\":{\"name\":\"Andreas Sandsg\u00e5rd\",\"@id\":\"https:\\\/\\\/wp.kristdemokraterna.se\\\/bollnas\\\/#\\\/schema\\\/person\\\/bdc20437b5ef274d813d1e6bc4fb39f4\"},\"headline\":\"F\u00f6rskolan och det kristna julfirandet\",\"datePublished\":\"2022-02-21T20:20:23+00:00\",\"dateModified\":\"2022-02-21T20:43:41+00:00\",\"mainEntityOfPage\":{\"@id\":\"https:\\\/\\\/wp.kristdemokraterna.se\\\/bollnas\\\/forskolan-och-det-kristna-julfirandet\\\/\"},\"wordCount\":365,\"articleSection\":[\"familjer\",\"I Kommunen\",\"inl\u00e4gg\",\"V\u00e5r politik\"],\"inLanguage\":\"sv-SE\"},{\"@type\":\"WebPage\",\"@id\":\"https:\\\/\\\/wp.kristdemokraterna.se\\\/bollnas\\\/forskolan-och-det-kristna-julfirandet\\\/\",\"url\":\"https:\\\/\\\/wp.kristdemokraterna.se\\\/bollnas\\\/forskolan-och-det-kristna-julfirandet\\\/\",\"name\":\"F\u00f6rskolan och det kristna julfirandet - Kristdemokraterna i Bolln\u00e4s\",\"isPartOf\":{\"@id\":\"https:\\\/\\\/wp.kristdemokraterna.se\\\/bollnas\\\/#website\"},\"datePublished\":\"2022-02-21T20:20:23+00:00\",\"dateModified\":\"2022-02-21T20:43:41+00:00\",\"author\":{\"@id\":\"https:\\\/\\\/wp.kristdemokraterna.se\\\/bollnas\\\/#\\\/schema\\\/person\\\/bdc20437b5ef274d813d1e6bc4fb39f4\"},\"breadcrumb\":{\"@id\":\"https:\\\/\\\/wp.kristdemokraterna.se\\\/bollnas\\\/forskolan-och-det-kristna-julfirandet\\\/#breadcrumb\"},\"inLanguage\":\"sv-SE\",\"potentialAction\":[{\"@type\":\"ReadAction\",\"target\":[\"https:\\\/\\\/wp.kristdemokraterna.se\\\/bollnas\\\/forskolan-och-det-kristna-julfirandet\\\/\"]}]},{\"@type\":\"BreadcrumbList\",\"@id\":\"https:\\\/\\\/wp.kristdemokraterna.se\\\/bollnas\\\/forskolan-och-det-kristna-julfirandet\\\/#breadcrumb\",\"itemListElement\":[{\"@type\":\"ListItem\",\"position\":1,\"name\":\"Hem\",\"item\":\"https:\\\/\\\/wp.kristdemokraterna.se\\\/bollnas\\\/\"},{\"@type\":\"ListItem\",\"position\":2,\"name\":\"F\u00f6rskolan och det kristna julfirandet\"}]},{\"@type\":\"WebSite\",\"@id\":\"https:\\\/\\\/wp.kristdemokraterna.se\\\/bollnas\\\/#website\",\"url\":\"https:\\\/\\\/wp.kristdemokraterna.se\\\/bollnas\\\/\",\"name\":\"Kristdemokraterna i Bolln\u00e4s\",\"description\":\"En till Kristdemokraterna webbplats\",\"inLanguage\":\"sv-SE\"},{\"@type\":\"Person\",\"@id\":\"https:\\\/\\\/wp.kristdemokraterna.se\\\/bollnas\\\/#\\\/schema\\\/person\\\/bdc20437b5ef274d813d1e6bc4fb39f4\",\"name\":\"Andreas Sandsg\u00e5rd\",\"image\":{\"@type\":\"ImageObject\",\"inLanguage\":\"sv-SE\",\"@id\":\"https:\\\/\\\/secure.gravatar.com\\\/avatar\\\/f59c4ab9f22b470061ff505899a018dabc306dc66335eb159b5ac16122852f70?s=96&d=mm&r=g\",\"url\":\"https:\\\/\\\/secure.gravatar.com\\\/avatar\\\/f59c4ab9f22b470061ff505899a018dabc306dc66335eb159b5ac16122852f70?s=96&d=mm&r=g\",\"contentUrl\":\"https:\\\/\\\/secure.gravatar.com\\\/avatar\\\/f59c4ab9f22b470061ff505899a018dabc306dc66335eb159b5ac16122852f70?s=96&d=mm&r=g\",\"caption\":\"Andreas Sandsg\u00e5rd\"},\"url\":\"https:\\\/\\\/wp.kristdemokraterna.se\\\/bollnas\\\/author\\\/andreas\\\/\"}]}<\/script>\n<!-- \/ Yoast SEO plugin. -->","yoast_head_json":{"title":"F\u00f6rskolan och det kristna julfirandet - Kristdemokraterna i Bolln\u00e4s","robots":{"index":"index","follow":"follow","max-snippet":"max-snippet:-1","max-image-preview":"max-image-preview:large","max-video-preview":"max-video-preview:-1"},"canonical":"https:\/\/wp.kristdemokraterna.se\/bollnas\/forskolan-och-det-kristna-julfirandet\/","og_locale":"sv_SE","og_type":"article","og_title":"F\u00f6rskolan och det kristna julfirandet - Kristdemokraterna i Bolln\u00e4s","og_description":"Enligt F\u00f6rskolans L\u00e4roplan ska vi \u201d\u00f6verf\u00f6ra och utveckla ett kulturarv, v\u00e4rden, tradition, spr\u00e5k och kunskap, fr\u00e5n en generation till n\u00e4sta\u201d. Ett starkt kulturarv och en l\u00e5ng tradition i Sverige \u00e4r absolut julen. Enligt Barnkonventionens artikel 27 sl\u00e5s det dessutom fast att alla barn har r\u00e4tt till social, moralisk och andlig utveckling. Enligt kyrkoherden i Bolln\u00e4s L\u00e4s mer","og_url":"https:\/\/wp.kristdemokraterna.se\/bollnas\/forskolan-och-det-kristna-julfirandet\/","og_site_name":"Kristdemokraterna i Bolln\u00e4s","article_published_time":"2022-02-21T20:20:23+00:00","article_modified_time":"2022-02-21T20:43:41+00:00","author":"Andreas Sandsg\u00e5rd","twitter_card":"summary_large_image","twitter_misc":{"Skriven av":"Andreas Sandsg\u00e5rd","Ber\u00e4knad l\u00e4stid":"2 minuter"},"schema":{"@context":"https:\/\/schema.org","@graph":[{"@type":"Article","@id":"https:\/\/wp.kristdemokraterna.se\/bollnas\/forskolan-och-det-kristna-julfirandet\/#article","isPartOf":{"@id":"https:\/\/wp.kristdemokraterna.se\/bollnas\/forskolan-och-det-kristna-julfirandet\/"},"author":{"name":"Andreas Sandsg\u00e5rd","@id":"https:\/\/wp.kristdemokraterna.se\/bollnas\/#\/schema\/person\/bdc20437b5ef274d813d1e6bc4fb39f4"},"headline":"F\u00f6rskolan och det kristna julfirandet","datePublished":"2022-02-21T20:20:23+00:00","dateModified":"2022-02-21T20:43:41+00:00","mainEntityOfPage":{"@id":"https:\/\/wp.kristdemokraterna.se\/bollnas\/forskolan-och-det-kristna-julfirandet\/"},"wordCount":365,"articleSection":["familjer","I Kommunen","inl\u00e4gg","V\u00e5r politik"],"inLanguage":"sv-SE"},{"@type":"WebPage","@id":"https:\/\/wp.kristdemokraterna.se\/bollnas\/forskolan-och-det-kristna-julfirandet\/","url":"https:\/\/wp.kristdemokraterna.se\/bollnas\/forskolan-och-det-kristna-julfirandet\/","name":"F\u00f6rskolan och det kristna julfirandet - Kristdemokraterna i Bolln\u00e4s","isPartOf":{"@id":"https:\/\/wp.kristdemokraterna.se\/bollnas\/#website"},"datePublished":"2022-02-21T20:20:23+00:00","dateModified":"2022-02-21T20:43:41+00:00","author":{"@id":"https:\/\/wp.kristdemokraterna.se\/bollnas\/#\/schema\/person\/bdc20437b5ef274d813d1e6bc4fb39f4"},"breadcrumb":{"@id":"https:\/\/wp.kristdemokraterna.se\/bollnas\/forskolan-och-det-kristna-julfirandet\/#breadcrumb"},"inLanguage":"sv-SE","potentialAction":[{"@type":"ReadAction","target":["https:\/\/wp.kristdemokraterna.se\/bollnas\/forskolan-och-det-kristna-julfirandet\/"]}]},{"@type":"BreadcrumbList","@id":"https:\/\/wp.kristdemokraterna.se\/bollnas\/forskolan-och-det-kristna-julfirandet\/#breadcrumb","itemListElement":[{"@type":"ListItem","position":1,"name":"Hem","item":"https:\/\/wp.kristdemokraterna.se\/bollnas\/"},{"@type":"ListItem","position":2,"name":"F\u00f6rskolan och det kristna julfirandet"}]},{"@type":"WebSite","@id":"https:\/\/wp.kristdemokraterna.se\/bollnas\/#website","url":"https:\/\/wp.kristdemokraterna.se\/bollnas\/","name":"Kristdemokraterna i Bolln\u00e4s","description":"En till Kristdemokraterna webbplats","inLanguage":"sv-SE"},{"@type":"Person","@id":"https:\/\/wp.kristdemokraterna.se\/bollnas\/#\/schema\/person\/bdc20437b5ef274d813d1e6bc4fb39f4","name":"Andreas Sandsg\u00e5rd","image":{"@type":"ImageObject","inLanguage":"sv-SE","@id":"https:\/\/secure.gravatar.com\/avatar\/f59c4ab9f22b470061ff505899a018dabc306dc66335eb159b5ac16122852f70?s=96&d=mm&r=g","url":"https:\/\/secure.gravatar.com\/avatar\/f59c4ab9f22b470061ff505899a018dabc306dc66335eb159b5ac16122852f70?s=96&d=mm&r=g","contentUrl":"https:\/\/secure.gravatar.com\/avatar\/f59c4ab9f22b470061ff505899a018dabc306dc66335eb159b5ac16122852f70?s=96&d=mm&r=g","caption":"Andreas Sandsg\u00e5rd"},"url":"https:\/\/wp.kristdemokraterna.se\/bollnas\/author\/andreas\/"}]}},"_links":{"self":[{"href":"https:\/\/wp.kristdemokraterna.se\/bollnas\/wp-json\/wp\/v2\/posts\/573","targetHints":{"allow":["GET"]}}],"collection":[{"href":"https:\/\/wp.kristdemokraterna.se\/bollnas\/wp-json\/wp\/v2\/posts"}],"about":[{"href":"https:\/\/wp.kristdemokraterna.se\/bollnas\/wp-json\/wp\/v2\/types\/post"}],"author":[{"embeddable":true,"href":"https:\/\/wp.kristdemokraterna.se\/bollnas\/wp-json\/wp\/v2\/users\/920"}],"replies":[{"embeddable":true,"href":"https:\/\/wp.kristdemokraterna.se\/bollnas\/wp-json\/wp\/v2\/comments?post=573"}],"version-history":[{"count":3,"href":"https:\/\/wp.kristdemokraterna.se\/bollnas\/wp-json\/wp\/v2\/posts\/573\/revisions"}],"predecessor-version":[{"id":576,"href":"https:\/\/wp.kristdemokraterna.se\/bollnas\/wp-json\/wp\/v2\/posts\/573\/revisions\/576"}],"wp:attachment":[{"href":"https:\/\/wp.kristdemokraterna.se\/bollnas\/wp-json\/wp\/v2\/media?parent=573"}],"wp:term":[{"taxonomy":"category","embeddable":true,"href":"https:\/\/wp.kristdemokraterna.se\/bollnas\/wp-json\/wp\/v2\/categories?post=573"},{"taxonomy":"post_tag","embeddable":true,"href":"https:\/\/wp.kristdemokraterna.se\/bollnas\/wp-json\/wp\/v2\/tags?post=573"}],"curies":[{"name":"wp","href":"https:\/\/api.w.org\/{rel}","templated":true}]}}