{"id":118,"date":"2016-10-05T08:22:04","date_gmt":"2016-10-05T06:22:04","guid":{"rendered":"http:\/\/wp.kristdemokraterna.se\/borudolfsson\/?p=118"},"modified":"2016-10-05T08:22:04","modified_gmt":"2016-10-05T06:22:04","slug":"laxa-bast-i-sverige","status":"publish","type":"post","link":"https:\/\/wp.kristdemokraterna.se\/borudolfsson\/laxa-bast-i-sverige\/","title":{"rendered":"Lax\u00e5 &#8211; b\u00e4st i Sverige"},"content":{"rendered":"<p>Det \u00e4r kanske \u00f6vermaga att ta s\u00e5dana ord i min mun, eller r\u00e4ttare sagt, skriva dessa ord p\u00e5 en blogg. Men detta p\u00e5st\u00e5ende st\u00e4mmer &#8211; Lax\u00e5 \u00e4r b\u00e4st i Sverige!<\/p>\n<p>Inte i alla omr\u00e5den men i n\u00e5gra stycken. Tre av dem fick vi veta f\u00f6rra och denna vecka s\u00e5 vi kan gl\u00e4dja oss \u00f6ver dessa framg\u00e5ngar. Vi ska vara stolta \u00f6ver v\u00e5r kommun och den f\u00f6r\u00e4ndringsresa som \u00e4r p\u00e5 g\u00e5ng.<\/p>\n<p><strong>#1 Sveriges friskaste l\u00e4rare<br \/>\n<\/strong>Under f\u00f6rra veckan gick L\u00e4rarf\u00f6rbundet ut med sin skolranking om Sveriges b\u00e4sta skolkommun. Lax\u00e5 kommun var inte Sveriges b\u00e4sta skolkommun (\u00e4nnu!) men i l\u00e4rarf\u00f6rbundets unders\u00f6kning hade Lax\u00e5 kommun Sveriges friskaste l\u00e4rare &#8211; det betyder n\u00e5got i alla fall, kanske trivsel, meningsfulla arbetsuppgifter, bra arbetskamrater, etc. Vilket i sin tur p\u00e5verkar klimatet p\u00e5 skolorna, elevernas trivsel, etc<\/p>\n<p><strong>#2 Sveriges b\u00e4sta elever att g\u00e5 ut gymnasiet inom tre \u00e5r<\/strong><br \/>\n\u00c4ven denna uppgift kommer fr\u00e5n L\u00e4rarf\u00f6rbundets ranking som Sveriges b\u00e4sta skolkommun. De elever som g\u00e5r vidare till gymnasiet p\u00e5 All\u00e9skolan eller andra skolor \u00e4r Sverigeb\u00e4st i att g\u00e5 f\u00e4rdigt gymnasiet inom tre \u00e5r! Det betyder att Lax\u00e5s elever har minst antal avhopp fr\u00e5n gymnasieskolan, etc av alla Sveriges elever.<\/p>\n<p><strong><img loading=\"lazy\" decoding=\"async\" class=\"alignnone size-large wp-image-121\" src=\"http:\/\/wp.kristdemokraterna.se\/borudolfsson\/files\/2016\/10\/img_0018-540x405.jpg\" alt=\"img-0018\" width=\"540\" height=\"405\" srcset=\"https:\/\/wp.kristdemokraterna.se\/borudolfsson\/files\/2016\/10\/img_0018-540x405.jpg 540w, https:\/\/wp.kristdemokraterna.se\/borudolfsson\/files\/2016\/10\/img_0018-300x225.jpg 300w, https:\/\/wp.kristdemokraterna.se\/borudolfsson\/files\/2016\/10\/img_0018-768x576.jpg 768w, https:\/\/wp.kristdemokraterna.se\/borudolfsson\/files\/2016\/10\/img_0018-461x346.jpg 461w, https:\/\/wp.kristdemokraterna.se\/borudolfsson\/files\/2016\/10\/img_0018-149x112.jpg 149w\" sizes=\"auto, (max-width: 540px) 100vw, 540px\" \/><\/strong><\/p>\n<p><strong># 3 Sveriges b\u00e4sta kommun i att l\u00e5ngsiktigt ha f\u00f6rb\u00e4ttrat rankingen av sitt\u00a0f\u00f6retagsklimat<\/strong><br \/>\nIg\u00e5r tisdag hade kommunen bes\u00f6k av Svenskt N\u00e4ringsliv som presenterade djupare information om den f\u00f6rb\u00e4ttring av kommunens ranking som skett de senaste fem \u00e5ren. Fr\u00e5n l\u00e5gvattenm\u00e4rken 278:e plats \u00e5r 2011 till \u00e5rets topplacering p\u00e5 71:a plats.<br \/>\nDenna f\u00f6rb\u00e4ttring under dessa fem \u00e5r \u00e4r b\u00e4st i Sverige (tillsammans med Ljusnarsberg). Vi forts\u00e4tter v\u00e5rt arbete med f\u00f6retagsklimatet under komma \u00e5r, men med en fokusering p\u00e5 att uppr\u00e4tth\u00e5lla placeringen och f\u00f6rankra v\u00e5rt f\u00f6retagsklimat i hela den kommunala organisationen och hos alla f\u00f6retagare i kommunen.<\/p>\n<p>&nbsp;<\/p>\n<p>&nbsp;<\/p>\n","protected":false},"excerpt":{"rendered":"<p>Det \u00e4r kanske \u00f6vermaga att ta s\u00e5dana ord i min mun, eller r\u00e4ttare sagt, skriva dessa ord p\u00e5 en blogg. Men detta p\u00e5st\u00e5ende st\u00e4mmer &#8211; Lax\u00e5 \u00e4r b\u00e4st i Sverige! Inte i alla omr\u00e5den men i n\u00e5gra stycken. Tre av dem fick vi veta f\u00f6rra och denna vecka s\u00e5 vi kan gl\u00e4dja oss \u00f6ver dessa <a class=\"read-more-link\" href=\"https:\/\/wp.kristdemokraterna.se\/borudolfsson\/laxa-bast-i-sverige\/\">Read More<\/a><\/p>\n","protected":false},"author":553,"featured_media":0,"comment_status":"closed","ping_status":"closed","sticky":false,"template":"","format":"standard","meta":{"_acf_changed":false,"footnotes":""},"categories":[1],"tags":[],"class_list":["post-118","post","type-post","status-publish","format-standard","hentry","category-okategoriserade"],"acf":[],"yoast_head":"<!-- This site is optimized with the Yoast SEO plugin v27.5 - https:\/\/yoast.com\/product\/yoast-seo-wordpress\/ -->\n<title>Lax\u00e5 - b\u00e4st i Sverige - Bo Rudolfsson<\/title>\n<meta name=\"robots\" content=\"index, follow, max-snippet:-1, max-image-preview:large, max-video-preview:-1\" \/>\n<link rel=\"canonical\" href=\"https:\/\/wp.kristdemokraterna.se\/borudolfsson\/laxa-bast-i-sverige\/\" \/>\n<meta property=\"og:locale\" content=\"sv_SE\" \/>\n<meta property=\"og:type\" content=\"article\" \/>\n<meta property=\"og:title\" content=\"Lax\u00e5 - b\u00e4st i Sverige - Bo Rudolfsson\" \/>\n<meta property=\"og:description\" content=\"Det \u00e4r kanske \u00f6vermaga att ta s\u00e5dana ord i min mun, eller r\u00e4ttare sagt, skriva dessa ord p\u00e5 en blogg. Men detta p\u00e5st\u00e5ende st\u00e4mmer &#8211; Lax\u00e5 \u00e4r b\u00e4st i Sverige! Inte i alla omr\u00e5den men i n\u00e5gra stycken. Tre av dem fick vi veta f\u00f6rra och denna vecka s\u00e5 vi kan gl\u00e4dja oss \u00f6ver dessa Read More\" \/>\n<meta property=\"og:url\" content=\"https:\/\/wp.kristdemokraterna.se\/borudolfsson\/laxa-bast-i-sverige\/\" \/>\n<meta property=\"og:site_name\" content=\"Bo Rudolfsson\" \/>\n<meta property=\"article:published_time\" content=\"2016-10-05T06:22:04+00:00\" \/>\n<meta property=\"og:image\" content=\"http:\/\/wp.kristdemokraterna.se\/borudolfsson\/files\/2016\/10\/img_0018-540x405.jpg\" \/>\n<meta name=\"author\" content=\"Bo Rudolfsson\" \/>\n<meta name=\"twitter:card\" content=\"summary_large_image\" \/>\n<meta name=\"twitter:label1\" content=\"Skriven av\" \/>\n\t<meta name=\"twitter:data1\" content=\"Bo Rudolfsson\" \/>\n\t<meta name=\"twitter:label2\" content=\"Ber\u00e4knad l\u00e4stid\" \/>\n\t<meta name=\"twitter:data2\" content=\"2 minuter\" \/>\n<script type=\"application\/ld+json\" class=\"yoast-schema-graph\">{\"@context\":\"https:\\\/\\\/schema.org\",\"@graph\":[{\"@type\":\"Article\",\"@id\":\"https:\\\/\\\/wp.kristdemokraterna.se\\\/borudolfsson\\\/laxa-bast-i-sverige\\\/#article\",\"isPartOf\":{\"@id\":\"https:\\\/\\\/wp.kristdemokraterna.se\\\/borudolfsson\\\/laxa-bast-i-sverige\\\/\"},\"author\":{\"name\":\"Bo Rudolfsson\",\"@id\":\"https:\\\/\\\/wp.kristdemokraterna.se\\\/borudolfsson\\\/#\\\/schema\\\/person\\\/24bd3ec12cbbf60a27647cfe70200ed4\"},\"headline\":\"Lax\u00e5 &#8211; b\u00e4st i Sverige\",\"datePublished\":\"2016-10-05T06:22:04+00:00\",\"mainEntityOfPage\":{\"@id\":\"https:\\\/\\\/wp.kristdemokraterna.se\\\/borudolfsson\\\/laxa-bast-i-sverige\\\/\"},\"wordCount\":351,\"image\":{\"@id\":\"https:\\\/\\\/wp.kristdemokraterna.se\\\/borudolfsson\\\/laxa-bast-i-sverige\\\/#primaryimage\"},\"thumbnailUrl\":\"http:\\\/\\\/wp.kristdemokraterna.se\\\/borudolfsson\\\/files\\\/2016\\\/10\\\/img_0018-540x405.jpg\",\"inLanguage\":\"sv-SE\"},{\"@type\":\"WebPage\",\"@id\":\"https:\\\/\\\/wp.kristdemokraterna.se\\\/borudolfsson\\\/laxa-bast-i-sverige\\\/\",\"url\":\"https:\\\/\\\/wp.kristdemokraterna.se\\\/borudolfsson\\\/laxa-bast-i-sverige\\\/\",\"name\":\"Lax\u00e5 - b\u00e4st i Sverige - Bo Rudolfsson\",\"isPartOf\":{\"@id\":\"https:\\\/\\\/wp.kristdemokraterna.se\\\/borudolfsson\\\/#website\"},\"primaryImageOfPage\":{\"@id\":\"https:\\\/\\\/wp.kristdemokraterna.se\\\/borudolfsson\\\/laxa-bast-i-sverige\\\/#primaryimage\"},\"image\":{\"@id\":\"https:\\\/\\\/wp.kristdemokraterna.se\\\/borudolfsson\\\/laxa-bast-i-sverige\\\/#primaryimage\"},\"thumbnailUrl\":\"http:\\\/\\\/wp.kristdemokraterna.se\\\/borudolfsson\\\/files\\\/2016\\\/10\\\/img_0018-540x405.jpg\",\"datePublished\":\"2016-10-05T06:22:04+00:00\",\"author\":{\"@id\":\"https:\\\/\\\/wp.kristdemokraterna.se\\\/borudolfsson\\\/#\\\/schema\\\/person\\\/24bd3ec12cbbf60a27647cfe70200ed4\"},\"breadcrumb\":{\"@id\":\"https:\\\/\\\/wp.kristdemokraterna.se\\\/borudolfsson\\\/laxa-bast-i-sverige\\\/#breadcrumb\"},\"inLanguage\":\"sv-SE\",\"potentialAction\":[{\"@type\":\"ReadAction\",\"target\":[\"https:\\\/\\\/wp.kristdemokraterna.se\\\/borudolfsson\\\/laxa-bast-i-sverige\\\/\"]}]},{\"@type\":\"ImageObject\",\"inLanguage\":\"sv-SE\",\"@id\":\"https:\\\/\\\/wp.kristdemokraterna.se\\\/borudolfsson\\\/laxa-bast-i-sverige\\\/#primaryimage\",\"url\":\"http:\\\/\\\/wp.kristdemokraterna.se\\\/borudolfsson\\\/files\\\/2016\\\/10\\\/img_0018-540x405.jpg\",\"contentUrl\":\"http:\\\/\\\/wp.kristdemokraterna.se\\\/borudolfsson\\\/files\\\/2016\\\/10\\\/img_0018-540x405.jpg\"},{\"@type\":\"BreadcrumbList\",\"@id\":\"https:\\\/\\\/wp.kristdemokraterna.se\\\/borudolfsson\\\/laxa-bast-i-sverige\\\/#breadcrumb\",\"itemListElement\":[{\"@type\":\"ListItem\",\"position\":1,\"name\":\"Hem\",\"item\":\"https:\\\/\\\/wp.kristdemokraterna.se\\\/borudolfsson\\\/\"},{\"@type\":\"ListItem\",\"position\":2,\"name\":\"Lax\u00e5 &#8211; b\u00e4st i Sverige\"}]},{\"@type\":\"WebSite\",\"@id\":\"https:\\\/\\\/wp.kristdemokraterna.se\\\/borudolfsson\\\/#website\",\"url\":\"https:\\\/\\\/wp.kristdemokraterna.se\\\/borudolfsson\\\/\",\"name\":\"Bo Rudolfsson\",\"description\":\"Ett b\u00e4ttre Lax\u00e5 - och Sverige!\",\"inLanguage\":\"sv-SE\"},{\"@type\":\"Person\",\"@id\":\"https:\\\/\\\/wp.kristdemokraterna.se\\\/borudolfsson\\\/#\\\/schema\\\/person\\\/24bd3ec12cbbf60a27647cfe70200ed4\",\"name\":\"Bo Rudolfsson\",\"image\":{\"@type\":\"ImageObject\",\"inLanguage\":\"sv-SE\",\"@id\":\"https:\\\/\\\/secure.gravatar.com\\\/avatar\\\/35c33393ceb4fe674dba7b66cedc9d7e2054cb83b6910fa82cbc29d5aeff96a9?s=96&r=g\",\"url\":\"https:\\\/\\\/secure.gravatar.com\\\/avatar\\\/35c33393ceb4fe674dba7b66cedc9d7e2054cb83b6910fa82cbc29d5aeff96a9?s=96&r=g\",\"contentUrl\":\"https:\\\/\\\/secure.gravatar.com\\\/avatar\\\/35c33393ceb4fe674dba7b66cedc9d7e2054cb83b6910fa82cbc29d5aeff96a9?s=96&r=g\",\"caption\":\"Bo Rudolfsson\"},\"sameAs\":[\"http:\\\/\\\/www.borudolfsson.se\"],\"url\":\"https:\\\/\\\/wp.kristdemokraterna.se\\\/borudolfsson\\\/author\\\/borudolfsson\\\/\"}]}<\/script>\n<!-- \/ Yoast SEO plugin. -->","yoast_head_json":{"title":"Lax\u00e5 - b\u00e4st i Sverige - Bo Rudolfsson","robots":{"index":"index","follow":"follow","max-snippet":"max-snippet:-1","max-image-preview":"max-image-preview:large","max-video-preview":"max-video-preview:-1"},"canonical":"https:\/\/wp.kristdemokraterna.se\/borudolfsson\/laxa-bast-i-sverige\/","og_locale":"sv_SE","og_type":"article","og_title":"Lax\u00e5 - b\u00e4st i Sverige - Bo Rudolfsson","og_description":"Det \u00e4r kanske \u00f6vermaga att ta s\u00e5dana ord i min mun, eller r\u00e4ttare sagt, skriva dessa ord p\u00e5 en blogg. Men detta p\u00e5st\u00e5ende st\u00e4mmer &#8211; Lax\u00e5 \u00e4r b\u00e4st i Sverige! Inte i alla omr\u00e5den men i n\u00e5gra stycken. Tre av dem fick vi veta f\u00f6rra och denna vecka s\u00e5 vi kan gl\u00e4dja oss \u00f6ver dessa Read More","og_url":"https:\/\/wp.kristdemokraterna.se\/borudolfsson\/laxa-bast-i-sverige\/","og_site_name":"Bo Rudolfsson","article_published_time":"2016-10-05T06:22:04+00:00","og_image":[{"url":"http:\/\/wp.kristdemokraterna.se\/borudolfsson\/files\/2016\/10\/img_0018-540x405.jpg","type":"","width":"","height":""}],"author":"Bo Rudolfsson","twitter_card":"summary_large_image","twitter_misc":{"Skriven av":"Bo Rudolfsson","Ber\u00e4knad l\u00e4stid":"2 minuter"},"schema":{"@context":"https:\/\/schema.org","@graph":[{"@type":"Article","@id":"https:\/\/wp.kristdemokraterna.se\/borudolfsson\/laxa-bast-i-sverige\/#article","isPartOf":{"@id":"https:\/\/wp.kristdemokraterna.se\/borudolfsson\/laxa-bast-i-sverige\/"},"author":{"name":"Bo Rudolfsson","@id":"https:\/\/wp.kristdemokraterna.se\/borudolfsson\/#\/schema\/person\/24bd3ec12cbbf60a27647cfe70200ed4"},"headline":"Lax\u00e5 &#8211; b\u00e4st i Sverige","datePublished":"2016-10-05T06:22:04+00:00","mainEntityOfPage":{"@id":"https:\/\/wp.kristdemokraterna.se\/borudolfsson\/laxa-bast-i-sverige\/"},"wordCount":351,"image":{"@id":"https:\/\/wp.kristdemokraterna.se\/borudolfsson\/laxa-bast-i-sverige\/#primaryimage"},"thumbnailUrl":"http:\/\/wp.kristdemokraterna.se\/borudolfsson\/files\/2016\/10\/img_0018-540x405.jpg","inLanguage":"sv-SE"},{"@type":"WebPage","@id":"https:\/\/wp.kristdemokraterna.se\/borudolfsson\/laxa-bast-i-sverige\/","url":"https:\/\/wp.kristdemokraterna.se\/borudolfsson\/laxa-bast-i-sverige\/","name":"Lax\u00e5 - b\u00e4st i Sverige - Bo Rudolfsson","isPartOf":{"@id":"https:\/\/wp.kristdemokraterna.se\/borudolfsson\/#website"},"primaryImageOfPage":{"@id":"https:\/\/wp.kristdemokraterna.se\/borudolfsson\/laxa-bast-i-sverige\/#primaryimage"},"image":{"@id":"https:\/\/wp.kristdemokraterna.se\/borudolfsson\/laxa-bast-i-sverige\/#primaryimage"},"thumbnailUrl":"http:\/\/wp.kristdemokraterna.se\/borudolfsson\/files\/2016\/10\/img_0018-540x405.jpg","datePublished":"2016-10-05T06:22:04+00:00","author":{"@id":"https:\/\/wp.kristdemokraterna.se\/borudolfsson\/#\/schema\/person\/24bd3ec12cbbf60a27647cfe70200ed4"},"breadcrumb":{"@id":"https:\/\/wp.kristdemokraterna.se\/borudolfsson\/laxa-bast-i-sverige\/#breadcrumb"},"inLanguage":"sv-SE","potentialAction":[{"@type":"ReadAction","target":["https:\/\/wp.kristdemokraterna.se\/borudolfsson\/laxa-bast-i-sverige\/"]}]},{"@type":"ImageObject","inLanguage":"sv-SE","@id":"https:\/\/wp.kristdemokraterna.se\/borudolfsson\/laxa-bast-i-sverige\/#primaryimage","url":"http:\/\/wp.kristdemokraterna.se\/borudolfsson\/files\/2016\/10\/img_0018-540x405.jpg","contentUrl":"http:\/\/wp.kristdemokraterna.se\/borudolfsson\/files\/2016\/10\/img_0018-540x405.jpg"},{"@type":"BreadcrumbList","@id":"https:\/\/wp.kristdemokraterna.se\/borudolfsson\/laxa-bast-i-sverige\/#breadcrumb","itemListElement":[{"@type":"ListItem","position":1,"name":"Hem","item":"https:\/\/wp.kristdemokraterna.se\/borudolfsson\/"},{"@type":"ListItem","position":2,"name":"Lax\u00e5 &#8211; b\u00e4st i Sverige"}]},{"@type":"WebSite","@id":"https:\/\/wp.kristdemokraterna.se\/borudolfsson\/#website","url":"https:\/\/wp.kristdemokraterna.se\/borudolfsson\/","name":"Bo Rudolfsson","description":"Ett b\u00e4ttre Lax\u00e5 - och Sverige!","inLanguage":"sv-SE"},{"@type":"Person","@id":"https:\/\/wp.kristdemokraterna.se\/borudolfsson\/#\/schema\/person\/24bd3ec12cbbf60a27647cfe70200ed4","name":"Bo Rudolfsson","image":{"@type":"ImageObject","inLanguage":"sv-SE","@id":"https:\/\/secure.gravatar.com\/avatar\/35c33393ceb4fe674dba7b66cedc9d7e2054cb83b6910fa82cbc29d5aeff96a9?s=96&r=g","url":"https:\/\/secure.gravatar.com\/avatar\/35c33393ceb4fe674dba7b66cedc9d7e2054cb83b6910fa82cbc29d5aeff96a9?s=96&r=g","contentUrl":"https:\/\/secure.gravatar.com\/avatar\/35c33393ceb4fe674dba7b66cedc9d7e2054cb83b6910fa82cbc29d5aeff96a9?s=96&r=g","caption":"Bo Rudolfsson"},"sameAs":["http:\/\/www.borudolfsson.se"],"url":"https:\/\/wp.kristdemokraterna.se\/borudolfsson\/author\/borudolfsson\/"}]}},"_links":{"self":[{"href":"https:\/\/wp.kristdemokraterna.se\/borudolfsson\/wp-json\/wp\/v2\/posts\/118","targetHints":{"allow":["GET"]}}],"collection":[{"href":"https:\/\/wp.kristdemokraterna.se\/borudolfsson\/wp-json\/wp\/v2\/posts"}],"about":[{"href":"https:\/\/wp.kristdemokraterna.se\/borudolfsson\/wp-json\/wp\/v2\/types\/post"}],"author":[{"embeddable":true,"href":"https:\/\/wp.kristdemokraterna.se\/borudolfsson\/wp-json\/wp\/v2\/users\/553"}],"replies":[{"embeddable":true,"href":"https:\/\/wp.kristdemokraterna.se\/borudolfsson\/wp-json\/wp\/v2\/comments?post=118"}],"version-history":[{"count":2,"href":"https:\/\/wp.kristdemokraterna.se\/borudolfsson\/wp-json\/wp\/v2\/posts\/118\/revisions"}],"predecessor-version":[{"id":122,"href":"https:\/\/wp.kristdemokraterna.se\/borudolfsson\/wp-json\/wp\/v2\/posts\/118\/revisions\/122"}],"wp:attachment":[{"href":"https:\/\/wp.kristdemokraterna.se\/borudolfsson\/wp-json\/wp\/v2\/media?parent=118"}],"wp:term":[{"taxonomy":"category","embeddable":true,"href":"https:\/\/wp.kristdemokraterna.se\/borudolfsson\/wp-json\/wp\/v2\/categories?post=118"},{"taxonomy":"post_tag","embeddable":true,"href":"https:\/\/wp.kristdemokraterna.se\/borudolfsson\/wp-json\/wp\/v2\/tags?post=118"}],"curies":[{"name":"wp","href":"https:\/\/api.w.org\/{rel}","templated":true}]}}