{"id":138,"date":"2018-03-06T16:15:31","date_gmt":"2018-03-06T15:15:31","guid":{"rendered":"http:\/\/wp.kristdemokraterna.se\/borudolfsson\/?p=138"},"modified":"2018-03-06T16:15:52","modified_gmt":"2018-03-06T15:15:52","slug":"kommer-tag-i-bergslagen-sluta-kora-tag-till-laxa","status":"publish","type":"post","link":"https:\/\/wp.kristdemokraterna.se\/borudolfsson\/kommer-tag-i-bergslagen-sluta-kora-tag-till-laxa\/","title":{"rendered":"Kommer T\u00e5g i Bergslagen sluta k\u00f6ra t\u00e5g till Lax\u00e5??"},"content":{"rendered":"<p><img loading=\"lazy\" decoding=\"async\" class=\"alignnone size-large wp-image-140\" src=\"http:\/\/wp.kristdemokraterna.se\/borudolfsson\/files\/2018\/03\/tib-540x304.jpg\" alt=\"\" width=\"540\" height=\"304\" srcset=\"https:\/\/wp.kristdemokraterna.se\/borudolfsson\/files\/2018\/03\/tib-540x304.jpg 540w, https:\/\/wp.kristdemokraterna.se\/borudolfsson\/files\/2018\/03\/tib-300x169.jpg 300w, https:\/\/wp.kristdemokraterna.se\/borudolfsson\/files\/2018\/03\/tib-768x432.jpg 768w, https:\/\/wp.kristdemokraterna.se\/borudolfsson\/files\/2018\/03\/tib-576x324.jpg 576w, https:\/\/wp.kristdemokraterna.se\/borudolfsson\/files\/2018\/03\/tib-186x105.jpg 186w, https:\/\/wp.kristdemokraterna.se\/borudolfsson\/files\/2018\/03\/tib.jpg 1280w\" sizes=\"auto, (max-width: 540px) 100vw, 540px\" \/><\/p>\n<p><span style=\"color: #333333;font-style: normal;font-weight: 300\">\u00d6rebro 2018-03-05<\/span><\/p>\n<p><strong>Fr\u00e5ga till Mats Gunnarsson,\u00a0<\/strong><strong>Ordf\u00f6rande i N\u00e4mnden f\u00f6r samh\u00e4llsbyggnad<\/strong><\/p>\n<h1><em>\u00a0<\/em><strong>Kommer T\u00e5g i Bergslagen sluta k\u00f6ra t\u00e5g till Lax\u00e5??<\/strong><\/h1>\n<p>Under de senaste veckorna har en m\u00e4ngd TiB t\u00e5g till och fr\u00e5n Lax\u00e5 st\u00e4llts in och f\u00f6r det mesta ersatts med buss. Vissa dagar har alla t\u00e5g st\u00e4lls in och l\u00e4mnat m\u00e5nga pendlare till och fr\u00e5n Lax\u00e5 utan kommunikation vid de tider som passar arbetet, ist\u00e4llet har personer f\u00e5tt v\u00e4nja sig att v\u00e4nta en extra timme p\u00e5 n\u00e4sta t\u00e5g eller kuska runt n\u00e4stan dubbla tiden med buss.<\/p>\n<p>Samma situation var det f\u00f6r drygt ett \u00e5r sedan, innan SJ \u00f6vertog operat\u00f6rsansvaret f\u00f6r T\u00e5g i Bergslagen. D\u00e5, i slutet av 2016, st\u00e4lldes ett flertal t\u00e5g till och fr\u00e5n Lax\u00e5 in pga. brist p\u00e5 fordon. Ansvarig personal inom T\u00e5g i Bergslagen lovade att detta inte skulle ske igen, men det har redan skett.<\/p>\n<p>Jag har f\u00e5tt en m\u00e4ngd kontakter fr\u00e5n allm\u00e4nheten och t\u00e5gpendlare de sista veckorna om detta otyg med inst\u00e4llda t\u00e5g. Det har blivit s\u00e5 jobbigt f\u00f6r m\u00e5nga att jag t.o.m. f\u00e5tt indikationer att personer flyttar fr\u00e5n Lax\u00e5 till \u00d6rebro p\u00e5 grund av att man inte kan lita p\u00e5 att kommunikationerna fungerar \u00d6rebro \u2013 Hallsberg \u2013 Lax\u00e5! F\u00f6r mig som kommunalr\u00e5d och kristdemokratisk politiker kan detta inte accepteras!<\/p>\n<p>Men det \u00e4r inte det v\u00e4rsta, vi har f\u00e5tt h\u00f6ra rykten och dessa har bekr\u00e4ftats av tj\u00e4nstem\u00e4n inom Regionen \u00d6rebro l\u00e4n att SJ som operat\u00f6r av TiB-t\u00e5gen getts i uppdrag att utreda m\u00f6jligheten att ta bort alla TiB-t\u00e5g fr\u00e5n Lax\u00e5 och ers\u00e4tta med buss! F\u00f6r Lax\u00e5 kommun skulle detta vara helt f\u00f6r\u00f6dande, det handlar om \u00f6verlevnad av en hel kommun! Jag kan knappt anv\u00e4nda tillr\u00e4ckligt starka ord f\u00f6r att beskriva vad det skulle inneb\u00e4r om detta genomf\u00f6rdes!<br \/>\nDet har \u00e4ven f\u00f6rts fram att det inte g\u00e4ller att ta bort t\u00e5g och ers\u00e4tta med buss utan att f\u00f6rs\u00f6ka f\u00e5 V\u00e4rmlandstrafik respektive SJ-t\u00e5gen (Stockholm-Hallsberg) att v\u00e4nda i Lax\u00e5 och d\u00e4rmed minska behovet av TiB-t\u00e5g. Tv\u00e5 olika versioner d\u00e4r den ena absolut inte kan accepteras och den andra eventuellt kan accepteras.<\/p>\n<p>F\u00f6r n\u00e5got \u00e5r sedan skattev\u00e4xlade l\u00e4nets kommuner och Region \u00d6rebro l\u00e4n just g\u00e4llande kollektivtrafiken och redan planerar Regionen att ev. ta bort t\u00e5gtrafiken fr\u00e5n Lax\u00e5 och kanske \u00e4ven andra kommuner? Vi som \u00e4r boende i Lax\u00e5 uppfattar detta som ett allra v\u00e4rsta svek fr\u00e5n Regionledningen om det skulle genomf\u00f6ras!<\/p>\n<p><strong>Med anledning av ovanst\u00e5ende \u00e4r mina fr\u00e5gor till <\/strong><strong>Mats Gunnarsson<\/strong><strong> f\u00f6ljande:<\/strong><\/p>\n<ul>\n<li>Varf\u00f6r har en massa t\u00e5g st\u00e4llts in till Lax\u00e5 under de senaste veckorna?<\/li>\n<li>Finns planer p\u00e5- eller utreds det att v\u00e4sentligt minska TiB-trafiken till\/fr\u00e5n Lax\u00e5?<\/li>\n<li>Hur ska dessa TiB-t\u00e5g i s\u00e5 fall ers\u00e4ttas?<\/li>\n<li><strong>F\u00f6r Kristdemokraternas fullm\u00e4ktigegrupp<\/strong><\/li>\n<\/ul>\n<p><strong><br \/>\n<\/strong><\/p>\n<p>&nbsp;<\/p>\n<p>Bo Rudolfsson (KD)<br \/>\nKSO Lax\u00e5 Kommun<\/p>\n","protected":false},"excerpt":{"rendered":"<p>\u00d6rebro 2018-03-05 Fr\u00e5ga till Mats Gunnarsson,\u00a0Ordf\u00f6rande i N\u00e4mnden f\u00f6r samh\u00e4llsbyggnad \u00a0Kommer T\u00e5g i Bergslagen sluta k\u00f6ra t\u00e5g till Lax\u00e5?? Under de senaste veckorna har en m\u00e4ngd TiB t\u00e5g till och fr\u00e5n Lax\u00e5 st\u00e4llts in och f\u00f6r det mesta ersatts med buss. Vissa dagar har alla t\u00e5g st\u00e4lls in och l\u00e4mnat m\u00e5nga pendlare till och fr\u00e5n <a class=\"read-more-link\" href=\"https:\/\/wp.kristdemokraterna.se\/borudolfsson\/kommer-tag-i-bergslagen-sluta-kora-tag-till-laxa\/\">Read More<\/a><\/p>\n","protected":false},"author":553,"featured_media":0,"comment_status":"closed","ping_status":"closed","sticky":false,"template":"","format":"standard","meta":{"_acf_changed":false,"footnotes":""},"categories":[1],"tags":[],"class_list":["post-138","post","type-post","status-publish","format-standard","hentry","category-okategoriserade"],"acf":[],"yoast_head":"<!-- This site is optimized with the Yoast SEO plugin v27.4 - https:\/\/yoast.com\/product\/yoast-seo-wordpress\/ -->\n<title>Kommer T\u00e5g i Bergslagen sluta k\u00f6ra t\u00e5g till Lax\u00e5?? - Bo Rudolfsson<\/title>\n<meta name=\"robots\" content=\"index, follow, max-snippet:-1, max-image-preview:large, max-video-preview:-1\" \/>\n<link rel=\"canonical\" href=\"https:\/\/wp.kristdemokraterna.se\/borudolfsson\/kommer-tag-i-bergslagen-sluta-kora-tag-till-laxa\/\" \/>\n<meta property=\"og:locale\" content=\"sv_SE\" \/>\n<meta property=\"og:type\" content=\"article\" \/>\n<meta property=\"og:title\" content=\"Kommer T\u00e5g i Bergslagen sluta k\u00f6ra t\u00e5g till Lax\u00e5?? - Bo Rudolfsson\" \/>\n<meta property=\"og:description\" content=\"\u00d6rebro 2018-03-05 Fr\u00e5ga till Mats Gunnarsson,\u00a0Ordf\u00f6rande i N\u00e4mnden f\u00f6r samh\u00e4llsbyggnad \u00a0Kommer T\u00e5g i Bergslagen sluta k\u00f6ra t\u00e5g till Lax\u00e5?? Under de senaste veckorna har en m\u00e4ngd TiB t\u00e5g till och fr\u00e5n Lax\u00e5 st\u00e4llts in och f\u00f6r det mesta ersatts med buss. Vissa dagar har alla t\u00e5g st\u00e4lls in och l\u00e4mnat m\u00e5nga pendlare till och fr\u00e5n Read More\" \/>\n<meta property=\"og:url\" content=\"https:\/\/wp.kristdemokraterna.se\/borudolfsson\/kommer-tag-i-bergslagen-sluta-kora-tag-till-laxa\/\" \/>\n<meta property=\"og:site_name\" content=\"Bo Rudolfsson\" \/>\n<meta property=\"article:published_time\" content=\"2018-03-06T15:15:31+00:00\" \/>\n<meta property=\"article:modified_time\" content=\"2018-03-06T15:15:52+00:00\" \/>\n<meta property=\"og:image\" content=\"http:\/\/wp.kristdemokraterna.se\/borudolfsson\/files\/2018\/03\/tib-540x304.jpg\" \/>\n<meta name=\"author\" content=\"Bo Rudolfsson\" \/>\n<meta name=\"twitter:card\" content=\"summary_large_image\" \/>\n<meta name=\"twitter:label1\" content=\"Skriven av\" \/>\n\t<meta name=\"twitter:data1\" content=\"Bo Rudolfsson\" \/>\n\t<meta name=\"twitter:label2\" content=\"Ber\u00e4knad l\u00e4stid\" \/>\n\t<meta name=\"twitter:data2\" content=\"3 minuter\" \/>\n<script type=\"application\/ld+json\" class=\"yoast-schema-graph\">{\"@context\":\"https:\\\/\\\/schema.org\",\"@graph\":[{\"@type\":\"Article\",\"@id\":\"https:\\\/\\\/wp.kristdemokraterna.se\\\/borudolfsson\\\/kommer-tag-i-bergslagen-sluta-kora-tag-till-laxa\\\/#article\",\"isPartOf\":{\"@id\":\"https:\\\/\\\/wp.kristdemokraterna.se\\\/borudolfsson\\\/kommer-tag-i-bergslagen-sluta-kora-tag-till-laxa\\\/\"},\"author\":{\"name\":\"Bo Rudolfsson\",\"@id\":\"https:\\\/\\\/wp.kristdemokraterna.se\\\/borudolfsson\\\/#\\\/schema\\\/person\\\/24bd3ec12cbbf60a27647cfe70200ed4\"},\"headline\":\"Kommer T\u00e5g i Bergslagen sluta k\u00f6ra t\u00e5g till Lax\u00e5??\",\"datePublished\":\"2018-03-06T15:15:31+00:00\",\"dateModified\":\"2018-03-06T15:15:52+00:00\",\"mainEntityOfPage\":{\"@id\":\"https:\\\/\\\/wp.kristdemokraterna.se\\\/borudolfsson\\\/kommer-tag-i-bergslagen-sluta-kora-tag-till-laxa\\\/\"},\"wordCount\":553,\"image\":{\"@id\":\"https:\\\/\\\/wp.kristdemokraterna.se\\\/borudolfsson\\\/kommer-tag-i-bergslagen-sluta-kora-tag-till-laxa\\\/#primaryimage\"},\"thumbnailUrl\":\"http:\\\/\\\/wp.kristdemokraterna.se\\\/borudolfsson\\\/files\\\/2018\\\/03\\\/tib-540x304.jpg\",\"inLanguage\":\"sv-SE\"},{\"@type\":\"WebPage\",\"@id\":\"https:\\\/\\\/wp.kristdemokraterna.se\\\/borudolfsson\\\/kommer-tag-i-bergslagen-sluta-kora-tag-till-laxa\\\/\",\"url\":\"https:\\\/\\\/wp.kristdemokraterna.se\\\/borudolfsson\\\/kommer-tag-i-bergslagen-sluta-kora-tag-till-laxa\\\/\",\"name\":\"Kommer T\u00e5g i Bergslagen sluta k\u00f6ra t\u00e5g till Lax\u00e5?? - Bo Rudolfsson\",\"isPartOf\":{\"@id\":\"https:\\\/\\\/wp.kristdemokraterna.se\\\/borudolfsson\\\/#website\"},\"primaryImageOfPage\":{\"@id\":\"https:\\\/\\\/wp.kristdemokraterna.se\\\/borudolfsson\\\/kommer-tag-i-bergslagen-sluta-kora-tag-till-laxa\\\/#primaryimage\"},\"image\":{\"@id\":\"https:\\\/\\\/wp.kristdemokraterna.se\\\/borudolfsson\\\/kommer-tag-i-bergslagen-sluta-kora-tag-till-laxa\\\/#primaryimage\"},\"thumbnailUrl\":\"http:\\\/\\\/wp.kristdemokraterna.se\\\/borudolfsson\\\/files\\\/2018\\\/03\\\/tib-540x304.jpg\",\"datePublished\":\"2018-03-06T15:15:31+00:00\",\"dateModified\":\"2018-03-06T15:15:52+00:00\",\"author\":{\"@id\":\"https:\\\/\\\/wp.kristdemokraterna.se\\\/borudolfsson\\\/#\\\/schema\\\/person\\\/24bd3ec12cbbf60a27647cfe70200ed4\"},\"breadcrumb\":{\"@id\":\"https:\\\/\\\/wp.kristdemokraterna.se\\\/borudolfsson\\\/kommer-tag-i-bergslagen-sluta-kora-tag-till-laxa\\\/#breadcrumb\"},\"inLanguage\":\"sv-SE\",\"potentialAction\":[{\"@type\":\"ReadAction\",\"target\":[\"https:\\\/\\\/wp.kristdemokraterna.se\\\/borudolfsson\\\/kommer-tag-i-bergslagen-sluta-kora-tag-till-laxa\\\/\"]}]},{\"@type\":\"ImageObject\",\"inLanguage\":\"sv-SE\",\"@id\":\"https:\\\/\\\/wp.kristdemokraterna.se\\\/borudolfsson\\\/kommer-tag-i-bergslagen-sluta-kora-tag-till-laxa\\\/#primaryimage\",\"url\":\"http:\\\/\\\/wp.kristdemokraterna.se\\\/borudolfsson\\\/files\\\/2018\\\/03\\\/tib-540x304.jpg\",\"contentUrl\":\"http:\\\/\\\/wp.kristdemokraterna.se\\\/borudolfsson\\\/files\\\/2018\\\/03\\\/tib-540x304.jpg\"},{\"@type\":\"BreadcrumbList\",\"@id\":\"https:\\\/\\\/wp.kristdemokraterna.se\\\/borudolfsson\\\/kommer-tag-i-bergslagen-sluta-kora-tag-till-laxa\\\/#breadcrumb\",\"itemListElement\":[{\"@type\":\"ListItem\",\"position\":1,\"name\":\"Hem\",\"item\":\"https:\\\/\\\/wp.kristdemokraterna.se\\\/borudolfsson\\\/\"},{\"@type\":\"ListItem\",\"position\":2,\"name\":\"Kommer T\u00e5g i Bergslagen sluta k\u00f6ra t\u00e5g till Lax\u00e5??\"}]},{\"@type\":\"WebSite\",\"@id\":\"https:\\\/\\\/wp.kristdemokraterna.se\\\/borudolfsson\\\/#website\",\"url\":\"https:\\\/\\\/wp.kristdemokraterna.se\\\/borudolfsson\\\/\",\"name\":\"Bo Rudolfsson\",\"description\":\"Ett b\u00e4ttre Lax\u00e5 - och Sverige!\",\"inLanguage\":\"sv-SE\"},{\"@type\":\"Person\",\"@id\":\"https:\\\/\\\/wp.kristdemokraterna.se\\\/borudolfsson\\\/#\\\/schema\\\/person\\\/24bd3ec12cbbf60a27647cfe70200ed4\",\"name\":\"Bo Rudolfsson\",\"image\":{\"@type\":\"ImageObject\",\"inLanguage\":\"sv-SE\",\"@id\":\"https:\\\/\\\/secure.gravatar.com\\\/avatar\\\/35c33393ceb4fe674dba7b66cedc9d7e2054cb83b6910fa82cbc29d5aeff96a9?s=96&r=g\",\"url\":\"https:\\\/\\\/secure.gravatar.com\\\/avatar\\\/35c33393ceb4fe674dba7b66cedc9d7e2054cb83b6910fa82cbc29d5aeff96a9?s=96&r=g\",\"contentUrl\":\"https:\\\/\\\/secure.gravatar.com\\\/avatar\\\/35c33393ceb4fe674dba7b66cedc9d7e2054cb83b6910fa82cbc29d5aeff96a9?s=96&r=g\",\"caption\":\"Bo Rudolfsson\"},\"sameAs\":[\"http:\\\/\\\/www.borudolfsson.se\"],\"url\":\"https:\\\/\\\/wp.kristdemokraterna.se\\\/borudolfsson\\\/author\\\/borudolfsson\\\/\"}]}<\/script>\n<!-- \/ Yoast SEO plugin. -->","yoast_head_json":{"title":"Kommer T\u00e5g i Bergslagen sluta k\u00f6ra t\u00e5g till Lax\u00e5?? - Bo Rudolfsson","robots":{"index":"index","follow":"follow","max-snippet":"max-snippet:-1","max-image-preview":"max-image-preview:large","max-video-preview":"max-video-preview:-1"},"canonical":"https:\/\/wp.kristdemokraterna.se\/borudolfsson\/kommer-tag-i-bergslagen-sluta-kora-tag-till-laxa\/","og_locale":"sv_SE","og_type":"article","og_title":"Kommer T\u00e5g i Bergslagen sluta k\u00f6ra t\u00e5g till Lax\u00e5?? - Bo Rudolfsson","og_description":"\u00d6rebro 2018-03-05 Fr\u00e5ga till Mats Gunnarsson,\u00a0Ordf\u00f6rande i N\u00e4mnden f\u00f6r samh\u00e4llsbyggnad \u00a0Kommer T\u00e5g i Bergslagen sluta k\u00f6ra t\u00e5g till Lax\u00e5?? Under de senaste veckorna har en m\u00e4ngd TiB t\u00e5g till och fr\u00e5n Lax\u00e5 st\u00e4llts in och f\u00f6r det mesta ersatts med buss. Vissa dagar har alla t\u00e5g st\u00e4lls in och l\u00e4mnat m\u00e5nga pendlare till och fr\u00e5n Read More","og_url":"https:\/\/wp.kristdemokraterna.se\/borudolfsson\/kommer-tag-i-bergslagen-sluta-kora-tag-till-laxa\/","og_site_name":"Bo Rudolfsson","article_published_time":"2018-03-06T15:15:31+00:00","article_modified_time":"2018-03-06T15:15:52+00:00","og_image":[{"url":"http:\/\/wp.kristdemokraterna.se\/borudolfsson\/files\/2018\/03\/tib-540x304.jpg","type":"","width":"","height":""}],"author":"Bo Rudolfsson","twitter_card":"summary_large_image","twitter_misc":{"Skriven av":"Bo Rudolfsson","Ber\u00e4knad l\u00e4stid":"3 minuter"},"schema":{"@context":"https:\/\/schema.org","@graph":[{"@type":"Article","@id":"https:\/\/wp.kristdemokraterna.se\/borudolfsson\/kommer-tag-i-bergslagen-sluta-kora-tag-till-laxa\/#article","isPartOf":{"@id":"https:\/\/wp.kristdemokraterna.se\/borudolfsson\/kommer-tag-i-bergslagen-sluta-kora-tag-till-laxa\/"},"author":{"name":"Bo Rudolfsson","@id":"https:\/\/wp.kristdemokraterna.se\/borudolfsson\/#\/schema\/person\/24bd3ec12cbbf60a27647cfe70200ed4"},"headline":"Kommer T\u00e5g i Bergslagen sluta k\u00f6ra t\u00e5g till Lax\u00e5??","datePublished":"2018-03-06T15:15:31+00:00","dateModified":"2018-03-06T15:15:52+00:00","mainEntityOfPage":{"@id":"https:\/\/wp.kristdemokraterna.se\/borudolfsson\/kommer-tag-i-bergslagen-sluta-kora-tag-till-laxa\/"},"wordCount":553,"image":{"@id":"https:\/\/wp.kristdemokraterna.se\/borudolfsson\/kommer-tag-i-bergslagen-sluta-kora-tag-till-laxa\/#primaryimage"},"thumbnailUrl":"http:\/\/wp.kristdemokraterna.se\/borudolfsson\/files\/2018\/03\/tib-540x304.jpg","inLanguage":"sv-SE"},{"@type":"WebPage","@id":"https:\/\/wp.kristdemokraterna.se\/borudolfsson\/kommer-tag-i-bergslagen-sluta-kora-tag-till-laxa\/","url":"https:\/\/wp.kristdemokraterna.se\/borudolfsson\/kommer-tag-i-bergslagen-sluta-kora-tag-till-laxa\/","name":"Kommer T\u00e5g i Bergslagen sluta k\u00f6ra t\u00e5g till Lax\u00e5?? - Bo Rudolfsson","isPartOf":{"@id":"https:\/\/wp.kristdemokraterna.se\/borudolfsson\/#website"},"primaryImageOfPage":{"@id":"https:\/\/wp.kristdemokraterna.se\/borudolfsson\/kommer-tag-i-bergslagen-sluta-kora-tag-till-laxa\/#primaryimage"},"image":{"@id":"https:\/\/wp.kristdemokraterna.se\/borudolfsson\/kommer-tag-i-bergslagen-sluta-kora-tag-till-laxa\/#primaryimage"},"thumbnailUrl":"http:\/\/wp.kristdemokraterna.se\/borudolfsson\/files\/2018\/03\/tib-540x304.jpg","datePublished":"2018-03-06T15:15:31+00:00","dateModified":"2018-03-06T15:15:52+00:00","author":{"@id":"https:\/\/wp.kristdemokraterna.se\/borudolfsson\/#\/schema\/person\/24bd3ec12cbbf60a27647cfe70200ed4"},"breadcrumb":{"@id":"https:\/\/wp.kristdemokraterna.se\/borudolfsson\/kommer-tag-i-bergslagen-sluta-kora-tag-till-laxa\/#breadcrumb"},"inLanguage":"sv-SE","potentialAction":[{"@type":"ReadAction","target":["https:\/\/wp.kristdemokraterna.se\/borudolfsson\/kommer-tag-i-bergslagen-sluta-kora-tag-till-laxa\/"]}]},{"@type":"ImageObject","inLanguage":"sv-SE","@id":"https:\/\/wp.kristdemokraterna.se\/borudolfsson\/kommer-tag-i-bergslagen-sluta-kora-tag-till-laxa\/#primaryimage","url":"http:\/\/wp.kristdemokraterna.se\/borudolfsson\/files\/2018\/03\/tib-540x304.jpg","contentUrl":"http:\/\/wp.kristdemokraterna.se\/borudolfsson\/files\/2018\/03\/tib-540x304.jpg"},{"@type":"BreadcrumbList","@id":"https:\/\/wp.kristdemokraterna.se\/borudolfsson\/kommer-tag-i-bergslagen-sluta-kora-tag-till-laxa\/#breadcrumb","itemListElement":[{"@type":"ListItem","position":1,"name":"Hem","item":"https:\/\/wp.kristdemokraterna.se\/borudolfsson\/"},{"@type":"ListItem","position":2,"name":"Kommer T\u00e5g i Bergslagen sluta k\u00f6ra t\u00e5g till Lax\u00e5??"}]},{"@type":"WebSite","@id":"https:\/\/wp.kristdemokraterna.se\/borudolfsson\/#website","url":"https:\/\/wp.kristdemokraterna.se\/borudolfsson\/","name":"Bo Rudolfsson","description":"Ett b\u00e4ttre Lax\u00e5 - och Sverige!","inLanguage":"sv-SE"},{"@type":"Person","@id":"https:\/\/wp.kristdemokraterna.se\/borudolfsson\/#\/schema\/person\/24bd3ec12cbbf60a27647cfe70200ed4","name":"Bo Rudolfsson","image":{"@type":"ImageObject","inLanguage":"sv-SE","@id":"https:\/\/secure.gravatar.com\/avatar\/35c33393ceb4fe674dba7b66cedc9d7e2054cb83b6910fa82cbc29d5aeff96a9?s=96&r=g","url":"https:\/\/secure.gravatar.com\/avatar\/35c33393ceb4fe674dba7b66cedc9d7e2054cb83b6910fa82cbc29d5aeff96a9?s=96&r=g","contentUrl":"https:\/\/secure.gravatar.com\/avatar\/35c33393ceb4fe674dba7b66cedc9d7e2054cb83b6910fa82cbc29d5aeff96a9?s=96&r=g","caption":"Bo Rudolfsson"},"sameAs":["http:\/\/www.borudolfsson.se"],"url":"https:\/\/wp.kristdemokraterna.se\/borudolfsson\/author\/borudolfsson\/"}]}},"_links":{"self":[{"href":"https:\/\/wp.kristdemokraterna.se\/borudolfsson\/wp-json\/wp\/v2\/posts\/138","targetHints":{"allow":["GET"]}}],"collection":[{"href":"https:\/\/wp.kristdemokraterna.se\/borudolfsson\/wp-json\/wp\/v2\/posts"}],"about":[{"href":"https:\/\/wp.kristdemokraterna.se\/borudolfsson\/wp-json\/wp\/v2\/types\/post"}],"author":[{"embeddable":true,"href":"https:\/\/wp.kristdemokraterna.se\/borudolfsson\/wp-json\/wp\/v2\/users\/553"}],"replies":[{"embeddable":true,"href":"https:\/\/wp.kristdemokraterna.se\/borudolfsson\/wp-json\/wp\/v2\/comments?post=138"}],"version-history":[{"count":1,"href":"https:\/\/wp.kristdemokraterna.se\/borudolfsson\/wp-json\/wp\/v2\/posts\/138\/revisions"}],"predecessor-version":[{"id":141,"href":"https:\/\/wp.kristdemokraterna.se\/borudolfsson\/wp-json\/wp\/v2\/posts\/138\/revisions\/141"}],"wp:attachment":[{"href":"https:\/\/wp.kristdemokraterna.se\/borudolfsson\/wp-json\/wp\/v2\/media?parent=138"}],"wp:term":[{"taxonomy":"category","embeddable":true,"href":"https:\/\/wp.kristdemokraterna.se\/borudolfsson\/wp-json\/wp\/v2\/categories?post=138"},{"taxonomy":"post_tag","embeddable":true,"href":"https:\/\/wp.kristdemokraterna.se\/borudolfsson\/wp-json\/wp\/v2\/tags?post=138"}],"curies":[{"name":"wp","href":"https:\/\/api.w.org\/{rel}","templated":true}]}}