{"id":151,"date":"2020-02-05T16:07:16","date_gmt":"2020-02-05T15:07:16","guid":{"rendered":"https:\/\/wp.kristdemokraterna.se\/borudolfsson\/?p=151"},"modified":"2021-05-04T16:08:38","modified_gmt":"2021-05-04T14:08:38","slug":"smakommuner-i-orebro-lan-snuvad-av-staten","status":"publish","type":"post","link":"https:\/\/wp.kristdemokraterna.se\/borudolfsson\/smakommuner-i-orebro-lan-snuvad-av-staten\/","title":{"rendered":"Sm\u00e5kommuner i \u00d6rebro l\u00e4n \u201dsnuvad\u201d av staten"},"content":{"rendered":"<p class=\"body\">Som kommunf\u00f6retr\u00e4dare i n\u00e5gra av l\u00e4nets mindre kommuner har vi m\u00e5nga olika erfarenheter av staten, det vill s\u00e4ga olika statliga myndigheter och ytterst regeringen som ansvarig f\u00f6r statens verksamheter. Vi har alla under de senaste \u00e5ren drabbats av att F\u00f6rs\u00e4kringskassan l\u00e4gger ned eller minskar verksamheten i kommunen, att arbetsf\u00f6rmedlingen l\u00e4gger ned eller minskar, att posten drar ned p\u00e5 \u00f6ppettider eller l\u00e4gger ned kontoret, att polisen inte l\u00e4ngre har n\u00e4rvaro p\u00e5 orten, etcetera. M\u00e5nga kommunf\u00f6retr\u00e4dare kan snart bara se en statlig verksamhet i sin kommun \u2013 Systembolaget.<\/p>\n<p class=\"body\">Vi tycker det \u00e4r sj\u00e4lvklart att Sverige ska ta emot flyktingar men det \u00e4r ett statligt beslut som kommunerna inte kan p\u00e5verka. Lika lite som vi kan p\u00e5verka de kommuner som \u00e4gnar sig \u00e5t att dumpa sina inv\u00e5nare i v\u00e5ra kommuner n\u00e4r etableringstiden \u00e4r \u00f6ver. Den som fattar ett beslut skall ocks\u00e5 respektera finansieringsprincipen, allts\u00e5 inte f\u00f6ra \u00f6ver en kostnad p\u00e5 n\u00e5gon annan part.<\/p>\n<p class=\"body\">Under senare tid har n\u00e5got nytt kommit in i bilden. De kommuner d\u00e4r vi representerar den politiska majoriteten har alla tagit emot m\u00e5nga nyanl\u00e4nda \u2013\u202fasyls\u00f6kande, ensamkommande, anknytningsfall, kvotflyktingar, kommunplacerade\u202f\u2013 under \u00e5ren sedan 2015. Vi har satsat verksamhetsresurser, skaffat fram bost\u00e4der, jobbat med SFI och annan vuxenutbildning, skaffat fram olika typer av assistenter inom skolan, jagat praktikplatser inom privata n\u00e4ringslivet och inom de olika kommunala verksamheterna, anst\u00e4llt personal inom arbetsmarknad och integration, etcetera. Vi har ocks\u00e5 f\u00e5tt ekonomiska bidrag fr\u00e5n staten under de senaste \u00e5ren, fr\u00e4mst som ers\u00e4ttning f\u00f6r v\u00e5ra kostnader inom till exempel skola och integrationsarbetet.<\/p>\n<p class=\"body\">Det nya \u00e4r f\u00f6ljande, ibland har de personer som kommit till Sverige sv\u00e5righeter och problem d\u00e4r vi som kommuner inte har kompetens f\u00f6r att ta hand om, utan vi har f\u00e5tt hj\u00e4lpa dem genom att anlita olika boenden, institutioner eller program. Allt detta har kostat stora belopp f\u00f6r oss kommuner och vi \u00e5ters\u00f6ker dessa medel hos Migrationsverket, som vi gjort under flera \u00e5r.<\/p>\n<p class=\"body\">Dessa \u00e5ters\u00f6kningar beviljas oftast av Migrationsverket, och det kan r\u00f6ra sig om flera hundratusen kronor och \u00e4ven miljonbelopp f\u00f6r n\u00e5gra enskilda personer som vi f\u00f6rv\u00e4ntar oss att f\u00e5 \u00e5terbetalda. Men svaret fr\u00e5n Migrationsverket \u00e4r nu att ans\u00f6kan \u00e4r beviljad men \u201dp\u00e5 grund av medelsbrist kommer ingen utbetalning att ske\u201d.<\/p>\n<p class=\"body\">Smaka p\u00e5 de orden \u201dp\u00e5 grund av medelsbrist kommer ingen utbetalning att ske!\u201d Staten, genom Migrationsverket, beviljar \u00e5terbetalning av de utl\u00e4gg kommunen haft p\u00e5 grund av att vi st\u00e4ller upp och tar emot m\u00e4nniskor p\u00e5 flykt, etcetera, utifr\u00e5n det system som staten skapat och handhar, kommunen l\u00e4gger ut pengar f\u00f6r att dessa personer ska m\u00e5 b\u00e4ttre och klara av att fungera. Staten godk\u00e4nner utl\u00e4ggen men s\u00e4ger i klartext \u2013 eftersom vi har slut p\u00e5 pengar s\u00e5 f\u00e5r ni ingen ers\u00e4ttning, ni f\u00e5r sj\u00e4lva st\u00e5 f\u00f6r kostnaden!<\/p>\n<p class=\"body\">\u00c4ven andra kommunala kostnader f\u00f6r nyanl\u00e4nda och deras barn som vi tidigare f\u00e5tt ersatta avsl\u00e5s nu av Migrationsverket s\u00e5 att vi tillsammans med m\u00e5nga kommuner m\u00e5ste \u00f6verklaga till F\u00f6rvaltningsr\u00e4tten. Det \u00e4r inte heller s\u00e5 att i efterf\u00f6ljande budget\u00e5r, d\u00e5 myndigheten f\u00e5r nya medel fr\u00e5n statsbudgeten, f\u00e5r vi utbetalning retroaktivt. Enligt uppgift s\u00e5 avskriver Migrationsverket dessa skulder, vi f\u00e5r l\u00e4gga dessa kostnader p\u00e5 v\u00e5ra kommuninv\u00e5nare fast de tillh\u00f6r staten.<\/p>\n<p class=\"body\">V\u00e5r uppmaning till Migrationsverket och andra \u2013 g\u00f6r om och g\u00f6r r\u00e4tt!<\/p>\n<p class=\"body\"><strong>Bo Rudolfsson<br \/>\n<\/strong>Kristdemokraterna, Lax\u00e5 kommun<\/p>\n<p class=\"body\"><strong>Ewa-Leena Johansson<br \/>\n<\/strong>Socialdemokraterna, Ljusnarsberg kommun<\/p>\n<p class=\"body\"><strong>Annalena J\u00e4rnberg<br \/>\n<\/strong>Socialdemokraterna, H\u00e4llefors kommun<\/p>\n","protected":false},"excerpt":{"rendered":"<p>Som kommunf\u00f6retr\u00e4dare i n\u00e5gra av l\u00e4nets mindre kommuner har vi m\u00e5nga olika erfarenheter av staten, det vill s\u00e4ga olika statliga myndigheter och ytterst regeringen som ansvarig f\u00f6r statens verksamheter. Vi har alla under de senaste \u00e5ren drabbats av att F\u00f6rs\u00e4kringskassan l\u00e4gger ned eller minskar verksamheten i kommunen, att arbetsf\u00f6rmedlingen l\u00e4gger ned eller minskar, att posten <a class=\"read-more-link\" href=\"https:\/\/wp.kristdemokraterna.se\/borudolfsson\/smakommuner-i-orebro-lan-snuvad-av-staten\/\">Read More<\/a><\/p>\n","protected":false},"author":553,"featured_media":0,"comment_status":"closed","ping_status":"closed","sticky":false,"template":"","format":"standard","meta":{"_acf_changed":false,"footnotes":""},"categories":[1],"tags":[],"class_list":["post-151","post","type-post","status-publish","format-standard","hentry","category-okategoriserade"],"acf":[],"yoast_head":"<!-- This site is optimized with the Yoast SEO plugin v27.4 - https:\/\/yoast.com\/product\/yoast-seo-wordpress\/ -->\n<title>Sm\u00e5kommuner i \u00d6rebro l\u00e4n \u201dsnuvad\u201d av staten - Bo Rudolfsson<\/title>\n<meta name=\"robots\" content=\"index, follow, max-snippet:-1, max-image-preview:large, max-video-preview:-1\" \/>\n<link rel=\"canonical\" href=\"https:\/\/wp.kristdemokraterna.se\/borudolfsson\/smakommuner-i-orebro-lan-snuvad-av-staten\/\" \/>\n<meta property=\"og:locale\" content=\"sv_SE\" \/>\n<meta property=\"og:type\" content=\"article\" \/>\n<meta property=\"og:title\" content=\"Sm\u00e5kommuner i \u00d6rebro l\u00e4n \u201dsnuvad\u201d av staten - Bo Rudolfsson\" \/>\n<meta property=\"og:description\" content=\"Som kommunf\u00f6retr\u00e4dare i n\u00e5gra av l\u00e4nets mindre kommuner har vi m\u00e5nga olika erfarenheter av staten, det vill s\u00e4ga olika statliga myndigheter och ytterst regeringen som ansvarig f\u00f6r statens verksamheter. Vi har alla under de senaste \u00e5ren drabbats av att F\u00f6rs\u00e4kringskassan l\u00e4gger ned eller minskar verksamheten i kommunen, att arbetsf\u00f6rmedlingen l\u00e4gger ned eller minskar, att posten Read More\" \/>\n<meta property=\"og:url\" content=\"https:\/\/wp.kristdemokraterna.se\/borudolfsson\/smakommuner-i-orebro-lan-snuvad-av-staten\/\" \/>\n<meta property=\"og:site_name\" content=\"Bo Rudolfsson\" \/>\n<meta property=\"article:published_time\" content=\"2020-02-05T15:07:16+00:00\" \/>\n<meta property=\"article:modified_time\" content=\"2021-05-04T14:08:38+00:00\" \/>\n<meta name=\"author\" content=\"Bo Rudolfsson\" \/>\n<meta name=\"twitter:card\" content=\"summary_large_image\" \/>\n<meta name=\"twitter:label1\" content=\"Skriven av\" \/>\n\t<meta name=\"twitter:data1\" content=\"Bo Rudolfsson\" \/>\n\t<meta name=\"twitter:label2\" content=\"Ber\u00e4knad l\u00e4stid\" \/>\n\t<meta name=\"twitter:data2\" content=\"3 minuter\" \/>\n<script type=\"application\/ld+json\" class=\"yoast-schema-graph\">{\"@context\":\"https:\\\/\\\/schema.org\",\"@graph\":[{\"@type\":\"Article\",\"@id\":\"https:\\\/\\\/wp.kristdemokraterna.se\\\/borudolfsson\\\/smakommuner-i-orebro-lan-snuvad-av-staten\\\/#article\",\"isPartOf\":{\"@id\":\"https:\\\/\\\/wp.kristdemokraterna.se\\\/borudolfsson\\\/smakommuner-i-orebro-lan-snuvad-av-staten\\\/\"},\"author\":{\"name\":\"Bo Rudolfsson\",\"@id\":\"https:\\\/\\\/wp.kristdemokraterna.se\\\/borudolfsson\\\/#\\\/schema\\\/person\\\/24bd3ec12cbbf60a27647cfe70200ed4\"},\"headline\":\"Sm\u00e5kommuner i \u00d6rebro l\u00e4n \u201dsnuvad\u201d av staten\",\"datePublished\":\"2020-02-05T15:07:16+00:00\",\"dateModified\":\"2021-05-04T14:08:38+00:00\",\"mainEntityOfPage\":{\"@id\":\"https:\\\/\\\/wp.kristdemokraterna.se\\\/borudolfsson\\\/smakommuner-i-orebro-lan-snuvad-av-staten\\\/\"},\"wordCount\":639,\"inLanguage\":\"sv-SE\"},{\"@type\":\"WebPage\",\"@id\":\"https:\\\/\\\/wp.kristdemokraterna.se\\\/borudolfsson\\\/smakommuner-i-orebro-lan-snuvad-av-staten\\\/\",\"url\":\"https:\\\/\\\/wp.kristdemokraterna.se\\\/borudolfsson\\\/smakommuner-i-orebro-lan-snuvad-av-staten\\\/\",\"name\":\"Sm\u00e5kommuner i \u00d6rebro l\u00e4n \u201dsnuvad\u201d av staten - Bo Rudolfsson\",\"isPartOf\":{\"@id\":\"https:\\\/\\\/wp.kristdemokraterna.se\\\/borudolfsson\\\/#website\"},\"datePublished\":\"2020-02-05T15:07:16+00:00\",\"dateModified\":\"2021-05-04T14:08:38+00:00\",\"author\":{\"@id\":\"https:\\\/\\\/wp.kristdemokraterna.se\\\/borudolfsson\\\/#\\\/schema\\\/person\\\/24bd3ec12cbbf60a27647cfe70200ed4\"},\"breadcrumb\":{\"@id\":\"https:\\\/\\\/wp.kristdemokraterna.se\\\/borudolfsson\\\/smakommuner-i-orebro-lan-snuvad-av-staten\\\/#breadcrumb\"},\"inLanguage\":\"sv-SE\",\"potentialAction\":[{\"@type\":\"ReadAction\",\"target\":[\"https:\\\/\\\/wp.kristdemokraterna.se\\\/borudolfsson\\\/smakommuner-i-orebro-lan-snuvad-av-staten\\\/\"]}]},{\"@type\":\"BreadcrumbList\",\"@id\":\"https:\\\/\\\/wp.kristdemokraterna.se\\\/borudolfsson\\\/smakommuner-i-orebro-lan-snuvad-av-staten\\\/#breadcrumb\",\"itemListElement\":[{\"@type\":\"ListItem\",\"position\":1,\"name\":\"Hem\",\"item\":\"https:\\\/\\\/wp.kristdemokraterna.se\\\/borudolfsson\\\/\"},{\"@type\":\"ListItem\",\"position\":2,\"name\":\"Sm\u00e5kommuner i \u00d6rebro l\u00e4n \u201dsnuvad\u201d av staten\"}]},{\"@type\":\"WebSite\",\"@id\":\"https:\\\/\\\/wp.kristdemokraterna.se\\\/borudolfsson\\\/#website\",\"url\":\"https:\\\/\\\/wp.kristdemokraterna.se\\\/borudolfsson\\\/\",\"name\":\"Bo Rudolfsson\",\"description\":\"Ett b\u00e4ttre Lax\u00e5 - och Sverige!\",\"inLanguage\":\"sv-SE\"},{\"@type\":\"Person\",\"@id\":\"https:\\\/\\\/wp.kristdemokraterna.se\\\/borudolfsson\\\/#\\\/schema\\\/person\\\/24bd3ec12cbbf60a27647cfe70200ed4\",\"name\":\"Bo Rudolfsson\",\"image\":{\"@type\":\"ImageObject\",\"inLanguage\":\"sv-SE\",\"@id\":\"https:\\\/\\\/secure.gravatar.com\\\/avatar\\\/35c33393ceb4fe674dba7b66cedc9d7e2054cb83b6910fa82cbc29d5aeff96a9?s=96&r=g\",\"url\":\"https:\\\/\\\/secure.gravatar.com\\\/avatar\\\/35c33393ceb4fe674dba7b66cedc9d7e2054cb83b6910fa82cbc29d5aeff96a9?s=96&r=g\",\"contentUrl\":\"https:\\\/\\\/secure.gravatar.com\\\/avatar\\\/35c33393ceb4fe674dba7b66cedc9d7e2054cb83b6910fa82cbc29d5aeff96a9?s=96&r=g\",\"caption\":\"Bo Rudolfsson\"},\"sameAs\":[\"http:\\\/\\\/www.borudolfsson.se\"],\"url\":\"https:\\\/\\\/wp.kristdemokraterna.se\\\/borudolfsson\\\/author\\\/borudolfsson\\\/\"}]}<\/script>\n<!-- \/ Yoast SEO plugin. -->","yoast_head_json":{"title":"Sm\u00e5kommuner i \u00d6rebro l\u00e4n \u201dsnuvad\u201d av staten - Bo Rudolfsson","robots":{"index":"index","follow":"follow","max-snippet":"max-snippet:-1","max-image-preview":"max-image-preview:large","max-video-preview":"max-video-preview:-1"},"canonical":"https:\/\/wp.kristdemokraterna.se\/borudolfsson\/smakommuner-i-orebro-lan-snuvad-av-staten\/","og_locale":"sv_SE","og_type":"article","og_title":"Sm\u00e5kommuner i \u00d6rebro l\u00e4n \u201dsnuvad\u201d av staten - Bo Rudolfsson","og_description":"Som kommunf\u00f6retr\u00e4dare i n\u00e5gra av l\u00e4nets mindre kommuner har vi m\u00e5nga olika erfarenheter av staten, det vill s\u00e4ga olika statliga myndigheter och ytterst regeringen som ansvarig f\u00f6r statens verksamheter. Vi har alla under de senaste \u00e5ren drabbats av att F\u00f6rs\u00e4kringskassan l\u00e4gger ned eller minskar verksamheten i kommunen, att arbetsf\u00f6rmedlingen l\u00e4gger ned eller minskar, att posten Read More","og_url":"https:\/\/wp.kristdemokraterna.se\/borudolfsson\/smakommuner-i-orebro-lan-snuvad-av-staten\/","og_site_name":"Bo Rudolfsson","article_published_time":"2020-02-05T15:07:16+00:00","article_modified_time":"2021-05-04T14:08:38+00:00","author":"Bo Rudolfsson","twitter_card":"summary_large_image","twitter_misc":{"Skriven av":"Bo Rudolfsson","Ber\u00e4knad l\u00e4stid":"3 minuter"},"schema":{"@context":"https:\/\/schema.org","@graph":[{"@type":"Article","@id":"https:\/\/wp.kristdemokraterna.se\/borudolfsson\/smakommuner-i-orebro-lan-snuvad-av-staten\/#article","isPartOf":{"@id":"https:\/\/wp.kristdemokraterna.se\/borudolfsson\/smakommuner-i-orebro-lan-snuvad-av-staten\/"},"author":{"name":"Bo Rudolfsson","@id":"https:\/\/wp.kristdemokraterna.se\/borudolfsson\/#\/schema\/person\/24bd3ec12cbbf60a27647cfe70200ed4"},"headline":"Sm\u00e5kommuner i \u00d6rebro l\u00e4n \u201dsnuvad\u201d av staten","datePublished":"2020-02-05T15:07:16+00:00","dateModified":"2021-05-04T14:08:38+00:00","mainEntityOfPage":{"@id":"https:\/\/wp.kristdemokraterna.se\/borudolfsson\/smakommuner-i-orebro-lan-snuvad-av-staten\/"},"wordCount":639,"inLanguage":"sv-SE"},{"@type":"WebPage","@id":"https:\/\/wp.kristdemokraterna.se\/borudolfsson\/smakommuner-i-orebro-lan-snuvad-av-staten\/","url":"https:\/\/wp.kristdemokraterna.se\/borudolfsson\/smakommuner-i-orebro-lan-snuvad-av-staten\/","name":"Sm\u00e5kommuner i \u00d6rebro l\u00e4n \u201dsnuvad\u201d av staten - Bo Rudolfsson","isPartOf":{"@id":"https:\/\/wp.kristdemokraterna.se\/borudolfsson\/#website"},"datePublished":"2020-02-05T15:07:16+00:00","dateModified":"2021-05-04T14:08:38+00:00","author":{"@id":"https:\/\/wp.kristdemokraterna.se\/borudolfsson\/#\/schema\/person\/24bd3ec12cbbf60a27647cfe70200ed4"},"breadcrumb":{"@id":"https:\/\/wp.kristdemokraterna.se\/borudolfsson\/smakommuner-i-orebro-lan-snuvad-av-staten\/#breadcrumb"},"inLanguage":"sv-SE","potentialAction":[{"@type":"ReadAction","target":["https:\/\/wp.kristdemokraterna.se\/borudolfsson\/smakommuner-i-orebro-lan-snuvad-av-staten\/"]}]},{"@type":"BreadcrumbList","@id":"https:\/\/wp.kristdemokraterna.se\/borudolfsson\/smakommuner-i-orebro-lan-snuvad-av-staten\/#breadcrumb","itemListElement":[{"@type":"ListItem","position":1,"name":"Hem","item":"https:\/\/wp.kristdemokraterna.se\/borudolfsson\/"},{"@type":"ListItem","position":2,"name":"Sm\u00e5kommuner i \u00d6rebro l\u00e4n \u201dsnuvad\u201d av staten"}]},{"@type":"WebSite","@id":"https:\/\/wp.kristdemokraterna.se\/borudolfsson\/#website","url":"https:\/\/wp.kristdemokraterna.se\/borudolfsson\/","name":"Bo Rudolfsson","description":"Ett b\u00e4ttre Lax\u00e5 - och Sverige!","inLanguage":"sv-SE"},{"@type":"Person","@id":"https:\/\/wp.kristdemokraterna.se\/borudolfsson\/#\/schema\/person\/24bd3ec12cbbf60a27647cfe70200ed4","name":"Bo Rudolfsson","image":{"@type":"ImageObject","inLanguage":"sv-SE","@id":"https:\/\/secure.gravatar.com\/avatar\/35c33393ceb4fe674dba7b66cedc9d7e2054cb83b6910fa82cbc29d5aeff96a9?s=96&r=g","url":"https:\/\/secure.gravatar.com\/avatar\/35c33393ceb4fe674dba7b66cedc9d7e2054cb83b6910fa82cbc29d5aeff96a9?s=96&r=g","contentUrl":"https:\/\/secure.gravatar.com\/avatar\/35c33393ceb4fe674dba7b66cedc9d7e2054cb83b6910fa82cbc29d5aeff96a9?s=96&r=g","caption":"Bo Rudolfsson"},"sameAs":["http:\/\/www.borudolfsson.se"],"url":"https:\/\/wp.kristdemokraterna.se\/borudolfsson\/author\/borudolfsson\/"}]}},"_links":{"self":[{"href":"https:\/\/wp.kristdemokraterna.se\/borudolfsson\/wp-json\/wp\/v2\/posts\/151","targetHints":{"allow":["GET"]}}],"collection":[{"href":"https:\/\/wp.kristdemokraterna.se\/borudolfsson\/wp-json\/wp\/v2\/posts"}],"about":[{"href":"https:\/\/wp.kristdemokraterna.se\/borudolfsson\/wp-json\/wp\/v2\/types\/post"}],"author":[{"embeddable":true,"href":"https:\/\/wp.kristdemokraterna.se\/borudolfsson\/wp-json\/wp\/v2\/users\/553"}],"replies":[{"embeddable":true,"href":"https:\/\/wp.kristdemokraterna.se\/borudolfsson\/wp-json\/wp\/v2\/comments?post=151"}],"version-history":[{"count":1,"href":"https:\/\/wp.kristdemokraterna.se\/borudolfsson\/wp-json\/wp\/v2\/posts\/151\/revisions"}],"predecessor-version":[{"id":152,"href":"https:\/\/wp.kristdemokraterna.se\/borudolfsson\/wp-json\/wp\/v2\/posts\/151\/revisions\/152"}],"wp:attachment":[{"href":"https:\/\/wp.kristdemokraterna.se\/borudolfsson\/wp-json\/wp\/v2\/media?parent=151"}],"wp:term":[{"taxonomy":"category","embeddable":true,"href":"https:\/\/wp.kristdemokraterna.se\/borudolfsson\/wp-json\/wp\/v2\/categories?post=151"},{"taxonomy":"post_tag","embeddable":true,"href":"https:\/\/wp.kristdemokraterna.se\/borudolfsson\/wp-json\/wp\/v2\/tags?post=151"}],"curies":[{"name":"wp","href":"https:\/\/api.w.org\/{rel}","templated":true}]}}