{"id":153,"date":"2020-03-17T16:08:52","date_gmt":"2020-03-17T15:08:52","guid":{"rendered":"https:\/\/wp.kristdemokraterna.se\/borudolfsson\/?p=153"},"modified":"2021-05-04T16:10:50","modified_gmt":"2021-05-04T14:10:50","slug":"nodvandiga-forandringar-rustar-laxa-for-framtiden","status":"publish","type":"post","link":"https:\/\/wp.kristdemokraterna.se\/borudolfsson\/nodvandiga-forandringar-rustar-laxa-for-framtiden\/","title":{"rendered":"N\u00f6dv\u00e4ndiga f\u00f6r\u00e4ndringar rustar Lax\u00e5 f\u00f6r framtiden"},"content":{"rendered":"<p class=\"body\">Under de senaste m\u00e5naderna har det varit m\u00e5nga artiklar i NA, ins\u00e4ndare, Facebookinl\u00e4gg och demonstrationer g\u00e4llande f\u00f6r\u00e4ndringen i undersk\u00f6terskornas arbetstidsf\u00f6rl\u00e4ggning och schema som beslutats i Lax\u00e5 kommun och som b\u00f6rjade g\u00e4lla den 9 mars.<\/p>\n<p class=\"body\">Vi inom politiken har f\u00f6rst\u00e5else f\u00f6r den oro och ifr\u00e5gas\u00e4ttande som anst\u00e4llda inom v\u00e5rden, bland annat undersk\u00f6terskor vid Ramunderg\u00e5rden och inom Hemtj\u00e4nsten gett uttryck f\u00f6r \u2013\u202fatt f\u00e5 invanda rutiner och arbetstider \u00e4ndrade \u00e4r alltid jobbigt. Vi st\u00e5r dock inf\u00f6r n\u00e5got nytt b\u00e5de verksamhetsm\u00e4ssigt och ekonomiskt som m\u00e5ste hanteras p\u00e5 b\u00e4sta m\u00f6jliga s\u00e4tt, d\u00e4rav dessa f\u00f6r\u00e4ndringar.<\/p>\n<p class=\"body\">Den ekonomiska situationen har \u00e4ndrats drastiskt f\u00f6r Lax\u00e5 kommun p\u00e5 bara n\u00e5got \u00e5r, fr\u00e4mst genom statens handlande. V\u00e5r kommun tillsammans med m\u00e5nga andra kommuner st\u00e5r som f\u00f6rlorare d\u00e5 staten \u00e4ndrar regler, avvecklar arbetsf\u00f6rmedling och f\u00f6rs\u00e4kringskassa, nekar utbetalning av ers\u00e4ttningar som \u00e4r godk\u00e4nda, s\u00e4nker och tar bort bidrag inom Migrationsomr\u00e5det, etcetera.<\/p>\n<p class=\"body\">Nu beh\u00f6ver vi skapa l\u00e5ngsiktighet, s\u00e5 kommunen som arbetsgivare har g\u00e5tt tillbaka till grundavtalet med fackf\u00f6rbundet Kommunal och utifr\u00e5n detta skapar ett schema s\u00e5 att grundbemanningen och d\u00e4rmed de \u00e4ldres grundl\u00e4ggande behov och tillsyn kan sk\u00f6tas av ordinarie personal. Vi \u00e4r inte ensamma i detta f\u00f6r\u00e4ndringsarbete, n\u00e4stan alla av v\u00e5ra grannkommuner har gjort dessa f\u00f6r\u00e4ndringar och bland annat inf\u00f6rt ett schema med arbete tv\u00e5 helger av fyra. Vi politiker ska dock inte g\u00e5 in i schemal\u00e4ggning d\u00e5 det framf\u00f6rallt \u00e4r en verksamhetsfr\u00e5ga och d\u00e4r cheferna har ansvaret.<\/p>\n<p class=\"body\">Inflyttningen fr\u00e5n \u00e4ldreboendena i Finner\u00f6dja och Hasselfors ska p\u00e5b\u00f6rjas i slutet av mars m\u00e5nad, d\u00e5 all omsorg inom s\u00e4rskilt boende kommer att bedrivas p\u00e5 Ramunderg\u00e5rden. Denna inneb\u00e4r ocks\u00e5 att de undersk\u00f6terskor som nu finns i Hasselfors och Finner\u00f6dja kommer att arbeta inne i Lax\u00e5 och d\u00e5 beh\u00f6vs nya scheman f\u00f6r alla undersk\u00f6terskor, inte bara f\u00f6r de som flyttar in.<\/p>\n<p class=\"body\">Lax\u00e5 kommun \u00e4ndrar arbetstidsf\u00f6rl\u00e4ggning genom att anv\u00e4nda grundavtalet samt genomf\u00f6r denna centralisering s\u00e5 vi kan f\u00e5 en ekonomi i balans. Denna f\u00f6r\u00e4ndring inneb\u00e4r en besparing p\u00e5 uppskattningsvis 8-10 miljoner kronor per \u00e5r, om det inte genomf\u00f6rs s\u00e5 \u00e4r det upps\u00e4gningar eller skatteh\u00f6jningar som g\u00e4ller, vilket inte \u00e4r vad vi vill! V\u00e5r \u00e4ldreomsorg \u00e4r cirka 11 miljoner kronor (cirka en skattekrona) dyrare \u00e4n i Askersund. Vi har den tredje dyraste \u00e4ldreomsorgen i l\u00e4net! Vi tillh\u00f6r ocks\u00e5 de 25 procent av alla kommuner som har den dyraste \u00e4ldreomsorgen under 2018!<\/p>\n<p class=\"body\">Att starta om hela processen som V, M och S yrkade p\u00e5 vid SON:s senaste sammantr\u00e4de inneb\u00e4r bara en f\u00f6rdr\u00f6jning p\u00e5 ungef\u00e4r 6 m\u00e5nader och d\u00e4rmed en kostnad p\u00e5 cirka 4-5 miljoner kronor plus f\u00f6rsening av flytten fr\u00e5n Finner\u00f6dja och Hasselfors. Kommunen har informerat personalen, medverkat i olika samverkansgrupp samt f\u00f6rhandlat med Kommunal vid ett flertal tillf\u00e4llen under 2019 och b\u00f6rjan av 2020.<\/p>\n<p class=\"body\">Under flera \u00e5r har arbetsgivare och fackf\u00f6rbundet Kommunal drivit fr\u00e5gan om \u201dheltid som norm\u201d, d\u00e4r Lax\u00e5 kommun har svarat upp p\u00e5 utmaningen. Men f\u00f6r att komma vidare och ge alla medarbetare denna m\u00f6jlighet s\u00e5 m\u00e5ste vi ha ett arbetss\u00e4tt som inte om\u00f6jligg\u00f6r inriktningen. Vi har redan f\u00e5tt positiva kommentarer fr\u00e5n anst\u00e4llda g\u00e4llande det nya arbetss\u00e4ttet och d\u00e4r schemabyten mellan anst\u00e4llda och flexibilitet ska finnas kvar s\u00e5 l\u00e4nge det inte blir kostnadsdrivande.<\/p>\n<p class=\"body\">V\u00e5r politiska inriktning \u00e4r att Lax\u00e5 kommuns \u00e4ldreomsorg ska vara av h\u00f6g kvalitet och ekonomisk h\u00e5llbar under en l\u00e4ngre tid. Vi ser dessa f\u00f6r\u00e4ndringar som n\u00f6dv\u00e4ndiga f\u00f6r att klara framtiden!<\/p>\n<p class=\"body\"><strong>Bo Rudolfsson<br \/>\n<\/strong>Kristdemokraterna<\/p>\n<p class=\"body\"><strong>Arne Augustsson<br \/>\n<\/strong>Centerpartiet<\/p>\n<p class=\"body\"><strong>Sara Pettersson<br \/>\n<\/strong>Milj\u00f6partiet<\/p>\n<p class=\"body\"><strong>Anette Sch\u00f6n<br \/>\n<\/strong>Kristdemokraterna<\/p>\n","protected":false},"excerpt":{"rendered":"<p>Under de senaste m\u00e5naderna har det varit m\u00e5nga artiklar i NA, ins\u00e4ndare, Facebookinl\u00e4gg och demonstrationer g\u00e4llande f\u00f6r\u00e4ndringen i undersk\u00f6terskornas arbetstidsf\u00f6rl\u00e4ggning och schema som beslutats i Lax\u00e5 kommun och som b\u00f6rjade g\u00e4lla den 9 mars. Vi inom politiken har f\u00f6rst\u00e5else f\u00f6r den oro och ifr\u00e5gas\u00e4ttande som anst\u00e4llda inom v\u00e5rden, bland annat undersk\u00f6terskor vid Ramunderg\u00e5rden och inom <a class=\"read-more-link\" href=\"https:\/\/wp.kristdemokraterna.se\/borudolfsson\/nodvandiga-forandringar-rustar-laxa-for-framtiden\/\">Read More<\/a><\/p>\n","protected":false},"author":553,"featured_media":0,"comment_status":"closed","ping_status":"closed","sticky":false,"template":"","format":"standard","meta":{"_acf_changed":false,"footnotes":""},"categories":[1],"tags":[],"class_list":["post-153","post","type-post","status-publish","format-standard","hentry","category-okategoriserade"],"acf":[],"yoast_head":"<!-- This site is optimized with the Yoast SEO plugin v27.5 - https:\/\/yoast.com\/product\/yoast-seo-wordpress\/ -->\n<title>N\u00f6dv\u00e4ndiga f\u00f6r\u00e4ndringar rustar Lax\u00e5 f\u00f6r framtiden - Bo Rudolfsson<\/title>\n<meta name=\"robots\" content=\"index, follow, max-snippet:-1, max-image-preview:large, max-video-preview:-1\" \/>\n<link rel=\"canonical\" href=\"https:\/\/wp.kristdemokraterna.se\/borudolfsson\/nodvandiga-forandringar-rustar-laxa-for-framtiden\/\" \/>\n<meta property=\"og:locale\" content=\"sv_SE\" \/>\n<meta property=\"og:type\" content=\"article\" \/>\n<meta property=\"og:title\" content=\"N\u00f6dv\u00e4ndiga f\u00f6r\u00e4ndringar rustar Lax\u00e5 f\u00f6r framtiden - Bo Rudolfsson\" \/>\n<meta property=\"og:description\" content=\"Under de senaste m\u00e5naderna har det varit m\u00e5nga artiklar i NA, ins\u00e4ndare, Facebookinl\u00e4gg och demonstrationer g\u00e4llande f\u00f6r\u00e4ndringen i undersk\u00f6terskornas arbetstidsf\u00f6rl\u00e4ggning och schema som beslutats i Lax\u00e5 kommun och som b\u00f6rjade g\u00e4lla den 9 mars. Vi inom politiken har f\u00f6rst\u00e5else f\u00f6r den oro och ifr\u00e5gas\u00e4ttande som anst\u00e4llda inom v\u00e5rden, bland annat undersk\u00f6terskor vid Ramunderg\u00e5rden och inom Read More\" \/>\n<meta property=\"og:url\" content=\"https:\/\/wp.kristdemokraterna.se\/borudolfsson\/nodvandiga-forandringar-rustar-laxa-for-framtiden\/\" \/>\n<meta property=\"og:site_name\" content=\"Bo Rudolfsson\" \/>\n<meta property=\"article:published_time\" content=\"2020-03-17T15:08:52+00:00\" \/>\n<meta property=\"article:modified_time\" content=\"2021-05-04T14:10:50+00:00\" \/>\n<meta name=\"author\" content=\"Bo Rudolfsson\" \/>\n<meta name=\"twitter:card\" content=\"summary_large_image\" \/>\n<meta name=\"twitter:label1\" content=\"Skriven av\" \/>\n\t<meta name=\"twitter:data1\" content=\"Bo Rudolfsson\" \/>\n\t<meta name=\"twitter:label2\" content=\"Ber\u00e4knad l\u00e4stid\" \/>\n\t<meta name=\"twitter:data2\" content=\"3 minuter\" \/>\n<script type=\"application\/ld+json\" class=\"yoast-schema-graph\">{\"@context\":\"https:\\\/\\\/schema.org\",\"@graph\":[{\"@type\":\"Article\",\"@id\":\"https:\\\/\\\/wp.kristdemokraterna.se\\\/borudolfsson\\\/nodvandiga-forandringar-rustar-laxa-for-framtiden\\\/#article\",\"isPartOf\":{\"@id\":\"https:\\\/\\\/wp.kristdemokraterna.se\\\/borudolfsson\\\/nodvandiga-forandringar-rustar-laxa-for-framtiden\\\/\"},\"author\":{\"name\":\"Bo Rudolfsson\",\"@id\":\"https:\\\/\\\/wp.kristdemokraterna.se\\\/borudolfsson\\\/#\\\/schema\\\/person\\\/24bd3ec12cbbf60a27647cfe70200ed4\"},\"headline\":\"N\u00f6dv\u00e4ndiga f\u00f6r\u00e4ndringar rustar Lax\u00e5 f\u00f6r framtiden\",\"datePublished\":\"2020-03-17T15:08:52+00:00\",\"dateModified\":\"2021-05-04T14:10:50+00:00\",\"mainEntityOfPage\":{\"@id\":\"https:\\\/\\\/wp.kristdemokraterna.se\\\/borudolfsson\\\/nodvandiga-forandringar-rustar-laxa-for-framtiden\\\/\"},\"wordCount\":691,\"inLanguage\":\"sv-SE\"},{\"@type\":\"WebPage\",\"@id\":\"https:\\\/\\\/wp.kristdemokraterna.se\\\/borudolfsson\\\/nodvandiga-forandringar-rustar-laxa-for-framtiden\\\/\",\"url\":\"https:\\\/\\\/wp.kristdemokraterna.se\\\/borudolfsson\\\/nodvandiga-forandringar-rustar-laxa-for-framtiden\\\/\",\"name\":\"N\u00f6dv\u00e4ndiga f\u00f6r\u00e4ndringar rustar Lax\u00e5 f\u00f6r framtiden - Bo Rudolfsson\",\"isPartOf\":{\"@id\":\"https:\\\/\\\/wp.kristdemokraterna.se\\\/borudolfsson\\\/#website\"},\"datePublished\":\"2020-03-17T15:08:52+00:00\",\"dateModified\":\"2021-05-04T14:10:50+00:00\",\"author\":{\"@id\":\"https:\\\/\\\/wp.kristdemokraterna.se\\\/borudolfsson\\\/#\\\/schema\\\/person\\\/24bd3ec12cbbf60a27647cfe70200ed4\"},\"breadcrumb\":{\"@id\":\"https:\\\/\\\/wp.kristdemokraterna.se\\\/borudolfsson\\\/nodvandiga-forandringar-rustar-laxa-for-framtiden\\\/#breadcrumb\"},\"inLanguage\":\"sv-SE\",\"potentialAction\":[{\"@type\":\"ReadAction\",\"target\":[\"https:\\\/\\\/wp.kristdemokraterna.se\\\/borudolfsson\\\/nodvandiga-forandringar-rustar-laxa-for-framtiden\\\/\"]}]},{\"@type\":\"BreadcrumbList\",\"@id\":\"https:\\\/\\\/wp.kristdemokraterna.se\\\/borudolfsson\\\/nodvandiga-forandringar-rustar-laxa-for-framtiden\\\/#breadcrumb\",\"itemListElement\":[{\"@type\":\"ListItem\",\"position\":1,\"name\":\"Hem\",\"item\":\"https:\\\/\\\/wp.kristdemokraterna.se\\\/borudolfsson\\\/\"},{\"@type\":\"ListItem\",\"position\":2,\"name\":\"N\u00f6dv\u00e4ndiga f\u00f6r\u00e4ndringar rustar Lax\u00e5 f\u00f6r framtiden\"}]},{\"@type\":\"WebSite\",\"@id\":\"https:\\\/\\\/wp.kristdemokraterna.se\\\/borudolfsson\\\/#website\",\"url\":\"https:\\\/\\\/wp.kristdemokraterna.se\\\/borudolfsson\\\/\",\"name\":\"Bo Rudolfsson\",\"description\":\"Ett b\u00e4ttre Lax\u00e5 - och Sverige!\",\"inLanguage\":\"sv-SE\"},{\"@type\":\"Person\",\"@id\":\"https:\\\/\\\/wp.kristdemokraterna.se\\\/borudolfsson\\\/#\\\/schema\\\/person\\\/24bd3ec12cbbf60a27647cfe70200ed4\",\"name\":\"Bo Rudolfsson\",\"image\":{\"@type\":\"ImageObject\",\"inLanguage\":\"sv-SE\",\"@id\":\"https:\\\/\\\/secure.gravatar.com\\\/avatar\\\/35c33393ceb4fe674dba7b66cedc9d7e2054cb83b6910fa82cbc29d5aeff96a9?s=96&r=g\",\"url\":\"https:\\\/\\\/secure.gravatar.com\\\/avatar\\\/35c33393ceb4fe674dba7b66cedc9d7e2054cb83b6910fa82cbc29d5aeff96a9?s=96&r=g\",\"contentUrl\":\"https:\\\/\\\/secure.gravatar.com\\\/avatar\\\/35c33393ceb4fe674dba7b66cedc9d7e2054cb83b6910fa82cbc29d5aeff96a9?s=96&r=g\",\"caption\":\"Bo Rudolfsson\"},\"sameAs\":[\"http:\\\/\\\/www.borudolfsson.se\"],\"url\":\"https:\\\/\\\/wp.kristdemokraterna.se\\\/borudolfsson\\\/author\\\/borudolfsson\\\/\"}]}<\/script>\n<!-- \/ Yoast SEO plugin. -->","yoast_head_json":{"title":"N\u00f6dv\u00e4ndiga f\u00f6r\u00e4ndringar rustar Lax\u00e5 f\u00f6r framtiden - Bo Rudolfsson","robots":{"index":"index","follow":"follow","max-snippet":"max-snippet:-1","max-image-preview":"max-image-preview:large","max-video-preview":"max-video-preview:-1"},"canonical":"https:\/\/wp.kristdemokraterna.se\/borudolfsson\/nodvandiga-forandringar-rustar-laxa-for-framtiden\/","og_locale":"sv_SE","og_type":"article","og_title":"N\u00f6dv\u00e4ndiga f\u00f6r\u00e4ndringar rustar Lax\u00e5 f\u00f6r framtiden - Bo Rudolfsson","og_description":"Under de senaste m\u00e5naderna har det varit m\u00e5nga artiklar i NA, ins\u00e4ndare, Facebookinl\u00e4gg och demonstrationer g\u00e4llande f\u00f6r\u00e4ndringen i undersk\u00f6terskornas arbetstidsf\u00f6rl\u00e4ggning och schema som beslutats i Lax\u00e5 kommun och som b\u00f6rjade g\u00e4lla den 9 mars. Vi inom politiken har f\u00f6rst\u00e5else f\u00f6r den oro och ifr\u00e5gas\u00e4ttande som anst\u00e4llda inom v\u00e5rden, bland annat undersk\u00f6terskor vid Ramunderg\u00e5rden och inom Read More","og_url":"https:\/\/wp.kristdemokraterna.se\/borudolfsson\/nodvandiga-forandringar-rustar-laxa-for-framtiden\/","og_site_name":"Bo Rudolfsson","article_published_time":"2020-03-17T15:08:52+00:00","article_modified_time":"2021-05-04T14:10:50+00:00","author":"Bo Rudolfsson","twitter_card":"summary_large_image","twitter_misc":{"Skriven av":"Bo Rudolfsson","Ber\u00e4knad l\u00e4stid":"3 minuter"},"schema":{"@context":"https:\/\/schema.org","@graph":[{"@type":"Article","@id":"https:\/\/wp.kristdemokraterna.se\/borudolfsson\/nodvandiga-forandringar-rustar-laxa-for-framtiden\/#article","isPartOf":{"@id":"https:\/\/wp.kristdemokraterna.se\/borudolfsson\/nodvandiga-forandringar-rustar-laxa-for-framtiden\/"},"author":{"name":"Bo Rudolfsson","@id":"https:\/\/wp.kristdemokraterna.se\/borudolfsson\/#\/schema\/person\/24bd3ec12cbbf60a27647cfe70200ed4"},"headline":"N\u00f6dv\u00e4ndiga f\u00f6r\u00e4ndringar rustar Lax\u00e5 f\u00f6r framtiden","datePublished":"2020-03-17T15:08:52+00:00","dateModified":"2021-05-04T14:10:50+00:00","mainEntityOfPage":{"@id":"https:\/\/wp.kristdemokraterna.se\/borudolfsson\/nodvandiga-forandringar-rustar-laxa-for-framtiden\/"},"wordCount":691,"inLanguage":"sv-SE"},{"@type":"WebPage","@id":"https:\/\/wp.kristdemokraterna.se\/borudolfsson\/nodvandiga-forandringar-rustar-laxa-for-framtiden\/","url":"https:\/\/wp.kristdemokraterna.se\/borudolfsson\/nodvandiga-forandringar-rustar-laxa-for-framtiden\/","name":"N\u00f6dv\u00e4ndiga f\u00f6r\u00e4ndringar rustar Lax\u00e5 f\u00f6r framtiden - Bo Rudolfsson","isPartOf":{"@id":"https:\/\/wp.kristdemokraterna.se\/borudolfsson\/#website"},"datePublished":"2020-03-17T15:08:52+00:00","dateModified":"2021-05-04T14:10:50+00:00","author":{"@id":"https:\/\/wp.kristdemokraterna.se\/borudolfsson\/#\/schema\/person\/24bd3ec12cbbf60a27647cfe70200ed4"},"breadcrumb":{"@id":"https:\/\/wp.kristdemokraterna.se\/borudolfsson\/nodvandiga-forandringar-rustar-laxa-for-framtiden\/#breadcrumb"},"inLanguage":"sv-SE","potentialAction":[{"@type":"ReadAction","target":["https:\/\/wp.kristdemokraterna.se\/borudolfsson\/nodvandiga-forandringar-rustar-laxa-for-framtiden\/"]}]},{"@type":"BreadcrumbList","@id":"https:\/\/wp.kristdemokraterna.se\/borudolfsson\/nodvandiga-forandringar-rustar-laxa-for-framtiden\/#breadcrumb","itemListElement":[{"@type":"ListItem","position":1,"name":"Hem","item":"https:\/\/wp.kristdemokraterna.se\/borudolfsson\/"},{"@type":"ListItem","position":2,"name":"N\u00f6dv\u00e4ndiga f\u00f6r\u00e4ndringar rustar Lax\u00e5 f\u00f6r framtiden"}]},{"@type":"WebSite","@id":"https:\/\/wp.kristdemokraterna.se\/borudolfsson\/#website","url":"https:\/\/wp.kristdemokraterna.se\/borudolfsson\/","name":"Bo Rudolfsson","description":"Ett b\u00e4ttre Lax\u00e5 - och Sverige!","inLanguage":"sv-SE"},{"@type":"Person","@id":"https:\/\/wp.kristdemokraterna.se\/borudolfsson\/#\/schema\/person\/24bd3ec12cbbf60a27647cfe70200ed4","name":"Bo Rudolfsson","image":{"@type":"ImageObject","inLanguage":"sv-SE","@id":"https:\/\/secure.gravatar.com\/avatar\/35c33393ceb4fe674dba7b66cedc9d7e2054cb83b6910fa82cbc29d5aeff96a9?s=96&r=g","url":"https:\/\/secure.gravatar.com\/avatar\/35c33393ceb4fe674dba7b66cedc9d7e2054cb83b6910fa82cbc29d5aeff96a9?s=96&r=g","contentUrl":"https:\/\/secure.gravatar.com\/avatar\/35c33393ceb4fe674dba7b66cedc9d7e2054cb83b6910fa82cbc29d5aeff96a9?s=96&r=g","caption":"Bo Rudolfsson"},"sameAs":["http:\/\/www.borudolfsson.se"],"url":"https:\/\/wp.kristdemokraterna.se\/borudolfsson\/author\/borudolfsson\/"}]}},"_links":{"self":[{"href":"https:\/\/wp.kristdemokraterna.se\/borudolfsson\/wp-json\/wp\/v2\/posts\/153","targetHints":{"allow":["GET"]}}],"collection":[{"href":"https:\/\/wp.kristdemokraterna.se\/borudolfsson\/wp-json\/wp\/v2\/posts"}],"about":[{"href":"https:\/\/wp.kristdemokraterna.se\/borudolfsson\/wp-json\/wp\/v2\/types\/post"}],"author":[{"embeddable":true,"href":"https:\/\/wp.kristdemokraterna.se\/borudolfsson\/wp-json\/wp\/v2\/users\/553"}],"replies":[{"embeddable":true,"href":"https:\/\/wp.kristdemokraterna.se\/borudolfsson\/wp-json\/wp\/v2\/comments?post=153"}],"version-history":[{"count":1,"href":"https:\/\/wp.kristdemokraterna.se\/borudolfsson\/wp-json\/wp\/v2\/posts\/153\/revisions"}],"predecessor-version":[{"id":154,"href":"https:\/\/wp.kristdemokraterna.se\/borudolfsson\/wp-json\/wp\/v2\/posts\/153\/revisions\/154"}],"wp:attachment":[{"href":"https:\/\/wp.kristdemokraterna.se\/borudolfsson\/wp-json\/wp\/v2\/media?parent=153"}],"wp:term":[{"taxonomy":"category","embeddable":true,"href":"https:\/\/wp.kristdemokraterna.se\/borudolfsson\/wp-json\/wp\/v2\/categories?post=153"},{"taxonomy":"post_tag","embeddable":true,"href":"https:\/\/wp.kristdemokraterna.se\/borudolfsson\/wp-json\/wp\/v2\/tags?post=153"}],"curies":[{"name":"wp","href":"https:\/\/api.w.org\/{rel}","templated":true}]}}