{"id":160,"date":"2019-02-05T16:24:04","date_gmt":"2019-02-05T15:24:04","guid":{"rendered":"https:\/\/wp.kristdemokraterna.se\/borudolfsson\/?p=160"},"modified":"2021-05-04T16:24:51","modified_gmt":"2021-05-04T14:24:51","slug":"laxa-tar-sitt-ansvar-for-de-ensamkommande-gymnasieungdomarna","status":"publish","type":"post","link":"https:\/\/wp.kristdemokraterna.se\/borudolfsson\/laxa-tar-sitt-ansvar-for-de-ensamkommande-gymnasieungdomarna\/","title":{"rendered":"Lax\u00e5 tar sitt ansvar f\u00f6r de ensamkommande gymnasieungdomarna"},"content":{"rendered":"<p class=\"body\">Katarina Raneborn (V) skriver en uppfordrande artikel i NA den 29 januari med uppmaningen till ett flertal kommuner, d\u00e4ribland Lax\u00e5, att hj\u00e4lpa ensamkommande gymnasieungdomar utan bostad \u201dsnarast s\u00e5 att de slipper frysa och inte riskerar att uts\u00e4ttas f\u00f6r sexuella \u00f6vergrepp eller dras in i kriminalitet p\u00e5 grund av en oh\u00e5llbar situation\u201d<\/p>\n<p class=\"body\">Det vore ju lovv\u00e4rt om Katarina Raneborn tog reda p\u00e5 fakta f\u00f6rst innan hon uppmanar ett antal kommuner och Region \u00d6rebro att g\u00f6ra detta. F\u00f6r v\u00e5r kommun, Lax\u00e5, d\u00e4r jag har f\u00f6rm\u00e5nen att vara kommunstyrelsens ordf\u00f6rande g\u00e4ller f\u00f6ljande.<\/p>\n<p class=\"body\">Alla ensamkommande ungdomar (EKB) i Lax\u00e5 som blivit 18 \u00e5r men som inte hunnit f\u00e5 uppeh\u00e5llstillst\u00e5nd har blivit erbjudna bostad av Lax\u00e5 kommun.<\/p>\n<p class=\"body\">Av de sex ungdomar som detta g\u00e4ller har en flyttat utomlands, tre tackat initialt nej till erbjudande om bostad och tv\u00e5 tackade ja. Av de som initialt tackade nej har tv\u00e5 ungdomar kommit \u00e5ter d\u00e5 han fick uppeh\u00e5llstillst\u00e5nd enligt gymnasielagen och f\u00e5tt flytta in hos Lax\u00e5 kommun. Vi f\u00e5r dock just nu inte kontakt med en ungdom men vi f\u00f6rs\u00f6ker n\u00e5 hen f\u00f6r att se om hen ordnat boende p\u00e5 annat s\u00e4tt, vi har allts\u00e5 fyra av sex boende hos oss i dagsl\u00e4get. Alla f\u00f6re detta EKB som f\u00e5tt uppeh\u00e5llstillst\u00e5nd enligt gymnasielagen som kommit till oss och bett om hj\u00e4lp s\u00e5 har alla erbjudits bostad s\u00e5 l\u00e4nge de har sin ekonomi ordnad (vilket de ju har via CSN eller ekonomiskt bist\u00e5nd).<\/p>\n<p class=\"body\">Ut\u00f6ver detta s\u00e5 har alla ungdomar som bett om hj\u00e4lp som inte tillh\u00f6rt Lax\u00e5 kommun fr\u00e5n b\u00f6rjan (vi har ju och har haft privata akt\u00f6rer i kommunen med avtal med andra kommuner) och som har sin ekonomi ordnad via CSN eller etableringsers\u00e4ttning erbjudits del i bostad med nyttjander\u00e4tt eller andrahandskontrakt. Vi har \u00e4ven f\u00f6rmedlat kontakt med privata hyresv\u00e4rdar d\u00e4r ungdom kunnat f\u00e5 f\u00f6rsta hands kontrakt.<\/p>\n<p class=\"body\">S\u00e5 summa summarum fr\u00e5n Lax\u00e5 kommuns sida \u00e4r att vi erbjuder st\u00f6d och hj\u00e4lp till alla ensamkommande ungdomar som tillh\u00f6r eller bott i Lax\u00e5 kommun! Jag vill ocks\u00e5 understryka det ocks\u00e5 att detta \u00e4r egentligen statens ansvar \u2013 ungdomarna tillh\u00f6r Migrationsverket och har blivit erbjudna bostad via MiG men tackat nej. Ska en kommun verkligen g\u00e5 in och ta \u00f6ver MiG:s arbete genom att starta ett eget flyktingboende som Katarina Raneborn ser ut att tycka? Om nu kommunerna enliga Katarina Raneborn har ett ansvar, finns det d\u00e5 ocks\u00e5 ett ansvar hos staten eller de partier som r\u00f6stade f\u00f6r gymnasielagen?<\/p>\n<p class=\"body\"><strong>Bo Rudolfsson<br \/>\n<\/strong>kommunstyrelsens ordf\u00f6rande Lax\u00e5<\/p>\n","protected":false},"excerpt":{"rendered":"<p>Katarina Raneborn (V) skriver en uppfordrande artikel i NA den 29 januari med uppmaningen till ett flertal kommuner, d\u00e4ribland Lax\u00e5, att hj\u00e4lpa ensamkommande gymnasieungdomar utan bostad \u201dsnarast s\u00e5 att de slipper frysa och inte riskerar att uts\u00e4ttas f\u00f6r sexuella \u00f6vergrepp eller dras in i kriminalitet p\u00e5 grund av en oh\u00e5llbar situation\u201d Det vore ju lovv\u00e4rt <a class=\"read-more-link\" href=\"https:\/\/wp.kristdemokraterna.se\/borudolfsson\/laxa-tar-sitt-ansvar-for-de-ensamkommande-gymnasieungdomarna\/\">Read More<\/a><\/p>\n","protected":false},"author":553,"featured_media":0,"comment_status":"closed","ping_status":"closed","sticky":false,"template":"","format":"standard","meta":{"_acf_changed":false,"footnotes":""},"categories":[1],"tags":[],"class_list":["post-160","post","type-post","status-publish","format-standard","hentry","category-okategoriserade"],"acf":[],"yoast_head":"<!-- This site is optimized with the Yoast SEO plugin v27.5 - https:\/\/yoast.com\/product\/yoast-seo-wordpress\/ -->\n<title>Lax\u00e5 tar sitt ansvar f\u00f6r de ensamkommande gymnasieungdomarna - Bo Rudolfsson<\/title>\n<meta name=\"robots\" content=\"index, follow, max-snippet:-1, max-image-preview:large, max-video-preview:-1\" \/>\n<link rel=\"canonical\" href=\"https:\/\/wp.kristdemokraterna.se\/borudolfsson\/laxa-tar-sitt-ansvar-for-de-ensamkommande-gymnasieungdomarna\/\" \/>\n<meta property=\"og:locale\" content=\"sv_SE\" \/>\n<meta property=\"og:type\" content=\"article\" \/>\n<meta property=\"og:title\" content=\"Lax\u00e5 tar sitt ansvar f\u00f6r de ensamkommande gymnasieungdomarna - Bo Rudolfsson\" \/>\n<meta property=\"og:description\" content=\"Katarina Raneborn (V) skriver en uppfordrande artikel i NA den 29 januari med uppmaningen till ett flertal kommuner, d\u00e4ribland Lax\u00e5, att hj\u00e4lpa ensamkommande gymnasieungdomar utan bostad \u201dsnarast s\u00e5 att de slipper frysa och inte riskerar att uts\u00e4ttas f\u00f6r sexuella \u00f6vergrepp eller dras in i kriminalitet p\u00e5 grund av en oh\u00e5llbar situation\u201d Det vore ju lovv\u00e4rt Read More\" \/>\n<meta property=\"og:url\" content=\"https:\/\/wp.kristdemokraterna.se\/borudolfsson\/laxa-tar-sitt-ansvar-for-de-ensamkommande-gymnasieungdomarna\/\" \/>\n<meta property=\"og:site_name\" content=\"Bo Rudolfsson\" \/>\n<meta property=\"article:published_time\" content=\"2019-02-05T15:24:04+00:00\" \/>\n<meta property=\"article:modified_time\" content=\"2021-05-04T14:24:51+00:00\" \/>\n<meta name=\"author\" content=\"Bo Rudolfsson\" \/>\n<meta name=\"twitter:card\" content=\"summary_large_image\" \/>\n<meta name=\"twitter:label1\" content=\"Skriven av\" \/>\n\t<meta name=\"twitter:data1\" content=\"Bo Rudolfsson\" \/>\n\t<meta name=\"twitter:label2\" content=\"Ber\u00e4knad l\u00e4stid\" \/>\n\t<meta name=\"twitter:data2\" content=\"2 minuter\" \/>\n<script type=\"application\/ld+json\" class=\"yoast-schema-graph\">{\"@context\":\"https:\\\/\\\/schema.org\",\"@graph\":[{\"@type\":\"Article\",\"@id\":\"https:\\\/\\\/wp.kristdemokraterna.se\\\/borudolfsson\\\/laxa-tar-sitt-ansvar-for-de-ensamkommande-gymnasieungdomarna\\\/#article\",\"isPartOf\":{\"@id\":\"https:\\\/\\\/wp.kristdemokraterna.se\\\/borudolfsson\\\/laxa-tar-sitt-ansvar-for-de-ensamkommande-gymnasieungdomarna\\\/\"},\"author\":{\"name\":\"Bo Rudolfsson\",\"@id\":\"https:\\\/\\\/wp.kristdemokraterna.se\\\/borudolfsson\\\/#\\\/schema\\\/person\\\/24bd3ec12cbbf60a27647cfe70200ed4\"},\"headline\":\"Lax\u00e5 tar sitt ansvar f\u00f6r de ensamkommande gymnasieungdomarna\",\"datePublished\":\"2019-02-05T15:24:04+00:00\",\"dateModified\":\"2021-05-04T14:24:51+00:00\",\"mainEntityOfPage\":{\"@id\":\"https:\\\/\\\/wp.kristdemokraterna.se\\\/borudolfsson\\\/laxa-tar-sitt-ansvar-for-de-ensamkommande-gymnasieungdomarna\\\/\"},\"wordCount\":464,\"inLanguage\":\"sv-SE\"},{\"@type\":\"WebPage\",\"@id\":\"https:\\\/\\\/wp.kristdemokraterna.se\\\/borudolfsson\\\/laxa-tar-sitt-ansvar-for-de-ensamkommande-gymnasieungdomarna\\\/\",\"url\":\"https:\\\/\\\/wp.kristdemokraterna.se\\\/borudolfsson\\\/laxa-tar-sitt-ansvar-for-de-ensamkommande-gymnasieungdomarna\\\/\",\"name\":\"Lax\u00e5 tar sitt ansvar f\u00f6r de ensamkommande gymnasieungdomarna - Bo Rudolfsson\",\"isPartOf\":{\"@id\":\"https:\\\/\\\/wp.kristdemokraterna.se\\\/borudolfsson\\\/#website\"},\"datePublished\":\"2019-02-05T15:24:04+00:00\",\"dateModified\":\"2021-05-04T14:24:51+00:00\",\"author\":{\"@id\":\"https:\\\/\\\/wp.kristdemokraterna.se\\\/borudolfsson\\\/#\\\/schema\\\/person\\\/24bd3ec12cbbf60a27647cfe70200ed4\"},\"breadcrumb\":{\"@id\":\"https:\\\/\\\/wp.kristdemokraterna.se\\\/borudolfsson\\\/laxa-tar-sitt-ansvar-for-de-ensamkommande-gymnasieungdomarna\\\/#breadcrumb\"},\"inLanguage\":\"sv-SE\",\"potentialAction\":[{\"@type\":\"ReadAction\",\"target\":[\"https:\\\/\\\/wp.kristdemokraterna.se\\\/borudolfsson\\\/laxa-tar-sitt-ansvar-for-de-ensamkommande-gymnasieungdomarna\\\/\"]}]},{\"@type\":\"BreadcrumbList\",\"@id\":\"https:\\\/\\\/wp.kristdemokraterna.se\\\/borudolfsson\\\/laxa-tar-sitt-ansvar-for-de-ensamkommande-gymnasieungdomarna\\\/#breadcrumb\",\"itemListElement\":[{\"@type\":\"ListItem\",\"position\":1,\"name\":\"Hem\",\"item\":\"https:\\\/\\\/wp.kristdemokraterna.se\\\/borudolfsson\\\/\"},{\"@type\":\"ListItem\",\"position\":2,\"name\":\"Lax\u00e5 tar sitt ansvar f\u00f6r de ensamkommande gymnasieungdomarna\"}]},{\"@type\":\"WebSite\",\"@id\":\"https:\\\/\\\/wp.kristdemokraterna.se\\\/borudolfsson\\\/#website\",\"url\":\"https:\\\/\\\/wp.kristdemokraterna.se\\\/borudolfsson\\\/\",\"name\":\"Bo Rudolfsson\",\"description\":\"Ett b\u00e4ttre Lax\u00e5 - och Sverige!\",\"inLanguage\":\"sv-SE\"},{\"@type\":\"Person\",\"@id\":\"https:\\\/\\\/wp.kristdemokraterna.se\\\/borudolfsson\\\/#\\\/schema\\\/person\\\/24bd3ec12cbbf60a27647cfe70200ed4\",\"name\":\"Bo Rudolfsson\",\"image\":{\"@type\":\"ImageObject\",\"inLanguage\":\"sv-SE\",\"@id\":\"https:\\\/\\\/secure.gravatar.com\\\/avatar\\\/35c33393ceb4fe674dba7b66cedc9d7e2054cb83b6910fa82cbc29d5aeff96a9?s=96&r=g\",\"url\":\"https:\\\/\\\/secure.gravatar.com\\\/avatar\\\/35c33393ceb4fe674dba7b66cedc9d7e2054cb83b6910fa82cbc29d5aeff96a9?s=96&r=g\",\"contentUrl\":\"https:\\\/\\\/secure.gravatar.com\\\/avatar\\\/35c33393ceb4fe674dba7b66cedc9d7e2054cb83b6910fa82cbc29d5aeff96a9?s=96&r=g\",\"caption\":\"Bo Rudolfsson\"},\"sameAs\":[\"http:\\\/\\\/www.borudolfsson.se\"],\"url\":\"https:\\\/\\\/wp.kristdemokraterna.se\\\/borudolfsson\\\/author\\\/borudolfsson\\\/\"}]}<\/script>\n<!-- \/ Yoast SEO plugin. -->","yoast_head_json":{"title":"Lax\u00e5 tar sitt ansvar f\u00f6r de ensamkommande gymnasieungdomarna - Bo Rudolfsson","robots":{"index":"index","follow":"follow","max-snippet":"max-snippet:-1","max-image-preview":"max-image-preview:large","max-video-preview":"max-video-preview:-1"},"canonical":"https:\/\/wp.kristdemokraterna.se\/borudolfsson\/laxa-tar-sitt-ansvar-for-de-ensamkommande-gymnasieungdomarna\/","og_locale":"sv_SE","og_type":"article","og_title":"Lax\u00e5 tar sitt ansvar f\u00f6r de ensamkommande gymnasieungdomarna - Bo Rudolfsson","og_description":"Katarina Raneborn (V) skriver en uppfordrande artikel i NA den 29 januari med uppmaningen till ett flertal kommuner, d\u00e4ribland Lax\u00e5, att hj\u00e4lpa ensamkommande gymnasieungdomar utan bostad \u201dsnarast s\u00e5 att de slipper frysa och inte riskerar att uts\u00e4ttas f\u00f6r sexuella \u00f6vergrepp eller dras in i kriminalitet p\u00e5 grund av en oh\u00e5llbar situation\u201d Det vore ju lovv\u00e4rt Read More","og_url":"https:\/\/wp.kristdemokraterna.se\/borudolfsson\/laxa-tar-sitt-ansvar-for-de-ensamkommande-gymnasieungdomarna\/","og_site_name":"Bo Rudolfsson","article_published_time":"2019-02-05T15:24:04+00:00","article_modified_time":"2021-05-04T14:24:51+00:00","author":"Bo Rudolfsson","twitter_card":"summary_large_image","twitter_misc":{"Skriven av":"Bo Rudolfsson","Ber\u00e4knad l\u00e4stid":"2 minuter"},"schema":{"@context":"https:\/\/schema.org","@graph":[{"@type":"Article","@id":"https:\/\/wp.kristdemokraterna.se\/borudolfsson\/laxa-tar-sitt-ansvar-for-de-ensamkommande-gymnasieungdomarna\/#article","isPartOf":{"@id":"https:\/\/wp.kristdemokraterna.se\/borudolfsson\/laxa-tar-sitt-ansvar-for-de-ensamkommande-gymnasieungdomarna\/"},"author":{"name":"Bo Rudolfsson","@id":"https:\/\/wp.kristdemokraterna.se\/borudolfsson\/#\/schema\/person\/24bd3ec12cbbf60a27647cfe70200ed4"},"headline":"Lax\u00e5 tar sitt ansvar f\u00f6r de ensamkommande gymnasieungdomarna","datePublished":"2019-02-05T15:24:04+00:00","dateModified":"2021-05-04T14:24:51+00:00","mainEntityOfPage":{"@id":"https:\/\/wp.kristdemokraterna.se\/borudolfsson\/laxa-tar-sitt-ansvar-for-de-ensamkommande-gymnasieungdomarna\/"},"wordCount":464,"inLanguage":"sv-SE"},{"@type":"WebPage","@id":"https:\/\/wp.kristdemokraterna.se\/borudolfsson\/laxa-tar-sitt-ansvar-for-de-ensamkommande-gymnasieungdomarna\/","url":"https:\/\/wp.kristdemokraterna.se\/borudolfsson\/laxa-tar-sitt-ansvar-for-de-ensamkommande-gymnasieungdomarna\/","name":"Lax\u00e5 tar sitt ansvar f\u00f6r de ensamkommande gymnasieungdomarna - Bo Rudolfsson","isPartOf":{"@id":"https:\/\/wp.kristdemokraterna.se\/borudolfsson\/#website"},"datePublished":"2019-02-05T15:24:04+00:00","dateModified":"2021-05-04T14:24:51+00:00","author":{"@id":"https:\/\/wp.kristdemokraterna.se\/borudolfsson\/#\/schema\/person\/24bd3ec12cbbf60a27647cfe70200ed4"},"breadcrumb":{"@id":"https:\/\/wp.kristdemokraterna.se\/borudolfsson\/laxa-tar-sitt-ansvar-for-de-ensamkommande-gymnasieungdomarna\/#breadcrumb"},"inLanguage":"sv-SE","potentialAction":[{"@type":"ReadAction","target":["https:\/\/wp.kristdemokraterna.se\/borudolfsson\/laxa-tar-sitt-ansvar-for-de-ensamkommande-gymnasieungdomarna\/"]}]},{"@type":"BreadcrumbList","@id":"https:\/\/wp.kristdemokraterna.se\/borudolfsson\/laxa-tar-sitt-ansvar-for-de-ensamkommande-gymnasieungdomarna\/#breadcrumb","itemListElement":[{"@type":"ListItem","position":1,"name":"Hem","item":"https:\/\/wp.kristdemokraterna.se\/borudolfsson\/"},{"@type":"ListItem","position":2,"name":"Lax\u00e5 tar sitt ansvar f\u00f6r de ensamkommande gymnasieungdomarna"}]},{"@type":"WebSite","@id":"https:\/\/wp.kristdemokraterna.se\/borudolfsson\/#website","url":"https:\/\/wp.kristdemokraterna.se\/borudolfsson\/","name":"Bo Rudolfsson","description":"Ett b\u00e4ttre Lax\u00e5 - och Sverige!","inLanguage":"sv-SE"},{"@type":"Person","@id":"https:\/\/wp.kristdemokraterna.se\/borudolfsson\/#\/schema\/person\/24bd3ec12cbbf60a27647cfe70200ed4","name":"Bo Rudolfsson","image":{"@type":"ImageObject","inLanguage":"sv-SE","@id":"https:\/\/secure.gravatar.com\/avatar\/35c33393ceb4fe674dba7b66cedc9d7e2054cb83b6910fa82cbc29d5aeff96a9?s=96&r=g","url":"https:\/\/secure.gravatar.com\/avatar\/35c33393ceb4fe674dba7b66cedc9d7e2054cb83b6910fa82cbc29d5aeff96a9?s=96&r=g","contentUrl":"https:\/\/secure.gravatar.com\/avatar\/35c33393ceb4fe674dba7b66cedc9d7e2054cb83b6910fa82cbc29d5aeff96a9?s=96&r=g","caption":"Bo Rudolfsson"},"sameAs":["http:\/\/www.borudolfsson.se"],"url":"https:\/\/wp.kristdemokraterna.se\/borudolfsson\/author\/borudolfsson\/"}]}},"_links":{"self":[{"href":"https:\/\/wp.kristdemokraterna.se\/borudolfsson\/wp-json\/wp\/v2\/posts\/160","targetHints":{"allow":["GET"]}}],"collection":[{"href":"https:\/\/wp.kristdemokraterna.se\/borudolfsson\/wp-json\/wp\/v2\/posts"}],"about":[{"href":"https:\/\/wp.kristdemokraterna.se\/borudolfsson\/wp-json\/wp\/v2\/types\/post"}],"author":[{"embeddable":true,"href":"https:\/\/wp.kristdemokraterna.se\/borudolfsson\/wp-json\/wp\/v2\/users\/553"}],"replies":[{"embeddable":true,"href":"https:\/\/wp.kristdemokraterna.se\/borudolfsson\/wp-json\/wp\/v2\/comments?post=160"}],"version-history":[{"count":1,"href":"https:\/\/wp.kristdemokraterna.se\/borudolfsson\/wp-json\/wp\/v2\/posts\/160\/revisions"}],"predecessor-version":[{"id":161,"href":"https:\/\/wp.kristdemokraterna.se\/borudolfsson\/wp-json\/wp\/v2\/posts\/160\/revisions\/161"}],"wp:attachment":[{"href":"https:\/\/wp.kristdemokraterna.se\/borudolfsson\/wp-json\/wp\/v2\/media?parent=160"}],"wp:term":[{"taxonomy":"category","embeddable":true,"href":"https:\/\/wp.kristdemokraterna.se\/borudolfsson\/wp-json\/wp\/v2\/categories?post=160"},{"taxonomy":"post_tag","embeddable":true,"href":"https:\/\/wp.kristdemokraterna.se\/borudolfsson\/wp-json\/wp\/v2\/tags?post=160"}],"curies":[{"name":"wp","href":"https:\/\/api.w.org\/{rel}","templated":true}]}}