{"id":163,"date":"2021-04-22T14:04:30","date_gmt":"2021-04-22T12:04:30","guid":{"rendered":"https:\/\/wp.kristdemokraterna.se\/borudolfsson\/?p=163"},"modified":"2021-05-05T10:01:14","modified_gmt":"2021-05-05T08:01:14","slug":"hur-kristet-ar-kd","status":"publish","type":"post","link":"https:\/\/wp.kristdemokraterna.se\/borudolfsson\/hur-kristet-ar-kd\/","title":{"rendered":"Hur kristet \u00e4r KD?"},"content":{"rendered":"<p>&#8221;L\u00f6ftena kunna ej svika&#8221; &#8211; s\u00e5 l\u00e5ter det i psalmen av pingspastor Lewi Pethrus som 1964 startade \u00a0Kristdemokratisk samling, numera Kristdemokraterna, KD.<br \/>\nMen hur \u00e4r det idag &#8211; st\u00e5r l\u00f6ftena till de kristna k\u00e4rnv\u00e4ljarna kvar? St\u00e4mmer den h\u00e5rda migrationspolitiken med de kristna v\u00e4rderingarna och vart \u00e4r partiledningen p\u00e5 v\u00e4g?<br \/>\nM\u00e4nniskor och tro m\u00f6ter v\u00e4ljare, politiker och analytiker som ger sin bild av KD:s ideologiska v\u00e4gval.<br \/>\nM\u00e4nniskor och tro i P1 torsdag den 22 april kl.14.03, l\u00f6rdag den 24 april kl. 17.00 och som podd onsdag den 21 april kl. 15.00<\/p>\n<p>Klicka p\u00e5 denna <a href=\"https:\/\/sverigesradio.se\/avsnitt\/1710792\">l\u00e4nk<\/a> f\u00f6r att lyssna!<\/p>\n<p><strong>Programledare: \u00c5sa Furuhagen<\/strong><br \/>\n<strong>Producent: \u00dclk\u00fc Holago och Edgar Mannheimer<\/strong><br \/>\n<strong>Reporter: Christine Fullman<\/strong><img loading=\"lazy\" decoding=\"async\" class=\"alignnone size-large wp-image-164\" src=\"http:\/\/wp.kristdemokraterna.se\/borudolfsson\/files\/2021\/05\/bo-r-manniskor-och-tro-540x304.jpg\" alt=\"\" width=\"540\" height=\"304\" srcset=\"https:\/\/wp.kristdemokraterna.se\/borudolfsson\/files\/2021\/05\/bo-r-manniskor-och-tro-540x304.jpg 540w, https:\/\/wp.kristdemokraterna.se\/borudolfsson\/files\/2021\/05\/bo-r-manniskor-och-tro-300x169.jpg 300w, https:\/\/wp.kristdemokraterna.se\/borudolfsson\/files\/2021\/05\/bo-r-manniskor-och-tro-768x432.jpg 768w, https:\/\/wp.kristdemokraterna.se\/borudolfsson\/files\/2021\/05\/bo-r-manniskor-och-tro-576x324.jpg 576w, https:\/\/wp.kristdemokraterna.se\/borudolfsson\/files\/2021\/05\/bo-r-manniskor-och-tro-186x105.jpg 186w, https:\/\/wp.kristdemokraterna.se\/borudolfsson\/files\/2021\/05\/bo-r-manniskor-och-tro.jpg 1200w\" sizes=\"auto, (max-width: 540px) 100vw, 540px\" \/><\/p>\n","protected":false},"excerpt":{"rendered":"<p>&#8221;L\u00f6ftena kunna ej svika&#8221; &#8211; s\u00e5 l\u00e5ter det i psalmen av pingspastor Lewi Pethrus som 1964 startade \u00a0Kristdemokratisk samling, numera Kristdemokraterna, KD. Men hur \u00e4r det idag &#8211; st\u00e5r l\u00f6ftena till de kristna k\u00e4rnv\u00e4ljarna kvar? St\u00e4mmer den h\u00e5rda migrationspolitiken med de kristna v\u00e4rderingarna och vart \u00e4r partiledningen p\u00e5 v\u00e4g? M\u00e4nniskor och tro m\u00f6ter v\u00e4ljare, politiker <a class=\"read-more-link\" href=\"https:\/\/wp.kristdemokraterna.se\/borudolfsson\/hur-kristet-ar-kd\/\">Read More<\/a><\/p>\n","protected":false},"author":553,"featured_media":0,"comment_status":"closed","ping_status":"closed","sticky":false,"template":"","format":"standard","meta":{"_acf_changed":false,"footnotes":""},"categories":[1],"tags":[],"class_list":["post-163","post","type-post","status-publish","format-standard","hentry","category-okategoriserade"],"acf":[],"yoast_head":"<!-- This site is optimized with the Yoast SEO plugin v27.5 - https:\/\/yoast.com\/product\/yoast-seo-wordpress\/ -->\n<title>Hur kristet \u00e4r KD? - Bo Rudolfsson<\/title>\n<meta name=\"robots\" content=\"index, follow, max-snippet:-1, max-image-preview:large, max-video-preview:-1\" \/>\n<link rel=\"canonical\" href=\"https:\/\/wp.kristdemokraterna.se\/borudolfsson\/hur-kristet-ar-kd\/\" \/>\n<meta property=\"og:locale\" content=\"sv_SE\" \/>\n<meta property=\"og:type\" content=\"article\" \/>\n<meta property=\"og:title\" content=\"Hur kristet \u00e4r KD? - Bo Rudolfsson\" \/>\n<meta property=\"og:description\" content=\"&#8221;L\u00f6ftena kunna ej svika&#8221; &#8211; s\u00e5 l\u00e5ter det i psalmen av pingspastor Lewi Pethrus som 1964 startade \u00a0Kristdemokratisk samling, numera Kristdemokraterna, KD. Men hur \u00e4r det idag &#8211; st\u00e5r l\u00f6ftena till de kristna k\u00e4rnv\u00e4ljarna kvar? St\u00e4mmer den h\u00e5rda migrationspolitiken med de kristna v\u00e4rderingarna och vart \u00e4r partiledningen p\u00e5 v\u00e4g? M\u00e4nniskor och tro m\u00f6ter v\u00e4ljare, politiker Read More\" \/>\n<meta property=\"og:url\" content=\"https:\/\/wp.kristdemokraterna.se\/borudolfsson\/hur-kristet-ar-kd\/\" \/>\n<meta property=\"og:site_name\" content=\"Bo Rudolfsson\" \/>\n<meta property=\"article:published_time\" content=\"2021-04-22T12:04:30+00:00\" \/>\n<meta property=\"article:modified_time\" content=\"2021-05-05T08:01:14+00:00\" \/>\n<meta property=\"og:image\" content=\"http:\/\/wp.kristdemokraterna.se\/borudolfsson\/files\/2021\/05\/bo-r-manniskor-och-tro-540x304.jpg\" \/>\n<meta name=\"author\" content=\"Bo Rudolfsson\" \/>\n<meta name=\"twitter:card\" content=\"summary_large_image\" \/>\n<meta name=\"twitter:label1\" content=\"Skriven av\" \/>\n\t<meta name=\"twitter:data1\" content=\"Bo Rudolfsson\" \/>\n\t<meta name=\"twitter:label2\" content=\"Ber\u00e4knad l\u00e4stid\" \/>\n\t<meta name=\"twitter:data2\" content=\"1 minut\" \/>\n<script type=\"application\/ld+json\" class=\"yoast-schema-graph\">{\"@context\":\"https:\\\/\\\/schema.org\",\"@graph\":[{\"@type\":\"Article\",\"@id\":\"https:\\\/\\\/wp.kristdemokraterna.se\\\/borudolfsson\\\/hur-kristet-ar-kd\\\/#article\",\"isPartOf\":{\"@id\":\"https:\\\/\\\/wp.kristdemokraterna.se\\\/borudolfsson\\\/hur-kristet-ar-kd\\\/\"},\"author\":{\"name\":\"Bo Rudolfsson\",\"@id\":\"https:\\\/\\\/wp.kristdemokraterna.se\\\/borudolfsson\\\/#\\\/schema\\\/person\\\/24bd3ec12cbbf60a27647cfe70200ed4\"},\"headline\":\"Hur kristet \u00e4r KD?\",\"datePublished\":\"2021-04-22T12:04:30+00:00\",\"dateModified\":\"2021-05-05T08:01:14+00:00\",\"mainEntityOfPage\":{\"@id\":\"https:\\\/\\\/wp.kristdemokraterna.se\\\/borudolfsson\\\/hur-kristet-ar-kd\\\/\"},\"wordCount\":126,\"image\":{\"@id\":\"https:\\\/\\\/wp.kristdemokraterna.se\\\/borudolfsson\\\/hur-kristet-ar-kd\\\/#primaryimage\"},\"thumbnailUrl\":\"http:\\\/\\\/wp.kristdemokraterna.se\\\/borudolfsson\\\/files\\\/2021\\\/05\\\/bo-r-manniskor-och-tro-540x304.jpg\",\"inLanguage\":\"sv-SE\"},{\"@type\":\"WebPage\",\"@id\":\"https:\\\/\\\/wp.kristdemokraterna.se\\\/borudolfsson\\\/hur-kristet-ar-kd\\\/\",\"url\":\"https:\\\/\\\/wp.kristdemokraterna.se\\\/borudolfsson\\\/hur-kristet-ar-kd\\\/\",\"name\":\"Hur kristet \u00e4r KD? - Bo Rudolfsson\",\"isPartOf\":{\"@id\":\"https:\\\/\\\/wp.kristdemokraterna.se\\\/borudolfsson\\\/#website\"},\"primaryImageOfPage\":{\"@id\":\"https:\\\/\\\/wp.kristdemokraterna.se\\\/borudolfsson\\\/hur-kristet-ar-kd\\\/#primaryimage\"},\"image\":{\"@id\":\"https:\\\/\\\/wp.kristdemokraterna.se\\\/borudolfsson\\\/hur-kristet-ar-kd\\\/#primaryimage\"},\"thumbnailUrl\":\"http:\\\/\\\/wp.kristdemokraterna.se\\\/borudolfsson\\\/files\\\/2021\\\/05\\\/bo-r-manniskor-och-tro-540x304.jpg\",\"datePublished\":\"2021-04-22T12:04:30+00:00\",\"dateModified\":\"2021-05-05T08:01:14+00:00\",\"author\":{\"@id\":\"https:\\\/\\\/wp.kristdemokraterna.se\\\/borudolfsson\\\/#\\\/schema\\\/person\\\/24bd3ec12cbbf60a27647cfe70200ed4\"},\"breadcrumb\":{\"@id\":\"https:\\\/\\\/wp.kristdemokraterna.se\\\/borudolfsson\\\/hur-kristet-ar-kd\\\/#breadcrumb\"},\"inLanguage\":\"sv-SE\",\"potentialAction\":[{\"@type\":\"ReadAction\",\"target\":[\"https:\\\/\\\/wp.kristdemokraterna.se\\\/borudolfsson\\\/hur-kristet-ar-kd\\\/\"]}]},{\"@type\":\"ImageObject\",\"inLanguage\":\"sv-SE\",\"@id\":\"https:\\\/\\\/wp.kristdemokraterna.se\\\/borudolfsson\\\/hur-kristet-ar-kd\\\/#primaryimage\",\"url\":\"http:\\\/\\\/wp.kristdemokraterna.se\\\/borudolfsson\\\/files\\\/2021\\\/05\\\/bo-r-manniskor-och-tro-540x304.jpg\",\"contentUrl\":\"http:\\\/\\\/wp.kristdemokraterna.se\\\/borudolfsson\\\/files\\\/2021\\\/05\\\/bo-r-manniskor-och-tro-540x304.jpg\"},{\"@type\":\"BreadcrumbList\",\"@id\":\"https:\\\/\\\/wp.kristdemokraterna.se\\\/borudolfsson\\\/hur-kristet-ar-kd\\\/#breadcrumb\",\"itemListElement\":[{\"@type\":\"ListItem\",\"position\":1,\"name\":\"Hem\",\"item\":\"https:\\\/\\\/wp.kristdemokraterna.se\\\/borudolfsson\\\/\"},{\"@type\":\"ListItem\",\"position\":2,\"name\":\"Hur kristet \u00e4r KD?\"}]},{\"@type\":\"WebSite\",\"@id\":\"https:\\\/\\\/wp.kristdemokraterna.se\\\/borudolfsson\\\/#website\",\"url\":\"https:\\\/\\\/wp.kristdemokraterna.se\\\/borudolfsson\\\/\",\"name\":\"Bo Rudolfsson\",\"description\":\"Ett b\u00e4ttre Lax\u00e5 - och Sverige!\",\"inLanguage\":\"sv-SE\"},{\"@type\":\"Person\",\"@id\":\"https:\\\/\\\/wp.kristdemokraterna.se\\\/borudolfsson\\\/#\\\/schema\\\/person\\\/24bd3ec12cbbf60a27647cfe70200ed4\",\"name\":\"Bo Rudolfsson\",\"image\":{\"@type\":\"ImageObject\",\"inLanguage\":\"sv-SE\",\"@id\":\"https:\\\/\\\/secure.gravatar.com\\\/avatar\\\/35c33393ceb4fe674dba7b66cedc9d7e2054cb83b6910fa82cbc29d5aeff96a9?s=96&r=g\",\"url\":\"https:\\\/\\\/secure.gravatar.com\\\/avatar\\\/35c33393ceb4fe674dba7b66cedc9d7e2054cb83b6910fa82cbc29d5aeff96a9?s=96&r=g\",\"contentUrl\":\"https:\\\/\\\/secure.gravatar.com\\\/avatar\\\/35c33393ceb4fe674dba7b66cedc9d7e2054cb83b6910fa82cbc29d5aeff96a9?s=96&r=g\",\"caption\":\"Bo Rudolfsson\"},\"sameAs\":[\"http:\\\/\\\/www.borudolfsson.se\"],\"url\":\"https:\\\/\\\/wp.kristdemokraterna.se\\\/borudolfsson\\\/author\\\/borudolfsson\\\/\"}]}<\/script>\n<!-- \/ Yoast SEO plugin. -->","yoast_head_json":{"title":"Hur kristet \u00e4r KD? - Bo Rudolfsson","robots":{"index":"index","follow":"follow","max-snippet":"max-snippet:-1","max-image-preview":"max-image-preview:large","max-video-preview":"max-video-preview:-1"},"canonical":"https:\/\/wp.kristdemokraterna.se\/borudolfsson\/hur-kristet-ar-kd\/","og_locale":"sv_SE","og_type":"article","og_title":"Hur kristet \u00e4r KD? - Bo Rudolfsson","og_description":"&#8221;L\u00f6ftena kunna ej svika&#8221; &#8211; s\u00e5 l\u00e5ter det i psalmen av pingspastor Lewi Pethrus som 1964 startade \u00a0Kristdemokratisk samling, numera Kristdemokraterna, KD. Men hur \u00e4r det idag &#8211; st\u00e5r l\u00f6ftena till de kristna k\u00e4rnv\u00e4ljarna kvar? St\u00e4mmer den h\u00e5rda migrationspolitiken med de kristna v\u00e4rderingarna och vart \u00e4r partiledningen p\u00e5 v\u00e4g? M\u00e4nniskor och tro m\u00f6ter v\u00e4ljare, politiker Read More","og_url":"https:\/\/wp.kristdemokraterna.se\/borudolfsson\/hur-kristet-ar-kd\/","og_site_name":"Bo Rudolfsson","article_published_time":"2021-04-22T12:04:30+00:00","article_modified_time":"2021-05-05T08:01:14+00:00","og_image":[{"url":"http:\/\/wp.kristdemokraterna.se\/borudolfsson\/files\/2021\/05\/bo-r-manniskor-och-tro-540x304.jpg","type":"","width":"","height":""}],"author":"Bo Rudolfsson","twitter_card":"summary_large_image","twitter_misc":{"Skriven av":"Bo Rudolfsson","Ber\u00e4knad l\u00e4stid":"1 minut"},"schema":{"@context":"https:\/\/schema.org","@graph":[{"@type":"Article","@id":"https:\/\/wp.kristdemokraterna.se\/borudolfsson\/hur-kristet-ar-kd\/#article","isPartOf":{"@id":"https:\/\/wp.kristdemokraterna.se\/borudolfsson\/hur-kristet-ar-kd\/"},"author":{"name":"Bo Rudolfsson","@id":"https:\/\/wp.kristdemokraterna.se\/borudolfsson\/#\/schema\/person\/24bd3ec12cbbf60a27647cfe70200ed4"},"headline":"Hur kristet \u00e4r KD?","datePublished":"2021-04-22T12:04:30+00:00","dateModified":"2021-05-05T08:01:14+00:00","mainEntityOfPage":{"@id":"https:\/\/wp.kristdemokraterna.se\/borudolfsson\/hur-kristet-ar-kd\/"},"wordCount":126,"image":{"@id":"https:\/\/wp.kristdemokraterna.se\/borudolfsson\/hur-kristet-ar-kd\/#primaryimage"},"thumbnailUrl":"http:\/\/wp.kristdemokraterna.se\/borudolfsson\/files\/2021\/05\/bo-r-manniskor-och-tro-540x304.jpg","inLanguage":"sv-SE"},{"@type":"WebPage","@id":"https:\/\/wp.kristdemokraterna.se\/borudolfsson\/hur-kristet-ar-kd\/","url":"https:\/\/wp.kristdemokraterna.se\/borudolfsson\/hur-kristet-ar-kd\/","name":"Hur kristet \u00e4r KD? - Bo Rudolfsson","isPartOf":{"@id":"https:\/\/wp.kristdemokraterna.se\/borudolfsson\/#website"},"primaryImageOfPage":{"@id":"https:\/\/wp.kristdemokraterna.se\/borudolfsson\/hur-kristet-ar-kd\/#primaryimage"},"image":{"@id":"https:\/\/wp.kristdemokraterna.se\/borudolfsson\/hur-kristet-ar-kd\/#primaryimage"},"thumbnailUrl":"http:\/\/wp.kristdemokraterna.se\/borudolfsson\/files\/2021\/05\/bo-r-manniskor-och-tro-540x304.jpg","datePublished":"2021-04-22T12:04:30+00:00","dateModified":"2021-05-05T08:01:14+00:00","author":{"@id":"https:\/\/wp.kristdemokraterna.se\/borudolfsson\/#\/schema\/person\/24bd3ec12cbbf60a27647cfe70200ed4"},"breadcrumb":{"@id":"https:\/\/wp.kristdemokraterna.se\/borudolfsson\/hur-kristet-ar-kd\/#breadcrumb"},"inLanguage":"sv-SE","potentialAction":[{"@type":"ReadAction","target":["https:\/\/wp.kristdemokraterna.se\/borudolfsson\/hur-kristet-ar-kd\/"]}]},{"@type":"ImageObject","inLanguage":"sv-SE","@id":"https:\/\/wp.kristdemokraterna.se\/borudolfsson\/hur-kristet-ar-kd\/#primaryimage","url":"http:\/\/wp.kristdemokraterna.se\/borudolfsson\/files\/2021\/05\/bo-r-manniskor-och-tro-540x304.jpg","contentUrl":"http:\/\/wp.kristdemokraterna.se\/borudolfsson\/files\/2021\/05\/bo-r-manniskor-och-tro-540x304.jpg"},{"@type":"BreadcrumbList","@id":"https:\/\/wp.kristdemokraterna.se\/borudolfsson\/hur-kristet-ar-kd\/#breadcrumb","itemListElement":[{"@type":"ListItem","position":1,"name":"Hem","item":"https:\/\/wp.kristdemokraterna.se\/borudolfsson\/"},{"@type":"ListItem","position":2,"name":"Hur kristet \u00e4r KD?"}]},{"@type":"WebSite","@id":"https:\/\/wp.kristdemokraterna.se\/borudolfsson\/#website","url":"https:\/\/wp.kristdemokraterna.se\/borudolfsson\/","name":"Bo Rudolfsson","description":"Ett b\u00e4ttre Lax\u00e5 - och Sverige!","inLanguage":"sv-SE"},{"@type":"Person","@id":"https:\/\/wp.kristdemokraterna.se\/borudolfsson\/#\/schema\/person\/24bd3ec12cbbf60a27647cfe70200ed4","name":"Bo Rudolfsson","image":{"@type":"ImageObject","inLanguage":"sv-SE","@id":"https:\/\/secure.gravatar.com\/avatar\/35c33393ceb4fe674dba7b66cedc9d7e2054cb83b6910fa82cbc29d5aeff96a9?s=96&r=g","url":"https:\/\/secure.gravatar.com\/avatar\/35c33393ceb4fe674dba7b66cedc9d7e2054cb83b6910fa82cbc29d5aeff96a9?s=96&r=g","contentUrl":"https:\/\/secure.gravatar.com\/avatar\/35c33393ceb4fe674dba7b66cedc9d7e2054cb83b6910fa82cbc29d5aeff96a9?s=96&r=g","caption":"Bo Rudolfsson"},"sameAs":["http:\/\/www.borudolfsson.se"],"url":"https:\/\/wp.kristdemokraterna.se\/borudolfsson\/author\/borudolfsson\/"}]}},"_links":{"self":[{"href":"https:\/\/wp.kristdemokraterna.se\/borudolfsson\/wp-json\/wp\/v2\/posts\/163","targetHints":{"allow":["GET"]}}],"collection":[{"href":"https:\/\/wp.kristdemokraterna.se\/borudolfsson\/wp-json\/wp\/v2\/posts"}],"about":[{"href":"https:\/\/wp.kristdemokraterna.se\/borudolfsson\/wp-json\/wp\/v2\/types\/post"}],"author":[{"embeddable":true,"href":"https:\/\/wp.kristdemokraterna.se\/borudolfsson\/wp-json\/wp\/v2\/users\/553"}],"replies":[{"embeddable":true,"href":"https:\/\/wp.kristdemokraterna.se\/borudolfsson\/wp-json\/wp\/v2\/comments?post=163"}],"version-history":[{"count":1,"href":"https:\/\/wp.kristdemokraterna.se\/borudolfsson\/wp-json\/wp\/v2\/posts\/163\/revisions"}],"predecessor-version":[{"id":165,"href":"https:\/\/wp.kristdemokraterna.se\/borudolfsson\/wp-json\/wp\/v2\/posts\/163\/revisions\/165"}],"wp:attachment":[{"href":"https:\/\/wp.kristdemokraterna.se\/borudolfsson\/wp-json\/wp\/v2\/media?parent=163"}],"wp:term":[{"taxonomy":"category","embeddable":true,"href":"https:\/\/wp.kristdemokraterna.se\/borudolfsson\/wp-json\/wp\/v2\/categories?post=163"},{"taxonomy":"post_tag","embeddable":true,"href":"https:\/\/wp.kristdemokraterna.se\/borudolfsson\/wp-json\/wp\/v2\/tags?post=163"}],"curies":[{"name":"wp","href":"https:\/\/api.w.org\/{rel}","templated":true}]}}