{"id":63,"date":"2013-11-27T13:58:57","date_gmt":"2013-11-27T12:58:57","guid":{"rendered":"http:\/\/wp.kristdemokraterna.se\/borudolfsson\/?p=63"},"modified":"2013-11-27T13:59:57","modified_gmt":"2013-11-27T12:59:57","slug":"debattartikel-om-lanspendel-nora-laxa","status":"publish","type":"post","link":"https:\/\/wp.kristdemokraterna.se\/borudolfsson\/debattartikel-om-lanspendel-nora-laxa\/","title":{"rendered":"Debattartikel om L\u00e4nspendel Nora &#8211; Lax\u00e5"},"content":{"rendered":"<p><a href=\"http:\/\/wp.kristdemokraterna.se\/laxa\/files\/2013\/10\/Debattartikel_L\u00e4nspendel5.pdf\"><img loading=\"lazy\" decoding=\"async\" class=\"alignnone\" alt=\"\" src=\"http:\/\/wp.kristdemokraterna.se\/laxa\/files\/2013\/10\/Debattartikel_Lanspendel6-540x383.jpg\" width=\"540\" height=\"383\" \/><\/a><br \/>\nIag (2013-10-29) hade Bo Rudolfsson, Lax\u00e5 (KD) och Tom Rymoen, Nora (M) en debattartikel inf\u00f6rd i Nerikes Allehanda f\u00f6r en snabbare inf\u00f6rande av en L\u00e4nspendel mellan Nora och Lax\u00e5.<\/p>\n<p>Under hela 2013 har \u00d6rebro L\u00e4ns Landsting\u00a0haft en \u201dt\u00e5ggrupp\u201d som tr\u00e4ffats ganska oregelbundet f\u00f6r att samtala och planera f\u00f6r L\u00e4nspendeln. Tyv\u00e4rr var det senaste m\u00f6tet med gruppen n\u00e5gon g\u00e5ng f\u00f6re sommaren \u2013 s\u00e5 arbetet beh\u00f6ver p\u00e5skyndas f\u00f6r att komma fram till en l\u00f6sning p\u00e5 fr\u00e5gan om en L\u00e4nspendel mellan Nora och Lax\u00e5 (Finner\u00f6dja).\u00a0 Klicka <a href=\"http:\/\/wp.kristdemokraterna.se\/laxa\/files\/2013\/10\/Debattartikel_L\u00e4nspendel5.pdf\">h\u00e4r<\/a> f\u00f6r att l\u00e4sa debattartikeln<\/p>\n","protected":false},"excerpt":{"rendered":"<p>Iag (2013-10-29) hade Bo Rudolfsson, Lax\u00e5 (KD) och Tom Rymoen, Nora (M) en debattartikel inf\u00f6rd i Nerikes Allehanda f\u00f6r en snabbare inf\u00f6rande av en L\u00e4nspendel mellan Nora och Lax\u00e5. Under hela 2013 har \u00d6rebro L\u00e4ns Landsting\u00a0haft en \u201dt\u00e5ggrupp\u201d som tr\u00e4ffats ganska oregelbundet f\u00f6r att samtala och planera f\u00f6r L\u00e4nspendeln. Tyv\u00e4rr var det senaste m\u00f6tet med <a class=\"read-more-link\" href=\"https:\/\/wp.kristdemokraterna.se\/borudolfsson\/debattartikel-om-lanspendel-nora-laxa\/\">Read More<\/a><\/p>\n","protected":false},"author":553,"featured_media":0,"comment_status":"open","ping_status":"open","sticky":false,"template":"","format":"standard","meta":{"_acf_changed":false,"footnotes":""},"categories":[1],"tags":[],"class_list":["post-63","post","type-post","status-publish","format-standard","hentry","category-okategoriserade"],"acf":[],"yoast_head":"<!-- This site is optimized with the Yoast SEO plugin v27.4 - https:\/\/yoast.com\/product\/yoast-seo-wordpress\/ -->\n<title>Debattartikel om L\u00e4nspendel Nora - Lax\u00e5 - Bo Rudolfsson<\/title>\n<meta name=\"robots\" content=\"index, follow, max-snippet:-1, max-image-preview:large, max-video-preview:-1\" \/>\n<link rel=\"canonical\" href=\"https:\/\/wp.kristdemokraterna.se\/borudolfsson\/debattartikel-om-lanspendel-nora-laxa\/\" \/>\n<meta property=\"og:locale\" content=\"sv_SE\" \/>\n<meta property=\"og:type\" content=\"article\" \/>\n<meta property=\"og:title\" content=\"Debattartikel om L\u00e4nspendel Nora - Lax\u00e5 - Bo Rudolfsson\" \/>\n<meta property=\"og:description\" content=\"Iag (2013-10-29) hade Bo Rudolfsson, Lax\u00e5 (KD) och Tom Rymoen, Nora (M) en debattartikel inf\u00f6rd i Nerikes Allehanda f\u00f6r en snabbare inf\u00f6rande av en L\u00e4nspendel mellan Nora och Lax\u00e5. Under hela 2013 har \u00d6rebro L\u00e4ns Landsting\u00a0haft en \u201dt\u00e5ggrupp\u201d som tr\u00e4ffats ganska oregelbundet f\u00f6r att samtala och planera f\u00f6r L\u00e4nspendeln. Tyv\u00e4rr var det senaste m\u00f6tet med Read More\" \/>\n<meta property=\"og:url\" content=\"https:\/\/wp.kristdemokraterna.se\/borudolfsson\/debattartikel-om-lanspendel-nora-laxa\/\" \/>\n<meta property=\"og:site_name\" content=\"Bo Rudolfsson\" \/>\n<meta property=\"article:published_time\" content=\"2013-11-27T12:58:57+00:00\" \/>\n<meta property=\"article:modified_time\" content=\"2013-11-27T12:59:57+00:00\" \/>\n<meta property=\"og:image\" content=\"http:\/\/wp.kristdemokraterna.se\/laxa\/files\/2013\/10\/Debattartikel_Lanspendel6-540x383.jpg\" \/>\n<meta name=\"author\" content=\"Bo Rudolfsson\" \/>\n<meta name=\"twitter:card\" content=\"summary_large_image\" \/>\n<meta name=\"twitter:label1\" content=\"Skriven av\" \/>\n\t<meta name=\"twitter:data1\" content=\"Bo Rudolfsson\" \/>\n\t<meta name=\"twitter:label2\" content=\"Ber\u00e4knad l\u00e4stid\" \/>\n\t<meta name=\"twitter:data2\" content=\"1 minut\" \/>\n<script type=\"application\/ld+json\" class=\"yoast-schema-graph\">{\"@context\":\"https:\\\/\\\/schema.org\",\"@graph\":[{\"@type\":\"Article\",\"@id\":\"https:\\\/\\\/wp.kristdemokraterna.se\\\/borudolfsson\\\/debattartikel-om-lanspendel-nora-laxa\\\/#article\",\"isPartOf\":{\"@id\":\"https:\\\/\\\/wp.kristdemokraterna.se\\\/borudolfsson\\\/debattartikel-om-lanspendel-nora-laxa\\\/\"},\"author\":{\"name\":\"Bo Rudolfsson\",\"@id\":\"https:\\\/\\\/wp.kristdemokraterna.se\\\/borudolfsson\\\/#\\\/schema\\\/person\\\/24bd3ec12cbbf60a27647cfe70200ed4\"},\"headline\":\"Debattartikel om L\u00e4nspendel Nora &#8211; Lax\u00e5\",\"datePublished\":\"2013-11-27T12:58:57+00:00\",\"dateModified\":\"2013-11-27T12:59:57+00:00\",\"mainEntityOfPage\":{\"@id\":\"https:\\\/\\\/wp.kristdemokraterna.se\\\/borudolfsson\\\/debattartikel-om-lanspendel-nora-laxa\\\/\"},\"wordCount\":120,\"commentCount\":0,\"image\":{\"@id\":\"https:\\\/\\\/wp.kristdemokraterna.se\\\/borudolfsson\\\/debattartikel-om-lanspendel-nora-laxa\\\/#primaryimage\"},\"thumbnailUrl\":\"http:\\\/\\\/wp.kristdemokraterna.se\\\/laxa\\\/files\\\/2013\\\/10\\\/Debattartikel_Lanspendel6-540x383.jpg\",\"inLanguage\":\"sv-SE\"},{\"@type\":\"WebPage\",\"@id\":\"https:\\\/\\\/wp.kristdemokraterna.se\\\/borudolfsson\\\/debattartikel-om-lanspendel-nora-laxa\\\/\",\"url\":\"https:\\\/\\\/wp.kristdemokraterna.se\\\/borudolfsson\\\/debattartikel-om-lanspendel-nora-laxa\\\/\",\"name\":\"Debattartikel om L\u00e4nspendel Nora - Lax\u00e5 - Bo Rudolfsson\",\"isPartOf\":{\"@id\":\"https:\\\/\\\/wp.kristdemokraterna.se\\\/borudolfsson\\\/#website\"},\"primaryImageOfPage\":{\"@id\":\"https:\\\/\\\/wp.kristdemokraterna.se\\\/borudolfsson\\\/debattartikel-om-lanspendel-nora-laxa\\\/#primaryimage\"},\"image\":{\"@id\":\"https:\\\/\\\/wp.kristdemokraterna.se\\\/borudolfsson\\\/debattartikel-om-lanspendel-nora-laxa\\\/#primaryimage\"},\"thumbnailUrl\":\"http:\\\/\\\/wp.kristdemokraterna.se\\\/laxa\\\/files\\\/2013\\\/10\\\/Debattartikel_Lanspendel6-540x383.jpg\",\"datePublished\":\"2013-11-27T12:58:57+00:00\",\"dateModified\":\"2013-11-27T12:59:57+00:00\",\"author\":{\"@id\":\"https:\\\/\\\/wp.kristdemokraterna.se\\\/borudolfsson\\\/#\\\/schema\\\/person\\\/24bd3ec12cbbf60a27647cfe70200ed4\"},\"breadcrumb\":{\"@id\":\"https:\\\/\\\/wp.kristdemokraterna.se\\\/borudolfsson\\\/debattartikel-om-lanspendel-nora-laxa\\\/#breadcrumb\"},\"inLanguage\":\"sv-SE\",\"potentialAction\":[{\"@type\":\"ReadAction\",\"target\":[\"https:\\\/\\\/wp.kristdemokraterna.se\\\/borudolfsson\\\/debattartikel-om-lanspendel-nora-laxa\\\/\"]}]},{\"@type\":\"ImageObject\",\"inLanguage\":\"sv-SE\",\"@id\":\"https:\\\/\\\/wp.kristdemokraterna.se\\\/borudolfsson\\\/debattartikel-om-lanspendel-nora-laxa\\\/#primaryimage\",\"url\":\"http:\\\/\\\/wp.kristdemokraterna.se\\\/laxa\\\/files\\\/2013\\\/10\\\/Debattartikel_Lanspendel6-540x383.jpg\",\"contentUrl\":\"http:\\\/\\\/wp.kristdemokraterna.se\\\/laxa\\\/files\\\/2013\\\/10\\\/Debattartikel_Lanspendel6-540x383.jpg\"},{\"@type\":\"BreadcrumbList\",\"@id\":\"https:\\\/\\\/wp.kristdemokraterna.se\\\/borudolfsson\\\/debattartikel-om-lanspendel-nora-laxa\\\/#breadcrumb\",\"itemListElement\":[{\"@type\":\"ListItem\",\"position\":1,\"name\":\"Hem\",\"item\":\"https:\\\/\\\/wp.kristdemokraterna.se\\\/borudolfsson\\\/\"},{\"@type\":\"ListItem\",\"position\":2,\"name\":\"Debattartikel om L\u00e4nspendel Nora &#8211; Lax\u00e5\"}]},{\"@type\":\"WebSite\",\"@id\":\"https:\\\/\\\/wp.kristdemokraterna.se\\\/borudolfsson\\\/#website\",\"url\":\"https:\\\/\\\/wp.kristdemokraterna.se\\\/borudolfsson\\\/\",\"name\":\"Bo Rudolfsson\",\"description\":\"Ett b\u00e4ttre Lax\u00e5 - och Sverige!\",\"inLanguage\":\"sv-SE\"},{\"@type\":\"Person\",\"@id\":\"https:\\\/\\\/wp.kristdemokraterna.se\\\/borudolfsson\\\/#\\\/schema\\\/person\\\/24bd3ec12cbbf60a27647cfe70200ed4\",\"name\":\"Bo Rudolfsson\",\"image\":{\"@type\":\"ImageObject\",\"inLanguage\":\"sv-SE\",\"@id\":\"https:\\\/\\\/secure.gravatar.com\\\/avatar\\\/35c33393ceb4fe674dba7b66cedc9d7e2054cb83b6910fa82cbc29d5aeff96a9?s=96&r=g\",\"url\":\"https:\\\/\\\/secure.gravatar.com\\\/avatar\\\/35c33393ceb4fe674dba7b66cedc9d7e2054cb83b6910fa82cbc29d5aeff96a9?s=96&r=g\",\"contentUrl\":\"https:\\\/\\\/secure.gravatar.com\\\/avatar\\\/35c33393ceb4fe674dba7b66cedc9d7e2054cb83b6910fa82cbc29d5aeff96a9?s=96&r=g\",\"caption\":\"Bo Rudolfsson\"},\"sameAs\":[\"http:\\\/\\\/www.borudolfsson.se\"],\"url\":\"https:\\\/\\\/wp.kristdemokraterna.se\\\/borudolfsson\\\/author\\\/borudolfsson\\\/\"}]}<\/script>\n<!-- \/ Yoast SEO plugin. -->","yoast_head_json":{"title":"Debattartikel om L\u00e4nspendel Nora - Lax\u00e5 - Bo Rudolfsson","robots":{"index":"index","follow":"follow","max-snippet":"max-snippet:-1","max-image-preview":"max-image-preview:large","max-video-preview":"max-video-preview:-1"},"canonical":"https:\/\/wp.kristdemokraterna.se\/borudolfsson\/debattartikel-om-lanspendel-nora-laxa\/","og_locale":"sv_SE","og_type":"article","og_title":"Debattartikel om L\u00e4nspendel Nora - Lax\u00e5 - Bo Rudolfsson","og_description":"Iag (2013-10-29) hade Bo Rudolfsson, Lax\u00e5 (KD) och Tom Rymoen, Nora (M) en debattartikel inf\u00f6rd i Nerikes Allehanda f\u00f6r en snabbare inf\u00f6rande av en L\u00e4nspendel mellan Nora och Lax\u00e5. Under hela 2013 har \u00d6rebro L\u00e4ns Landsting\u00a0haft en \u201dt\u00e5ggrupp\u201d som tr\u00e4ffats ganska oregelbundet f\u00f6r att samtala och planera f\u00f6r L\u00e4nspendeln. Tyv\u00e4rr var det senaste m\u00f6tet med Read More","og_url":"https:\/\/wp.kristdemokraterna.se\/borudolfsson\/debattartikel-om-lanspendel-nora-laxa\/","og_site_name":"Bo Rudolfsson","article_published_time":"2013-11-27T12:58:57+00:00","article_modified_time":"2013-11-27T12:59:57+00:00","og_image":[{"url":"http:\/\/wp.kristdemokraterna.se\/laxa\/files\/2013\/10\/Debattartikel_Lanspendel6-540x383.jpg","type":"","width":"","height":""}],"author":"Bo Rudolfsson","twitter_card":"summary_large_image","twitter_misc":{"Skriven av":"Bo Rudolfsson","Ber\u00e4knad l\u00e4stid":"1 minut"},"schema":{"@context":"https:\/\/schema.org","@graph":[{"@type":"Article","@id":"https:\/\/wp.kristdemokraterna.se\/borudolfsson\/debattartikel-om-lanspendel-nora-laxa\/#article","isPartOf":{"@id":"https:\/\/wp.kristdemokraterna.se\/borudolfsson\/debattartikel-om-lanspendel-nora-laxa\/"},"author":{"name":"Bo Rudolfsson","@id":"https:\/\/wp.kristdemokraterna.se\/borudolfsson\/#\/schema\/person\/24bd3ec12cbbf60a27647cfe70200ed4"},"headline":"Debattartikel om L\u00e4nspendel Nora &#8211; Lax\u00e5","datePublished":"2013-11-27T12:58:57+00:00","dateModified":"2013-11-27T12:59:57+00:00","mainEntityOfPage":{"@id":"https:\/\/wp.kristdemokraterna.se\/borudolfsson\/debattartikel-om-lanspendel-nora-laxa\/"},"wordCount":120,"commentCount":0,"image":{"@id":"https:\/\/wp.kristdemokraterna.se\/borudolfsson\/debattartikel-om-lanspendel-nora-laxa\/#primaryimage"},"thumbnailUrl":"http:\/\/wp.kristdemokraterna.se\/laxa\/files\/2013\/10\/Debattartikel_Lanspendel6-540x383.jpg","inLanguage":"sv-SE"},{"@type":"WebPage","@id":"https:\/\/wp.kristdemokraterna.se\/borudolfsson\/debattartikel-om-lanspendel-nora-laxa\/","url":"https:\/\/wp.kristdemokraterna.se\/borudolfsson\/debattartikel-om-lanspendel-nora-laxa\/","name":"Debattartikel om L\u00e4nspendel Nora - Lax\u00e5 - Bo Rudolfsson","isPartOf":{"@id":"https:\/\/wp.kristdemokraterna.se\/borudolfsson\/#website"},"primaryImageOfPage":{"@id":"https:\/\/wp.kristdemokraterna.se\/borudolfsson\/debattartikel-om-lanspendel-nora-laxa\/#primaryimage"},"image":{"@id":"https:\/\/wp.kristdemokraterna.se\/borudolfsson\/debattartikel-om-lanspendel-nora-laxa\/#primaryimage"},"thumbnailUrl":"http:\/\/wp.kristdemokraterna.se\/laxa\/files\/2013\/10\/Debattartikel_Lanspendel6-540x383.jpg","datePublished":"2013-11-27T12:58:57+00:00","dateModified":"2013-11-27T12:59:57+00:00","author":{"@id":"https:\/\/wp.kristdemokraterna.se\/borudolfsson\/#\/schema\/person\/24bd3ec12cbbf60a27647cfe70200ed4"},"breadcrumb":{"@id":"https:\/\/wp.kristdemokraterna.se\/borudolfsson\/debattartikel-om-lanspendel-nora-laxa\/#breadcrumb"},"inLanguage":"sv-SE","potentialAction":[{"@type":"ReadAction","target":["https:\/\/wp.kristdemokraterna.se\/borudolfsson\/debattartikel-om-lanspendel-nora-laxa\/"]}]},{"@type":"ImageObject","inLanguage":"sv-SE","@id":"https:\/\/wp.kristdemokraterna.se\/borudolfsson\/debattartikel-om-lanspendel-nora-laxa\/#primaryimage","url":"http:\/\/wp.kristdemokraterna.se\/laxa\/files\/2013\/10\/Debattartikel_Lanspendel6-540x383.jpg","contentUrl":"http:\/\/wp.kristdemokraterna.se\/laxa\/files\/2013\/10\/Debattartikel_Lanspendel6-540x383.jpg"},{"@type":"BreadcrumbList","@id":"https:\/\/wp.kristdemokraterna.se\/borudolfsson\/debattartikel-om-lanspendel-nora-laxa\/#breadcrumb","itemListElement":[{"@type":"ListItem","position":1,"name":"Hem","item":"https:\/\/wp.kristdemokraterna.se\/borudolfsson\/"},{"@type":"ListItem","position":2,"name":"Debattartikel om L\u00e4nspendel Nora &#8211; Lax\u00e5"}]},{"@type":"WebSite","@id":"https:\/\/wp.kristdemokraterna.se\/borudolfsson\/#website","url":"https:\/\/wp.kristdemokraterna.se\/borudolfsson\/","name":"Bo Rudolfsson","description":"Ett b\u00e4ttre Lax\u00e5 - och Sverige!","inLanguage":"sv-SE"},{"@type":"Person","@id":"https:\/\/wp.kristdemokraterna.se\/borudolfsson\/#\/schema\/person\/24bd3ec12cbbf60a27647cfe70200ed4","name":"Bo Rudolfsson","image":{"@type":"ImageObject","inLanguage":"sv-SE","@id":"https:\/\/secure.gravatar.com\/avatar\/35c33393ceb4fe674dba7b66cedc9d7e2054cb83b6910fa82cbc29d5aeff96a9?s=96&r=g","url":"https:\/\/secure.gravatar.com\/avatar\/35c33393ceb4fe674dba7b66cedc9d7e2054cb83b6910fa82cbc29d5aeff96a9?s=96&r=g","contentUrl":"https:\/\/secure.gravatar.com\/avatar\/35c33393ceb4fe674dba7b66cedc9d7e2054cb83b6910fa82cbc29d5aeff96a9?s=96&r=g","caption":"Bo Rudolfsson"},"sameAs":["http:\/\/www.borudolfsson.se"],"url":"https:\/\/wp.kristdemokraterna.se\/borudolfsson\/author\/borudolfsson\/"}]}},"_links":{"self":[{"href":"https:\/\/wp.kristdemokraterna.se\/borudolfsson\/wp-json\/wp\/v2\/posts\/63","targetHints":{"allow":["GET"]}}],"collection":[{"href":"https:\/\/wp.kristdemokraterna.se\/borudolfsson\/wp-json\/wp\/v2\/posts"}],"about":[{"href":"https:\/\/wp.kristdemokraterna.se\/borudolfsson\/wp-json\/wp\/v2\/types\/post"}],"author":[{"embeddable":true,"href":"https:\/\/wp.kristdemokraterna.se\/borudolfsson\/wp-json\/wp\/v2\/users\/553"}],"replies":[{"embeddable":true,"href":"https:\/\/wp.kristdemokraterna.se\/borudolfsson\/wp-json\/wp\/v2\/comments?post=63"}],"version-history":[{"count":2,"href":"https:\/\/wp.kristdemokraterna.se\/borudolfsson\/wp-json\/wp\/v2\/posts\/63\/revisions"}],"predecessor-version":[{"id":65,"href":"https:\/\/wp.kristdemokraterna.se\/borudolfsson\/wp-json\/wp\/v2\/posts\/63\/revisions\/65"}],"wp:attachment":[{"href":"https:\/\/wp.kristdemokraterna.se\/borudolfsson\/wp-json\/wp\/v2\/media?parent=63"}],"wp:term":[{"taxonomy":"category","embeddable":true,"href":"https:\/\/wp.kristdemokraterna.se\/borudolfsson\/wp-json\/wp\/v2\/categories?post=63"},{"taxonomy":"post_tag","embeddable":true,"href":"https:\/\/wp.kristdemokraterna.se\/borudolfsson\/wp-json\/wp\/v2\/tags?post=63"}],"curies":[{"name":"wp","href":"https:\/\/api.w.org\/{rel}","templated":true}]}}