{"id":575,"date":"2018-11-16T12:59:39","date_gmt":"2018-11-16T11:59:39","guid":{"rendered":"http:\/\/wp.kristdemokraterna.se\/botkyrka\/?p=575"},"modified":"2018-11-16T13:33:04","modified_gmt":"2018-11-16T12:33:04","slug":"budget-2019","status":"publish","type":"post","link":"https:\/\/wp.kristdemokraterna.se\/botkyrka\/budget-2019\/","title":{"rendered":"Budget 2019"},"content":{"rendered":"<p><strong>Vi i Mittenmajoriteten (S, KD, MP, L och C) presenterar nu v\u00e5r f\u00f6rsta gemensamma budget, f\u00f6r utvecklingen av Botkyrka. I budget f\u00f6r 2019, med plan till 2022, startar ett arbete med fokus p\u00e5 att utveckla v\u00e4lf\u00e4rden, skolan och omsorgen och att bygga det h\u00e5llbara Botkyrka. Samtidigt startar ett arbete med att se igenom hela den kommunala organisationen och p\u00e5b\u00f6rjar f\u00f6rberedelserna f\u00f6r ny politik f\u00f6r Botkyrka.<\/strong><!--more--><\/p>\n<p>Vi i Mittenmajoritetet t\u00e4nker ta till vara p\u00e5 den positiva utvecklingsprocess som precis startat i Botkyrka och ta tag i Botkyrkas st\u00f6rsta utmaningar. Arbetet b\u00f6rjar med budget f\u00f6r 2019 med plan f\u00f6r 2020-2022. Vi drar ig\u00e5ng flera satsningar och parallellt startar en noggrann genomlysning av v\u00e5ra verksamheter. Vi kommer vara benh\u00e5rda i v\u00e5ra prioriteringar f\u00f6r att ta tag i skolan, omsorgens, tryggheten och milj\u00f6ns utmaningar.<\/p>\n<p>Det ekonomiska l\u00e4get f\u00f6r Sveriges kommuner \u00e4r sv\u00e5rt. Vi t\u00e4nker vara benh\u00e5rda i v\u00e5ra prioriteringar och l\u00e4gga pengar p\u00e5 skola och omsorg.<\/p>\n<p><strong>Skolan<\/strong><\/p>\n<p>Skolan utg\u00f6r 50% av budgeten f\u00f6r 2019. Mittenmajoriteten ser utmaningarna med st\u00f6k i klassrummen och att det \u00e4r f\u00f6r f\u00e5 l\u00e4rare och vuxna i skolan. D\u00e4rf\u00f6r l\u00e4ggs skarpa uppdrag om att skapa ordning och reda i klassrummet samt om hur vi ska kunna anst\u00e4lla fler vuxna i skolan. Ut\u00f6ver det f\u00f6rst\u00e4rks skolans arbete med att krossa skolsegregationen.<\/p>\n<p>Alla barn ska lyckas i skolan, ingen ska hamna efter f\u00f6r att vissa skolor har sv\u00e5rare att rekrytera de b\u00e4sta l\u00e4rarna. D\u00e4rf\u00f6r kraftsamlar vi f\u00f6r att krossa skolsegregationen och satsar 7 miljoner p\u00e5 de skolor med st\u00f6rsta utmaningar att rekrytera.<\/p>\n<p><strong>Omsorgen<\/strong><\/p>\n<p>Botkyrkabornas omsorg \u00e4r ocks\u00e5 under utveckling. Vi i Mittenmajoriteten har p\u00e5b\u00f6rjat ett arbete med att skapa mer valfrihet i omsorgen med privata alternativ. Ut\u00f6ver det ska chefer f\u00e5 mer tid att jobba med kvaliteten och d\u00e4rf\u00f6r satsar vi extra p\u00e5 deras l\u00f6ner. Ut\u00f6ver det s\u00e5 p\u00e5b\u00f6rjas arbetet med att ha spr\u00e5kkrav och att f\u00f6rst\u00e4rka de anst\u00e4lldas svenskkunskaper s\u00e5 att ingen ska k\u00e4nna oro f\u00f6r att de inte blir f\u00f6rst\u00e5dda.<\/p>\n<p><strong>Trygghet<\/strong><\/p>\n<p>Att den \u00f6ppna droghandeln finns p\u00e5 v\u00e5ra gator, eller att Botkyrkabor k\u00e4nner sig otrygga \u00e4r en av Botkyrkas st\u00f6rsta utmaningar. Vi i Mittenmajoriteten tar, 2019, viktiga steg f\u00f6r att bek\u00e4mpa otryggheten. Det v\u00e5ldsf\u00f6rebyggande centret ska byggas upp, samtidigt som arbetet med att m\u00f6ta ungdomar som \u00e4r i, eller riskerar, ett kriminellt liv f\u00f6rst\u00e4rks.<\/p>\n<p>Alla ungdomar ska ha framtidstro. D\u00e4rf\u00f6r ska ingen ungdom g\u00e5 utan jobb eller rekryteras in i de kriminella g\u00e4ngen. Vi f\u00f6rst\u00e4rker d\u00e4rf\u00f6r v\u00e5r ungdomsgaranti, och tar nya tag med arbetet f\u00f6r gruppen unga-vuxna. M\u00e5let med arbetet \u00e4r att minska kriminaliteten och att det inte ska finnas s\u00e4rskilt utsatta omr\u00e5den i Botkyrka.<\/p>\n<p><strong>Flytta hemifr\u00e5n<\/strong><\/p>\n<p>Vi \u00e4r ocks\u00e5 \u00f6verens om att forts\u00e4tta arbetet med att f\u00f6rnya Botkyrkas stadsdelar. 8000 bost\u00e4der ska byggas till \u00e5r 2024 i blandade former s\u00e5 att alla Botkyrkabor ska kunna hitta ett hem, \u00e4ven f\u00f6r de som vill k\u00f6pa en bostad.<\/p>\n<p>I Budget f\u00f6r 2019 tas ocks\u00e5 de f\u00f6rsta stegen f\u00f6r att man i Botkyrka ska garanteras en f\u00f6rsta bostad att flytta hemifr\u00e5n till, en flytta-hemifr\u00e5n-garanti.<\/p>\n<p><strong>Milj\u00f6<\/strong><\/p>\n<p>Milj\u00f6- och klimatfr\u00e5gorna blir allt mer akuta b\u00e5de globalt och lokalt. Vi ska se till att Botkyrka v\u00e4xer h\u00e5llbart, med goda f\u00f6ruts\u00e4ttningar f\u00f6r h\u00e5llbart resande, rekreation i stadsn\u00e4ra natur och med rent vatten i kommunens sj\u00f6ar och vattendrag. Vi ska d\u00e4rf\u00f6r utreda inr\u00e4ttandet av ett naturreservat vid Norsborgs strandskog, ta fram ett s\u00e4rskilt milj\u00f6m\u00e5l f\u00f6r vattenfr\u00e5gan och en strategi f\u00f6r mer n\u00e4rodlad och n\u00e4rproducerad mat i kommunens verksamheter.<\/p>\n<p><strong>\u00a0<\/strong><strong>Tydliga prioriteringar beh\u00f6vs<\/strong><\/p>\n<p>F\u00f6r oss i Mittenmajoriteten kommer fokus att ligga p\u00e5 v\u00e4lf\u00e4rdens k\u00e4rna, skolan och omsorgen, samtidigt som vi ska utveckla v\u00e5ra stadsdelar. F\u00f6r att skolan och omsorgen ska kunna prioriteras startar vi ett \u00e4n skarpare arbete med att prioritera vilka verksamheter som ska finnas, hur stor administration kommunen ska ha, samt hitta effektivare arbetss\u00e4tt att jobba p\u00e5. Botkyrkabornas skattepengar ska anv\u00e4ndas p\u00e5 absolut b\u00e4sta s\u00e4tt.<\/p>\n<p>L\u00e4s mer om detaljerna om v\u00e5ra satsningar i bildspelet d\u00e4r vi f\u00f6rklarar mer:<\/p>\n<p><a href=\"http:\/\/wp.kristdemokraterna.se\/botkyrka\/files\/2018\/11\/budget-2019-002.pdf\">Bildspel Budget 2019 <\/a><\/p>\n<p>&nbsp;<\/p>\n<p><strong><em>\/\/ <\/em><\/strong><\/p>\n<p><strong><em>Mittenmajoritetens gruppledare<\/em><\/strong><\/p>\n<p><strong><em>Ebba \u00d6stlin (S)<\/em><\/strong><\/p>\n<p><strong><em>Stefan Dayne (Kd)<\/em><\/strong><\/p>\n<p><strong><em>Myrna Persson (Mp)<\/em><\/strong><\/p>\n<p><strong><em>Lars Johansson (L)<\/em><\/strong><\/p>\n<p><strong><em>Dag Ahlse (C) <\/em><\/strong><\/p>\n","protected":false},"excerpt":{"rendered":"<p>Vi i Mittenmajoriteten (S, KD, MP, L och C) presenterar nu v\u00e5r f\u00f6rsta gemensamma budget, f\u00f6r utvecklingen av Botkyrka. I budget f\u00f6r 2019, med plan till 2022, startar ett arbete med fokus p\u00e5 att utveckla v\u00e4lf\u00e4rden, skolan och omsorgen och att bygga det h\u00e5llbara Botkyrka. Samtidigt startar ett arbete med att se igenom hela den <a class=\"read-more-link\" href=\"https:\/\/wp.kristdemokraterna.se\/botkyrka\/budget-2019\/\">Read More<\/a><\/p>\n","protected":false},"author":467,"featured_media":584,"comment_status":"closed","ping_status":"closed","sticky":false,"template":"","format":"standard","meta":{"_acf_changed":false,"footnotes":""},"categories":[1],"tags":[],"class_list":["post-575","post","type-post","status-publish","format-standard","hentry","category-okategoriserade"],"acf":[],"yoast_head":"<!-- This site is optimized with the Yoast SEO plugin v27.4 - https:\/\/yoast.com\/product\/yoast-seo-wordpress\/ -->\n<title>Budget 2019 - Botkyrka<\/title>\n<meta name=\"robots\" content=\"index, follow, max-snippet:-1, max-image-preview:large, max-video-preview:-1\" \/>\n<link rel=\"canonical\" href=\"https:\/\/wp.kristdemokraterna.se\/botkyrka\/budget-2019\/\" \/>\n<meta property=\"og:locale\" content=\"sv_SE\" \/>\n<meta property=\"og:type\" content=\"article\" \/>\n<meta property=\"og:title\" content=\"Budget 2019 - Botkyrka\" \/>\n<meta property=\"og:description\" content=\"Vi i Mittenmajoriteten (S, KD, MP, L och C) presenterar nu v\u00e5r f\u00f6rsta gemensamma budget, f\u00f6r utvecklingen av Botkyrka. I budget f\u00f6r 2019, med plan till 2022, startar ett arbete med fokus p\u00e5 att utveckla v\u00e4lf\u00e4rden, skolan och omsorgen och att bygga det h\u00e5llbara Botkyrka. Samtidigt startar ett arbete med att se igenom hela den Read More\" \/>\n<meta property=\"og:url\" content=\"https:\/\/wp.kristdemokraterna.se\/botkyrka\/budget-2019\/\" \/>\n<meta property=\"og:site_name\" content=\"Botkyrka\" \/>\n<meta property=\"article:published_time\" content=\"2018-11-16T11:59:39+00:00\" \/>\n<meta property=\"article:modified_time\" content=\"2018-11-16T12:33:04+00:00\" \/>\n<meta property=\"og:image\" content=\"https:\/\/wp.kristdemokraterna.se\/botkyrka\/files\/2018\/11\/bild-m-logga.jpg\" \/>\n\t<meta property=\"og:image:width\" content=\"940\" \/>\n\t<meta property=\"og:image:height\" content=\"788\" \/>\n\t<meta property=\"og:image:type\" content=\"image\/jpeg\" \/>\n<meta name=\"author\" content=\"botkyrka\" \/>\n<meta name=\"twitter:card\" content=\"summary_large_image\" \/>\n<meta name=\"twitter:label1\" content=\"Skriven av\" \/>\n\t<meta name=\"twitter:data1\" content=\"botkyrka\" \/>\n\t<meta name=\"twitter:label2\" content=\"Ber\u00e4knad l\u00e4stid\" \/>\n\t<meta name=\"twitter:data2\" content=\"4 minuter\" \/>\n<script type=\"application\/ld+json\" class=\"yoast-schema-graph\">{\"@context\":\"https:\\\/\\\/schema.org\",\"@graph\":[{\"@type\":\"Article\",\"@id\":\"https:\\\/\\\/wp.kristdemokraterna.se\\\/botkyrka\\\/budget-2019\\\/#article\",\"isPartOf\":{\"@id\":\"https:\\\/\\\/wp.kristdemokraterna.se\\\/botkyrka\\\/budget-2019\\\/\"},\"author\":{\"name\":\"botkyrka\",\"@id\":\"https:\\\/\\\/wp.kristdemokraterna.se\\\/botkyrka\\\/#\\\/schema\\\/person\\\/1a01d6ad86e5b7f64cf915d634e76da7\"},\"headline\":\"Budget 2019\",\"datePublished\":\"2018-11-16T11:59:39+00:00\",\"dateModified\":\"2018-11-16T12:33:04+00:00\",\"mainEntityOfPage\":{\"@id\":\"https:\\\/\\\/wp.kristdemokraterna.se\\\/botkyrka\\\/budget-2019\\\/\"},\"wordCount\":790,\"image\":{\"@id\":\"https:\\\/\\\/wp.kristdemokraterna.se\\\/botkyrka\\\/budget-2019\\\/#primaryimage\"},\"thumbnailUrl\":\"https:\\\/\\\/wp.kristdemokraterna.se\\\/botkyrka\\\/files\\\/2018\\\/11\\\/bild-m-logga.jpg\",\"inLanguage\":\"sv-SE\"},{\"@type\":\"WebPage\",\"@id\":\"https:\\\/\\\/wp.kristdemokraterna.se\\\/botkyrka\\\/budget-2019\\\/\",\"url\":\"https:\\\/\\\/wp.kristdemokraterna.se\\\/botkyrka\\\/budget-2019\\\/\",\"name\":\"Budget 2019 - Botkyrka\",\"isPartOf\":{\"@id\":\"https:\\\/\\\/wp.kristdemokraterna.se\\\/botkyrka\\\/#website\"},\"primaryImageOfPage\":{\"@id\":\"https:\\\/\\\/wp.kristdemokraterna.se\\\/botkyrka\\\/budget-2019\\\/#primaryimage\"},\"image\":{\"@id\":\"https:\\\/\\\/wp.kristdemokraterna.se\\\/botkyrka\\\/budget-2019\\\/#primaryimage\"},\"thumbnailUrl\":\"https:\\\/\\\/wp.kristdemokraterna.se\\\/botkyrka\\\/files\\\/2018\\\/11\\\/bild-m-logga.jpg\",\"datePublished\":\"2018-11-16T11:59:39+00:00\",\"dateModified\":\"2018-11-16T12:33:04+00:00\",\"author\":{\"@id\":\"https:\\\/\\\/wp.kristdemokraterna.se\\\/botkyrka\\\/#\\\/schema\\\/person\\\/1a01d6ad86e5b7f64cf915d634e76da7\"},\"breadcrumb\":{\"@id\":\"https:\\\/\\\/wp.kristdemokraterna.se\\\/botkyrka\\\/budget-2019\\\/#breadcrumb\"},\"inLanguage\":\"sv-SE\",\"potentialAction\":[{\"@type\":\"ReadAction\",\"target\":[\"https:\\\/\\\/wp.kristdemokraterna.se\\\/botkyrka\\\/budget-2019\\\/\"]}]},{\"@type\":\"ImageObject\",\"inLanguage\":\"sv-SE\",\"@id\":\"https:\\\/\\\/wp.kristdemokraterna.se\\\/botkyrka\\\/budget-2019\\\/#primaryimage\",\"url\":\"https:\\\/\\\/wp.kristdemokraterna.se\\\/botkyrka\\\/files\\\/2018\\\/11\\\/bild-m-logga.jpg\",\"contentUrl\":\"https:\\\/\\\/wp.kristdemokraterna.se\\\/botkyrka\\\/files\\\/2018\\\/11\\\/bild-m-logga.jpg\",\"width\":940,\"height\":788},{\"@type\":\"BreadcrumbList\",\"@id\":\"https:\\\/\\\/wp.kristdemokraterna.se\\\/botkyrka\\\/budget-2019\\\/#breadcrumb\",\"itemListElement\":[{\"@type\":\"ListItem\",\"position\":1,\"name\":\"Hem\",\"item\":\"https:\\\/\\\/wp.kristdemokraterna.se\\\/botkyrka\\\/\"},{\"@type\":\"ListItem\",\"position\":2,\"name\":\"Budget 2019\"}]},{\"@type\":\"WebSite\",\"@id\":\"https:\\\/\\\/wp.kristdemokraterna.se\\\/botkyrka\\\/#website\",\"url\":\"https:\\\/\\\/wp.kristdemokraterna.se\\\/botkyrka\\\/\",\"name\":\"Botkyrka\",\"description\":\"\",\"inLanguage\":\"sv-SE\"},{\"@type\":\"Person\",\"@id\":\"https:\\\/\\\/wp.kristdemokraterna.se\\\/botkyrka\\\/#\\\/schema\\\/person\\\/1a01d6ad86e5b7f64cf915d634e76da7\",\"name\":\"botkyrka\",\"image\":{\"@type\":\"ImageObject\",\"inLanguage\":\"sv-SE\",\"@id\":\"https:\\\/\\\/secure.gravatar.com\\\/avatar\\\/c1f0f7a96c49a88c1b5a6ef0e8fdfe5ec34c12a0b5db282beeb9263a417da04d?s=96&r=g\",\"url\":\"https:\\\/\\\/secure.gravatar.com\\\/avatar\\\/c1f0f7a96c49a88c1b5a6ef0e8fdfe5ec34c12a0b5db282beeb9263a417da04d?s=96&r=g\",\"contentUrl\":\"https:\\\/\\\/secure.gravatar.com\\\/avatar\\\/c1f0f7a96c49a88c1b5a6ef0e8fdfe5ec34c12a0b5db282beeb9263a417da04d?s=96&r=g\",\"caption\":\"botkyrka\"},\"url\":\"https:\\\/\\\/wp.kristdemokraterna.se\\\/botkyrka\\\/author\\\/botkyrka\\\/\"}]}<\/script>\n<!-- \/ Yoast SEO plugin. -->","yoast_head_json":{"title":"Budget 2019 - Botkyrka","robots":{"index":"index","follow":"follow","max-snippet":"max-snippet:-1","max-image-preview":"max-image-preview:large","max-video-preview":"max-video-preview:-1"},"canonical":"https:\/\/wp.kristdemokraterna.se\/botkyrka\/budget-2019\/","og_locale":"sv_SE","og_type":"article","og_title":"Budget 2019 - Botkyrka","og_description":"Vi i Mittenmajoriteten (S, KD, MP, L och C) presenterar nu v\u00e5r f\u00f6rsta gemensamma budget, f\u00f6r utvecklingen av Botkyrka. I budget f\u00f6r 2019, med plan till 2022, startar ett arbete med fokus p\u00e5 att utveckla v\u00e4lf\u00e4rden, skolan och omsorgen och att bygga det h\u00e5llbara Botkyrka. Samtidigt startar ett arbete med att se igenom hela den Read More","og_url":"https:\/\/wp.kristdemokraterna.se\/botkyrka\/budget-2019\/","og_site_name":"Botkyrka","article_published_time":"2018-11-16T11:59:39+00:00","article_modified_time":"2018-11-16T12:33:04+00:00","og_image":[{"width":940,"height":788,"url":"https:\/\/wp.kristdemokraterna.se\/botkyrka\/files\/2018\/11\/bild-m-logga.jpg","type":"image\/jpeg"}],"author":"botkyrka","twitter_card":"summary_large_image","twitter_misc":{"Skriven av":"botkyrka","Ber\u00e4knad l\u00e4stid":"4 minuter"},"schema":{"@context":"https:\/\/schema.org","@graph":[{"@type":"Article","@id":"https:\/\/wp.kristdemokraterna.se\/botkyrka\/budget-2019\/#article","isPartOf":{"@id":"https:\/\/wp.kristdemokraterna.se\/botkyrka\/budget-2019\/"},"author":{"name":"botkyrka","@id":"https:\/\/wp.kristdemokraterna.se\/botkyrka\/#\/schema\/person\/1a01d6ad86e5b7f64cf915d634e76da7"},"headline":"Budget 2019","datePublished":"2018-11-16T11:59:39+00:00","dateModified":"2018-11-16T12:33:04+00:00","mainEntityOfPage":{"@id":"https:\/\/wp.kristdemokraterna.se\/botkyrka\/budget-2019\/"},"wordCount":790,"image":{"@id":"https:\/\/wp.kristdemokraterna.se\/botkyrka\/budget-2019\/#primaryimage"},"thumbnailUrl":"https:\/\/wp.kristdemokraterna.se\/botkyrka\/files\/2018\/11\/bild-m-logga.jpg","inLanguage":"sv-SE"},{"@type":"WebPage","@id":"https:\/\/wp.kristdemokraterna.se\/botkyrka\/budget-2019\/","url":"https:\/\/wp.kristdemokraterna.se\/botkyrka\/budget-2019\/","name":"Budget 2019 - Botkyrka","isPartOf":{"@id":"https:\/\/wp.kristdemokraterna.se\/botkyrka\/#website"},"primaryImageOfPage":{"@id":"https:\/\/wp.kristdemokraterna.se\/botkyrka\/budget-2019\/#primaryimage"},"image":{"@id":"https:\/\/wp.kristdemokraterna.se\/botkyrka\/budget-2019\/#primaryimage"},"thumbnailUrl":"https:\/\/wp.kristdemokraterna.se\/botkyrka\/files\/2018\/11\/bild-m-logga.jpg","datePublished":"2018-11-16T11:59:39+00:00","dateModified":"2018-11-16T12:33:04+00:00","author":{"@id":"https:\/\/wp.kristdemokraterna.se\/botkyrka\/#\/schema\/person\/1a01d6ad86e5b7f64cf915d634e76da7"},"breadcrumb":{"@id":"https:\/\/wp.kristdemokraterna.se\/botkyrka\/budget-2019\/#breadcrumb"},"inLanguage":"sv-SE","potentialAction":[{"@type":"ReadAction","target":["https:\/\/wp.kristdemokraterna.se\/botkyrka\/budget-2019\/"]}]},{"@type":"ImageObject","inLanguage":"sv-SE","@id":"https:\/\/wp.kristdemokraterna.se\/botkyrka\/budget-2019\/#primaryimage","url":"https:\/\/wp.kristdemokraterna.se\/botkyrka\/files\/2018\/11\/bild-m-logga.jpg","contentUrl":"https:\/\/wp.kristdemokraterna.se\/botkyrka\/files\/2018\/11\/bild-m-logga.jpg","width":940,"height":788},{"@type":"BreadcrumbList","@id":"https:\/\/wp.kristdemokraterna.se\/botkyrka\/budget-2019\/#breadcrumb","itemListElement":[{"@type":"ListItem","position":1,"name":"Hem","item":"https:\/\/wp.kristdemokraterna.se\/botkyrka\/"},{"@type":"ListItem","position":2,"name":"Budget 2019"}]},{"@type":"WebSite","@id":"https:\/\/wp.kristdemokraterna.se\/botkyrka\/#website","url":"https:\/\/wp.kristdemokraterna.se\/botkyrka\/","name":"Botkyrka","description":"","inLanguage":"sv-SE"},{"@type":"Person","@id":"https:\/\/wp.kristdemokraterna.se\/botkyrka\/#\/schema\/person\/1a01d6ad86e5b7f64cf915d634e76da7","name":"botkyrka","image":{"@type":"ImageObject","inLanguage":"sv-SE","@id":"https:\/\/secure.gravatar.com\/avatar\/c1f0f7a96c49a88c1b5a6ef0e8fdfe5ec34c12a0b5db282beeb9263a417da04d?s=96&r=g","url":"https:\/\/secure.gravatar.com\/avatar\/c1f0f7a96c49a88c1b5a6ef0e8fdfe5ec34c12a0b5db282beeb9263a417da04d?s=96&r=g","contentUrl":"https:\/\/secure.gravatar.com\/avatar\/c1f0f7a96c49a88c1b5a6ef0e8fdfe5ec34c12a0b5db282beeb9263a417da04d?s=96&r=g","caption":"botkyrka"},"url":"https:\/\/wp.kristdemokraterna.se\/botkyrka\/author\/botkyrka\/"}]}},"_links":{"self":[{"href":"https:\/\/wp.kristdemokraterna.se\/botkyrka\/wp-json\/wp\/v2\/posts\/575","targetHints":{"allow":["GET"]}}],"collection":[{"href":"https:\/\/wp.kristdemokraterna.se\/botkyrka\/wp-json\/wp\/v2\/posts"}],"about":[{"href":"https:\/\/wp.kristdemokraterna.se\/botkyrka\/wp-json\/wp\/v2\/types\/post"}],"author":[{"embeddable":true,"href":"https:\/\/wp.kristdemokraterna.se\/botkyrka\/wp-json\/wp\/v2\/users\/467"}],"replies":[{"embeddable":true,"href":"https:\/\/wp.kristdemokraterna.se\/botkyrka\/wp-json\/wp\/v2\/comments?post=575"}],"version-history":[{"count":9,"href":"https:\/\/wp.kristdemokraterna.se\/botkyrka\/wp-json\/wp\/v2\/posts\/575\/revisions"}],"predecessor-version":[{"id":588,"href":"https:\/\/wp.kristdemokraterna.se\/botkyrka\/wp-json\/wp\/v2\/posts\/575\/revisions\/588"}],"wp:featuredmedia":[{"embeddable":true,"href":"https:\/\/wp.kristdemokraterna.se\/botkyrka\/wp-json\/wp\/v2\/media\/584"}],"wp:attachment":[{"href":"https:\/\/wp.kristdemokraterna.se\/botkyrka\/wp-json\/wp\/v2\/media?parent=575"}],"wp:term":[{"taxonomy":"category","embeddable":true,"href":"https:\/\/wp.kristdemokraterna.se\/botkyrka\/wp-json\/wp\/v2\/categories?post=575"},{"taxonomy":"post_tag","embeddable":true,"href":"https:\/\/wp.kristdemokraterna.se\/botkyrka\/wp-json\/wp\/v2\/tags?post=575"}],"curies":[{"name":"wp","href":"https:\/\/api.w.org\/{rel}","templated":true}]}}