{"id":589,"date":"2018-11-17T12:08:29","date_gmt":"2018-11-17T11:08:29","guid":{"rendered":"http:\/\/wp.kristdemokraterna.se\/botkyrka\/?p=589"},"modified":"2018-11-17T12:09:31","modified_gmt":"2018-11-17T11:09:31","slug":"familjecentraler-i-botkyrka","status":"publish","type":"post","link":"https:\/\/wp.kristdemokraterna.se\/botkyrka\/familjecentraler-i-botkyrka\/","title":{"rendered":"Familjecentraler i Botkyrka"},"content":{"rendered":"<p><strong>Vi kristdemokrater har under l\u00e5ng tid drivit fr\u00e5gan om att inf\u00f6ra familjecentraler i Botkyrka. Den nya Mittenmajoriteten, d\u00e4r Kristdemokraterna ing\u00e5r, l\u00e4gger nu kommunala arbetsresurser p\u00e5 att i dialog med landstinget se till att familjecentraler \u00f6ppnas i hela Botkyrka. Nu arbetar vi vidare f\u00f6r att st\u00e4rka familjerna!<\/strong><\/p>\n<p><!--more--><\/p>\n<p>F\u00f6r oss \u00e4r familjen den viktigaste gemenskapen i samh\u00e4llet. Att satsa p\u00e5 f\u00f6rebyggande insatser f\u00f6r att fr\u00e4mja h\u00e4lsa och v\u00e4lm\u00e5ende i den unga generationen \u00e4r n\u00e5got av det viktigaste samh\u00e4llet kan bist\u00e5 med.<\/p>\n<p>Familjecentralerna som samlar m\u00f6drav\u00e5rd, barnh\u00e4lsov\u00e5rd, socialtj\u00e4nst och \u00f6ppna f\u00f6rskolan under samma tak, har m\u00f6jlighet att i ett tidigt skede och p\u00e5 ett effektivt s\u00e4tt f\u00e5nga upp kontakten med utsatta familjer och vara en st\u00f6djande resurs. En stor vinst med samverkan mellan flera yrkeskategorier kring barn och barnfamiljer \u00e4r att den \u00f6kar f\u00f6rm\u00e5gan att uppt\u00e4cka och tillgodose behov av st\u00f6d.<\/p>\n","protected":false},"excerpt":{"rendered":"<p>Vi kristdemokrater har under l\u00e5ng tid drivit fr\u00e5gan om att inf\u00f6ra familjecentraler i Botkyrka. Den nya Mittenmajoriteten, d\u00e4r Kristdemokraterna ing\u00e5r, l\u00e4gger nu kommunala arbetsresurser p\u00e5 att i dialog med landstinget se till att familjecentraler \u00f6ppnas i hela Botkyrka. Nu arbetar vi vidare f\u00f6r att st\u00e4rka familjerna!<\/p>\n","protected":false},"author":467,"featured_media":590,"comment_status":"closed","ping_status":"closed","sticky":false,"template":"","format":"standard","meta":{"_acf_changed":false,"footnotes":""},"categories":[1],"tags":[],"class_list":["post-589","post","type-post","status-publish","format-standard","hentry","category-okategoriserade"],"acf":[],"yoast_head":"<!-- This site is optimized with the Yoast SEO plugin v27.4 - https:\/\/yoast.com\/product\/yoast-seo-wordpress\/ -->\n<title>Familjecentraler i Botkyrka - Botkyrka<\/title>\n<meta name=\"robots\" content=\"index, follow, max-snippet:-1, max-image-preview:large, max-video-preview:-1\" \/>\n<link rel=\"canonical\" href=\"https:\/\/wp.kristdemokraterna.se\/botkyrka\/familjecentraler-i-botkyrka\/\" \/>\n<meta property=\"og:locale\" content=\"sv_SE\" \/>\n<meta property=\"og:type\" content=\"article\" \/>\n<meta property=\"og:title\" content=\"Familjecentraler i Botkyrka - Botkyrka\" \/>\n<meta property=\"og:description\" content=\"Vi kristdemokrater har under l\u00e5ng tid drivit fr\u00e5gan om att inf\u00f6ra familjecentraler i Botkyrka. Den nya Mittenmajoriteten, d\u00e4r Kristdemokraterna ing\u00e5r, l\u00e4gger nu kommunala arbetsresurser p\u00e5 att i dialog med landstinget se till att familjecentraler \u00f6ppnas i hela Botkyrka. Nu arbetar vi vidare f\u00f6r att st\u00e4rka familjerna!\" \/>\n<meta property=\"og:url\" content=\"https:\/\/wp.kristdemokraterna.se\/botkyrka\/familjecentraler-i-botkyrka\/\" \/>\n<meta property=\"og:site_name\" content=\"Botkyrka\" \/>\n<meta property=\"article:published_time\" content=\"2018-11-17T11:08:29+00:00\" \/>\n<meta property=\"article:modified_time\" content=\"2018-11-17T11:09:31+00:00\" \/>\n<meta property=\"og:image\" content=\"https:\/\/wp.kristdemokraterna.se\/botkyrka\/files\/2018\/11\/familjecentraler-budget-rev15-.jpg\" \/>\n\t<meta property=\"og:image:width\" content=\"1046\" \/>\n\t<meta property=\"og:image:height\" content=\"720\" \/>\n\t<meta property=\"og:image:type\" content=\"image\/jpeg\" \/>\n<meta name=\"author\" content=\"botkyrka\" \/>\n<meta name=\"twitter:card\" content=\"summary_large_image\" \/>\n<meta name=\"twitter:label1\" content=\"Skriven av\" \/>\n\t<meta name=\"twitter:data1\" content=\"botkyrka\" \/>\n\t<meta name=\"twitter:label2\" content=\"Ber\u00e4knad l\u00e4stid\" \/>\n\t<meta name=\"twitter:data2\" content=\"1 minut\" \/>\n<script type=\"application\/ld+json\" class=\"yoast-schema-graph\">{\"@context\":\"https:\\\/\\\/schema.org\",\"@graph\":[{\"@type\":\"Article\",\"@id\":\"https:\\\/\\\/wp.kristdemokraterna.se\\\/botkyrka\\\/familjecentraler-i-botkyrka\\\/#article\",\"isPartOf\":{\"@id\":\"https:\\\/\\\/wp.kristdemokraterna.se\\\/botkyrka\\\/familjecentraler-i-botkyrka\\\/\"},\"author\":{\"name\":\"botkyrka\",\"@id\":\"https:\\\/\\\/wp.kristdemokraterna.se\\\/botkyrka\\\/#\\\/schema\\\/person\\\/1a01d6ad86e5b7f64cf915d634e76da7\"},\"headline\":\"Familjecentraler i Botkyrka\",\"datePublished\":\"2018-11-17T11:08:29+00:00\",\"dateModified\":\"2018-11-17T11:09:31+00:00\",\"mainEntityOfPage\":{\"@id\":\"https:\\\/\\\/wp.kristdemokraterna.se\\\/botkyrka\\\/familjecentraler-i-botkyrka\\\/\"},\"wordCount\":173,\"image\":{\"@id\":\"https:\\\/\\\/wp.kristdemokraterna.se\\\/botkyrka\\\/familjecentraler-i-botkyrka\\\/#primaryimage\"},\"thumbnailUrl\":\"https:\\\/\\\/wp.kristdemokraterna.se\\\/botkyrka\\\/files\\\/2018\\\/11\\\/familjecentraler-budget-rev15-.jpg\",\"inLanguage\":\"sv-SE\"},{\"@type\":\"WebPage\",\"@id\":\"https:\\\/\\\/wp.kristdemokraterna.se\\\/botkyrka\\\/familjecentraler-i-botkyrka\\\/\",\"url\":\"https:\\\/\\\/wp.kristdemokraterna.se\\\/botkyrka\\\/familjecentraler-i-botkyrka\\\/\",\"name\":\"Familjecentraler i Botkyrka - Botkyrka\",\"isPartOf\":{\"@id\":\"https:\\\/\\\/wp.kristdemokraterna.se\\\/botkyrka\\\/#website\"},\"primaryImageOfPage\":{\"@id\":\"https:\\\/\\\/wp.kristdemokraterna.se\\\/botkyrka\\\/familjecentraler-i-botkyrka\\\/#primaryimage\"},\"image\":{\"@id\":\"https:\\\/\\\/wp.kristdemokraterna.se\\\/botkyrka\\\/familjecentraler-i-botkyrka\\\/#primaryimage\"},\"thumbnailUrl\":\"https:\\\/\\\/wp.kristdemokraterna.se\\\/botkyrka\\\/files\\\/2018\\\/11\\\/familjecentraler-budget-rev15-.jpg\",\"datePublished\":\"2018-11-17T11:08:29+00:00\",\"dateModified\":\"2018-11-17T11:09:31+00:00\",\"author\":{\"@id\":\"https:\\\/\\\/wp.kristdemokraterna.se\\\/botkyrka\\\/#\\\/schema\\\/person\\\/1a01d6ad86e5b7f64cf915d634e76da7\"},\"breadcrumb\":{\"@id\":\"https:\\\/\\\/wp.kristdemokraterna.se\\\/botkyrka\\\/familjecentraler-i-botkyrka\\\/#breadcrumb\"},\"inLanguage\":\"sv-SE\",\"potentialAction\":[{\"@type\":\"ReadAction\",\"target\":[\"https:\\\/\\\/wp.kristdemokraterna.se\\\/botkyrka\\\/familjecentraler-i-botkyrka\\\/\"]}]},{\"@type\":\"ImageObject\",\"inLanguage\":\"sv-SE\",\"@id\":\"https:\\\/\\\/wp.kristdemokraterna.se\\\/botkyrka\\\/familjecentraler-i-botkyrka\\\/#primaryimage\",\"url\":\"https:\\\/\\\/wp.kristdemokraterna.se\\\/botkyrka\\\/files\\\/2018\\\/11\\\/familjecentraler-budget-rev15-.jpg\",\"contentUrl\":\"https:\\\/\\\/wp.kristdemokraterna.se\\\/botkyrka\\\/files\\\/2018\\\/11\\\/familjecentraler-budget-rev15-.jpg\",\"width\":1046,\"height\":720},{\"@type\":\"BreadcrumbList\",\"@id\":\"https:\\\/\\\/wp.kristdemokraterna.se\\\/botkyrka\\\/familjecentraler-i-botkyrka\\\/#breadcrumb\",\"itemListElement\":[{\"@type\":\"ListItem\",\"position\":1,\"name\":\"Hem\",\"item\":\"https:\\\/\\\/wp.kristdemokraterna.se\\\/botkyrka\\\/\"},{\"@type\":\"ListItem\",\"position\":2,\"name\":\"Familjecentraler i Botkyrka\"}]},{\"@type\":\"WebSite\",\"@id\":\"https:\\\/\\\/wp.kristdemokraterna.se\\\/botkyrka\\\/#website\",\"url\":\"https:\\\/\\\/wp.kristdemokraterna.se\\\/botkyrka\\\/\",\"name\":\"Botkyrka\",\"description\":\"\",\"inLanguage\":\"sv-SE\"},{\"@type\":\"Person\",\"@id\":\"https:\\\/\\\/wp.kristdemokraterna.se\\\/botkyrka\\\/#\\\/schema\\\/person\\\/1a01d6ad86e5b7f64cf915d634e76da7\",\"name\":\"botkyrka\",\"image\":{\"@type\":\"ImageObject\",\"inLanguage\":\"sv-SE\",\"@id\":\"https:\\\/\\\/secure.gravatar.com\\\/avatar\\\/c1f0f7a96c49a88c1b5a6ef0e8fdfe5ec34c12a0b5db282beeb9263a417da04d?s=96&r=g\",\"url\":\"https:\\\/\\\/secure.gravatar.com\\\/avatar\\\/c1f0f7a96c49a88c1b5a6ef0e8fdfe5ec34c12a0b5db282beeb9263a417da04d?s=96&r=g\",\"contentUrl\":\"https:\\\/\\\/secure.gravatar.com\\\/avatar\\\/c1f0f7a96c49a88c1b5a6ef0e8fdfe5ec34c12a0b5db282beeb9263a417da04d?s=96&r=g\",\"caption\":\"botkyrka\"},\"url\":\"https:\\\/\\\/wp.kristdemokraterna.se\\\/botkyrka\\\/author\\\/botkyrka\\\/\"}]}<\/script>\n<!-- \/ Yoast SEO plugin. -->","yoast_head_json":{"title":"Familjecentraler i Botkyrka - Botkyrka","robots":{"index":"index","follow":"follow","max-snippet":"max-snippet:-1","max-image-preview":"max-image-preview:large","max-video-preview":"max-video-preview:-1"},"canonical":"https:\/\/wp.kristdemokraterna.se\/botkyrka\/familjecentraler-i-botkyrka\/","og_locale":"sv_SE","og_type":"article","og_title":"Familjecentraler i Botkyrka - Botkyrka","og_description":"Vi kristdemokrater har under l\u00e5ng tid drivit fr\u00e5gan om att inf\u00f6ra familjecentraler i Botkyrka. Den nya Mittenmajoriteten, d\u00e4r Kristdemokraterna ing\u00e5r, l\u00e4gger nu kommunala arbetsresurser p\u00e5 att i dialog med landstinget se till att familjecentraler \u00f6ppnas i hela Botkyrka. Nu arbetar vi vidare f\u00f6r att st\u00e4rka familjerna!","og_url":"https:\/\/wp.kristdemokraterna.se\/botkyrka\/familjecentraler-i-botkyrka\/","og_site_name":"Botkyrka","article_published_time":"2018-11-17T11:08:29+00:00","article_modified_time":"2018-11-17T11:09:31+00:00","og_image":[{"width":1046,"height":720,"url":"https:\/\/wp.kristdemokraterna.se\/botkyrka\/files\/2018\/11\/familjecentraler-budget-rev15-.jpg","type":"image\/jpeg"}],"author":"botkyrka","twitter_card":"summary_large_image","twitter_misc":{"Skriven av":"botkyrka","Ber\u00e4knad l\u00e4stid":"1 minut"},"schema":{"@context":"https:\/\/schema.org","@graph":[{"@type":"Article","@id":"https:\/\/wp.kristdemokraterna.se\/botkyrka\/familjecentraler-i-botkyrka\/#article","isPartOf":{"@id":"https:\/\/wp.kristdemokraterna.se\/botkyrka\/familjecentraler-i-botkyrka\/"},"author":{"name":"botkyrka","@id":"https:\/\/wp.kristdemokraterna.se\/botkyrka\/#\/schema\/person\/1a01d6ad86e5b7f64cf915d634e76da7"},"headline":"Familjecentraler i Botkyrka","datePublished":"2018-11-17T11:08:29+00:00","dateModified":"2018-11-17T11:09:31+00:00","mainEntityOfPage":{"@id":"https:\/\/wp.kristdemokraterna.se\/botkyrka\/familjecentraler-i-botkyrka\/"},"wordCount":173,"image":{"@id":"https:\/\/wp.kristdemokraterna.se\/botkyrka\/familjecentraler-i-botkyrka\/#primaryimage"},"thumbnailUrl":"https:\/\/wp.kristdemokraterna.se\/botkyrka\/files\/2018\/11\/familjecentraler-budget-rev15-.jpg","inLanguage":"sv-SE"},{"@type":"WebPage","@id":"https:\/\/wp.kristdemokraterna.se\/botkyrka\/familjecentraler-i-botkyrka\/","url":"https:\/\/wp.kristdemokraterna.se\/botkyrka\/familjecentraler-i-botkyrka\/","name":"Familjecentraler i Botkyrka - Botkyrka","isPartOf":{"@id":"https:\/\/wp.kristdemokraterna.se\/botkyrka\/#website"},"primaryImageOfPage":{"@id":"https:\/\/wp.kristdemokraterna.se\/botkyrka\/familjecentraler-i-botkyrka\/#primaryimage"},"image":{"@id":"https:\/\/wp.kristdemokraterna.se\/botkyrka\/familjecentraler-i-botkyrka\/#primaryimage"},"thumbnailUrl":"https:\/\/wp.kristdemokraterna.se\/botkyrka\/files\/2018\/11\/familjecentraler-budget-rev15-.jpg","datePublished":"2018-11-17T11:08:29+00:00","dateModified":"2018-11-17T11:09:31+00:00","author":{"@id":"https:\/\/wp.kristdemokraterna.se\/botkyrka\/#\/schema\/person\/1a01d6ad86e5b7f64cf915d634e76da7"},"breadcrumb":{"@id":"https:\/\/wp.kristdemokraterna.se\/botkyrka\/familjecentraler-i-botkyrka\/#breadcrumb"},"inLanguage":"sv-SE","potentialAction":[{"@type":"ReadAction","target":["https:\/\/wp.kristdemokraterna.se\/botkyrka\/familjecentraler-i-botkyrka\/"]}]},{"@type":"ImageObject","inLanguage":"sv-SE","@id":"https:\/\/wp.kristdemokraterna.se\/botkyrka\/familjecentraler-i-botkyrka\/#primaryimage","url":"https:\/\/wp.kristdemokraterna.se\/botkyrka\/files\/2018\/11\/familjecentraler-budget-rev15-.jpg","contentUrl":"https:\/\/wp.kristdemokraterna.se\/botkyrka\/files\/2018\/11\/familjecentraler-budget-rev15-.jpg","width":1046,"height":720},{"@type":"BreadcrumbList","@id":"https:\/\/wp.kristdemokraterna.se\/botkyrka\/familjecentraler-i-botkyrka\/#breadcrumb","itemListElement":[{"@type":"ListItem","position":1,"name":"Hem","item":"https:\/\/wp.kristdemokraterna.se\/botkyrka\/"},{"@type":"ListItem","position":2,"name":"Familjecentraler i Botkyrka"}]},{"@type":"WebSite","@id":"https:\/\/wp.kristdemokraterna.se\/botkyrka\/#website","url":"https:\/\/wp.kristdemokraterna.se\/botkyrka\/","name":"Botkyrka","description":"","inLanguage":"sv-SE"},{"@type":"Person","@id":"https:\/\/wp.kristdemokraterna.se\/botkyrka\/#\/schema\/person\/1a01d6ad86e5b7f64cf915d634e76da7","name":"botkyrka","image":{"@type":"ImageObject","inLanguage":"sv-SE","@id":"https:\/\/secure.gravatar.com\/avatar\/c1f0f7a96c49a88c1b5a6ef0e8fdfe5ec34c12a0b5db282beeb9263a417da04d?s=96&r=g","url":"https:\/\/secure.gravatar.com\/avatar\/c1f0f7a96c49a88c1b5a6ef0e8fdfe5ec34c12a0b5db282beeb9263a417da04d?s=96&r=g","contentUrl":"https:\/\/secure.gravatar.com\/avatar\/c1f0f7a96c49a88c1b5a6ef0e8fdfe5ec34c12a0b5db282beeb9263a417da04d?s=96&r=g","caption":"botkyrka"},"url":"https:\/\/wp.kristdemokraterna.se\/botkyrka\/author\/botkyrka\/"}]}},"_links":{"self":[{"href":"https:\/\/wp.kristdemokraterna.se\/botkyrka\/wp-json\/wp\/v2\/posts\/589","targetHints":{"allow":["GET"]}}],"collection":[{"href":"https:\/\/wp.kristdemokraterna.se\/botkyrka\/wp-json\/wp\/v2\/posts"}],"about":[{"href":"https:\/\/wp.kristdemokraterna.se\/botkyrka\/wp-json\/wp\/v2\/types\/post"}],"author":[{"embeddable":true,"href":"https:\/\/wp.kristdemokraterna.se\/botkyrka\/wp-json\/wp\/v2\/users\/467"}],"replies":[{"embeddable":true,"href":"https:\/\/wp.kristdemokraterna.se\/botkyrka\/wp-json\/wp\/v2\/comments?post=589"}],"version-history":[{"count":2,"href":"https:\/\/wp.kristdemokraterna.se\/botkyrka\/wp-json\/wp\/v2\/posts\/589\/revisions"}],"predecessor-version":[{"id":592,"href":"https:\/\/wp.kristdemokraterna.se\/botkyrka\/wp-json\/wp\/v2\/posts\/589\/revisions\/592"}],"wp:featuredmedia":[{"embeddable":true,"href":"https:\/\/wp.kristdemokraterna.se\/botkyrka\/wp-json\/wp\/v2\/media\/590"}],"wp:attachment":[{"href":"https:\/\/wp.kristdemokraterna.se\/botkyrka\/wp-json\/wp\/v2\/media?parent=589"}],"wp:term":[{"taxonomy":"category","embeddable":true,"href":"https:\/\/wp.kristdemokraterna.se\/botkyrka\/wp-json\/wp\/v2\/categories?post=589"},{"taxonomy":"post_tag","embeddable":true,"href":"https:\/\/wp.kristdemokraterna.se\/botkyrka\/wp-json\/wp\/v2\/tags?post=589"}],"curies":[{"name":"wp","href":"https:\/\/api.w.org\/{rel}","templated":true}]}}