{"id":597,"date":"2019-01-21T13:41:59","date_gmt":"2019-01-21T12:41:59","guid":{"rendered":"http:\/\/wp.kristdemokraterna.se\/botkyrka\/?p=597"},"modified":"2019-01-21T13:44:06","modified_gmt":"2019-01-21T12:44:06","slug":"bostadsgaranti-for-alla-aldre-over-70-ar","status":"publish","type":"post","link":"https:\/\/wp.kristdemokraterna.se\/botkyrka\/bostadsgaranti-for-alla-aldre-over-70-ar\/","title":{"rendered":"Bostadsgaranti f\u00f6r alla \u00e4ldre \u00f6ver 70 \u00e5r"},"content":{"rendered":"<p><strong>I Botkyrka ska man kunna \u00e5ldras tryggt. Nu tills\u00e4tter mittenmajoriteten en politisk arbetsgrupp f\u00f6r att ta fram en Bostadsgaranti f\u00f6r alla \u00f6ver 70 \u00e5r i Botkyrka.<\/strong><\/p>\n<p>Botkyrka \u00e4r mitt i en stor utveckling. Mittenmajoriteten (s, kd, mp, l och c) har som ambition att st\u00e4rka denna utveckling. En viktig del \u00e4r att man i Botkyrka ska kunna hitta en bostad som passar sitt liv. Mittenmajoriteten har tidigare meddelat att vi ska skapa en bostadsgaranti f\u00f6r ungdomar i Botkyrka. Nu g\u00e5r vi vidare och meddelar att en bostadsgaranti f\u00f6r \u00e4ldre \u00f6ver 70 \u00e5r ocks\u00e5 ska tas fram.<\/p>\n<p><!--more--><\/p>\n<p>&#8211; Bostaden \u00e4r en stor trygghet. Vi vill att alla \u00e4ldre ska kunna bo i en bostad som \u00e4r anpassade efter deras behov i Botkyrka. Jag \u00e4r glad \u00f6ver att vi tillsammans i mittenmajoriteten tar p\u00e5 oss att f\u00f6rs\u00f6ka skapa en s\u00e5dan garanti, Ebba \u00d6stlin (s), kommunstyrelsens ordf\u00f6rande.<\/p>\n<p>En politisk arbetsgrupp tills\u00e4tts f\u00f6r att ta fram hur bostadsgarantin ska kunna f\u00f6rverkligas. Arbetsgruppen kommer ledas av <strong>Kristdemokraternas\u00a0Aram El Khoury.<\/strong><\/p>\n<p>&#8211; N\u00e4r man blir \u00e4ldre st\u00e4lls nya krav p\u00e5 sin bostad, antingen beh\u00f6ver man omsorg dygnet runt, mindre st\u00f6d eller bara mer s\u00e4llskap och kanske fysiskt anpassade bost\u00e4der. Jag ser fram emot att kunna presentera f\u00f6rslag p\u00e5 hur denna garanti ska kunna bli verklighet och se ut, Aram El Khoury (kd) 1:e vice ordf\u00f6rande i v\u00e5rd- och omsorgsn\u00e4mnden.<\/p>\n<p>Mittenmajoritetens ambition \u00e4r att garantin ska inneb\u00e4r att alla \u00e4ldre ska kunna f\u00e5 en bostad som \u00e4r anpassad efter sina behov. I garantin kommer flera bostads- och boendeformer involveras f\u00f6r att kunna t\u00e4cka alla de olika behov \u00e4ldre har. Lagen till\u00e5ter inte att alla \u00f6ver en viss \u00e5lder garanteras en v\u00e5rd- och omsorgsplats, d\u00e5 denna form av bostad ska vara bist\u00e5ndsbed\u00f6md utifr\u00e5n den \u00e4ldres behov. D\u00e4rf\u00f6r vill Mittenmajoriteten unders\u00f6ka hur en garanti ska kunna utformas med flera olika bostadsformer. Flera av de m\u00f6jliga bostadsformerna punktas nedan.<\/p>\n<p>M\u00e5let \u00e4r att bostadsgarantin ska inf\u00f6ras under mandatperioden 2018-2022. I uppdraget ing\u00e5r ocks\u00e5 att m\u00f6jligg\u00f6ra f\u00f6r Botkyrkabor att f\u00e5 mer spr\u00e5k\/kulturellt inriktad verksamhet p\u00e5 v\u00e5rd- och omsorgsboenden t ex genom att inf\u00f6ra avdelningar med spr\u00e5kinriktning.<\/p>\n<p>N\u00e5gra bostadsformer f\u00f6r \u00e4ldre:<br \/>\n-V\u00e5rd och omsorgsboende: Bist\u00e5ndsbed\u00f6md bostad f\u00f6r \u00e4ldre med behov av omsorg st\u00f6rre delen av dygnet.<br \/>\n-Servicehus: Bist\u00e5ndsbed\u00f6md bostad f\u00f6r \u00e4ldre med hemtj\u00e4nst och mindre behov av st\u00f6d, men behov av social gemenskap.<br \/>\n-Trygghetsbost\u00e4der: Bostad, hyresr\u00e4tt eller bostadsr\u00e4tt, anpassad f\u00f6r \u00e4ldre med gemenskapsytor och service.<br \/>\n-Seniorbost\u00e4der: Vanlig bostad som endast personer 55+ kan f\u00e5.<\/p>\n<p>Presskontakt f\u00f6r fr\u00e5gor till kommunledningen: Johannes Svensson, stabchef f\u00f6r kommunledningen, \u200bjohannes.svensson@botkyrka.se\u200b, 070-187 08 80<\/p>\n<p>&nbsp;<\/p>\n<p>&nbsp;<\/p>\n<p><img loading=\"lazy\" decoding=\"async\" class=\"alignnone size-medium wp-image-600 aligncenter\" src=\"http:\/\/wp.kristdemokraterna.se\/botkyrka\/files\/2019\/01\/mittenmajoriteten-300x103.png\" alt=\"\" width=\"300\" height=\"103\" srcset=\"https:\/\/wp.kristdemokraterna.se\/botkyrka\/files\/2019\/01\/mittenmajoriteten-300x103.png 300w, https:\/\/wp.kristdemokraterna.se\/botkyrka\/files\/2019\/01\/mittenmajoriteten-768x263.png 768w, https:\/\/wp.kristdemokraterna.se\/botkyrka\/files\/2019\/01\/mittenmajoriteten-540x185.png 540w, https:\/\/wp.kristdemokraterna.se\/botkyrka\/files\/2019\/01\/mittenmajoriteten.png 1495w\" sizes=\"auto, (max-width: 300px) 100vw, 300px\" \/><\/p>\n<p>&nbsp;<\/p>\n<p style=\"text-align: center\">\n","protected":false},"excerpt":{"rendered":"<p>I Botkyrka ska man kunna \u00e5ldras tryggt. Nu tills\u00e4tter mittenmajoriteten en politisk arbetsgrupp f\u00f6r att ta fram en Bostadsgaranti f\u00f6r alla \u00f6ver 70 \u00e5r i Botkyrka. Botkyrka \u00e4r mitt i en stor utveckling. Mittenmajoriteten (s, kd, mp, l och c) har som ambition att st\u00e4rka denna utveckling. En viktig del \u00e4r att man i Botkyrka <a class=\"read-more-link\" href=\"https:\/\/wp.kristdemokraterna.se\/botkyrka\/bostadsgaranti-for-alla-aldre-over-70-ar\/\">Read More<\/a><\/p>\n","protected":false},"author":467,"featured_media":599,"comment_status":"closed","ping_status":"closed","sticky":false,"template":"","format":"standard","meta":{"_acf_changed":false,"footnotes":""},"categories":[1],"tags":[],"class_list":["post-597","post","type-post","status-publish","format-standard","hentry","category-okategoriserade"],"acf":[],"yoast_head":"<!-- This site is optimized with the Yoast SEO plugin v27.4 - https:\/\/yoast.com\/product\/yoast-seo-wordpress\/ -->\n<title>Bostadsgaranti f\u00f6r alla \u00e4ldre \u00f6ver 70 \u00e5r - Botkyrka<\/title>\n<meta name=\"robots\" content=\"index, follow, max-snippet:-1, max-image-preview:large, max-video-preview:-1\" \/>\n<link rel=\"canonical\" href=\"https:\/\/wp.kristdemokraterna.se\/botkyrka\/bostadsgaranti-for-alla-aldre-over-70-ar\/\" \/>\n<meta property=\"og:locale\" content=\"sv_SE\" \/>\n<meta property=\"og:type\" content=\"article\" \/>\n<meta property=\"og:title\" content=\"Bostadsgaranti f\u00f6r alla \u00e4ldre \u00f6ver 70 \u00e5r - Botkyrka\" \/>\n<meta property=\"og:description\" content=\"I Botkyrka ska man kunna \u00e5ldras tryggt. Nu tills\u00e4tter mittenmajoriteten en politisk arbetsgrupp f\u00f6r att ta fram en Bostadsgaranti f\u00f6r alla \u00f6ver 70 \u00e5r i Botkyrka. Botkyrka \u00e4r mitt i en stor utveckling. Mittenmajoriteten (s, kd, mp, l och c) har som ambition att st\u00e4rka denna utveckling. En viktig del \u00e4r att man i Botkyrka Read More\" \/>\n<meta property=\"og:url\" content=\"https:\/\/wp.kristdemokraterna.se\/botkyrka\/bostadsgaranti-for-alla-aldre-over-70-ar\/\" \/>\n<meta property=\"og:site_name\" content=\"Botkyrka\" \/>\n<meta property=\"article:published_time\" content=\"2019-01-21T12:41:59+00:00\" \/>\n<meta property=\"article:modified_time\" content=\"2019-01-21T12:44:06+00:00\" \/>\n<meta property=\"og:image\" content=\"https:\/\/wp.kristdemokraterna.se\/botkyrka\/files\/2019\/01\/boendegaranti.png\" \/>\n\t<meta property=\"og:image:width\" content=\"940\" \/>\n\t<meta property=\"og:image:height\" content=\"788\" \/>\n\t<meta property=\"og:image:type\" content=\"image\/png\" \/>\n<meta name=\"author\" content=\"botkyrka\" \/>\n<meta name=\"twitter:card\" content=\"summary_large_image\" \/>\n<meta name=\"twitter:label1\" content=\"Skriven av\" \/>\n\t<meta name=\"twitter:data1\" content=\"botkyrka\" \/>\n\t<meta name=\"twitter:label2\" content=\"Ber\u00e4knad l\u00e4stid\" \/>\n\t<meta name=\"twitter:data2\" content=\"2 minuter\" \/>\n<script type=\"application\/ld+json\" class=\"yoast-schema-graph\">{\"@context\":\"https:\\\/\\\/schema.org\",\"@graph\":[{\"@type\":\"Article\",\"@id\":\"https:\\\/\\\/wp.kristdemokraterna.se\\\/botkyrka\\\/bostadsgaranti-for-alla-aldre-over-70-ar\\\/#article\",\"isPartOf\":{\"@id\":\"https:\\\/\\\/wp.kristdemokraterna.se\\\/botkyrka\\\/bostadsgaranti-for-alla-aldre-over-70-ar\\\/\"},\"author\":{\"name\":\"botkyrka\",\"@id\":\"https:\\\/\\\/wp.kristdemokraterna.se\\\/botkyrka\\\/#\\\/schema\\\/person\\\/1a01d6ad86e5b7f64cf915d634e76da7\"},\"headline\":\"Bostadsgaranti f\u00f6r alla \u00e4ldre \u00f6ver 70 \u00e5r\",\"datePublished\":\"2019-01-21T12:41:59+00:00\",\"dateModified\":\"2019-01-21T12:44:06+00:00\",\"mainEntityOfPage\":{\"@id\":\"https:\\\/\\\/wp.kristdemokraterna.se\\\/botkyrka\\\/bostadsgaranti-for-alla-aldre-over-70-ar\\\/\"},\"wordCount\":490,\"image\":{\"@id\":\"https:\\\/\\\/wp.kristdemokraterna.se\\\/botkyrka\\\/bostadsgaranti-for-alla-aldre-over-70-ar\\\/#primaryimage\"},\"thumbnailUrl\":\"https:\\\/\\\/wp.kristdemokraterna.se\\\/botkyrka\\\/files\\\/2019\\\/01\\\/boendegaranti.png\",\"inLanguage\":\"sv-SE\"},{\"@type\":\"WebPage\",\"@id\":\"https:\\\/\\\/wp.kristdemokraterna.se\\\/botkyrka\\\/bostadsgaranti-for-alla-aldre-over-70-ar\\\/\",\"url\":\"https:\\\/\\\/wp.kristdemokraterna.se\\\/botkyrka\\\/bostadsgaranti-for-alla-aldre-over-70-ar\\\/\",\"name\":\"Bostadsgaranti f\u00f6r alla \u00e4ldre \u00f6ver 70 \u00e5r - Botkyrka\",\"isPartOf\":{\"@id\":\"https:\\\/\\\/wp.kristdemokraterna.se\\\/botkyrka\\\/#website\"},\"primaryImageOfPage\":{\"@id\":\"https:\\\/\\\/wp.kristdemokraterna.se\\\/botkyrka\\\/bostadsgaranti-for-alla-aldre-over-70-ar\\\/#primaryimage\"},\"image\":{\"@id\":\"https:\\\/\\\/wp.kristdemokraterna.se\\\/botkyrka\\\/bostadsgaranti-for-alla-aldre-over-70-ar\\\/#primaryimage\"},\"thumbnailUrl\":\"https:\\\/\\\/wp.kristdemokraterna.se\\\/botkyrka\\\/files\\\/2019\\\/01\\\/boendegaranti.png\",\"datePublished\":\"2019-01-21T12:41:59+00:00\",\"dateModified\":\"2019-01-21T12:44:06+00:00\",\"author\":{\"@id\":\"https:\\\/\\\/wp.kristdemokraterna.se\\\/botkyrka\\\/#\\\/schema\\\/person\\\/1a01d6ad86e5b7f64cf915d634e76da7\"},\"breadcrumb\":{\"@id\":\"https:\\\/\\\/wp.kristdemokraterna.se\\\/botkyrka\\\/bostadsgaranti-for-alla-aldre-over-70-ar\\\/#breadcrumb\"},\"inLanguage\":\"sv-SE\",\"potentialAction\":[{\"@type\":\"ReadAction\",\"target\":[\"https:\\\/\\\/wp.kristdemokraterna.se\\\/botkyrka\\\/bostadsgaranti-for-alla-aldre-over-70-ar\\\/\"]}]},{\"@type\":\"ImageObject\",\"inLanguage\":\"sv-SE\",\"@id\":\"https:\\\/\\\/wp.kristdemokraterna.se\\\/botkyrka\\\/bostadsgaranti-for-alla-aldre-over-70-ar\\\/#primaryimage\",\"url\":\"https:\\\/\\\/wp.kristdemokraterna.se\\\/botkyrka\\\/files\\\/2019\\\/01\\\/boendegaranti.png\",\"contentUrl\":\"https:\\\/\\\/wp.kristdemokraterna.se\\\/botkyrka\\\/files\\\/2019\\\/01\\\/boendegaranti.png\",\"width\":940,\"height\":788},{\"@type\":\"BreadcrumbList\",\"@id\":\"https:\\\/\\\/wp.kristdemokraterna.se\\\/botkyrka\\\/bostadsgaranti-for-alla-aldre-over-70-ar\\\/#breadcrumb\",\"itemListElement\":[{\"@type\":\"ListItem\",\"position\":1,\"name\":\"Hem\",\"item\":\"https:\\\/\\\/wp.kristdemokraterna.se\\\/botkyrka\\\/\"},{\"@type\":\"ListItem\",\"position\":2,\"name\":\"Bostadsgaranti f\u00f6r alla \u00e4ldre \u00f6ver 70 \u00e5r\"}]},{\"@type\":\"WebSite\",\"@id\":\"https:\\\/\\\/wp.kristdemokraterna.se\\\/botkyrka\\\/#website\",\"url\":\"https:\\\/\\\/wp.kristdemokraterna.se\\\/botkyrka\\\/\",\"name\":\"Botkyrka\",\"description\":\"\",\"inLanguage\":\"sv-SE\"},{\"@type\":\"Person\",\"@id\":\"https:\\\/\\\/wp.kristdemokraterna.se\\\/botkyrka\\\/#\\\/schema\\\/person\\\/1a01d6ad86e5b7f64cf915d634e76da7\",\"name\":\"botkyrka\",\"image\":{\"@type\":\"ImageObject\",\"inLanguage\":\"sv-SE\",\"@id\":\"https:\\\/\\\/secure.gravatar.com\\\/avatar\\\/c1f0f7a96c49a88c1b5a6ef0e8fdfe5ec34c12a0b5db282beeb9263a417da04d?s=96&r=g\",\"url\":\"https:\\\/\\\/secure.gravatar.com\\\/avatar\\\/c1f0f7a96c49a88c1b5a6ef0e8fdfe5ec34c12a0b5db282beeb9263a417da04d?s=96&r=g\",\"contentUrl\":\"https:\\\/\\\/secure.gravatar.com\\\/avatar\\\/c1f0f7a96c49a88c1b5a6ef0e8fdfe5ec34c12a0b5db282beeb9263a417da04d?s=96&r=g\",\"caption\":\"botkyrka\"},\"url\":\"https:\\\/\\\/wp.kristdemokraterna.se\\\/botkyrka\\\/author\\\/botkyrka\\\/\"}]}<\/script>\n<!-- \/ Yoast SEO plugin. -->","yoast_head_json":{"title":"Bostadsgaranti f\u00f6r alla \u00e4ldre \u00f6ver 70 \u00e5r - Botkyrka","robots":{"index":"index","follow":"follow","max-snippet":"max-snippet:-1","max-image-preview":"max-image-preview:large","max-video-preview":"max-video-preview:-1"},"canonical":"https:\/\/wp.kristdemokraterna.se\/botkyrka\/bostadsgaranti-for-alla-aldre-over-70-ar\/","og_locale":"sv_SE","og_type":"article","og_title":"Bostadsgaranti f\u00f6r alla \u00e4ldre \u00f6ver 70 \u00e5r - Botkyrka","og_description":"I Botkyrka ska man kunna \u00e5ldras tryggt. Nu tills\u00e4tter mittenmajoriteten en politisk arbetsgrupp f\u00f6r att ta fram en Bostadsgaranti f\u00f6r alla \u00f6ver 70 \u00e5r i Botkyrka. Botkyrka \u00e4r mitt i en stor utveckling. Mittenmajoriteten (s, kd, mp, l och c) har som ambition att st\u00e4rka denna utveckling. En viktig del \u00e4r att man i Botkyrka Read More","og_url":"https:\/\/wp.kristdemokraterna.se\/botkyrka\/bostadsgaranti-for-alla-aldre-over-70-ar\/","og_site_name":"Botkyrka","article_published_time":"2019-01-21T12:41:59+00:00","article_modified_time":"2019-01-21T12:44:06+00:00","og_image":[{"width":940,"height":788,"url":"https:\/\/wp.kristdemokraterna.se\/botkyrka\/files\/2019\/01\/boendegaranti.png","type":"image\/png"}],"author":"botkyrka","twitter_card":"summary_large_image","twitter_misc":{"Skriven av":"botkyrka","Ber\u00e4knad l\u00e4stid":"2 minuter"},"schema":{"@context":"https:\/\/schema.org","@graph":[{"@type":"Article","@id":"https:\/\/wp.kristdemokraterna.se\/botkyrka\/bostadsgaranti-for-alla-aldre-over-70-ar\/#article","isPartOf":{"@id":"https:\/\/wp.kristdemokraterna.se\/botkyrka\/bostadsgaranti-for-alla-aldre-over-70-ar\/"},"author":{"name":"botkyrka","@id":"https:\/\/wp.kristdemokraterna.se\/botkyrka\/#\/schema\/person\/1a01d6ad86e5b7f64cf915d634e76da7"},"headline":"Bostadsgaranti f\u00f6r alla \u00e4ldre \u00f6ver 70 \u00e5r","datePublished":"2019-01-21T12:41:59+00:00","dateModified":"2019-01-21T12:44:06+00:00","mainEntityOfPage":{"@id":"https:\/\/wp.kristdemokraterna.se\/botkyrka\/bostadsgaranti-for-alla-aldre-over-70-ar\/"},"wordCount":490,"image":{"@id":"https:\/\/wp.kristdemokraterna.se\/botkyrka\/bostadsgaranti-for-alla-aldre-over-70-ar\/#primaryimage"},"thumbnailUrl":"https:\/\/wp.kristdemokraterna.se\/botkyrka\/files\/2019\/01\/boendegaranti.png","inLanguage":"sv-SE"},{"@type":"WebPage","@id":"https:\/\/wp.kristdemokraterna.se\/botkyrka\/bostadsgaranti-for-alla-aldre-over-70-ar\/","url":"https:\/\/wp.kristdemokraterna.se\/botkyrka\/bostadsgaranti-for-alla-aldre-over-70-ar\/","name":"Bostadsgaranti f\u00f6r alla \u00e4ldre \u00f6ver 70 \u00e5r - Botkyrka","isPartOf":{"@id":"https:\/\/wp.kristdemokraterna.se\/botkyrka\/#website"},"primaryImageOfPage":{"@id":"https:\/\/wp.kristdemokraterna.se\/botkyrka\/bostadsgaranti-for-alla-aldre-over-70-ar\/#primaryimage"},"image":{"@id":"https:\/\/wp.kristdemokraterna.se\/botkyrka\/bostadsgaranti-for-alla-aldre-over-70-ar\/#primaryimage"},"thumbnailUrl":"https:\/\/wp.kristdemokraterna.se\/botkyrka\/files\/2019\/01\/boendegaranti.png","datePublished":"2019-01-21T12:41:59+00:00","dateModified":"2019-01-21T12:44:06+00:00","author":{"@id":"https:\/\/wp.kristdemokraterna.se\/botkyrka\/#\/schema\/person\/1a01d6ad86e5b7f64cf915d634e76da7"},"breadcrumb":{"@id":"https:\/\/wp.kristdemokraterna.se\/botkyrka\/bostadsgaranti-for-alla-aldre-over-70-ar\/#breadcrumb"},"inLanguage":"sv-SE","potentialAction":[{"@type":"ReadAction","target":["https:\/\/wp.kristdemokraterna.se\/botkyrka\/bostadsgaranti-for-alla-aldre-over-70-ar\/"]}]},{"@type":"ImageObject","inLanguage":"sv-SE","@id":"https:\/\/wp.kristdemokraterna.se\/botkyrka\/bostadsgaranti-for-alla-aldre-over-70-ar\/#primaryimage","url":"https:\/\/wp.kristdemokraterna.se\/botkyrka\/files\/2019\/01\/boendegaranti.png","contentUrl":"https:\/\/wp.kristdemokraterna.se\/botkyrka\/files\/2019\/01\/boendegaranti.png","width":940,"height":788},{"@type":"BreadcrumbList","@id":"https:\/\/wp.kristdemokraterna.se\/botkyrka\/bostadsgaranti-for-alla-aldre-over-70-ar\/#breadcrumb","itemListElement":[{"@type":"ListItem","position":1,"name":"Hem","item":"https:\/\/wp.kristdemokraterna.se\/botkyrka\/"},{"@type":"ListItem","position":2,"name":"Bostadsgaranti f\u00f6r alla \u00e4ldre \u00f6ver 70 \u00e5r"}]},{"@type":"WebSite","@id":"https:\/\/wp.kristdemokraterna.se\/botkyrka\/#website","url":"https:\/\/wp.kristdemokraterna.se\/botkyrka\/","name":"Botkyrka","description":"","inLanguage":"sv-SE"},{"@type":"Person","@id":"https:\/\/wp.kristdemokraterna.se\/botkyrka\/#\/schema\/person\/1a01d6ad86e5b7f64cf915d634e76da7","name":"botkyrka","image":{"@type":"ImageObject","inLanguage":"sv-SE","@id":"https:\/\/secure.gravatar.com\/avatar\/c1f0f7a96c49a88c1b5a6ef0e8fdfe5ec34c12a0b5db282beeb9263a417da04d?s=96&r=g","url":"https:\/\/secure.gravatar.com\/avatar\/c1f0f7a96c49a88c1b5a6ef0e8fdfe5ec34c12a0b5db282beeb9263a417da04d?s=96&r=g","contentUrl":"https:\/\/secure.gravatar.com\/avatar\/c1f0f7a96c49a88c1b5a6ef0e8fdfe5ec34c12a0b5db282beeb9263a417da04d?s=96&r=g","caption":"botkyrka"},"url":"https:\/\/wp.kristdemokraterna.se\/botkyrka\/author\/botkyrka\/"}]}},"_links":{"self":[{"href":"https:\/\/wp.kristdemokraterna.se\/botkyrka\/wp-json\/wp\/v2\/posts\/597","targetHints":{"allow":["GET"]}}],"collection":[{"href":"https:\/\/wp.kristdemokraterna.se\/botkyrka\/wp-json\/wp\/v2\/posts"}],"about":[{"href":"https:\/\/wp.kristdemokraterna.se\/botkyrka\/wp-json\/wp\/v2\/types\/post"}],"author":[{"embeddable":true,"href":"https:\/\/wp.kristdemokraterna.se\/botkyrka\/wp-json\/wp\/v2\/users\/467"}],"replies":[{"embeddable":true,"href":"https:\/\/wp.kristdemokraterna.se\/botkyrka\/wp-json\/wp\/v2\/comments?post=597"}],"version-history":[{"count":6,"href":"https:\/\/wp.kristdemokraterna.se\/botkyrka\/wp-json\/wp\/v2\/posts\/597\/revisions"}],"predecessor-version":[{"id":605,"href":"https:\/\/wp.kristdemokraterna.se\/botkyrka\/wp-json\/wp\/v2\/posts\/597\/revisions\/605"}],"wp:featuredmedia":[{"embeddable":true,"href":"https:\/\/wp.kristdemokraterna.se\/botkyrka\/wp-json\/wp\/v2\/media\/599"}],"wp:attachment":[{"href":"https:\/\/wp.kristdemokraterna.se\/botkyrka\/wp-json\/wp\/v2\/media?parent=597"}],"wp:term":[{"taxonomy":"category","embeddable":true,"href":"https:\/\/wp.kristdemokraterna.se\/botkyrka\/wp-json\/wp\/v2\/categories?post=597"},{"taxonomy":"post_tag","embeddable":true,"href":"https:\/\/wp.kristdemokraterna.se\/botkyrka\/wp-json\/wp\/v2\/tags?post=597"}],"curies":[{"name":"wp","href":"https:\/\/api.w.org\/{rel}","templated":true}]}}