{"id":609,"date":"2019-02-14T17:42:15","date_gmt":"2019-02-14T16:42:15","guid":{"rendered":"http:\/\/wp.kristdemokraterna.se\/botkyrka\/?p=609"},"modified":"2019-02-14T17:42:15","modified_gmt":"2019-02-14T16:42:15","slug":"tyck-till-om-forslag-for-nya-centrala-tullinge","status":"publish","type":"post","link":"https:\/\/wp.kristdemokraterna.se\/botkyrka\/tyck-till-om-forslag-for-nya-centrala-tullinge\/","title":{"rendered":"Tyck till om f\u00f6rslag f\u00f6r nya centrala Tullinge"},"content":{"rendered":"<p><strong>Nu beh\u00f6vs dina \u00e5sikter om nya centrala Tullinge.<\/strong><br \/>\n<strong>Nu presenterar Mittenmajoriteten (S, KD, MP, L och C) ett f\u00f6rslag f\u00f6r den l\u00e5ngsiktiga utvecklingen av centrala Tullinge. Mellan den 4 mars och 8 april f\u00e5r alla Botkyrkabor m\u00f6jligheten att bidra med sina \u00e5sikter till kartbilden och f\u00f6rslaget.<\/strong><\/p>\n<p><!--more--><\/p>\n<p><strong>G\u00e5 in h\u00e4r<\/strong> f\u00f6r att se hela f\u00f6rslaget redan nu:\u00a0<a href=\"https:\/\/www.botkyrka.se\/arkiv\/nyhetsarkiv\/nyheter-startsida\/2019-02-14-sa-kan-nya-centrala-tullinge-se-ut.html\">https:\/\/www.botkyrka.se\/arkiv\/nyhetsarkiv\/nyheter-startsida\/2019-02-14-sa-kan-nya-centrala-tullinge-se-ut.html<\/a><\/p>\n<p><strong>Nytt centrum, ny station och mycket mer.<\/strong><br \/>\nF\u00f6rslaget presenteras i form av en \u00f6vergripande kartbild som visar p\u00e5 en l\u00e5ngsiktig utveckling av hela centrala Tullinge. F\u00f6rslaget grundar sig p\u00e5 en f\u00f6rt\u00e4tning av bost\u00e4der, parkeringshus och parkering under mark, ett nytt centrum, nytt bibliotek och en helt ny station.<\/p>\n<p>Ett nytt centrum kan utvecklas n\u00e4rmare Huddingev\u00e4gen och kan kompletteras med nya bost\u00e4der. Enligt f\u00f6rslaget planeras ett nytt torg d\u00e4r befintlig uppg\u00e5ng fr\u00e5n t\u00e5get finns idag. Torget blir en m\u00f6tesplats med uteserveringar, handel och \u00e4ven ett nytt bibliotek i anslutning.<\/p>\n<p>Stationen f\u00f6resl\u00e5s bli helt ny med perronger som ligger p\u00e5 utsidan av sp\u00e5ren s\u00e5 att stationen kan n\u00e5s utmed hela stationsomr\u00e5det. Ut\u00f6ver det f\u00f6resl\u00e5s en passage \u00f6ver sp\u00e5ret i den andra \u00e4nden av stationen.<\/p>\n<p>F\u00f6rslaget inneh\u00e5ller ocks\u00e5 bostadsbyggande f\u00f6r att f\u00f6rt\u00e4ta omr\u00e5det. Syftet \u00e4r att fler unga och \u00e4ldre ska kunna hitta en bostad som passar sitt liv i centrala Tullinge.<\/p>\n<p>Parkeringsfr\u00e5gan, f\u00f6r s\u00e5v\u00e4l bil som cykel, l\u00f6ses med tv\u00e5 stora parkeringshus samt att bost\u00e4derna ska f\u00e5 parkering under mark.<\/p>\n<p><strong>Tidplan och etapper<br \/>\n<\/strong>F\u00f6rslaget inneb\u00e4r att kommunen kommer verka f\u00f6r en utveckling i enlighet med kartan, men kommer vara beroende av att de privata mark\u00e4garna som \u00e4ger marken vill utveckla sin plats. Flera av bostadsutvecklingen \u00e4r p\u00e5 privat mark och m\u00e5ste ske p\u00e5 privat initiativ. Ansvaret f\u00f6r att utveckla stationen vilar p\u00e5 landstinget.<\/p>\n<p>Kommunen kommer ta kontakt med privata mark\u00e4gare och ha dialog med dem om de vill utveckla platsen. Man kommer ocks\u00e5 g\u00e5 in i f\u00f6rhandling med landstinget f\u00f6r att f\u00e5 till utveckling av stationen.<\/p>\n<p>F\u00f6rslaget kommer att genomf\u00f6ras under flera \u00e5r och delas upp i olika etapper. Fler etapper kan bara genomf\u00f6ras n\u00e4r f\u00f6rbifart Tullinge \u00e4r p\u00e5 plats och genomfart av bilar minskar i Tullinge. D\u00e4rf\u00f6r kommer kommunen ocks\u00e5 g\u00e5 in i skarpare f\u00f6rhandlingar med trafikverket ocks\u00e5.<\/p>\n<p><strong>Samr\u00e5d, din \u00e5sikt beh\u00f6vs!<br \/>\n<\/strong>4 mars till 8 april kommer man p\u00e5 kommunens hemsida kunna l\u00e4mna sina synpunkter p\u00e5 f\u00f6rslaget. Se till att kolla in botkyrka.se d\u00e5 och l\u00e4mna dina synpunkter.<\/p>\n<p><u>Vill du bli p\u00e5mind om n\u00e4r du kan l\u00e4mna dina synpunkter? Maila \u201cP\u00e5minnelse centrala Tullinge\u201d till <\/u><u><a href=\"mailto:johannes.svensson@botkyrka.se\">johannes.svensson@botkyrka.se<\/a><\/u><\/p>\n<p>&nbsp;<\/p>\n<p><strong>FAQ<\/strong><\/p>\n<p><strong>Vad inneb\u00e4r planen?<\/strong><br \/>\nDet \u00e4r ett f\u00f6rslag p\u00e5 en l\u00e5ngsiktig utveckling av centrala Tullinge. Det betyder att vi som kommun \u00e4r positiva till en s\u00e5dan utveckling och kommer vara med och bidra till utvecklingen. Planen s\u00e4ger inte exakt hur det kommer bli, utan \u00e4r ett f\u00f6rslag. Mycket av utvecklingen beror av privata mark\u00e4gare, av landsting och av stat. Planen \u00e4r inte bindande utan bygger p\u00e5 att dessa akt\u00f6rer vill vara med och utveckla platsen. Kommunen kommer ha samtal med privata mark\u00e4gare och g\u00e5 in i f\u00f6rhandling med landsting och trafikverk.<\/p>\n<p><strong>Var kan jag tycka till om detta?<\/strong><br \/>\nMellan 4 mars till 8 april kan du p\u00e5 kommunens hemsida l\u00e4mna dina \u00e5sikter p\u00e5 planen. Dessa \u00e5sikter kommer beaktas innan den slutgiltiga planen fastst\u00e4lls.<\/p>\n<p><strong>N\u00e4r blir kartan verklighet?<\/strong><br \/>\nDet \u00e4r en l\u00e5ngsiktig plan som m\u00e5ste ske i olika etapper. Delar av planen kommer kunna vara klara inom ett tv\u00e5 \u00e5r eller s\u00e5. Andra delar \u00e4r beroende p\u00e5 att trafikverket bygger f\u00f6rbifart Tullinge s\u00e5 att det inte blir trafikkaos kring centrum. De olika etapperna beskrivs i f\u00f6rslaget.<\/p>\n<p><strong>Hur l\u00f6ser ni parkeringarna?<\/strong><br \/>\nDet ska finnas tillr\u00e4ckligt med parkering i omr\u00e5det. Eftersom att flera ytparkeringar tas i anspr\u00e5k s\u00e5 kommer tv\u00e5 parkeringshus byggas, ett f\u00f6r infartsparkering och ett f\u00f6r boende. Det kommer ocks\u00e5 bygga parkeringar under de nya husen.<\/p>\n<p><strong>Vilka typer av bost\u00e4der blir det?<\/strong><br \/>\nKommunen vill ha en blandning. P\u00e5 kommunens mark kommer man fokusera p\u00e5 bost\u00e4der som \u00e4r anpassade f\u00f6r unga och \u00e4ldre.<\/p>\n<p><strong>Hur m\u00e5nga bost\u00e4der blir det?<\/strong><br \/>\nExakta siffror finns inte d\u00e5 detaljplanering f\u00f6r varje omr\u00e5de sker om mark\u00e4garen vill g\u00e5 vidare med byggena. Om alla omr\u00e5den blir verklighet kan det bli upp emot 1500 bost\u00e4der.<\/p>\n<p><strong>Hur bevarar ni naturen?<\/strong><br \/>\nF\u00f6rt\u00e4tningen sker inte alls i skogsomr\u00e5den. Planen bygger p\u00e5 att man ska tillg\u00e4ngligg\u00f6ra mer naturomr\u00e5den. Till exempel ska en skogspark skapas i Bansl\u00e4tt.<\/p>\n<p><strong>Hur blir det med biblioteket?<\/strong><br \/>\nI det nya centrumet planeras ett helt nytt bibliotek. I centrumet kommer ocks\u00e5 mer service, uteserveringar och liknande planeras.<\/p>\n<p><strong>Hur ser tidsplanen ut?<\/strong><br \/>\nUnder mars s\u00e5 kan Botkyrkabor l\u00e4mna sina synpunkter p\u00e5 planen. D\u00e4refter fastst\u00e4lls planen och man g\u00e5r vidare med etapp f\u00f6r etapp. Genomf\u00f6rande av hela planen \u00e4r l\u00e5ngsiktig men vissa delar kan vara klara inom n\u00e5got \u00e5r.<\/p>\n","protected":false},"excerpt":{"rendered":"<p>Nu beh\u00f6vs dina \u00e5sikter om nya centrala Tullinge. Nu presenterar Mittenmajoriteten (S, KD, MP, L och C) ett f\u00f6rslag f\u00f6r den l\u00e5ngsiktiga utvecklingen av centrala Tullinge. Mellan den 4 mars och 8 april f\u00e5r alla Botkyrkabor m\u00f6jligheten att bidra med sina \u00e5sikter till kartbilden och f\u00f6rslaget.<\/p>\n","protected":false},"author":467,"featured_media":610,"comment_status":"closed","ping_status":"closed","sticky":false,"template":"","format":"standard","meta":{"_acf_changed":false,"footnotes":""},"categories":[1],"tags":[],"class_list":["post-609","post","type-post","status-publish","format-standard","hentry","category-okategoriserade"],"acf":[],"yoast_head":"<!-- This site is optimized with the Yoast SEO plugin v27.4 - https:\/\/yoast.com\/product\/yoast-seo-wordpress\/ -->\n<title>Tyck till om f\u00f6rslag f\u00f6r nya centrala Tullinge - Botkyrka<\/title>\n<meta name=\"robots\" content=\"index, follow, max-snippet:-1, max-image-preview:large, max-video-preview:-1\" \/>\n<link rel=\"canonical\" href=\"https:\/\/wp.kristdemokraterna.se\/botkyrka\/tyck-till-om-forslag-for-nya-centrala-tullinge\/\" \/>\n<meta property=\"og:locale\" content=\"sv_SE\" \/>\n<meta property=\"og:type\" content=\"article\" \/>\n<meta property=\"og:title\" content=\"Tyck till om f\u00f6rslag f\u00f6r nya centrala Tullinge - Botkyrka\" \/>\n<meta property=\"og:description\" content=\"Nu beh\u00f6vs dina \u00e5sikter om nya centrala Tullinge. Nu presenterar Mittenmajoriteten (S, KD, MP, L och C) ett f\u00f6rslag f\u00f6r den l\u00e5ngsiktiga utvecklingen av centrala Tullinge. Mellan den 4 mars och 8 april f\u00e5r alla Botkyrkabor m\u00f6jligheten att bidra med sina \u00e5sikter till kartbilden och f\u00f6rslaget.\" \/>\n<meta property=\"og:url\" content=\"https:\/\/wp.kristdemokraterna.se\/botkyrka\/tyck-till-om-forslag-for-nya-centrala-tullinge\/\" \/>\n<meta property=\"og:site_name\" content=\"Botkyrka\" \/>\n<meta property=\"article:published_time\" content=\"2019-02-14T16:42:15+00:00\" \/>\n<meta property=\"og:image\" content=\"https:\/\/wp.kristdemokraterna.se\/botkyrka\/files\/2019\/02\/1.png\" \/>\n\t<meta property=\"og:image:width\" content=\"788\" \/>\n\t<meta property=\"og:image:height\" content=\"788\" \/>\n\t<meta property=\"og:image:type\" content=\"image\/png\" \/>\n<meta name=\"author\" content=\"botkyrka\" \/>\n<meta name=\"twitter:card\" content=\"summary_large_image\" \/>\n<meta name=\"twitter:label1\" content=\"Skriven av\" \/>\n\t<meta name=\"twitter:data1\" content=\"botkyrka\" \/>\n\t<meta name=\"twitter:label2\" content=\"Ber\u00e4knad l\u00e4stid\" \/>\n\t<meta name=\"twitter:data2\" content=\"4 minuter\" \/>\n<script type=\"application\/ld+json\" class=\"yoast-schema-graph\">{\"@context\":\"https:\\\/\\\/schema.org\",\"@graph\":[{\"@type\":\"Article\",\"@id\":\"https:\\\/\\\/wp.kristdemokraterna.se\\\/botkyrka\\\/tyck-till-om-forslag-for-nya-centrala-tullinge\\\/#article\",\"isPartOf\":{\"@id\":\"https:\\\/\\\/wp.kristdemokraterna.se\\\/botkyrka\\\/tyck-till-om-forslag-for-nya-centrala-tullinge\\\/\"},\"author\":{\"name\":\"botkyrka\",\"@id\":\"https:\\\/\\\/wp.kristdemokraterna.se\\\/botkyrka\\\/#\\\/schema\\\/person\\\/1a01d6ad86e5b7f64cf915d634e76da7\"},\"headline\":\"Tyck till om f\u00f6rslag f\u00f6r nya centrala Tullinge\",\"datePublished\":\"2019-02-14T16:42:15+00:00\",\"mainEntityOfPage\":{\"@id\":\"https:\\\/\\\/wp.kristdemokraterna.se\\\/botkyrka\\\/tyck-till-om-forslag-for-nya-centrala-tullinge\\\/\"},\"wordCount\":906,\"image\":{\"@id\":\"https:\\\/\\\/wp.kristdemokraterna.se\\\/botkyrka\\\/tyck-till-om-forslag-for-nya-centrala-tullinge\\\/#primaryimage\"},\"thumbnailUrl\":\"https:\\\/\\\/wp.kristdemokraterna.se\\\/botkyrka\\\/files\\\/2019\\\/02\\\/1.png\",\"inLanguage\":\"sv-SE\"},{\"@type\":\"WebPage\",\"@id\":\"https:\\\/\\\/wp.kristdemokraterna.se\\\/botkyrka\\\/tyck-till-om-forslag-for-nya-centrala-tullinge\\\/\",\"url\":\"https:\\\/\\\/wp.kristdemokraterna.se\\\/botkyrka\\\/tyck-till-om-forslag-for-nya-centrala-tullinge\\\/\",\"name\":\"Tyck till om f\u00f6rslag f\u00f6r nya centrala Tullinge - Botkyrka\",\"isPartOf\":{\"@id\":\"https:\\\/\\\/wp.kristdemokraterna.se\\\/botkyrka\\\/#website\"},\"primaryImageOfPage\":{\"@id\":\"https:\\\/\\\/wp.kristdemokraterna.se\\\/botkyrka\\\/tyck-till-om-forslag-for-nya-centrala-tullinge\\\/#primaryimage\"},\"image\":{\"@id\":\"https:\\\/\\\/wp.kristdemokraterna.se\\\/botkyrka\\\/tyck-till-om-forslag-for-nya-centrala-tullinge\\\/#primaryimage\"},\"thumbnailUrl\":\"https:\\\/\\\/wp.kristdemokraterna.se\\\/botkyrka\\\/files\\\/2019\\\/02\\\/1.png\",\"datePublished\":\"2019-02-14T16:42:15+00:00\",\"author\":{\"@id\":\"https:\\\/\\\/wp.kristdemokraterna.se\\\/botkyrka\\\/#\\\/schema\\\/person\\\/1a01d6ad86e5b7f64cf915d634e76da7\"},\"breadcrumb\":{\"@id\":\"https:\\\/\\\/wp.kristdemokraterna.se\\\/botkyrka\\\/tyck-till-om-forslag-for-nya-centrala-tullinge\\\/#breadcrumb\"},\"inLanguage\":\"sv-SE\",\"potentialAction\":[{\"@type\":\"ReadAction\",\"target\":[\"https:\\\/\\\/wp.kristdemokraterna.se\\\/botkyrka\\\/tyck-till-om-forslag-for-nya-centrala-tullinge\\\/\"]}]},{\"@type\":\"ImageObject\",\"inLanguage\":\"sv-SE\",\"@id\":\"https:\\\/\\\/wp.kristdemokraterna.se\\\/botkyrka\\\/tyck-till-om-forslag-for-nya-centrala-tullinge\\\/#primaryimage\",\"url\":\"https:\\\/\\\/wp.kristdemokraterna.se\\\/botkyrka\\\/files\\\/2019\\\/02\\\/1.png\",\"contentUrl\":\"https:\\\/\\\/wp.kristdemokraterna.se\\\/botkyrka\\\/files\\\/2019\\\/02\\\/1.png\",\"width\":788,\"height\":788},{\"@type\":\"BreadcrumbList\",\"@id\":\"https:\\\/\\\/wp.kristdemokraterna.se\\\/botkyrka\\\/tyck-till-om-forslag-for-nya-centrala-tullinge\\\/#breadcrumb\",\"itemListElement\":[{\"@type\":\"ListItem\",\"position\":1,\"name\":\"Hem\",\"item\":\"https:\\\/\\\/wp.kristdemokraterna.se\\\/botkyrka\\\/\"},{\"@type\":\"ListItem\",\"position\":2,\"name\":\"Tyck till om f\u00f6rslag f\u00f6r nya centrala Tullinge\"}]},{\"@type\":\"WebSite\",\"@id\":\"https:\\\/\\\/wp.kristdemokraterna.se\\\/botkyrka\\\/#website\",\"url\":\"https:\\\/\\\/wp.kristdemokraterna.se\\\/botkyrka\\\/\",\"name\":\"Botkyrka\",\"description\":\"\",\"inLanguage\":\"sv-SE\"},{\"@type\":\"Person\",\"@id\":\"https:\\\/\\\/wp.kristdemokraterna.se\\\/botkyrka\\\/#\\\/schema\\\/person\\\/1a01d6ad86e5b7f64cf915d634e76da7\",\"name\":\"botkyrka\",\"image\":{\"@type\":\"ImageObject\",\"inLanguage\":\"sv-SE\",\"@id\":\"https:\\\/\\\/secure.gravatar.com\\\/avatar\\\/c1f0f7a96c49a88c1b5a6ef0e8fdfe5ec34c12a0b5db282beeb9263a417da04d?s=96&r=g\",\"url\":\"https:\\\/\\\/secure.gravatar.com\\\/avatar\\\/c1f0f7a96c49a88c1b5a6ef0e8fdfe5ec34c12a0b5db282beeb9263a417da04d?s=96&r=g\",\"contentUrl\":\"https:\\\/\\\/secure.gravatar.com\\\/avatar\\\/c1f0f7a96c49a88c1b5a6ef0e8fdfe5ec34c12a0b5db282beeb9263a417da04d?s=96&r=g\",\"caption\":\"botkyrka\"},\"url\":\"https:\\\/\\\/wp.kristdemokraterna.se\\\/botkyrka\\\/author\\\/botkyrka\\\/\"}]}<\/script>\n<!-- \/ Yoast SEO plugin. -->","yoast_head_json":{"title":"Tyck till om f\u00f6rslag f\u00f6r nya centrala Tullinge - Botkyrka","robots":{"index":"index","follow":"follow","max-snippet":"max-snippet:-1","max-image-preview":"max-image-preview:large","max-video-preview":"max-video-preview:-1"},"canonical":"https:\/\/wp.kristdemokraterna.se\/botkyrka\/tyck-till-om-forslag-for-nya-centrala-tullinge\/","og_locale":"sv_SE","og_type":"article","og_title":"Tyck till om f\u00f6rslag f\u00f6r nya centrala Tullinge - Botkyrka","og_description":"Nu beh\u00f6vs dina \u00e5sikter om nya centrala Tullinge. Nu presenterar Mittenmajoriteten (S, KD, MP, L och C) ett f\u00f6rslag f\u00f6r den l\u00e5ngsiktiga utvecklingen av centrala Tullinge. Mellan den 4 mars och 8 april f\u00e5r alla Botkyrkabor m\u00f6jligheten att bidra med sina \u00e5sikter till kartbilden och f\u00f6rslaget.","og_url":"https:\/\/wp.kristdemokraterna.se\/botkyrka\/tyck-till-om-forslag-for-nya-centrala-tullinge\/","og_site_name":"Botkyrka","article_published_time":"2019-02-14T16:42:15+00:00","og_image":[{"width":788,"height":788,"url":"https:\/\/wp.kristdemokraterna.se\/botkyrka\/files\/2019\/02\/1.png","type":"image\/png"}],"author":"botkyrka","twitter_card":"summary_large_image","twitter_misc":{"Skriven av":"botkyrka","Ber\u00e4knad l\u00e4stid":"4 minuter"},"schema":{"@context":"https:\/\/schema.org","@graph":[{"@type":"Article","@id":"https:\/\/wp.kristdemokraterna.se\/botkyrka\/tyck-till-om-forslag-for-nya-centrala-tullinge\/#article","isPartOf":{"@id":"https:\/\/wp.kristdemokraterna.se\/botkyrka\/tyck-till-om-forslag-for-nya-centrala-tullinge\/"},"author":{"name":"botkyrka","@id":"https:\/\/wp.kristdemokraterna.se\/botkyrka\/#\/schema\/person\/1a01d6ad86e5b7f64cf915d634e76da7"},"headline":"Tyck till om f\u00f6rslag f\u00f6r nya centrala Tullinge","datePublished":"2019-02-14T16:42:15+00:00","mainEntityOfPage":{"@id":"https:\/\/wp.kristdemokraterna.se\/botkyrka\/tyck-till-om-forslag-for-nya-centrala-tullinge\/"},"wordCount":906,"image":{"@id":"https:\/\/wp.kristdemokraterna.se\/botkyrka\/tyck-till-om-forslag-for-nya-centrala-tullinge\/#primaryimage"},"thumbnailUrl":"https:\/\/wp.kristdemokraterna.se\/botkyrka\/files\/2019\/02\/1.png","inLanguage":"sv-SE"},{"@type":"WebPage","@id":"https:\/\/wp.kristdemokraterna.se\/botkyrka\/tyck-till-om-forslag-for-nya-centrala-tullinge\/","url":"https:\/\/wp.kristdemokraterna.se\/botkyrka\/tyck-till-om-forslag-for-nya-centrala-tullinge\/","name":"Tyck till om f\u00f6rslag f\u00f6r nya centrala Tullinge - Botkyrka","isPartOf":{"@id":"https:\/\/wp.kristdemokraterna.se\/botkyrka\/#website"},"primaryImageOfPage":{"@id":"https:\/\/wp.kristdemokraterna.se\/botkyrka\/tyck-till-om-forslag-for-nya-centrala-tullinge\/#primaryimage"},"image":{"@id":"https:\/\/wp.kristdemokraterna.se\/botkyrka\/tyck-till-om-forslag-for-nya-centrala-tullinge\/#primaryimage"},"thumbnailUrl":"https:\/\/wp.kristdemokraterna.se\/botkyrka\/files\/2019\/02\/1.png","datePublished":"2019-02-14T16:42:15+00:00","author":{"@id":"https:\/\/wp.kristdemokraterna.se\/botkyrka\/#\/schema\/person\/1a01d6ad86e5b7f64cf915d634e76da7"},"breadcrumb":{"@id":"https:\/\/wp.kristdemokraterna.se\/botkyrka\/tyck-till-om-forslag-for-nya-centrala-tullinge\/#breadcrumb"},"inLanguage":"sv-SE","potentialAction":[{"@type":"ReadAction","target":["https:\/\/wp.kristdemokraterna.se\/botkyrka\/tyck-till-om-forslag-for-nya-centrala-tullinge\/"]}]},{"@type":"ImageObject","inLanguage":"sv-SE","@id":"https:\/\/wp.kristdemokraterna.se\/botkyrka\/tyck-till-om-forslag-for-nya-centrala-tullinge\/#primaryimage","url":"https:\/\/wp.kristdemokraterna.se\/botkyrka\/files\/2019\/02\/1.png","contentUrl":"https:\/\/wp.kristdemokraterna.se\/botkyrka\/files\/2019\/02\/1.png","width":788,"height":788},{"@type":"BreadcrumbList","@id":"https:\/\/wp.kristdemokraterna.se\/botkyrka\/tyck-till-om-forslag-for-nya-centrala-tullinge\/#breadcrumb","itemListElement":[{"@type":"ListItem","position":1,"name":"Hem","item":"https:\/\/wp.kristdemokraterna.se\/botkyrka\/"},{"@type":"ListItem","position":2,"name":"Tyck till om f\u00f6rslag f\u00f6r nya centrala Tullinge"}]},{"@type":"WebSite","@id":"https:\/\/wp.kristdemokraterna.se\/botkyrka\/#website","url":"https:\/\/wp.kristdemokraterna.se\/botkyrka\/","name":"Botkyrka","description":"","inLanguage":"sv-SE"},{"@type":"Person","@id":"https:\/\/wp.kristdemokraterna.se\/botkyrka\/#\/schema\/person\/1a01d6ad86e5b7f64cf915d634e76da7","name":"botkyrka","image":{"@type":"ImageObject","inLanguage":"sv-SE","@id":"https:\/\/secure.gravatar.com\/avatar\/c1f0f7a96c49a88c1b5a6ef0e8fdfe5ec34c12a0b5db282beeb9263a417da04d?s=96&r=g","url":"https:\/\/secure.gravatar.com\/avatar\/c1f0f7a96c49a88c1b5a6ef0e8fdfe5ec34c12a0b5db282beeb9263a417da04d?s=96&r=g","contentUrl":"https:\/\/secure.gravatar.com\/avatar\/c1f0f7a96c49a88c1b5a6ef0e8fdfe5ec34c12a0b5db282beeb9263a417da04d?s=96&r=g","caption":"botkyrka"},"url":"https:\/\/wp.kristdemokraterna.se\/botkyrka\/author\/botkyrka\/"}]}},"_links":{"self":[{"href":"https:\/\/wp.kristdemokraterna.se\/botkyrka\/wp-json\/wp\/v2\/posts\/609","targetHints":{"allow":["GET"]}}],"collection":[{"href":"https:\/\/wp.kristdemokraterna.se\/botkyrka\/wp-json\/wp\/v2\/posts"}],"about":[{"href":"https:\/\/wp.kristdemokraterna.se\/botkyrka\/wp-json\/wp\/v2\/types\/post"}],"author":[{"embeddable":true,"href":"https:\/\/wp.kristdemokraterna.se\/botkyrka\/wp-json\/wp\/v2\/users\/467"}],"replies":[{"embeddable":true,"href":"https:\/\/wp.kristdemokraterna.se\/botkyrka\/wp-json\/wp\/v2\/comments?post=609"}],"version-history":[{"count":1,"href":"https:\/\/wp.kristdemokraterna.se\/botkyrka\/wp-json\/wp\/v2\/posts\/609\/revisions"}],"predecessor-version":[{"id":611,"href":"https:\/\/wp.kristdemokraterna.se\/botkyrka\/wp-json\/wp\/v2\/posts\/609\/revisions\/611"}],"wp:featuredmedia":[{"embeddable":true,"href":"https:\/\/wp.kristdemokraterna.se\/botkyrka\/wp-json\/wp\/v2\/media\/610"}],"wp:attachment":[{"href":"https:\/\/wp.kristdemokraterna.se\/botkyrka\/wp-json\/wp\/v2\/media?parent=609"}],"wp:term":[{"taxonomy":"category","embeddable":true,"href":"https:\/\/wp.kristdemokraterna.se\/botkyrka\/wp-json\/wp\/v2\/categories?post=609"},{"taxonomy":"post_tag","embeddable":true,"href":"https:\/\/wp.kristdemokraterna.se\/botkyrka\/wp-json\/wp\/v2\/tags?post=609"}],"curies":[{"name":"wp","href":"https:\/\/api.w.org\/{rel}","templated":true}]}}