{"id":613,"date":"2019-03-14T17:23:29","date_gmt":"2019-03-14T16:23:29","guid":{"rendered":"http:\/\/wp.kristdemokraterna.se\/botkyrka\/?p=613"},"modified":"2019-03-14T18:00:07","modified_gmt":"2019-03-14T17:00:07","slug":"familjecentraler-i-botkyrka-pa-gang","status":"publish","type":"post","link":"https:\/\/wp.kristdemokraterna.se\/botkyrka\/familjecentraler-i-botkyrka-pa-gang\/","title":{"rendered":"Familjecentraler i Botkyrka p\u00e5 g\u00e5ng!"},"content":{"rendered":"<p><strong>F\u00f6retr\u00e4dare fr\u00e5n Socialn\u00e4mnden i Botkyrka kommun har tr\u00e4ffat f\u00f6retr\u00e4dare fr\u00e5n Region Stockholm f\u00f6r att diskutera m\u00f6jligheten till att etablera familjecentraler i kommunen. I februari m\u00f6tte Caroline Blom (KD), vice ordf\u00f6rande i Socialn\u00e4mnden i Botkyrka m.fl. Ella Bohlin (KD), v\u00e5rdutvecklingsregionr\u00e5d i Region Stockholm.\u00a0<\/strong><\/p>\n<p><!--more--><\/p>\n<p>Under m\u00f6tet beskrevs nul\u00e4get i kommun och region samt vikten av etableringar av familjecentraler i Botkyrka kommun. Den gemensamma viljan fanns och b\u00e5da parterna \u00e4r \u00f6verens om att jobba tillsammans f\u00f6r att m\u00f6jligg\u00f6ra etableringar. Med p\u00e5 m\u00f6tet fanns \u00e4ven Regionens f\u00f6rvaltning.<\/p>\n<p>&#8211;<em>Familjecentralerna \u00e4r en viktig samlingsplats f\u00f6r barn och deras f\u00f6r\u00e4ldrar. Jag \u00f6nskar att familjecentralerna blir fler och \u00e4r glad \u00f6ver den satsning som regionen gjorde i budgeten f\u00f6r 2019. S\u00e4rskilt betydelsefullt \u00e4r det med familjecentraler f\u00f6r de familjer som beh\u00f6ver extra st\u00f6d och st\u00f6ttning.<\/em><br \/>\n<strong><em>Ella Bohlin (KD), v\u00e5rdutvecklingsregionr\u00e5d.<\/em><\/strong><\/p>\n<p>&#8211;<em>Botkyrka har ett stort behov av familjecentraler. Att satsa p\u00e5 f\u00f6rebyggande insatser f\u00f6r att fr\u00e4mja h\u00e4lsa och v\u00e4lm\u00e5ende i den unga generationen \u00e4r n\u00e5got av det viktigaste samh\u00e4llet kan bist\u00e5 med. Familjecentralerna har m\u00f6jlighet att i ett tidigt skede och p\u00e5 ett effektivt s\u00e4tt st\u00f6tta familjer och \u00e4ven vara ett led i att fr\u00e4mja integrationen.<\/em><br \/>\n<strong>Caroline Blom (KD), vice ordf\u00f6rande i Socialn\u00e4mnden<\/strong><\/p>\n<p>Familjecentraler har l\u00e4nge varit en hj\u00e4rtefr\u00e5ga f\u00f6r oss Kristdemokrater. Familjen \u00e4r den viktigaste gemenskapen. Barn som v\u00e4xer upp i trygga familjer f\u00e5r goda f\u00f6ruts\u00e4ttningar att klara livets utmaningar. Vi vet samtidigt att barn och unga m\u00e5r allt s\u00e4mre i dag. En viktig del i att f\u00f6rb\u00e4ttra uppv\u00e4xtvillkoren f\u00f6r barn och unga \u00e4r att st\u00f6dja familjen. Kristdemokraterna vill st\u00f6dja och f\u00f6rvalta de v\u00e4rden och f\u00f6ruts\u00e4ttningar som bidrar till att familjen kan fungera.<\/p>\n<p>K\u00e4nnetecknande f\u00f6r familjecentralen \u00e4r att kommun och landsting, samordnar sina resurser f\u00f6r att m\u00f6jligg\u00f6ra en samverkan mellan m\u00f6dra- och barnh\u00e4lsov\u00e5rden i samverkan med \u00f6ppna f\u00f6rskolan samt en f\u00f6rebyggande individ- och familjeomsorg (socialtj\u00e4nst).<\/p>\n<p>Nu arbetar vi kristdemokrater vidare, tillsammans med \u00f6vriga partier inom Mittenmajoriteten, f\u00f6r att inf\u00f6ra familjecentraler i kommunen f\u00f6r att st\u00f6dja familjer och utveckla Botkyrka!<\/p>\n","protected":false},"excerpt":{"rendered":"<p>F\u00f6retr\u00e4dare fr\u00e5n Socialn\u00e4mnden i Botkyrka kommun har tr\u00e4ffat f\u00f6retr\u00e4dare fr\u00e5n Region Stockholm f\u00f6r att diskutera m\u00f6jligheten till att etablera familjecentraler i kommunen. I februari m\u00f6tte Caroline Blom (KD), vice ordf\u00f6rande i Socialn\u00e4mnden i Botkyrka m.fl. Ella Bohlin (KD), v\u00e5rdutvecklingsregionr\u00e5d i Region Stockholm.\u00a0<\/p>\n","protected":false},"author":467,"featured_media":614,"comment_status":"closed","ping_status":"closed","sticky":false,"template":"","format":"standard","meta":{"_acf_changed":false,"footnotes":""},"categories":[1],"tags":[],"class_list":["post-613","post","type-post","status-publish","format-standard","hentry","category-okategoriserade"],"acf":[],"yoast_head":"<!-- This site is optimized with the Yoast SEO plugin v27.4 - https:\/\/yoast.com\/product\/yoast-seo-wordpress\/ -->\n<title>Familjecentraler i Botkyrka p\u00e5 g\u00e5ng! - Botkyrka<\/title>\n<meta name=\"robots\" content=\"index, follow, max-snippet:-1, max-image-preview:large, max-video-preview:-1\" \/>\n<link rel=\"canonical\" href=\"https:\/\/wp.kristdemokraterna.se\/botkyrka\/familjecentraler-i-botkyrka-pa-gang\/\" \/>\n<meta property=\"og:locale\" content=\"sv_SE\" \/>\n<meta property=\"og:type\" content=\"article\" \/>\n<meta property=\"og:title\" content=\"Familjecentraler i Botkyrka p\u00e5 g\u00e5ng! - Botkyrka\" \/>\n<meta property=\"og:description\" content=\"F\u00f6retr\u00e4dare fr\u00e5n Socialn\u00e4mnden i Botkyrka kommun har tr\u00e4ffat f\u00f6retr\u00e4dare fr\u00e5n Region Stockholm f\u00f6r att diskutera m\u00f6jligheten till att etablera familjecentraler i kommunen. I februari m\u00f6tte Caroline Blom (KD), vice ordf\u00f6rande i Socialn\u00e4mnden i Botkyrka m.fl. Ella Bohlin (KD), v\u00e5rdutvecklingsregionr\u00e5d i Region Stockholm.\u00a0\" \/>\n<meta property=\"og:url\" content=\"https:\/\/wp.kristdemokraterna.se\/botkyrka\/familjecentraler-i-botkyrka-pa-gang\/\" \/>\n<meta property=\"og:site_name\" content=\"Botkyrka\" \/>\n<meta property=\"article:published_time\" content=\"2019-03-14T16:23:29+00:00\" \/>\n<meta property=\"article:modified_time\" content=\"2019-03-14T17:00:07+00:00\" \/>\n<meta property=\"og:image\" content=\"https:\/\/wp.kristdemokraterna.se\/botkyrka\/files\/2019\/03\/woman-3602245_1920-1.jpg\" \/>\n\t<meta property=\"og:image:width\" content=\"1920\" \/>\n\t<meta property=\"og:image:height\" content=\"1281\" \/>\n\t<meta property=\"og:image:type\" content=\"image\/jpeg\" \/>\n<meta name=\"author\" content=\"botkyrka\" \/>\n<meta name=\"twitter:card\" content=\"summary_large_image\" \/>\n<meta name=\"twitter:label1\" content=\"Skriven av\" \/>\n\t<meta name=\"twitter:data1\" content=\"botkyrka\" \/>\n\t<meta name=\"twitter:label2\" content=\"Ber\u00e4knad l\u00e4stid\" \/>\n\t<meta name=\"twitter:data2\" content=\"2 minuter\" \/>\n<script type=\"application\/ld+json\" class=\"yoast-schema-graph\">{\"@context\":\"https:\\\/\\\/schema.org\",\"@graph\":[{\"@type\":\"Article\",\"@id\":\"https:\\\/\\\/wp.kristdemokraterna.se\\\/botkyrka\\\/familjecentraler-i-botkyrka-pa-gang\\\/#article\",\"isPartOf\":{\"@id\":\"https:\\\/\\\/wp.kristdemokraterna.se\\\/botkyrka\\\/familjecentraler-i-botkyrka-pa-gang\\\/\"},\"author\":{\"name\":\"botkyrka\",\"@id\":\"https:\\\/\\\/wp.kristdemokraterna.se\\\/botkyrka\\\/#\\\/schema\\\/person\\\/1a01d6ad86e5b7f64cf915d634e76da7\"},\"headline\":\"Familjecentraler i Botkyrka p\u00e5 g\u00e5ng!\",\"datePublished\":\"2019-03-14T16:23:29+00:00\",\"dateModified\":\"2019-03-14T17:00:07+00:00\",\"mainEntityOfPage\":{\"@id\":\"https:\\\/\\\/wp.kristdemokraterna.se\\\/botkyrka\\\/familjecentraler-i-botkyrka-pa-gang\\\/\"},\"wordCount\":409,\"image\":{\"@id\":\"https:\\\/\\\/wp.kristdemokraterna.se\\\/botkyrka\\\/familjecentraler-i-botkyrka-pa-gang\\\/#primaryimage\"},\"thumbnailUrl\":\"https:\\\/\\\/wp.kristdemokraterna.se\\\/botkyrka\\\/files\\\/2019\\\/03\\\/woman-3602245_1920-1.jpg\",\"inLanguage\":\"sv-SE\"},{\"@type\":\"WebPage\",\"@id\":\"https:\\\/\\\/wp.kristdemokraterna.se\\\/botkyrka\\\/familjecentraler-i-botkyrka-pa-gang\\\/\",\"url\":\"https:\\\/\\\/wp.kristdemokraterna.se\\\/botkyrka\\\/familjecentraler-i-botkyrka-pa-gang\\\/\",\"name\":\"Familjecentraler i Botkyrka p\u00e5 g\u00e5ng! - Botkyrka\",\"isPartOf\":{\"@id\":\"https:\\\/\\\/wp.kristdemokraterna.se\\\/botkyrka\\\/#website\"},\"primaryImageOfPage\":{\"@id\":\"https:\\\/\\\/wp.kristdemokraterna.se\\\/botkyrka\\\/familjecentraler-i-botkyrka-pa-gang\\\/#primaryimage\"},\"image\":{\"@id\":\"https:\\\/\\\/wp.kristdemokraterna.se\\\/botkyrka\\\/familjecentraler-i-botkyrka-pa-gang\\\/#primaryimage\"},\"thumbnailUrl\":\"https:\\\/\\\/wp.kristdemokraterna.se\\\/botkyrka\\\/files\\\/2019\\\/03\\\/woman-3602245_1920-1.jpg\",\"datePublished\":\"2019-03-14T16:23:29+00:00\",\"dateModified\":\"2019-03-14T17:00:07+00:00\",\"author\":{\"@id\":\"https:\\\/\\\/wp.kristdemokraterna.se\\\/botkyrka\\\/#\\\/schema\\\/person\\\/1a01d6ad86e5b7f64cf915d634e76da7\"},\"breadcrumb\":{\"@id\":\"https:\\\/\\\/wp.kristdemokraterna.se\\\/botkyrka\\\/familjecentraler-i-botkyrka-pa-gang\\\/#breadcrumb\"},\"inLanguage\":\"sv-SE\",\"potentialAction\":[{\"@type\":\"ReadAction\",\"target\":[\"https:\\\/\\\/wp.kristdemokraterna.se\\\/botkyrka\\\/familjecentraler-i-botkyrka-pa-gang\\\/\"]}]},{\"@type\":\"ImageObject\",\"inLanguage\":\"sv-SE\",\"@id\":\"https:\\\/\\\/wp.kristdemokraterna.se\\\/botkyrka\\\/familjecentraler-i-botkyrka-pa-gang\\\/#primaryimage\",\"url\":\"https:\\\/\\\/wp.kristdemokraterna.se\\\/botkyrka\\\/files\\\/2019\\\/03\\\/woman-3602245_1920-1.jpg\",\"contentUrl\":\"https:\\\/\\\/wp.kristdemokraterna.se\\\/botkyrka\\\/files\\\/2019\\\/03\\\/woman-3602245_1920-1.jpg\",\"width\":1920,\"height\":1281},{\"@type\":\"BreadcrumbList\",\"@id\":\"https:\\\/\\\/wp.kristdemokraterna.se\\\/botkyrka\\\/familjecentraler-i-botkyrka-pa-gang\\\/#breadcrumb\",\"itemListElement\":[{\"@type\":\"ListItem\",\"position\":1,\"name\":\"Hem\",\"item\":\"https:\\\/\\\/wp.kristdemokraterna.se\\\/botkyrka\\\/\"},{\"@type\":\"ListItem\",\"position\":2,\"name\":\"Familjecentraler i Botkyrka p\u00e5 g\u00e5ng!\"}]},{\"@type\":\"WebSite\",\"@id\":\"https:\\\/\\\/wp.kristdemokraterna.se\\\/botkyrka\\\/#website\",\"url\":\"https:\\\/\\\/wp.kristdemokraterna.se\\\/botkyrka\\\/\",\"name\":\"Botkyrka\",\"description\":\"\",\"inLanguage\":\"sv-SE\"},{\"@type\":\"Person\",\"@id\":\"https:\\\/\\\/wp.kristdemokraterna.se\\\/botkyrka\\\/#\\\/schema\\\/person\\\/1a01d6ad86e5b7f64cf915d634e76da7\",\"name\":\"botkyrka\",\"image\":{\"@type\":\"ImageObject\",\"inLanguage\":\"sv-SE\",\"@id\":\"https:\\\/\\\/secure.gravatar.com\\\/avatar\\\/c1f0f7a96c49a88c1b5a6ef0e8fdfe5ec34c12a0b5db282beeb9263a417da04d?s=96&r=g\",\"url\":\"https:\\\/\\\/secure.gravatar.com\\\/avatar\\\/c1f0f7a96c49a88c1b5a6ef0e8fdfe5ec34c12a0b5db282beeb9263a417da04d?s=96&r=g\",\"contentUrl\":\"https:\\\/\\\/secure.gravatar.com\\\/avatar\\\/c1f0f7a96c49a88c1b5a6ef0e8fdfe5ec34c12a0b5db282beeb9263a417da04d?s=96&r=g\",\"caption\":\"botkyrka\"},\"url\":\"https:\\\/\\\/wp.kristdemokraterna.se\\\/botkyrka\\\/author\\\/botkyrka\\\/\"}]}<\/script>\n<!-- \/ Yoast SEO plugin. -->","yoast_head_json":{"title":"Familjecentraler i Botkyrka p\u00e5 g\u00e5ng! - Botkyrka","robots":{"index":"index","follow":"follow","max-snippet":"max-snippet:-1","max-image-preview":"max-image-preview:large","max-video-preview":"max-video-preview:-1"},"canonical":"https:\/\/wp.kristdemokraterna.se\/botkyrka\/familjecentraler-i-botkyrka-pa-gang\/","og_locale":"sv_SE","og_type":"article","og_title":"Familjecentraler i Botkyrka p\u00e5 g\u00e5ng! - Botkyrka","og_description":"F\u00f6retr\u00e4dare fr\u00e5n Socialn\u00e4mnden i Botkyrka kommun har tr\u00e4ffat f\u00f6retr\u00e4dare fr\u00e5n Region Stockholm f\u00f6r att diskutera m\u00f6jligheten till att etablera familjecentraler i kommunen. I februari m\u00f6tte Caroline Blom (KD), vice ordf\u00f6rande i Socialn\u00e4mnden i Botkyrka m.fl. Ella Bohlin (KD), v\u00e5rdutvecklingsregionr\u00e5d i Region Stockholm.\u00a0","og_url":"https:\/\/wp.kristdemokraterna.se\/botkyrka\/familjecentraler-i-botkyrka-pa-gang\/","og_site_name":"Botkyrka","article_published_time":"2019-03-14T16:23:29+00:00","article_modified_time":"2019-03-14T17:00:07+00:00","og_image":[{"width":1920,"height":1281,"url":"https:\/\/wp.kristdemokraterna.se\/botkyrka\/files\/2019\/03\/woman-3602245_1920-1.jpg","type":"image\/jpeg"}],"author":"botkyrka","twitter_card":"summary_large_image","twitter_misc":{"Skriven av":"botkyrka","Ber\u00e4knad l\u00e4stid":"2 minuter"},"schema":{"@context":"https:\/\/schema.org","@graph":[{"@type":"Article","@id":"https:\/\/wp.kristdemokraterna.se\/botkyrka\/familjecentraler-i-botkyrka-pa-gang\/#article","isPartOf":{"@id":"https:\/\/wp.kristdemokraterna.se\/botkyrka\/familjecentraler-i-botkyrka-pa-gang\/"},"author":{"name":"botkyrka","@id":"https:\/\/wp.kristdemokraterna.se\/botkyrka\/#\/schema\/person\/1a01d6ad86e5b7f64cf915d634e76da7"},"headline":"Familjecentraler i Botkyrka p\u00e5 g\u00e5ng!","datePublished":"2019-03-14T16:23:29+00:00","dateModified":"2019-03-14T17:00:07+00:00","mainEntityOfPage":{"@id":"https:\/\/wp.kristdemokraterna.se\/botkyrka\/familjecentraler-i-botkyrka-pa-gang\/"},"wordCount":409,"image":{"@id":"https:\/\/wp.kristdemokraterna.se\/botkyrka\/familjecentraler-i-botkyrka-pa-gang\/#primaryimage"},"thumbnailUrl":"https:\/\/wp.kristdemokraterna.se\/botkyrka\/files\/2019\/03\/woman-3602245_1920-1.jpg","inLanguage":"sv-SE"},{"@type":"WebPage","@id":"https:\/\/wp.kristdemokraterna.se\/botkyrka\/familjecentraler-i-botkyrka-pa-gang\/","url":"https:\/\/wp.kristdemokraterna.se\/botkyrka\/familjecentraler-i-botkyrka-pa-gang\/","name":"Familjecentraler i Botkyrka p\u00e5 g\u00e5ng! - Botkyrka","isPartOf":{"@id":"https:\/\/wp.kristdemokraterna.se\/botkyrka\/#website"},"primaryImageOfPage":{"@id":"https:\/\/wp.kristdemokraterna.se\/botkyrka\/familjecentraler-i-botkyrka-pa-gang\/#primaryimage"},"image":{"@id":"https:\/\/wp.kristdemokraterna.se\/botkyrka\/familjecentraler-i-botkyrka-pa-gang\/#primaryimage"},"thumbnailUrl":"https:\/\/wp.kristdemokraterna.se\/botkyrka\/files\/2019\/03\/woman-3602245_1920-1.jpg","datePublished":"2019-03-14T16:23:29+00:00","dateModified":"2019-03-14T17:00:07+00:00","author":{"@id":"https:\/\/wp.kristdemokraterna.se\/botkyrka\/#\/schema\/person\/1a01d6ad86e5b7f64cf915d634e76da7"},"breadcrumb":{"@id":"https:\/\/wp.kristdemokraterna.se\/botkyrka\/familjecentraler-i-botkyrka-pa-gang\/#breadcrumb"},"inLanguage":"sv-SE","potentialAction":[{"@type":"ReadAction","target":["https:\/\/wp.kristdemokraterna.se\/botkyrka\/familjecentraler-i-botkyrka-pa-gang\/"]}]},{"@type":"ImageObject","inLanguage":"sv-SE","@id":"https:\/\/wp.kristdemokraterna.se\/botkyrka\/familjecentraler-i-botkyrka-pa-gang\/#primaryimage","url":"https:\/\/wp.kristdemokraterna.se\/botkyrka\/files\/2019\/03\/woman-3602245_1920-1.jpg","contentUrl":"https:\/\/wp.kristdemokraterna.se\/botkyrka\/files\/2019\/03\/woman-3602245_1920-1.jpg","width":1920,"height":1281},{"@type":"BreadcrumbList","@id":"https:\/\/wp.kristdemokraterna.se\/botkyrka\/familjecentraler-i-botkyrka-pa-gang\/#breadcrumb","itemListElement":[{"@type":"ListItem","position":1,"name":"Hem","item":"https:\/\/wp.kristdemokraterna.se\/botkyrka\/"},{"@type":"ListItem","position":2,"name":"Familjecentraler i Botkyrka p\u00e5 g\u00e5ng!"}]},{"@type":"WebSite","@id":"https:\/\/wp.kristdemokraterna.se\/botkyrka\/#website","url":"https:\/\/wp.kristdemokraterna.se\/botkyrka\/","name":"Botkyrka","description":"","inLanguage":"sv-SE"},{"@type":"Person","@id":"https:\/\/wp.kristdemokraterna.se\/botkyrka\/#\/schema\/person\/1a01d6ad86e5b7f64cf915d634e76da7","name":"botkyrka","image":{"@type":"ImageObject","inLanguage":"sv-SE","@id":"https:\/\/secure.gravatar.com\/avatar\/c1f0f7a96c49a88c1b5a6ef0e8fdfe5ec34c12a0b5db282beeb9263a417da04d?s=96&r=g","url":"https:\/\/secure.gravatar.com\/avatar\/c1f0f7a96c49a88c1b5a6ef0e8fdfe5ec34c12a0b5db282beeb9263a417da04d?s=96&r=g","contentUrl":"https:\/\/secure.gravatar.com\/avatar\/c1f0f7a96c49a88c1b5a6ef0e8fdfe5ec34c12a0b5db282beeb9263a417da04d?s=96&r=g","caption":"botkyrka"},"url":"https:\/\/wp.kristdemokraterna.se\/botkyrka\/author\/botkyrka\/"}]}},"_links":{"self":[{"href":"https:\/\/wp.kristdemokraterna.se\/botkyrka\/wp-json\/wp\/v2\/posts\/613","targetHints":{"allow":["GET"]}}],"collection":[{"href":"https:\/\/wp.kristdemokraterna.se\/botkyrka\/wp-json\/wp\/v2\/posts"}],"about":[{"href":"https:\/\/wp.kristdemokraterna.se\/botkyrka\/wp-json\/wp\/v2\/types\/post"}],"author":[{"embeddable":true,"href":"https:\/\/wp.kristdemokraterna.se\/botkyrka\/wp-json\/wp\/v2\/users\/467"}],"replies":[{"embeddable":true,"href":"https:\/\/wp.kristdemokraterna.se\/botkyrka\/wp-json\/wp\/v2\/comments?post=613"}],"version-history":[{"count":6,"href":"https:\/\/wp.kristdemokraterna.se\/botkyrka\/wp-json\/wp\/v2\/posts\/613\/revisions"}],"predecessor-version":[{"id":621,"href":"https:\/\/wp.kristdemokraterna.se\/botkyrka\/wp-json\/wp\/v2\/posts\/613\/revisions\/621"}],"wp:featuredmedia":[{"embeddable":true,"href":"https:\/\/wp.kristdemokraterna.se\/botkyrka\/wp-json\/wp\/v2\/media\/614"}],"wp:attachment":[{"href":"https:\/\/wp.kristdemokraterna.se\/botkyrka\/wp-json\/wp\/v2\/media?parent=613"}],"wp:term":[{"taxonomy":"category","embeddable":true,"href":"https:\/\/wp.kristdemokraterna.se\/botkyrka\/wp-json\/wp\/v2\/categories?post=613"},{"taxonomy":"post_tag","embeddable":true,"href":"https:\/\/wp.kristdemokraterna.se\/botkyrka\/wp-json\/wp\/v2\/tags?post=613"}],"curies":[{"name":"wp","href":"https:\/\/api.w.org\/{rel}","templated":true}]}}