{"id":622,"date":"2019-04-05T12:33:20","date_gmt":"2019-04-05T10:33:20","guid":{"rendered":"http:\/\/wp.kristdemokraterna.se\/botkyrka\/?p=622"},"modified":"2019-04-05T12:50:26","modified_gmt":"2019-04-05T10:50:26","slug":"politisk-plattform-for-botkyrka-2019-2022","status":"publish","type":"post","link":"https:\/\/wp.kristdemokraterna.se\/botkyrka\/politisk-plattform-for-botkyrka-2019-2022\/","title":{"rendered":"Politisk plattform f\u00f6r Botkyrka 2019 &#8211; 2022"},"content":{"rendered":"<p><strong>Mittenmajoriteten (S, KD, MP, L och C) i Botkyrka presenterar idag sin politiska agenda f\u00f6r mandatperioden 2019\u20132022. Botkyrka befinner sig i en expansiv fas med stora m\u00f6jligheter, men Mittenmajoriteten ser ocks\u00e5 problemen. I den Politiska plattformen presenteras d\u00e4rf\u00f6r en rad konkreta f\u00f6rslag f\u00f6r hur Botkyrka ska utvecklas och hur Botkyrkabornas livschanser ska bli b\u00e4ttre.<\/strong><\/p>\n<p><!--more--><\/p>\n<p>-Botkyrka \u00e4r en fantastisk kommun med stor potential och en rad m\u00f6jligheter till utveckling, men vi har ocks\u00e5 flera problem som p\u00e5verkar oss Botkyrkabor varje dag. Jag \u00e4r glad att vi fem partier i Mittenmajoriteten \u00e4r fast beslutna att ta tag i Botkyrkas utveckling, Ebba \u00d6stlin (s), kommunstyrelsens ordf\u00f6rande<\/p>\n<p>-Vi vill utveckla Botkyrka och f\u00f6r oss kristdemokrater \u00e4r omsorgen om v\u00e5ra \u00e4ldre och barn och st\u00f6ttning av familjer samt trygghet och jobbskapande centralt. Det \u00e4r otroligt viktigt att se och ta tag i de problem som f\u00f6rhindrar Botkyrka fr\u00e5n att bli den b\u00e4sta kommun den kan bli, d\u00e4r man som Botkyrkabo k\u00e4nner sig trygg och har m\u00f6jlighet att utvecklas, Stefan Dayne (kd) kommunalr\u00e5d<\/p>\n<p>Segregationen p\u00e5verkar alla och f\u00f6r att fler ska ha goda livschanser och kunna p\u00e5verka sin vardag och sin framtid har Mittenmajoriteten tillsammans prioriterat dessa \u00e5tta problemomr\u00e5den och medf\u00f6ljande l\u00f6sningar:<\/p>\n<ol>\n<li>Skolsegregation, alla barn lyckas inte<\/li>\n<li>Att Botkyrkaborna inte \u00e4r n\u00f6jda med sin omsorg<\/li>\n<li>Att alla inte kan och vill bo i Botkyrka<\/li>\n<li>Trygghet och trivsel i Botkyrka<\/li>\n<li>Kriminella organisationer<\/li>\n<li>Botkyrkas p\u00e5verkan p\u00e5 klimat och milj\u00f6<\/li>\n<li>Att alla Botkyrkabor inte k\u00e4nner sig delaktiga i Botkyrkas utveckling<\/li>\n<li>F\u00e5 till mer n\u00e4ringsliv och jobb<\/li>\n<\/ol>\n<p><strong>L\u00e4s den Politiska Plattformen i sin helhet h\u00e4r:<\/strong><\/p>\n<p><a href=\"http:\/\/wp.kristdemokraterna.se\/botkyrka\/files\/2019\/04\/politisk-plattform-for-botkyrka-2019-22.pdf\">Politisk plattform f\u00f6r Botkyrka 2019-2022<\/a><\/p>\n<p>&nbsp;<\/p>\n","protected":false},"excerpt":{"rendered":"<p>Mittenmajoriteten (S, KD, MP, L och C) i Botkyrka presenterar idag sin politiska agenda f\u00f6r mandatperioden 2019\u20132022. Botkyrka befinner sig i en expansiv fas med stora m\u00f6jligheter, men Mittenmajoriteten ser ocks\u00e5 problemen. I den Politiska plattformen presenteras d\u00e4rf\u00f6r en rad konkreta f\u00f6rslag f\u00f6r hur Botkyrka ska utvecklas och hur Botkyrkabornas livschanser ska bli b\u00e4ttre.<\/p>\n","protected":false},"author":467,"featured_media":624,"comment_status":"closed","ping_status":"closed","sticky":false,"template":"","format":"standard","meta":{"_acf_changed":false,"footnotes":""},"categories":[1],"tags":[],"class_list":["post-622","post","type-post","status-publish","format-standard","hentry","category-okategoriserade"],"acf":[],"yoast_head":"<!-- This site is optimized with the Yoast SEO plugin v27.4 - https:\/\/yoast.com\/product\/yoast-seo-wordpress\/ -->\n<title>Politisk plattform f\u00f6r Botkyrka 2019 - 2022 - Botkyrka<\/title>\n<meta name=\"robots\" content=\"index, follow, max-snippet:-1, max-image-preview:large, max-video-preview:-1\" \/>\n<link rel=\"canonical\" href=\"https:\/\/wp.kristdemokraterna.se\/botkyrka\/politisk-plattform-for-botkyrka-2019-2022\/\" \/>\n<meta property=\"og:locale\" content=\"sv_SE\" \/>\n<meta property=\"og:type\" content=\"article\" \/>\n<meta property=\"og:title\" content=\"Politisk plattform f\u00f6r Botkyrka 2019 - 2022 - Botkyrka\" \/>\n<meta property=\"og:description\" content=\"Mittenmajoriteten (S, KD, MP, L och C) i Botkyrka presenterar idag sin politiska agenda f\u00f6r mandatperioden 2019\u20132022. Botkyrka befinner sig i en expansiv fas med stora m\u00f6jligheter, men Mittenmajoriteten ser ocks\u00e5 problemen. I den Politiska plattformen presenteras d\u00e4rf\u00f6r en rad konkreta f\u00f6rslag f\u00f6r hur Botkyrka ska utvecklas och hur Botkyrkabornas livschanser ska bli b\u00e4ttre.\" \/>\n<meta property=\"og:url\" content=\"https:\/\/wp.kristdemokraterna.se\/botkyrka\/politisk-plattform-for-botkyrka-2019-2022\/\" \/>\n<meta property=\"og:site_name\" content=\"Botkyrka\" \/>\n<meta property=\"article:published_time\" content=\"2019-04-05T10:33:20+00:00\" \/>\n<meta property=\"article:modified_time\" content=\"2019-04-05T10:50:26+00:00\" \/>\n<meta property=\"og:image\" content=\"https:\/\/wp.kristdemokraterna.se\/botkyrka\/files\/2019\/04\/politisk-plattform-1.png\" \/>\n\t<meta property=\"og:image:width\" content=\"940\" \/>\n\t<meta property=\"og:image:height\" content=\"788\" \/>\n\t<meta property=\"og:image:type\" content=\"image\/png\" \/>\n<meta name=\"author\" content=\"botkyrka\" \/>\n<meta name=\"twitter:card\" content=\"summary_large_image\" \/>\n<meta name=\"twitter:label1\" content=\"Skriven av\" \/>\n\t<meta name=\"twitter:data1\" content=\"botkyrka\" \/>\n\t<meta name=\"twitter:label2\" content=\"Ber\u00e4knad l\u00e4stid\" \/>\n\t<meta name=\"twitter:data2\" content=\"1 minut\" \/>\n<script type=\"application\/ld+json\" class=\"yoast-schema-graph\">{\"@context\":\"https:\\\/\\\/schema.org\",\"@graph\":[{\"@type\":\"Article\",\"@id\":\"https:\\\/\\\/wp.kristdemokraterna.se\\\/botkyrka\\\/politisk-plattform-for-botkyrka-2019-2022\\\/#article\",\"isPartOf\":{\"@id\":\"https:\\\/\\\/wp.kristdemokraterna.se\\\/botkyrka\\\/politisk-plattform-for-botkyrka-2019-2022\\\/\"},\"author\":{\"name\":\"botkyrka\",\"@id\":\"https:\\\/\\\/wp.kristdemokraterna.se\\\/botkyrka\\\/#\\\/schema\\\/person\\\/1a01d6ad86e5b7f64cf915d634e76da7\"},\"headline\":\"Politisk plattform f\u00f6r Botkyrka 2019 &#8211; 2022\",\"datePublished\":\"2019-04-05T10:33:20+00:00\",\"dateModified\":\"2019-04-05T10:50:26+00:00\",\"mainEntityOfPage\":{\"@id\":\"https:\\\/\\\/wp.kristdemokraterna.se\\\/botkyrka\\\/politisk-plattform-for-botkyrka-2019-2022\\\/\"},\"wordCount\":299,\"image\":{\"@id\":\"https:\\\/\\\/wp.kristdemokraterna.se\\\/botkyrka\\\/politisk-plattform-for-botkyrka-2019-2022\\\/#primaryimage\"},\"thumbnailUrl\":\"https:\\\/\\\/wp.kristdemokraterna.se\\\/botkyrka\\\/files\\\/2019\\\/04\\\/politisk-plattform-1.png\",\"inLanguage\":\"sv-SE\"},{\"@type\":\"WebPage\",\"@id\":\"https:\\\/\\\/wp.kristdemokraterna.se\\\/botkyrka\\\/politisk-plattform-for-botkyrka-2019-2022\\\/\",\"url\":\"https:\\\/\\\/wp.kristdemokraterna.se\\\/botkyrka\\\/politisk-plattform-for-botkyrka-2019-2022\\\/\",\"name\":\"Politisk plattform f\u00f6r Botkyrka 2019 - 2022 - Botkyrka\",\"isPartOf\":{\"@id\":\"https:\\\/\\\/wp.kristdemokraterna.se\\\/botkyrka\\\/#website\"},\"primaryImageOfPage\":{\"@id\":\"https:\\\/\\\/wp.kristdemokraterna.se\\\/botkyrka\\\/politisk-plattform-for-botkyrka-2019-2022\\\/#primaryimage\"},\"image\":{\"@id\":\"https:\\\/\\\/wp.kristdemokraterna.se\\\/botkyrka\\\/politisk-plattform-for-botkyrka-2019-2022\\\/#primaryimage\"},\"thumbnailUrl\":\"https:\\\/\\\/wp.kristdemokraterna.se\\\/botkyrka\\\/files\\\/2019\\\/04\\\/politisk-plattform-1.png\",\"datePublished\":\"2019-04-05T10:33:20+00:00\",\"dateModified\":\"2019-04-05T10:50:26+00:00\",\"author\":{\"@id\":\"https:\\\/\\\/wp.kristdemokraterna.se\\\/botkyrka\\\/#\\\/schema\\\/person\\\/1a01d6ad86e5b7f64cf915d634e76da7\"},\"breadcrumb\":{\"@id\":\"https:\\\/\\\/wp.kristdemokraterna.se\\\/botkyrka\\\/politisk-plattform-for-botkyrka-2019-2022\\\/#breadcrumb\"},\"inLanguage\":\"sv-SE\",\"potentialAction\":[{\"@type\":\"ReadAction\",\"target\":[\"https:\\\/\\\/wp.kristdemokraterna.se\\\/botkyrka\\\/politisk-plattform-for-botkyrka-2019-2022\\\/\"]}]},{\"@type\":\"ImageObject\",\"inLanguage\":\"sv-SE\",\"@id\":\"https:\\\/\\\/wp.kristdemokraterna.se\\\/botkyrka\\\/politisk-plattform-for-botkyrka-2019-2022\\\/#primaryimage\",\"url\":\"https:\\\/\\\/wp.kristdemokraterna.se\\\/botkyrka\\\/files\\\/2019\\\/04\\\/politisk-plattform-1.png\",\"contentUrl\":\"https:\\\/\\\/wp.kristdemokraterna.se\\\/botkyrka\\\/files\\\/2019\\\/04\\\/politisk-plattform-1.png\",\"width\":940,\"height\":788},{\"@type\":\"BreadcrumbList\",\"@id\":\"https:\\\/\\\/wp.kristdemokraterna.se\\\/botkyrka\\\/politisk-plattform-for-botkyrka-2019-2022\\\/#breadcrumb\",\"itemListElement\":[{\"@type\":\"ListItem\",\"position\":1,\"name\":\"Hem\",\"item\":\"https:\\\/\\\/wp.kristdemokraterna.se\\\/botkyrka\\\/\"},{\"@type\":\"ListItem\",\"position\":2,\"name\":\"Politisk plattform f\u00f6r Botkyrka 2019 &#8211; 2022\"}]},{\"@type\":\"WebSite\",\"@id\":\"https:\\\/\\\/wp.kristdemokraterna.se\\\/botkyrka\\\/#website\",\"url\":\"https:\\\/\\\/wp.kristdemokraterna.se\\\/botkyrka\\\/\",\"name\":\"Botkyrka\",\"description\":\"\",\"inLanguage\":\"sv-SE\"},{\"@type\":\"Person\",\"@id\":\"https:\\\/\\\/wp.kristdemokraterna.se\\\/botkyrka\\\/#\\\/schema\\\/person\\\/1a01d6ad86e5b7f64cf915d634e76da7\",\"name\":\"botkyrka\",\"image\":{\"@type\":\"ImageObject\",\"inLanguage\":\"sv-SE\",\"@id\":\"https:\\\/\\\/secure.gravatar.com\\\/avatar\\\/c1f0f7a96c49a88c1b5a6ef0e8fdfe5ec34c12a0b5db282beeb9263a417da04d?s=96&r=g\",\"url\":\"https:\\\/\\\/secure.gravatar.com\\\/avatar\\\/c1f0f7a96c49a88c1b5a6ef0e8fdfe5ec34c12a0b5db282beeb9263a417da04d?s=96&r=g\",\"contentUrl\":\"https:\\\/\\\/secure.gravatar.com\\\/avatar\\\/c1f0f7a96c49a88c1b5a6ef0e8fdfe5ec34c12a0b5db282beeb9263a417da04d?s=96&r=g\",\"caption\":\"botkyrka\"},\"url\":\"https:\\\/\\\/wp.kristdemokraterna.se\\\/botkyrka\\\/author\\\/botkyrka\\\/\"}]}<\/script>\n<!-- \/ Yoast SEO plugin. -->","yoast_head_json":{"title":"Politisk plattform f\u00f6r Botkyrka 2019 - 2022 - Botkyrka","robots":{"index":"index","follow":"follow","max-snippet":"max-snippet:-1","max-image-preview":"max-image-preview:large","max-video-preview":"max-video-preview:-1"},"canonical":"https:\/\/wp.kristdemokraterna.se\/botkyrka\/politisk-plattform-for-botkyrka-2019-2022\/","og_locale":"sv_SE","og_type":"article","og_title":"Politisk plattform f\u00f6r Botkyrka 2019 - 2022 - Botkyrka","og_description":"Mittenmajoriteten (S, KD, MP, L och C) i Botkyrka presenterar idag sin politiska agenda f\u00f6r mandatperioden 2019\u20132022. Botkyrka befinner sig i en expansiv fas med stora m\u00f6jligheter, men Mittenmajoriteten ser ocks\u00e5 problemen. I den Politiska plattformen presenteras d\u00e4rf\u00f6r en rad konkreta f\u00f6rslag f\u00f6r hur Botkyrka ska utvecklas och hur Botkyrkabornas livschanser ska bli b\u00e4ttre.","og_url":"https:\/\/wp.kristdemokraterna.se\/botkyrka\/politisk-plattform-for-botkyrka-2019-2022\/","og_site_name":"Botkyrka","article_published_time":"2019-04-05T10:33:20+00:00","article_modified_time":"2019-04-05T10:50:26+00:00","og_image":[{"width":940,"height":788,"url":"https:\/\/wp.kristdemokraterna.se\/botkyrka\/files\/2019\/04\/politisk-plattform-1.png","type":"image\/png"}],"author":"botkyrka","twitter_card":"summary_large_image","twitter_misc":{"Skriven av":"botkyrka","Ber\u00e4knad l\u00e4stid":"1 minut"},"schema":{"@context":"https:\/\/schema.org","@graph":[{"@type":"Article","@id":"https:\/\/wp.kristdemokraterna.se\/botkyrka\/politisk-plattform-for-botkyrka-2019-2022\/#article","isPartOf":{"@id":"https:\/\/wp.kristdemokraterna.se\/botkyrka\/politisk-plattform-for-botkyrka-2019-2022\/"},"author":{"name":"botkyrka","@id":"https:\/\/wp.kristdemokraterna.se\/botkyrka\/#\/schema\/person\/1a01d6ad86e5b7f64cf915d634e76da7"},"headline":"Politisk plattform f\u00f6r Botkyrka 2019 &#8211; 2022","datePublished":"2019-04-05T10:33:20+00:00","dateModified":"2019-04-05T10:50:26+00:00","mainEntityOfPage":{"@id":"https:\/\/wp.kristdemokraterna.se\/botkyrka\/politisk-plattform-for-botkyrka-2019-2022\/"},"wordCount":299,"image":{"@id":"https:\/\/wp.kristdemokraterna.se\/botkyrka\/politisk-plattform-for-botkyrka-2019-2022\/#primaryimage"},"thumbnailUrl":"https:\/\/wp.kristdemokraterna.se\/botkyrka\/files\/2019\/04\/politisk-plattform-1.png","inLanguage":"sv-SE"},{"@type":"WebPage","@id":"https:\/\/wp.kristdemokraterna.se\/botkyrka\/politisk-plattform-for-botkyrka-2019-2022\/","url":"https:\/\/wp.kristdemokraterna.se\/botkyrka\/politisk-plattform-for-botkyrka-2019-2022\/","name":"Politisk plattform f\u00f6r Botkyrka 2019 - 2022 - Botkyrka","isPartOf":{"@id":"https:\/\/wp.kristdemokraterna.se\/botkyrka\/#website"},"primaryImageOfPage":{"@id":"https:\/\/wp.kristdemokraterna.se\/botkyrka\/politisk-plattform-for-botkyrka-2019-2022\/#primaryimage"},"image":{"@id":"https:\/\/wp.kristdemokraterna.se\/botkyrka\/politisk-plattform-for-botkyrka-2019-2022\/#primaryimage"},"thumbnailUrl":"https:\/\/wp.kristdemokraterna.se\/botkyrka\/files\/2019\/04\/politisk-plattform-1.png","datePublished":"2019-04-05T10:33:20+00:00","dateModified":"2019-04-05T10:50:26+00:00","author":{"@id":"https:\/\/wp.kristdemokraterna.se\/botkyrka\/#\/schema\/person\/1a01d6ad86e5b7f64cf915d634e76da7"},"breadcrumb":{"@id":"https:\/\/wp.kristdemokraterna.se\/botkyrka\/politisk-plattform-for-botkyrka-2019-2022\/#breadcrumb"},"inLanguage":"sv-SE","potentialAction":[{"@type":"ReadAction","target":["https:\/\/wp.kristdemokraterna.se\/botkyrka\/politisk-plattform-for-botkyrka-2019-2022\/"]}]},{"@type":"ImageObject","inLanguage":"sv-SE","@id":"https:\/\/wp.kristdemokraterna.se\/botkyrka\/politisk-plattform-for-botkyrka-2019-2022\/#primaryimage","url":"https:\/\/wp.kristdemokraterna.se\/botkyrka\/files\/2019\/04\/politisk-plattform-1.png","contentUrl":"https:\/\/wp.kristdemokraterna.se\/botkyrka\/files\/2019\/04\/politisk-plattform-1.png","width":940,"height":788},{"@type":"BreadcrumbList","@id":"https:\/\/wp.kristdemokraterna.se\/botkyrka\/politisk-plattform-for-botkyrka-2019-2022\/#breadcrumb","itemListElement":[{"@type":"ListItem","position":1,"name":"Hem","item":"https:\/\/wp.kristdemokraterna.se\/botkyrka\/"},{"@type":"ListItem","position":2,"name":"Politisk plattform f\u00f6r Botkyrka 2019 &#8211; 2022"}]},{"@type":"WebSite","@id":"https:\/\/wp.kristdemokraterna.se\/botkyrka\/#website","url":"https:\/\/wp.kristdemokraterna.se\/botkyrka\/","name":"Botkyrka","description":"","inLanguage":"sv-SE"},{"@type":"Person","@id":"https:\/\/wp.kristdemokraterna.se\/botkyrka\/#\/schema\/person\/1a01d6ad86e5b7f64cf915d634e76da7","name":"botkyrka","image":{"@type":"ImageObject","inLanguage":"sv-SE","@id":"https:\/\/secure.gravatar.com\/avatar\/c1f0f7a96c49a88c1b5a6ef0e8fdfe5ec34c12a0b5db282beeb9263a417da04d?s=96&r=g","url":"https:\/\/secure.gravatar.com\/avatar\/c1f0f7a96c49a88c1b5a6ef0e8fdfe5ec34c12a0b5db282beeb9263a417da04d?s=96&r=g","contentUrl":"https:\/\/secure.gravatar.com\/avatar\/c1f0f7a96c49a88c1b5a6ef0e8fdfe5ec34c12a0b5db282beeb9263a417da04d?s=96&r=g","caption":"botkyrka"},"url":"https:\/\/wp.kristdemokraterna.se\/botkyrka\/author\/botkyrka\/"}]}},"_links":{"self":[{"href":"https:\/\/wp.kristdemokraterna.se\/botkyrka\/wp-json\/wp\/v2\/posts\/622","targetHints":{"allow":["GET"]}}],"collection":[{"href":"https:\/\/wp.kristdemokraterna.se\/botkyrka\/wp-json\/wp\/v2\/posts"}],"about":[{"href":"https:\/\/wp.kristdemokraterna.se\/botkyrka\/wp-json\/wp\/v2\/types\/post"}],"author":[{"embeddable":true,"href":"https:\/\/wp.kristdemokraterna.se\/botkyrka\/wp-json\/wp\/v2\/users\/467"}],"replies":[{"embeddable":true,"href":"https:\/\/wp.kristdemokraterna.se\/botkyrka\/wp-json\/wp\/v2\/comments?post=622"}],"version-history":[{"count":8,"href":"https:\/\/wp.kristdemokraterna.se\/botkyrka\/wp-json\/wp\/v2\/posts\/622\/revisions"}],"predecessor-version":[{"id":635,"href":"https:\/\/wp.kristdemokraterna.se\/botkyrka\/wp-json\/wp\/v2\/posts\/622\/revisions\/635"}],"wp:featuredmedia":[{"embeddable":true,"href":"https:\/\/wp.kristdemokraterna.se\/botkyrka\/wp-json\/wp\/v2\/media\/624"}],"wp:attachment":[{"href":"https:\/\/wp.kristdemokraterna.se\/botkyrka\/wp-json\/wp\/v2\/media?parent=622"}],"wp:term":[{"taxonomy":"category","embeddable":true,"href":"https:\/\/wp.kristdemokraterna.se\/botkyrka\/wp-json\/wp\/v2\/categories?post=622"},{"taxonomy":"post_tag","embeddable":true,"href":"https:\/\/wp.kristdemokraterna.se\/botkyrka\/wp-json\/wp\/v2\/tags?post=622"}],"curies":[{"name":"wp","href":"https:\/\/api.w.org\/{rel}","templated":true}]}}