{"id":638,"date":"2019-04-30T10:55:27","date_gmt":"2019-04-30T08:55:27","guid":{"rendered":"http:\/\/wp.kristdemokraterna.se\/botkyrka\/?p=638"},"modified":"2019-04-30T10:55:54","modified_gmt":"2019-04-30T08:55:54","slug":"fler-valmojligheter-i-hemtjansten","status":"publish","type":"post","link":"https:\/\/wp.kristdemokraterna.se\/botkyrka\/fler-valmojligheter-i-hemtjansten\/","title":{"rendered":"Fler valm\u00f6jligheter i hemtj\u00e4nsten"},"content":{"rendered":"<p><strong>Botkyrka befinner sig i en expansiv fas med stora m\u00f6jligheter, men Mittenmajoriteten i Botkyrka ser ocks\u00e5 problemen. I den Politiska plattformen Mittenmajoriteten tog fram tidigare i \u00e5r, beskrivs 8 problem. Ett av problemen handlar om att alla Botkyrkabor inte \u00e4r n\u00f6jda med sin omsorg.<\/strong><\/p>\n<p><!--more--><\/p>\n<p>F\u00f6r att utreda hur Botkyrkaborna ska ges \u00f6kade valm\u00f6jligheter inom hemtj\u00e4nsten uts\u00e5g Kommunstyrelsen i oktober 2018 en arbetsgrupp med representanter fr\u00e5n majoritetens samtliga partier. Av uppdragsbeskrivningen framg\u00e5r att arbetsgruppen i sitt arbete ska utg\u00e5 fr\u00e5n att \u00e4ven externa utf\u00f6rare ska leverera hemtj\u00e4nst i Botkyrka.<\/p>\n<p>M\u00e5let f\u00f6r arbetsgruppen har varit att st\u00e4rka de \u00e4ldres sj\u00e4lvbest\u00e4mmande genom \u00f6kade valm\u00f6jligheter inom hemtj\u00e4nsten i Botkyrka. \u00c4ldre ska ha fler utf\u00f6rare att v\u00e4lja mellan, i hela Botkyrka. Samtidigt som kvaliteten s\u00e4kras i hela kommunen och hela hemtj\u00e4nsten.<\/p>\n<p>Under arbetets g\u00e5ng har gruppen gjort vissa politiska avv\u00e4gningar, mellan LOV (Lagen om valfrihetssystem) och LOU (Lagen om offentlig upphandling), med Botkyrkabor i behov av insatser i fokus. Slutgiltiga st\u00e4llningstaganden har best\u00e5tt av att skapa mer valm\u00f6jligheter i hemtj\u00e4nsten i Botkyrka med hj\u00e4lp av lagen om offentlig upphandling. Att v\u00e4lja LOU framf\u00f6r LOV grundar sig i de m\u00f6jligheter LOU ger i j\u00e4mf\u00f6relse med LOV. I andra kommuner som har LOV har det funnits v\u00e4ldigt m\u00e5nga utf\u00f6rare, vilket skapar framf\u00f6rallt tv\u00e5 utmaningar: De \u00e4ldre har sv\u00e5rare att g\u00f6ra informerade val kring utf\u00f6rare av omsorgen och det tvingas skapas en v\u00e4ldigt stor kontrollapparat hos kommunen som ska f\u00f6lja upp utf\u00f6rarna, vilket blir dyrare.<\/p>\n<p>Arbetet har best\u00e5tt av att bjuda in akt\u00f6rer och kommuner som har eller har haft LOV, av dessa har gruppen f\u00e5tt ett tydligt r\u00e5d; Skynda l\u00e5ngsamt. Med en LOU-modell kan man ha en successiv utbyggnad.<\/p>\n<p>Det g\u00f6r dels att kommunen kan skynda l\u00e5ngsamt och skaffa all den nya kompetensen kommunen beh\u00f6ver, dels successivt bygga upp den administrativa apparat som beh\u00f6vs.<\/p>\n<p>Den successiva utbyggnaden g\u00f6r ocks\u00e5 att vi kan bygga p\u00e5 vartefter efterfr\u00e5gan \u00f6kar hos de \u00e4ldre. Inom ramen f\u00f6r gruppens arbete gjordes en enk\u00e4tunders\u00f6kning bland \u00e4ldre med hemtj\u00e4nst i Botkyrka. I den framkom att de som har omsorg idag i mycket l\u00e4gre grad kommer v\u00e4lja nytt. D\u00e4remot s\u00e5 var de \u00e4ldres anh\u00f6riga mer intresserade av att v\u00e4lja, vilket visar p\u00e5 ett framtida behov av valm\u00f6jligheter. LOV g\u00e5r inte att inf\u00f6ra p\u00e5 delar av hemtj\u00e4nsten och g\u00f6r det inte heller m\u00f6jligt att vi upphandling \u00f6nska kring inriktning, geografisk placering eller typ av akt\u00f6r.<\/p>\n<p>Genom att v\u00e4lja en modell med LOU kan kommunen dels styra inriktningen p\u00e5 vilken typ av verksamhet som ska etablera sig i Botkyrka, men ocks\u00e5 styra vart i kommunen verksamheten ska etablera sig. Med en LOV- modell \u00e4r det f\u00f6retagen sj\u00e4lva som v\u00e4ljer var de vill vara verksamma. Det inneb\u00e4r att risken \u00e4r stor att omr\u00e5den kring Gr\u00f6dinge &#8211; V\u00e5rsta inte skulle f\u00e5 v\u00e4lja p\u00e5 samma villkor som andra Botkyrkabor.<\/p>\n<p>Arbetsgruppen har genom sitt arbete tagit fram ett f\u00f6rslag f\u00f6r att f\u00e5 till 5 externa akt\u00f6rer p\u00e5 50 % av den totala verksamheten. Beroende p\u00e5 efterfr\u00e5gan kan detta justeras. All upphandling kommer ske i enlighet med kommunens befintliga upphandlingspolicy, vilket inneb\u00e4r att det st\u00e4lls krav p\u00e5 kollektivavtalsliknande villkor.<\/p>\n<p>Det \u00e4r viktigt att fr\u00e5n b\u00f6rjan f\u00e5 till en god relation och en tillitsstyrning med var och en av akt\u00f6rerna. Med ett begr\u00e4nsat antal akt\u00f6rer minskar \u00e4ven de administrativa kostnaderna f\u00f6r att ha uppf\u00f6ljande kontroller. \u00c4ven fr\u00e5gan om utf\u00f6rare med spr\u00e5kinriktning och utf\u00f6rare fr\u00e5n den id\u00e9burna v\u00e4lf\u00e4rden har varit viktigt f\u00f6r arbetsgruppen.<\/p>\n<p>Arbetsgruppen f\u00f6respr\u00e5kar en ers\u00e4ttningsmodell som bygger mer p\u00e5 tillit \u00e4n p\u00e5 kontroll (beviljad tid) \u00e4n andra ers\u00e4ttningsmodeller. Genom att ha ett system som inte bygger p\u00e5 lika mycket kontrollerad och detaljerad styrning kan utf\u00f6rarna vara mer flexibla och anpassa omsorgen efter de \u00e4ldres behov. Det har ocks\u00e5 visat sig att en s\u00e5dan typ av styrning \u00f6kar medborgarnas n\u00f6jdhet med hemtj\u00e4nsten. Eftersom vi begr\u00e4nsar antalet utf\u00f6rare kan kommun och utf\u00f6rare bygga en mycket n\u00e4rmre relation som g\u00f6r att tillitsstyrningen fungerar b\u00e4ttre. Trenden f\u00f6r kommuner \u00e4r att \u00f6verg\u00e5 till tillitsbaserad styrning, eftersom man ser att kvaliteten och de \u00e4ldres sj\u00e4lvbest\u00e4mmande \u00f6ver omsorgen blir b\u00e4ttre.<\/p>\n<p>Ers\u00e4ttningen som kommer g\u00e4lla f\u00f6r v\u00e4lf\u00e4rdsakt\u00f6rerna \u00e4r modellen beviljad tid. Det inneb\u00e4r att man har en tillitsstyrning och en n\u00e4ra relation. Vilken ers\u00e4ttningsniv\u00e5n kommer bli \u00e4r upp till budgetberedningen.<\/p>\n<p>Trygghetslarm, nattillsyn ska finnas kvar i kommunal regi f\u00f6r alla Botkyrkabor med de insatserna. Reformer som digital tillsyn och &#8221;Egentid&#8221;, som inf\u00f6rdes 2018, kommer ocks\u00e5 finnas kvar oavsett vilken utf\u00f6rare den \u00e4ldre med insats v\u00e4ljer.<\/p>\n<p>Arbetsgruppen f\u00f6r mer valm\u00f6jligheter i hemtj\u00e4nsten har best\u00e5tt av:<br \/>\nTuva Lund (s)<br \/>\nCaroline Blom (kd)<br \/>\nNiklas Gladh (mp)<br \/>\nJens Vollmer (L)<br \/>\nSonja Jonasson (C)<br \/>\nJohannes Svensson (s)<\/p>\n","protected":false},"excerpt":{"rendered":"<p>Botkyrka befinner sig i en expansiv fas med stora m\u00f6jligheter, men Mittenmajoriteten i Botkyrka ser ocks\u00e5 problemen. I den Politiska plattformen Mittenmajoriteten tog fram tidigare i \u00e5r, beskrivs 8 problem. Ett av problemen handlar om att alla Botkyrkabor inte \u00e4r n\u00f6jda med sin omsorg.<\/p>\n","protected":false},"author":467,"featured_media":639,"comment_status":"closed","ping_status":"closed","sticky":false,"template":"","format":"standard","meta":{"_acf_changed":false,"footnotes":""},"categories":[1],"tags":[],"class_list":["post-638","post","type-post","status-publish","format-standard","hentry","category-okategoriserade"],"acf":[],"yoast_head":"<!-- This site is optimized with the Yoast SEO plugin v27.4 - https:\/\/yoast.com\/product\/yoast-seo-wordpress\/ -->\n<title>Fler valm\u00f6jligheter i hemtj\u00e4nsten - Botkyrka<\/title>\n<meta name=\"robots\" content=\"index, follow, max-snippet:-1, max-image-preview:large, max-video-preview:-1\" \/>\n<link rel=\"canonical\" href=\"https:\/\/wp.kristdemokraterna.se\/botkyrka\/fler-valmojligheter-i-hemtjansten\/\" \/>\n<meta property=\"og:locale\" content=\"sv_SE\" \/>\n<meta property=\"og:type\" content=\"article\" \/>\n<meta property=\"og:title\" content=\"Fler valm\u00f6jligheter i hemtj\u00e4nsten - Botkyrka\" \/>\n<meta property=\"og:description\" content=\"Botkyrka befinner sig i en expansiv fas med stora m\u00f6jligheter, men Mittenmajoriteten i Botkyrka ser ocks\u00e5 problemen. I den Politiska plattformen Mittenmajoriteten tog fram tidigare i \u00e5r, beskrivs 8 problem. Ett av problemen handlar om att alla Botkyrkabor inte \u00e4r n\u00f6jda med sin omsorg.\" \/>\n<meta property=\"og:url\" content=\"https:\/\/wp.kristdemokraterna.se\/botkyrka\/fler-valmojligheter-i-hemtjansten\/\" \/>\n<meta property=\"og:site_name\" content=\"Botkyrka\" \/>\n<meta property=\"article:published_time\" content=\"2019-04-30T08:55:27+00:00\" \/>\n<meta property=\"article:modified_time\" content=\"2019-04-30T08:55:54+00:00\" \/>\n<meta property=\"og:image\" content=\"https:\/\/wp.kristdemokraterna.se\/botkyrka\/files\/2019\/04\/fler-valmojligheter-i-hemtjansten.png\" \/>\n\t<meta property=\"og:image:width\" content=\"1000\" \/>\n\t<meta property=\"og:image:height\" content=\"800\" \/>\n\t<meta property=\"og:image:type\" content=\"image\/png\" \/>\n<meta name=\"author\" content=\"botkyrka\" \/>\n<meta name=\"twitter:card\" content=\"summary_large_image\" \/>\n<meta name=\"twitter:label1\" content=\"Skriven av\" \/>\n\t<meta name=\"twitter:data1\" content=\"botkyrka\" \/>\n\t<meta name=\"twitter:label2\" content=\"Ber\u00e4knad l\u00e4stid\" \/>\n\t<meta name=\"twitter:data2\" content=\"4 minuter\" \/>\n<script type=\"application\/ld+json\" class=\"yoast-schema-graph\">{\"@context\":\"https:\\\/\\\/schema.org\",\"@graph\":[{\"@type\":\"Article\",\"@id\":\"https:\\\/\\\/wp.kristdemokraterna.se\\\/botkyrka\\\/fler-valmojligheter-i-hemtjansten\\\/#article\",\"isPartOf\":{\"@id\":\"https:\\\/\\\/wp.kristdemokraterna.se\\\/botkyrka\\\/fler-valmojligheter-i-hemtjansten\\\/\"},\"author\":{\"name\":\"botkyrka\",\"@id\":\"https:\\\/\\\/wp.kristdemokraterna.se\\\/botkyrka\\\/#\\\/schema\\\/person\\\/1a01d6ad86e5b7f64cf915d634e76da7\"},\"headline\":\"Fler valm\u00f6jligheter i hemtj\u00e4nsten\",\"datePublished\":\"2019-04-30T08:55:27+00:00\",\"dateModified\":\"2019-04-30T08:55:54+00:00\",\"mainEntityOfPage\":{\"@id\":\"https:\\\/\\\/wp.kristdemokraterna.se\\\/botkyrka\\\/fler-valmojligheter-i-hemtjansten\\\/\"},\"wordCount\":890,\"image\":{\"@id\":\"https:\\\/\\\/wp.kristdemokraterna.se\\\/botkyrka\\\/fler-valmojligheter-i-hemtjansten\\\/#primaryimage\"},\"thumbnailUrl\":\"https:\\\/\\\/wp.kristdemokraterna.se\\\/botkyrka\\\/files\\\/2019\\\/04\\\/fler-valmojligheter-i-hemtjansten.png\",\"inLanguage\":\"sv-SE\"},{\"@type\":\"WebPage\",\"@id\":\"https:\\\/\\\/wp.kristdemokraterna.se\\\/botkyrka\\\/fler-valmojligheter-i-hemtjansten\\\/\",\"url\":\"https:\\\/\\\/wp.kristdemokraterna.se\\\/botkyrka\\\/fler-valmojligheter-i-hemtjansten\\\/\",\"name\":\"Fler valm\u00f6jligheter i hemtj\u00e4nsten - Botkyrka\",\"isPartOf\":{\"@id\":\"https:\\\/\\\/wp.kristdemokraterna.se\\\/botkyrka\\\/#website\"},\"primaryImageOfPage\":{\"@id\":\"https:\\\/\\\/wp.kristdemokraterna.se\\\/botkyrka\\\/fler-valmojligheter-i-hemtjansten\\\/#primaryimage\"},\"image\":{\"@id\":\"https:\\\/\\\/wp.kristdemokraterna.se\\\/botkyrka\\\/fler-valmojligheter-i-hemtjansten\\\/#primaryimage\"},\"thumbnailUrl\":\"https:\\\/\\\/wp.kristdemokraterna.se\\\/botkyrka\\\/files\\\/2019\\\/04\\\/fler-valmojligheter-i-hemtjansten.png\",\"datePublished\":\"2019-04-30T08:55:27+00:00\",\"dateModified\":\"2019-04-30T08:55:54+00:00\",\"author\":{\"@id\":\"https:\\\/\\\/wp.kristdemokraterna.se\\\/botkyrka\\\/#\\\/schema\\\/person\\\/1a01d6ad86e5b7f64cf915d634e76da7\"},\"breadcrumb\":{\"@id\":\"https:\\\/\\\/wp.kristdemokraterna.se\\\/botkyrka\\\/fler-valmojligheter-i-hemtjansten\\\/#breadcrumb\"},\"inLanguage\":\"sv-SE\",\"potentialAction\":[{\"@type\":\"ReadAction\",\"target\":[\"https:\\\/\\\/wp.kristdemokraterna.se\\\/botkyrka\\\/fler-valmojligheter-i-hemtjansten\\\/\"]}]},{\"@type\":\"ImageObject\",\"inLanguage\":\"sv-SE\",\"@id\":\"https:\\\/\\\/wp.kristdemokraterna.se\\\/botkyrka\\\/fler-valmojligheter-i-hemtjansten\\\/#primaryimage\",\"url\":\"https:\\\/\\\/wp.kristdemokraterna.se\\\/botkyrka\\\/files\\\/2019\\\/04\\\/fler-valmojligheter-i-hemtjansten.png\",\"contentUrl\":\"https:\\\/\\\/wp.kristdemokraterna.se\\\/botkyrka\\\/files\\\/2019\\\/04\\\/fler-valmojligheter-i-hemtjansten.png\",\"width\":1000,\"height\":800},{\"@type\":\"BreadcrumbList\",\"@id\":\"https:\\\/\\\/wp.kristdemokraterna.se\\\/botkyrka\\\/fler-valmojligheter-i-hemtjansten\\\/#breadcrumb\",\"itemListElement\":[{\"@type\":\"ListItem\",\"position\":1,\"name\":\"Hem\",\"item\":\"https:\\\/\\\/wp.kristdemokraterna.se\\\/botkyrka\\\/\"},{\"@type\":\"ListItem\",\"position\":2,\"name\":\"Fler valm\u00f6jligheter i hemtj\u00e4nsten\"}]},{\"@type\":\"WebSite\",\"@id\":\"https:\\\/\\\/wp.kristdemokraterna.se\\\/botkyrka\\\/#website\",\"url\":\"https:\\\/\\\/wp.kristdemokraterna.se\\\/botkyrka\\\/\",\"name\":\"Botkyrka\",\"description\":\"\",\"inLanguage\":\"sv-SE\"},{\"@type\":\"Person\",\"@id\":\"https:\\\/\\\/wp.kristdemokraterna.se\\\/botkyrka\\\/#\\\/schema\\\/person\\\/1a01d6ad86e5b7f64cf915d634e76da7\",\"name\":\"botkyrka\",\"image\":{\"@type\":\"ImageObject\",\"inLanguage\":\"sv-SE\",\"@id\":\"https:\\\/\\\/secure.gravatar.com\\\/avatar\\\/c1f0f7a96c49a88c1b5a6ef0e8fdfe5ec34c12a0b5db282beeb9263a417da04d?s=96&r=g\",\"url\":\"https:\\\/\\\/secure.gravatar.com\\\/avatar\\\/c1f0f7a96c49a88c1b5a6ef0e8fdfe5ec34c12a0b5db282beeb9263a417da04d?s=96&r=g\",\"contentUrl\":\"https:\\\/\\\/secure.gravatar.com\\\/avatar\\\/c1f0f7a96c49a88c1b5a6ef0e8fdfe5ec34c12a0b5db282beeb9263a417da04d?s=96&r=g\",\"caption\":\"botkyrka\"},\"url\":\"https:\\\/\\\/wp.kristdemokraterna.se\\\/botkyrka\\\/author\\\/botkyrka\\\/\"}]}<\/script>\n<!-- \/ Yoast SEO plugin. -->","yoast_head_json":{"title":"Fler valm\u00f6jligheter i hemtj\u00e4nsten - Botkyrka","robots":{"index":"index","follow":"follow","max-snippet":"max-snippet:-1","max-image-preview":"max-image-preview:large","max-video-preview":"max-video-preview:-1"},"canonical":"https:\/\/wp.kristdemokraterna.se\/botkyrka\/fler-valmojligheter-i-hemtjansten\/","og_locale":"sv_SE","og_type":"article","og_title":"Fler valm\u00f6jligheter i hemtj\u00e4nsten - Botkyrka","og_description":"Botkyrka befinner sig i en expansiv fas med stora m\u00f6jligheter, men Mittenmajoriteten i Botkyrka ser ocks\u00e5 problemen. I den Politiska plattformen Mittenmajoriteten tog fram tidigare i \u00e5r, beskrivs 8 problem. Ett av problemen handlar om att alla Botkyrkabor inte \u00e4r n\u00f6jda med sin omsorg.","og_url":"https:\/\/wp.kristdemokraterna.se\/botkyrka\/fler-valmojligheter-i-hemtjansten\/","og_site_name":"Botkyrka","article_published_time":"2019-04-30T08:55:27+00:00","article_modified_time":"2019-04-30T08:55:54+00:00","og_image":[{"width":1000,"height":800,"url":"https:\/\/wp.kristdemokraterna.se\/botkyrka\/files\/2019\/04\/fler-valmojligheter-i-hemtjansten.png","type":"image\/png"}],"author":"botkyrka","twitter_card":"summary_large_image","twitter_misc":{"Skriven av":"botkyrka","Ber\u00e4knad l\u00e4stid":"4 minuter"},"schema":{"@context":"https:\/\/schema.org","@graph":[{"@type":"Article","@id":"https:\/\/wp.kristdemokraterna.se\/botkyrka\/fler-valmojligheter-i-hemtjansten\/#article","isPartOf":{"@id":"https:\/\/wp.kristdemokraterna.se\/botkyrka\/fler-valmojligheter-i-hemtjansten\/"},"author":{"name":"botkyrka","@id":"https:\/\/wp.kristdemokraterna.se\/botkyrka\/#\/schema\/person\/1a01d6ad86e5b7f64cf915d634e76da7"},"headline":"Fler valm\u00f6jligheter i hemtj\u00e4nsten","datePublished":"2019-04-30T08:55:27+00:00","dateModified":"2019-04-30T08:55:54+00:00","mainEntityOfPage":{"@id":"https:\/\/wp.kristdemokraterna.se\/botkyrka\/fler-valmojligheter-i-hemtjansten\/"},"wordCount":890,"image":{"@id":"https:\/\/wp.kristdemokraterna.se\/botkyrka\/fler-valmojligheter-i-hemtjansten\/#primaryimage"},"thumbnailUrl":"https:\/\/wp.kristdemokraterna.se\/botkyrka\/files\/2019\/04\/fler-valmojligheter-i-hemtjansten.png","inLanguage":"sv-SE"},{"@type":"WebPage","@id":"https:\/\/wp.kristdemokraterna.se\/botkyrka\/fler-valmojligheter-i-hemtjansten\/","url":"https:\/\/wp.kristdemokraterna.se\/botkyrka\/fler-valmojligheter-i-hemtjansten\/","name":"Fler valm\u00f6jligheter i hemtj\u00e4nsten - Botkyrka","isPartOf":{"@id":"https:\/\/wp.kristdemokraterna.se\/botkyrka\/#website"},"primaryImageOfPage":{"@id":"https:\/\/wp.kristdemokraterna.se\/botkyrka\/fler-valmojligheter-i-hemtjansten\/#primaryimage"},"image":{"@id":"https:\/\/wp.kristdemokraterna.se\/botkyrka\/fler-valmojligheter-i-hemtjansten\/#primaryimage"},"thumbnailUrl":"https:\/\/wp.kristdemokraterna.se\/botkyrka\/files\/2019\/04\/fler-valmojligheter-i-hemtjansten.png","datePublished":"2019-04-30T08:55:27+00:00","dateModified":"2019-04-30T08:55:54+00:00","author":{"@id":"https:\/\/wp.kristdemokraterna.se\/botkyrka\/#\/schema\/person\/1a01d6ad86e5b7f64cf915d634e76da7"},"breadcrumb":{"@id":"https:\/\/wp.kristdemokraterna.se\/botkyrka\/fler-valmojligheter-i-hemtjansten\/#breadcrumb"},"inLanguage":"sv-SE","potentialAction":[{"@type":"ReadAction","target":["https:\/\/wp.kristdemokraterna.se\/botkyrka\/fler-valmojligheter-i-hemtjansten\/"]}]},{"@type":"ImageObject","inLanguage":"sv-SE","@id":"https:\/\/wp.kristdemokraterna.se\/botkyrka\/fler-valmojligheter-i-hemtjansten\/#primaryimage","url":"https:\/\/wp.kristdemokraterna.se\/botkyrka\/files\/2019\/04\/fler-valmojligheter-i-hemtjansten.png","contentUrl":"https:\/\/wp.kristdemokraterna.se\/botkyrka\/files\/2019\/04\/fler-valmojligheter-i-hemtjansten.png","width":1000,"height":800},{"@type":"BreadcrumbList","@id":"https:\/\/wp.kristdemokraterna.se\/botkyrka\/fler-valmojligheter-i-hemtjansten\/#breadcrumb","itemListElement":[{"@type":"ListItem","position":1,"name":"Hem","item":"https:\/\/wp.kristdemokraterna.se\/botkyrka\/"},{"@type":"ListItem","position":2,"name":"Fler valm\u00f6jligheter i hemtj\u00e4nsten"}]},{"@type":"WebSite","@id":"https:\/\/wp.kristdemokraterna.se\/botkyrka\/#website","url":"https:\/\/wp.kristdemokraterna.se\/botkyrka\/","name":"Botkyrka","description":"","inLanguage":"sv-SE"},{"@type":"Person","@id":"https:\/\/wp.kristdemokraterna.se\/botkyrka\/#\/schema\/person\/1a01d6ad86e5b7f64cf915d634e76da7","name":"botkyrka","image":{"@type":"ImageObject","inLanguage":"sv-SE","@id":"https:\/\/secure.gravatar.com\/avatar\/c1f0f7a96c49a88c1b5a6ef0e8fdfe5ec34c12a0b5db282beeb9263a417da04d?s=96&r=g","url":"https:\/\/secure.gravatar.com\/avatar\/c1f0f7a96c49a88c1b5a6ef0e8fdfe5ec34c12a0b5db282beeb9263a417da04d?s=96&r=g","contentUrl":"https:\/\/secure.gravatar.com\/avatar\/c1f0f7a96c49a88c1b5a6ef0e8fdfe5ec34c12a0b5db282beeb9263a417da04d?s=96&r=g","caption":"botkyrka"},"url":"https:\/\/wp.kristdemokraterna.se\/botkyrka\/author\/botkyrka\/"}]}},"_links":{"self":[{"href":"https:\/\/wp.kristdemokraterna.se\/botkyrka\/wp-json\/wp\/v2\/posts\/638","targetHints":{"allow":["GET"]}}],"collection":[{"href":"https:\/\/wp.kristdemokraterna.se\/botkyrka\/wp-json\/wp\/v2\/posts"}],"about":[{"href":"https:\/\/wp.kristdemokraterna.se\/botkyrka\/wp-json\/wp\/v2\/types\/post"}],"author":[{"embeddable":true,"href":"https:\/\/wp.kristdemokraterna.se\/botkyrka\/wp-json\/wp\/v2\/users\/467"}],"replies":[{"embeddable":true,"href":"https:\/\/wp.kristdemokraterna.se\/botkyrka\/wp-json\/wp\/v2\/comments?post=638"}],"version-history":[{"count":2,"href":"https:\/\/wp.kristdemokraterna.se\/botkyrka\/wp-json\/wp\/v2\/posts\/638\/revisions"}],"predecessor-version":[{"id":641,"href":"https:\/\/wp.kristdemokraterna.se\/botkyrka\/wp-json\/wp\/v2\/posts\/638\/revisions\/641"}],"wp:featuredmedia":[{"embeddable":true,"href":"https:\/\/wp.kristdemokraterna.se\/botkyrka\/wp-json\/wp\/v2\/media\/639"}],"wp:attachment":[{"href":"https:\/\/wp.kristdemokraterna.se\/botkyrka\/wp-json\/wp\/v2\/media?parent=638"}],"wp:term":[{"taxonomy":"category","embeddable":true,"href":"https:\/\/wp.kristdemokraterna.se\/botkyrka\/wp-json\/wp\/v2\/categories?post=638"},{"taxonomy":"post_tag","embeddable":true,"href":"https:\/\/wp.kristdemokraterna.se\/botkyrka\/wp-json\/wp\/v2\/tags?post=638"}],"curies":[{"name":"wp","href":"https:\/\/api.w.org\/{rel}","templated":true}]}}