{"id":645,"date":"2019-08-29T17:12:04","date_gmt":"2019-08-29T15:12:04","guid":{"rendered":"http:\/\/wp.kristdemokraterna.se\/botkyrka\/?p=645"},"modified":"2019-08-29T17:13:47","modified_gmt":"2019-08-29T15:13:47","slug":"medlemskvall-kd-botkyrka","status":"publish","type":"post","link":"https:\/\/wp.kristdemokraterna.se\/botkyrka\/medlemskvall-kd-botkyrka\/","title":{"rendered":"Medlemskv\u00e4ll KD Botkyrka"},"content":{"rendered":"<p><strong>Den 28 augusti bj\u00f6d Botkyrka partiavdelning in till medlemskv\u00e4ll i Folkets Hus i Hallunda och en skara nya och gamla medlemmar samlades f\u00f6r att \u00e4ta gott, mingla och lyssna och st\u00e4lla fr\u00e5gor till riksdagsledamot D\u00e9sir\u00e9e Pethrus.<\/strong><\/p>\n<p><!--more--><br \/>\nD\u00e9sir\u00e9e Pethrus har varit aktiv som politiker f\u00f6r Kristdemokraterna i \u00f6ver 30 \u00e5r och drivs av ett engagemang f\u00f6r m\u00e4nskliga r\u00e4ttigheter, j\u00e4mst\u00e4lldhet och yttrande- och religionsfrihetsfr\u00e5gor. Integration av nya svenskar och personer med funktionsneds\u00e4ttning \u00e4r ocks\u00e5 n\u00e5got som hon arbetar aktivt f\u00f6r. En r\u00f6d tr\u00e5d genom alla \u00e5r har varit engagemanget f\u00f6r barn och kvinnors situation. I Sverige, men \u00e4ven i andra l\u00e4nder.<\/p>\n<p>&nbsp;<\/p>\n","protected":false},"excerpt":{"rendered":"<p>Den 28 augusti bj\u00f6d Botkyrka partiavdelning in till medlemskv\u00e4ll i Folkets Hus i Hallunda och en skara nya och gamla medlemmar samlades f\u00f6r att \u00e4ta gott, mingla och lyssna och st\u00e4lla fr\u00e5gor till riksdagsledamot D\u00e9sir\u00e9e Pethrus.<\/p>\n","protected":false},"author":467,"featured_media":646,"comment_status":"closed","ping_status":"closed","sticky":false,"template":"","format":"standard","meta":{"_acf_changed":false,"footnotes":""},"categories":[1],"tags":[],"class_list":["post-645","post","type-post","status-publish","format-standard","hentry","category-okategoriserade"],"acf":[],"yoast_head":"<!-- This site is optimized with the Yoast SEO plugin v27.4 - https:\/\/yoast.com\/product\/yoast-seo-wordpress\/ -->\n<title>Medlemskv\u00e4ll KD Botkyrka - Botkyrka<\/title>\n<meta name=\"robots\" content=\"index, follow, max-snippet:-1, max-image-preview:large, max-video-preview:-1\" \/>\n<link rel=\"canonical\" href=\"https:\/\/wp.kristdemokraterna.se\/botkyrka\/medlemskvall-kd-botkyrka\/\" \/>\n<meta property=\"og:locale\" content=\"sv_SE\" \/>\n<meta property=\"og:type\" content=\"article\" \/>\n<meta property=\"og:title\" content=\"Medlemskv\u00e4ll KD Botkyrka - Botkyrka\" \/>\n<meta property=\"og:description\" content=\"Den 28 augusti bj\u00f6d Botkyrka partiavdelning in till medlemskv\u00e4ll i Folkets Hus i Hallunda och en skara nya och gamla medlemmar samlades f\u00f6r att \u00e4ta gott, mingla och lyssna och st\u00e4lla fr\u00e5gor till riksdagsledamot D\u00e9sir\u00e9e Pethrus.\" \/>\n<meta property=\"og:url\" content=\"https:\/\/wp.kristdemokraterna.se\/botkyrka\/medlemskvall-kd-botkyrka\/\" \/>\n<meta property=\"og:site_name\" content=\"Botkyrka\" \/>\n<meta property=\"article:published_time\" content=\"2019-08-29T15:12:04+00:00\" \/>\n<meta property=\"article:modified_time\" content=\"2019-08-29T15:13:47+00:00\" \/>\n<meta property=\"og:image\" content=\"https:\/\/wp.kristdemokraterna.se\/botkyrka\/files\/2019\/08\/medlemskvall-4.jpg\" \/>\n\t<meta property=\"og:image:width\" content=\"2016\" \/>\n\t<meta property=\"og:image:height\" content=\"1512\" \/>\n\t<meta property=\"og:image:type\" content=\"image\/jpeg\" \/>\n<meta name=\"author\" content=\"botkyrka\" \/>\n<meta name=\"twitter:card\" content=\"summary_large_image\" \/>\n<meta name=\"twitter:label1\" content=\"Skriven av\" \/>\n\t<meta name=\"twitter:data1\" content=\"botkyrka\" \/>\n\t<meta name=\"twitter:label2\" content=\"Ber\u00e4knad l\u00e4stid\" \/>\n\t<meta name=\"twitter:data2\" content=\"1 minut\" \/>\n<script type=\"application\/ld+json\" class=\"yoast-schema-graph\">{\"@context\":\"https:\\\/\\\/schema.org\",\"@graph\":[{\"@type\":\"Article\",\"@id\":\"https:\\\/\\\/wp.kristdemokraterna.se\\\/botkyrka\\\/medlemskvall-kd-botkyrka\\\/#article\",\"isPartOf\":{\"@id\":\"https:\\\/\\\/wp.kristdemokraterna.se\\\/botkyrka\\\/medlemskvall-kd-botkyrka\\\/\"},\"author\":{\"name\":\"botkyrka\",\"@id\":\"https:\\\/\\\/wp.kristdemokraterna.se\\\/botkyrka\\\/#\\\/schema\\\/person\\\/1a01d6ad86e5b7f64cf915d634e76da7\"},\"headline\":\"Medlemskv\u00e4ll KD Botkyrka\",\"datePublished\":\"2019-08-29T15:12:04+00:00\",\"dateModified\":\"2019-08-29T15:13:47+00:00\",\"mainEntityOfPage\":{\"@id\":\"https:\\\/\\\/wp.kristdemokraterna.se\\\/botkyrka\\\/medlemskvall-kd-botkyrka\\\/\"},\"wordCount\":125,\"image\":{\"@id\":\"https:\\\/\\\/wp.kristdemokraterna.se\\\/botkyrka\\\/medlemskvall-kd-botkyrka\\\/#primaryimage\"},\"thumbnailUrl\":\"https:\\\/\\\/wp.kristdemokraterna.se\\\/botkyrka\\\/files\\\/2019\\\/08\\\/medlemskvall-4.jpg\",\"inLanguage\":\"sv-SE\"},{\"@type\":\"WebPage\",\"@id\":\"https:\\\/\\\/wp.kristdemokraterna.se\\\/botkyrka\\\/medlemskvall-kd-botkyrka\\\/\",\"url\":\"https:\\\/\\\/wp.kristdemokraterna.se\\\/botkyrka\\\/medlemskvall-kd-botkyrka\\\/\",\"name\":\"Medlemskv\u00e4ll KD Botkyrka - Botkyrka\",\"isPartOf\":{\"@id\":\"https:\\\/\\\/wp.kristdemokraterna.se\\\/botkyrka\\\/#website\"},\"primaryImageOfPage\":{\"@id\":\"https:\\\/\\\/wp.kristdemokraterna.se\\\/botkyrka\\\/medlemskvall-kd-botkyrka\\\/#primaryimage\"},\"image\":{\"@id\":\"https:\\\/\\\/wp.kristdemokraterna.se\\\/botkyrka\\\/medlemskvall-kd-botkyrka\\\/#primaryimage\"},\"thumbnailUrl\":\"https:\\\/\\\/wp.kristdemokraterna.se\\\/botkyrka\\\/files\\\/2019\\\/08\\\/medlemskvall-4.jpg\",\"datePublished\":\"2019-08-29T15:12:04+00:00\",\"dateModified\":\"2019-08-29T15:13:47+00:00\",\"author\":{\"@id\":\"https:\\\/\\\/wp.kristdemokraterna.se\\\/botkyrka\\\/#\\\/schema\\\/person\\\/1a01d6ad86e5b7f64cf915d634e76da7\"},\"breadcrumb\":{\"@id\":\"https:\\\/\\\/wp.kristdemokraterna.se\\\/botkyrka\\\/medlemskvall-kd-botkyrka\\\/#breadcrumb\"},\"inLanguage\":\"sv-SE\",\"potentialAction\":[{\"@type\":\"ReadAction\",\"target\":[\"https:\\\/\\\/wp.kristdemokraterna.se\\\/botkyrka\\\/medlemskvall-kd-botkyrka\\\/\"]}]},{\"@type\":\"ImageObject\",\"inLanguage\":\"sv-SE\",\"@id\":\"https:\\\/\\\/wp.kristdemokraterna.se\\\/botkyrka\\\/medlemskvall-kd-botkyrka\\\/#primaryimage\",\"url\":\"https:\\\/\\\/wp.kristdemokraterna.se\\\/botkyrka\\\/files\\\/2019\\\/08\\\/medlemskvall-4.jpg\",\"contentUrl\":\"https:\\\/\\\/wp.kristdemokraterna.se\\\/botkyrka\\\/files\\\/2019\\\/08\\\/medlemskvall-4.jpg\",\"width\":2016,\"height\":1512},{\"@type\":\"BreadcrumbList\",\"@id\":\"https:\\\/\\\/wp.kristdemokraterna.se\\\/botkyrka\\\/medlemskvall-kd-botkyrka\\\/#breadcrumb\",\"itemListElement\":[{\"@type\":\"ListItem\",\"position\":1,\"name\":\"Hem\",\"item\":\"https:\\\/\\\/wp.kristdemokraterna.se\\\/botkyrka\\\/\"},{\"@type\":\"ListItem\",\"position\":2,\"name\":\"Medlemskv\u00e4ll KD Botkyrka\"}]},{\"@type\":\"WebSite\",\"@id\":\"https:\\\/\\\/wp.kristdemokraterna.se\\\/botkyrka\\\/#website\",\"url\":\"https:\\\/\\\/wp.kristdemokraterna.se\\\/botkyrka\\\/\",\"name\":\"Botkyrka\",\"description\":\"\",\"inLanguage\":\"sv-SE\"},{\"@type\":\"Person\",\"@id\":\"https:\\\/\\\/wp.kristdemokraterna.se\\\/botkyrka\\\/#\\\/schema\\\/person\\\/1a01d6ad86e5b7f64cf915d634e76da7\",\"name\":\"botkyrka\",\"image\":{\"@type\":\"ImageObject\",\"inLanguage\":\"sv-SE\",\"@id\":\"https:\\\/\\\/secure.gravatar.com\\\/avatar\\\/c1f0f7a96c49a88c1b5a6ef0e8fdfe5ec34c12a0b5db282beeb9263a417da04d?s=96&r=g\",\"url\":\"https:\\\/\\\/secure.gravatar.com\\\/avatar\\\/c1f0f7a96c49a88c1b5a6ef0e8fdfe5ec34c12a0b5db282beeb9263a417da04d?s=96&r=g\",\"contentUrl\":\"https:\\\/\\\/secure.gravatar.com\\\/avatar\\\/c1f0f7a96c49a88c1b5a6ef0e8fdfe5ec34c12a0b5db282beeb9263a417da04d?s=96&r=g\",\"caption\":\"botkyrka\"},\"url\":\"https:\\\/\\\/wp.kristdemokraterna.se\\\/botkyrka\\\/author\\\/botkyrka\\\/\"}]}<\/script>\n<!-- \/ Yoast SEO plugin. -->","yoast_head_json":{"title":"Medlemskv\u00e4ll KD Botkyrka - Botkyrka","robots":{"index":"index","follow":"follow","max-snippet":"max-snippet:-1","max-image-preview":"max-image-preview:large","max-video-preview":"max-video-preview:-1"},"canonical":"https:\/\/wp.kristdemokraterna.se\/botkyrka\/medlemskvall-kd-botkyrka\/","og_locale":"sv_SE","og_type":"article","og_title":"Medlemskv\u00e4ll KD Botkyrka - Botkyrka","og_description":"Den 28 augusti bj\u00f6d Botkyrka partiavdelning in till medlemskv\u00e4ll i Folkets Hus i Hallunda och en skara nya och gamla medlemmar samlades f\u00f6r att \u00e4ta gott, mingla och lyssna och st\u00e4lla fr\u00e5gor till riksdagsledamot D\u00e9sir\u00e9e Pethrus.","og_url":"https:\/\/wp.kristdemokraterna.se\/botkyrka\/medlemskvall-kd-botkyrka\/","og_site_name":"Botkyrka","article_published_time":"2019-08-29T15:12:04+00:00","article_modified_time":"2019-08-29T15:13:47+00:00","og_image":[{"width":2016,"height":1512,"url":"https:\/\/wp.kristdemokraterna.se\/botkyrka\/files\/2019\/08\/medlemskvall-4.jpg","type":"image\/jpeg"}],"author":"botkyrka","twitter_card":"summary_large_image","twitter_misc":{"Skriven av":"botkyrka","Ber\u00e4knad l\u00e4stid":"1 minut"},"schema":{"@context":"https:\/\/schema.org","@graph":[{"@type":"Article","@id":"https:\/\/wp.kristdemokraterna.se\/botkyrka\/medlemskvall-kd-botkyrka\/#article","isPartOf":{"@id":"https:\/\/wp.kristdemokraterna.se\/botkyrka\/medlemskvall-kd-botkyrka\/"},"author":{"name":"botkyrka","@id":"https:\/\/wp.kristdemokraterna.se\/botkyrka\/#\/schema\/person\/1a01d6ad86e5b7f64cf915d634e76da7"},"headline":"Medlemskv\u00e4ll KD Botkyrka","datePublished":"2019-08-29T15:12:04+00:00","dateModified":"2019-08-29T15:13:47+00:00","mainEntityOfPage":{"@id":"https:\/\/wp.kristdemokraterna.se\/botkyrka\/medlemskvall-kd-botkyrka\/"},"wordCount":125,"image":{"@id":"https:\/\/wp.kristdemokraterna.se\/botkyrka\/medlemskvall-kd-botkyrka\/#primaryimage"},"thumbnailUrl":"https:\/\/wp.kristdemokraterna.se\/botkyrka\/files\/2019\/08\/medlemskvall-4.jpg","inLanguage":"sv-SE"},{"@type":"WebPage","@id":"https:\/\/wp.kristdemokraterna.se\/botkyrka\/medlemskvall-kd-botkyrka\/","url":"https:\/\/wp.kristdemokraterna.se\/botkyrka\/medlemskvall-kd-botkyrka\/","name":"Medlemskv\u00e4ll KD Botkyrka - Botkyrka","isPartOf":{"@id":"https:\/\/wp.kristdemokraterna.se\/botkyrka\/#website"},"primaryImageOfPage":{"@id":"https:\/\/wp.kristdemokraterna.se\/botkyrka\/medlemskvall-kd-botkyrka\/#primaryimage"},"image":{"@id":"https:\/\/wp.kristdemokraterna.se\/botkyrka\/medlemskvall-kd-botkyrka\/#primaryimage"},"thumbnailUrl":"https:\/\/wp.kristdemokraterna.se\/botkyrka\/files\/2019\/08\/medlemskvall-4.jpg","datePublished":"2019-08-29T15:12:04+00:00","dateModified":"2019-08-29T15:13:47+00:00","author":{"@id":"https:\/\/wp.kristdemokraterna.se\/botkyrka\/#\/schema\/person\/1a01d6ad86e5b7f64cf915d634e76da7"},"breadcrumb":{"@id":"https:\/\/wp.kristdemokraterna.se\/botkyrka\/medlemskvall-kd-botkyrka\/#breadcrumb"},"inLanguage":"sv-SE","potentialAction":[{"@type":"ReadAction","target":["https:\/\/wp.kristdemokraterna.se\/botkyrka\/medlemskvall-kd-botkyrka\/"]}]},{"@type":"ImageObject","inLanguage":"sv-SE","@id":"https:\/\/wp.kristdemokraterna.se\/botkyrka\/medlemskvall-kd-botkyrka\/#primaryimage","url":"https:\/\/wp.kristdemokraterna.se\/botkyrka\/files\/2019\/08\/medlemskvall-4.jpg","contentUrl":"https:\/\/wp.kristdemokraterna.se\/botkyrka\/files\/2019\/08\/medlemskvall-4.jpg","width":2016,"height":1512},{"@type":"BreadcrumbList","@id":"https:\/\/wp.kristdemokraterna.se\/botkyrka\/medlemskvall-kd-botkyrka\/#breadcrumb","itemListElement":[{"@type":"ListItem","position":1,"name":"Hem","item":"https:\/\/wp.kristdemokraterna.se\/botkyrka\/"},{"@type":"ListItem","position":2,"name":"Medlemskv\u00e4ll KD Botkyrka"}]},{"@type":"WebSite","@id":"https:\/\/wp.kristdemokraterna.se\/botkyrka\/#website","url":"https:\/\/wp.kristdemokraterna.se\/botkyrka\/","name":"Botkyrka","description":"","inLanguage":"sv-SE"},{"@type":"Person","@id":"https:\/\/wp.kristdemokraterna.se\/botkyrka\/#\/schema\/person\/1a01d6ad86e5b7f64cf915d634e76da7","name":"botkyrka","image":{"@type":"ImageObject","inLanguage":"sv-SE","@id":"https:\/\/secure.gravatar.com\/avatar\/c1f0f7a96c49a88c1b5a6ef0e8fdfe5ec34c12a0b5db282beeb9263a417da04d?s=96&r=g","url":"https:\/\/secure.gravatar.com\/avatar\/c1f0f7a96c49a88c1b5a6ef0e8fdfe5ec34c12a0b5db282beeb9263a417da04d?s=96&r=g","contentUrl":"https:\/\/secure.gravatar.com\/avatar\/c1f0f7a96c49a88c1b5a6ef0e8fdfe5ec34c12a0b5db282beeb9263a417da04d?s=96&r=g","caption":"botkyrka"},"url":"https:\/\/wp.kristdemokraterna.se\/botkyrka\/author\/botkyrka\/"}]}},"_links":{"self":[{"href":"https:\/\/wp.kristdemokraterna.se\/botkyrka\/wp-json\/wp\/v2\/posts\/645","targetHints":{"allow":["GET"]}}],"collection":[{"href":"https:\/\/wp.kristdemokraterna.se\/botkyrka\/wp-json\/wp\/v2\/posts"}],"about":[{"href":"https:\/\/wp.kristdemokraterna.se\/botkyrka\/wp-json\/wp\/v2\/types\/post"}],"author":[{"embeddable":true,"href":"https:\/\/wp.kristdemokraterna.se\/botkyrka\/wp-json\/wp\/v2\/users\/467"}],"replies":[{"embeddable":true,"href":"https:\/\/wp.kristdemokraterna.se\/botkyrka\/wp-json\/wp\/v2\/comments?post=645"}],"version-history":[{"count":4,"href":"https:\/\/wp.kristdemokraterna.se\/botkyrka\/wp-json\/wp\/v2\/posts\/645\/revisions"}],"predecessor-version":[{"id":650,"href":"https:\/\/wp.kristdemokraterna.se\/botkyrka\/wp-json\/wp\/v2\/posts\/645\/revisions\/650"}],"wp:featuredmedia":[{"embeddable":true,"href":"https:\/\/wp.kristdemokraterna.se\/botkyrka\/wp-json\/wp\/v2\/media\/646"}],"wp:attachment":[{"href":"https:\/\/wp.kristdemokraterna.se\/botkyrka\/wp-json\/wp\/v2\/media?parent=645"}],"wp:term":[{"taxonomy":"category","embeddable":true,"href":"https:\/\/wp.kristdemokraterna.se\/botkyrka\/wp-json\/wp\/v2\/categories?post=645"},{"taxonomy":"post_tag","embeddable":true,"href":"https:\/\/wp.kristdemokraterna.se\/botkyrka\/wp-json\/wp\/v2\/tags?post=645"}],"curies":[{"name":"wp","href":"https:\/\/api.w.org\/{rel}","templated":true}]}}