{"id":651,"date":"2019-09-10T16:26:37","date_gmt":"2019-09-10T14:26:37","guid":{"rendered":"http:\/\/wp.kristdemokraterna.se\/botkyrka\/?p=651"},"modified":"2019-09-10T16:26:37","modified_gmt":"2019-09-10T14:26:37","slug":"dagvattenparker-i-fittja-och-alby","status":"publish","type":"post","link":"https:\/\/wp.kristdemokraterna.se\/botkyrka\/dagvattenparker-i-fittja-och-alby\/","title":{"rendered":"Dagvattenparker i Fittja och Alby"},"content":{"rendered":"<p><strong>F\u00f6r att beh\u00e5lla den goda vattenkvaliteten i \u00f6stra M\u00e4laren har tekniska n\u00e4mnden i Botkyrka tidigare beslutat att dagvattnet i norra Botkyrka ska renas i s\u00e5 kallade dagvattenparker. Det betyder att vattnet renas i dammar och v\u00e5tmarker. Dagvattenparker med dammar och gr\u00f6nytor kommer att byggas i Fittja och Alby i tv\u00e5 etapper under 2020-2021.<\/strong><\/p>\n<p><!--more--><\/p>\n<p>Det \u00e4r otroligt viktigt med satsningen p\u00e5 dagvattenparker som renar regn- och sm\u00e4ltvatten f\u00f6r att bidra till en b\u00e4ttre vattenmilj\u00f6 och f\u00f6rhindra att f\u00f6roreningarna inte rinner ut i Albysj\u00f6n. Vattenparkerna och de nya gr\u00f6nytorna kommer ocks\u00e5 att fr\u00e4mja den biologiska m\u00e5ngfalden. Det \u00e4r d\u00e4rf\u00f6r mycket gl\u00e4djande att arbetet med de nya dagvattenparkerna nu startas, s\u00e4ger tekniska n\u00e4mndens ordf\u00f6rande Stefan Dayne (kd)<\/p>\n","protected":false},"excerpt":{"rendered":"<p>F\u00f6r att beh\u00e5lla den goda vattenkvaliteten i \u00f6stra M\u00e4laren har tekniska n\u00e4mnden i Botkyrka tidigare beslutat att dagvattnet i norra Botkyrka ska renas i s\u00e5 kallade dagvattenparker. Det betyder att vattnet renas i dammar och v\u00e5tmarker. Dagvattenparker med dammar och gr\u00f6nytor kommer att byggas i Fittja och Alby i tv\u00e5 etapper under 2020-2021.<\/p>\n","protected":false},"author":467,"featured_media":655,"comment_status":"closed","ping_status":"closed","sticky":false,"template":"","format":"standard","meta":{"_acf_changed":false,"footnotes":""},"categories":[1],"tags":[],"class_list":["post-651","post","type-post","status-publish","format-standard","hentry","category-okategoriserade"],"acf":[],"yoast_head":"<!-- This site is optimized with the Yoast SEO plugin v27.4 - https:\/\/yoast.com\/product\/yoast-seo-wordpress\/ -->\n<title>Dagvattenparker i Fittja och Alby - Botkyrka<\/title>\n<meta name=\"robots\" content=\"index, follow, max-snippet:-1, max-image-preview:large, max-video-preview:-1\" \/>\n<link rel=\"canonical\" href=\"https:\/\/wp.kristdemokraterna.se\/botkyrka\/dagvattenparker-i-fittja-och-alby\/\" \/>\n<meta property=\"og:locale\" content=\"sv_SE\" \/>\n<meta property=\"og:type\" content=\"article\" \/>\n<meta property=\"og:title\" content=\"Dagvattenparker i Fittja och Alby - Botkyrka\" \/>\n<meta property=\"og:description\" content=\"F\u00f6r att beh\u00e5lla den goda vattenkvaliteten i \u00f6stra M\u00e4laren har tekniska n\u00e4mnden i Botkyrka tidigare beslutat att dagvattnet i norra Botkyrka ska renas i s\u00e5 kallade dagvattenparker. Det betyder att vattnet renas i dammar och v\u00e5tmarker. Dagvattenparker med dammar och gr\u00f6nytor kommer att byggas i Fittja och Alby i tv\u00e5 etapper under 2020-2021.\" \/>\n<meta property=\"og:url\" content=\"https:\/\/wp.kristdemokraterna.se\/botkyrka\/dagvattenparker-i-fittja-och-alby\/\" \/>\n<meta property=\"og:site_name\" content=\"Botkyrka\" \/>\n<meta property=\"article:published_time\" content=\"2019-09-10T14:26:37+00:00\" \/>\n<meta property=\"og:image\" content=\"https:\/\/wp.kristdemokraterna.se\/botkyrka\/files\/2019\/09\/stefan-d-wp2.jpg\" \/>\n\t<meta property=\"og:image:width\" content=\"4032\" \/>\n\t<meta property=\"og:image:height\" content=\"3024\" \/>\n\t<meta property=\"og:image:type\" content=\"image\/jpeg\" \/>\n<meta name=\"author\" content=\"botkyrka\" \/>\n<meta name=\"twitter:card\" content=\"summary_large_image\" \/>\n<meta name=\"twitter:label1\" content=\"Skriven av\" \/>\n\t<meta name=\"twitter:data1\" content=\"botkyrka\" \/>\n\t<meta name=\"twitter:label2\" content=\"Ber\u00e4knad l\u00e4stid\" \/>\n\t<meta name=\"twitter:data2\" content=\"1 minut\" \/>\n<script type=\"application\/ld+json\" class=\"yoast-schema-graph\">{\"@context\":\"https:\\\/\\\/schema.org\",\"@graph\":[{\"@type\":\"Article\",\"@id\":\"https:\\\/\\\/wp.kristdemokraterna.se\\\/botkyrka\\\/dagvattenparker-i-fittja-och-alby\\\/#article\",\"isPartOf\":{\"@id\":\"https:\\\/\\\/wp.kristdemokraterna.se\\\/botkyrka\\\/dagvattenparker-i-fittja-och-alby\\\/\"},\"author\":{\"name\":\"botkyrka\",\"@id\":\"https:\\\/\\\/wp.kristdemokraterna.se\\\/botkyrka\\\/#\\\/schema\\\/person\\\/1a01d6ad86e5b7f64cf915d634e76da7\"},\"headline\":\"Dagvattenparker i Fittja och Alby\",\"datePublished\":\"2019-09-10T14:26:37+00:00\",\"mainEntityOfPage\":{\"@id\":\"https:\\\/\\\/wp.kristdemokraterna.se\\\/botkyrka\\\/dagvattenparker-i-fittja-och-alby\\\/\"},\"wordCount\":140,\"image\":{\"@id\":\"https:\\\/\\\/wp.kristdemokraterna.se\\\/botkyrka\\\/dagvattenparker-i-fittja-och-alby\\\/#primaryimage\"},\"thumbnailUrl\":\"https:\\\/\\\/wp.kristdemokraterna.se\\\/botkyrka\\\/files\\\/2019\\\/09\\\/stefan-d-wp2.jpg\",\"inLanguage\":\"sv-SE\"},{\"@type\":\"WebPage\",\"@id\":\"https:\\\/\\\/wp.kristdemokraterna.se\\\/botkyrka\\\/dagvattenparker-i-fittja-och-alby\\\/\",\"url\":\"https:\\\/\\\/wp.kristdemokraterna.se\\\/botkyrka\\\/dagvattenparker-i-fittja-och-alby\\\/\",\"name\":\"Dagvattenparker i Fittja och Alby - Botkyrka\",\"isPartOf\":{\"@id\":\"https:\\\/\\\/wp.kristdemokraterna.se\\\/botkyrka\\\/#website\"},\"primaryImageOfPage\":{\"@id\":\"https:\\\/\\\/wp.kristdemokraterna.se\\\/botkyrka\\\/dagvattenparker-i-fittja-och-alby\\\/#primaryimage\"},\"image\":{\"@id\":\"https:\\\/\\\/wp.kristdemokraterna.se\\\/botkyrka\\\/dagvattenparker-i-fittja-och-alby\\\/#primaryimage\"},\"thumbnailUrl\":\"https:\\\/\\\/wp.kristdemokraterna.se\\\/botkyrka\\\/files\\\/2019\\\/09\\\/stefan-d-wp2.jpg\",\"datePublished\":\"2019-09-10T14:26:37+00:00\",\"author\":{\"@id\":\"https:\\\/\\\/wp.kristdemokraterna.se\\\/botkyrka\\\/#\\\/schema\\\/person\\\/1a01d6ad86e5b7f64cf915d634e76da7\"},\"breadcrumb\":{\"@id\":\"https:\\\/\\\/wp.kristdemokraterna.se\\\/botkyrka\\\/dagvattenparker-i-fittja-och-alby\\\/#breadcrumb\"},\"inLanguage\":\"sv-SE\",\"potentialAction\":[{\"@type\":\"ReadAction\",\"target\":[\"https:\\\/\\\/wp.kristdemokraterna.se\\\/botkyrka\\\/dagvattenparker-i-fittja-och-alby\\\/\"]}]},{\"@type\":\"ImageObject\",\"inLanguage\":\"sv-SE\",\"@id\":\"https:\\\/\\\/wp.kristdemokraterna.se\\\/botkyrka\\\/dagvattenparker-i-fittja-och-alby\\\/#primaryimage\",\"url\":\"https:\\\/\\\/wp.kristdemokraterna.se\\\/botkyrka\\\/files\\\/2019\\\/09\\\/stefan-d-wp2.jpg\",\"contentUrl\":\"https:\\\/\\\/wp.kristdemokraterna.se\\\/botkyrka\\\/files\\\/2019\\\/09\\\/stefan-d-wp2.jpg\",\"width\":4032,\"height\":3024},{\"@type\":\"BreadcrumbList\",\"@id\":\"https:\\\/\\\/wp.kristdemokraterna.se\\\/botkyrka\\\/dagvattenparker-i-fittja-och-alby\\\/#breadcrumb\",\"itemListElement\":[{\"@type\":\"ListItem\",\"position\":1,\"name\":\"Hem\",\"item\":\"https:\\\/\\\/wp.kristdemokraterna.se\\\/botkyrka\\\/\"},{\"@type\":\"ListItem\",\"position\":2,\"name\":\"Dagvattenparker i Fittja och Alby\"}]},{\"@type\":\"WebSite\",\"@id\":\"https:\\\/\\\/wp.kristdemokraterna.se\\\/botkyrka\\\/#website\",\"url\":\"https:\\\/\\\/wp.kristdemokraterna.se\\\/botkyrka\\\/\",\"name\":\"Botkyrka\",\"description\":\"\",\"inLanguage\":\"sv-SE\"},{\"@type\":\"Person\",\"@id\":\"https:\\\/\\\/wp.kristdemokraterna.se\\\/botkyrka\\\/#\\\/schema\\\/person\\\/1a01d6ad86e5b7f64cf915d634e76da7\",\"name\":\"botkyrka\",\"image\":{\"@type\":\"ImageObject\",\"inLanguage\":\"sv-SE\",\"@id\":\"https:\\\/\\\/secure.gravatar.com\\\/avatar\\\/c1f0f7a96c49a88c1b5a6ef0e8fdfe5ec34c12a0b5db282beeb9263a417da04d?s=96&r=g\",\"url\":\"https:\\\/\\\/secure.gravatar.com\\\/avatar\\\/c1f0f7a96c49a88c1b5a6ef0e8fdfe5ec34c12a0b5db282beeb9263a417da04d?s=96&r=g\",\"contentUrl\":\"https:\\\/\\\/secure.gravatar.com\\\/avatar\\\/c1f0f7a96c49a88c1b5a6ef0e8fdfe5ec34c12a0b5db282beeb9263a417da04d?s=96&r=g\",\"caption\":\"botkyrka\"},\"url\":\"https:\\\/\\\/wp.kristdemokraterna.se\\\/botkyrka\\\/author\\\/botkyrka\\\/\"}]}<\/script>\n<!-- \/ Yoast SEO plugin. -->","yoast_head_json":{"title":"Dagvattenparker i Fittja och Alby - Botkyrka","robots":{"index":"index","follow":"follow","max-snippet":"max-snippet:-1","max-image-preview":"max-image-preview:large","max-video-preview":"max-video-preview:-1"},"canonical":"https:\/\/wp.kristdemokraterna.se\/botkyrka\/dagvattenparker-i-fittja-och-alby\/","og_locale":"sv_SE","og_type":"article","og_title":"Dagvattenparker i Fittja och Alby - Botkyrka","og_description":"F\u00f6r att beh\u00e5lla den goda vattenkvaliteten i \u00f6stra M\u00e4laren har tekniska n\u00e4mnden i Botkyrka tidigare beslutat att dagvattnet i norra Botkyrka ska renas i s\u00e5 kallade dagvattenparker. Det betyder att vattnet renas i dammar och v\u00e5tmarker. Dagvattenparker med dammar och gr\u00f6nytor kommer att byggas i Fittja och Alby i tv\u00e5 etapper under 2020-2021.","og_url":"https:\/\/wp.kristdemokraterna.se\/botkyrka\/dagvattenparker-i-fittja-och-alby\/","og_site_name":"Botkyrka","article_published_time":"2019-09-10T14:26:37+00:00","og_image":[{"width":4032,"height":3024,"url":"https:\/\/wp.kristdemokraterna.se\/botkyrka\/files\/2019\/09\/stefan-d-wp2.jpg","type":"image\/jpeg"}],"author":"botkyrka","twitter_card":"summary_large_image","twitter_misc":{"Skriven av":"botkyrka","Ber\u00e4knad l\u00e4stid":"1 minut"},"schema":{"@context":"https:\/\/schema.org","@graph":[{"@type":"Article","@id":"https:\/\/wp.kristdemokraterna.se\/botkyrka\/dagvattenparker-i-fittja-och-alby\/#article","isPartOf":{"@id":"https:\/\/wp.kristdemokraterna.se\/botkyrka\/dagvattenparker-i-fittja-och-alby\/"},"author":{"name":"botkyrka","@id":"https:\/\/wp.kristdemokraterna.se\/botkyrka\/#\/schema\/person\/1a01d6ad86e5b7f64cf915d634e76da7"},"headline":"Dagvattenparker i Fittja och Alby","datePublished":"2019-09-10T14:26:37+00:00","mainEntityOfPage":{"@id":"https:\/\/wp.kristdemokraterna.se\/botkyrka\/dagvattenparker-i-fittja-och-alby\/"},"wordCount":140,"image":{"@id":"https:\/\/wp.kristdemokraterna.se\/botkyrka\/dagvattenparker-i-fittja-och-alby\/#primaryimage"},"thumbnailUrl":"https:\/\/wp.kristdemokraterna.se\/botkyrka\/files\/2019\/09\/stefan-d-wp2.jpg","inLanguage":"sv-SE"},{"@type":"WebPage","@id":"https:\/\/wp.kristdemokraterna.se\/botkyrka\/dagvattenparker-i-fittja-och-alby\/","url":"https:\/\/wp.kristdemokraterna.se\/botkyrka\/dagvattenparker-i-fittja-och-alby\/","name":"Dagvattenparker i Fittja och Alby - Botkyrka","isPartOf":{"@id":"https:\/\/wp.kristdemokraterna.se\/botkyrka\/#website"},"primaryImageOfPage":{"@id":"https:\/\/wp.kristdemokraterna.se\/botkyrka\/dagvattenparker-i-fittja-och-alby\/#primaryimage"},"image":{"@id":"https:\/\/wp.kristdemokraterna.se\/botkyrka\/dagvattenparker-i-fittja-och-alby\/#primaryimage"},"thumbnailUrl":"https:\/\/wp.kristdemokraterna.se\/botkyrka\/files\/2019\/09\/stefan-d-wp2.jpg","datePublished":"2019-09-10T14:26:37+00:00","author":{"@id":"https:\/\/wp.kristdemokraterna.se\/botkyrka\/#\/schema\/person\/1a01d6ad86e5b7f64cf915d634e76da7"},"breadcrumb":{"@id":"https:\/\/wp.kristdemokraterna.se\/botkyrka\/dagvattenparker-i-fittja-och-alby\/#breadcrumb"},"inLanguage":"sv-SE","potentialAction":[{"@type":"ReadAction","target":["https:\/\/wp.kristdemokraterna.se\/botkyrka\/dagvattenparker-i-fittja-och-alby\/"]}]},{"@type":"ImageObject","inLanguage":"sv-SE","@id":"https:\/\/wp.kristdemokraterna.se\/botkyrka\/dagvattenparker-i-fittja-och-alby\/#primaryimage","url":"https:\/\/wp.kristdemokraterna.se\/botkyrka\/files\/2019\/09\/stefan-d-wp2.jpg","contentUrl":"https:\/\/wp.kristdemokraterna.se\/botkyrka\/files\/2019\/09\/stefan-d-wp2.jpg","width":4032,"height":3024},{"@type":"BreadcrumbList","@id":"https:\/\/wp.kristdemokraterna.se\/botkyrka\/dagvattenparker-i-fittja-och-alby\/#breadcrumb","itemListElement":[{"@type":"ListItem","position":1,"name":"Hem","item":"https:\/\/wp.kristdemokraterna.se\/botkyrka\/"},{"@type":"ListItem","position":2,"name":"Dagvattenparker i Fittja och Alby"}]},{"@type":"WebSite","@id":"https:\/\/wp.kristdemokraterna.se\/botkyrka\/#website","url":"https:\/\/wp.kristdemokraterna.se\/botkyrka\/","name":"Botkyrka","description":"","inLanguage":"sv-SE"},{"@type":"Person","@id":"https:\/\/wp.kristdemokraterna.se\/botkyrka\/#\/schema\/person\/1a01d6ad86e5b7f64cf915d634e76da7","name":"botkyrka","image":{"@type":"ImageObject","inLanguage":"sv-SE","@id":"https:\/\/secure.gravatar.com\/avatar\/c1f0f7a96c49a88c1b5a6ef0e8fdfe5ec34c12a0b5db282beeb9263a417da04d?s=96&r=g","url":"https:\/\/secure.gravatar.com\/avatar\/c1f0f7a96c49a88c1b5a6ef0e8fdfe5ec34c12a0b5db282beeb9263a417da04d?s=96&r=g","contentUrl":"https:\/\/secure.gravatar.com\/avatar\/c1f0f7a96c49a88c1b5a6ef0e8fdfe5ec34c12a0b5db282beeb9263a417da04d?s=96&r=g","caption":"botkyrka"},"url":"https:\/\/wp.kristdemokraterna.se\/botkyrka\/author\/botkyrka\/"}]}},"_links":{"self":[{"href":"https:\/\/wp.kristdemokraterna.se\/botkyrka\/wp-json\/wp\/v2\/posts\/651","targetHints":{"allow":["GET"]}}],"collection":[{"href":"https:\/\/wp.kristdemokraterna.se\/botkyrka\/wp-json\/wp\/v2\/posts"}],"about":[{"href":"https:\/\/wp.kristdemokraterna.se\/botkyrka\/wp-json\/wp\/v2\/types\/post"}],"author":[{"embeddable":true,"href":"https:\/\/wp.kristdemokraterna.se\/botkyrka\/wp-json\/wp\/v2\/users\/467"}],"replies":[{"embeddable":true,"href":"https:\/\/wp.kristdemokraterna.se\/botkyrka\/wp-json\/wp\/v2\/comments?post=651"}],"version-history":[{"count":1,"href":"https:\/\/wp.kristdemokraterna.se\/botkyrka\/wp-json\/wp\/v2\/posts\/651\/revisions"}],"predecessor-version":[{"id":656,"href":"https:\/\/wp.kristdemokraterna.se\/botkyrka\/wp-json\/wp\/v2\/posts\/651\/revisions\/656"}],"wp:featuredmedia":[{"embeddable":true,"href":"https:\/\/wp.kristdemokraterna.se\/botkyrka\/wp-json\/wp\/v2\/media\/655"}],"wp:attachment":[{"href":"https:\/\/wp.kristdemokraterna.se\/botkyrka\/wp-json\/wp\/v2\/media?parent=651"}],"wp:term":[{"taxonomy":"category","embeddable":true,"href":"https:\/\/wp.kristdemokraterna.se\/botkyrka\/wp-json\/wp\/v2\/categories?post=651"},{"taxonomy":"post_tag","embeddable":true,"href":"https:\/\/wp.kristdemokraterna.se\/botkyrka\/wp-json\/wp\/v2\/tags?post=651"}],"curies":[{"name":"wp","href":"https:\/\/api.w.org\/{rel}","templated":true}]}}