{"id":657,"date":"2019-09-11T20:26:05","date_gmt":"2019-09-11T18:26:05","guid":{"rendered":"http:\/\/wp.kristdemokraterna.se\/botkyrka\/?p=657"},"modified":"2019-09-11T20:31:29","modified_gmt":"2019-09-11T18:31:29","slug":"invigning-av-tunangen","status":"publish","type":"post","link":"https:\/\/wp.kristdemokraterna.se\/botkyrka\/invigning-av-tunangen\/","title":{"rendered":"Invigning av Tun\u00e4ngen"},"content":{"rendered":"<p><strong>Idag var det \u00e4ntligen dags f\u00f6r invigning av den f\u00f6rsta f\u00e4rdigst\u00e4llda nyrenoverade delen av Tun\u00e4ngen v\u00e5rd- och omsorgsboende i Tumba. Kommunalr\u00e5d Stefan Dayne (kd), ordf\u00f6rande f\u00f6r tekniska n\u00e4mnden fanns p\u00e5 plats och var en av de som h\u00f6ll tal och \u00f6nskade att alla \u00e4ldre och personal ska trivas i de fina och rymliga lokalerna.\u00a0<\/strong><\/p>\n<p><!--more--><\/p>\n<p>M\u00e5nga \u00e4ldre, anh\u00f6riga och personal hade samlats tillsammans med representanter fr\u00e5n tekniska f\u00f6rvaltningen och v\u00e5rd- och omsorgsf\u00f6rvaltningen, politiker m.fl. f\u00f6r att inviga det nya v\u00e5rd- och omsorgsboendet som d\u00f6pts till Tun\u00e4ngen. Det finns totalt 60 platser p\u00e5 boendet f\u00f6r b\u00e5de permanent och korttidsboende. L\u00e4genheterna \u00e4r mellan 36-41 kvadratmeter stora med pentry, rymliga badrum och stora f\u00f6nster som ger fint ljusinsl\u00e4pp.<\/p>\n<p class=\"font-normal\">Varje avdelning har gemensamt vardagsrum, matsal och aktivitetsrum och \u00e4ven en stor inglasad balkong som kan \u00f6ppnas upp under varma dagar. Utanf\u00f6r boendet finns ocks\u00e5 en vacker tr\u00e4dg\u00e5rd med en m\u00e4ngd bord och stolar f\u00f6r att kunna njuta n\u00e4r det \u00e4r fint v\u00e4der tillsammans p\u00e5 boendet och \u00e4ven n\u00e4r man f\u00e5r bes\u00f6k. P\u00e5 Tun\u00e4ngen finns ocks\u00e5 en stor gemensam samlingslokal d\u00e4r man har olika aktiviteter som exempelvis gymnastik och pubaftnar.<\/p>\n<p><img loading=\"lazy\" decoding=\"async\" class=\"alignnone size-medium wp-image-659\" src=\"http:\/\/wp.kristdemokraterna.se\/botkyrka\/files\/2019\/09\/stefan-invigning-300x225.jpg\" alt=\"\" width=\"300\" height=\"225\" srcset=\"https:\/\/wp.kristdemokraterna.se\/botkyrka\/files\/2019\/09\/stefan-invigning-300x225.jpg 300w, https:\/\/wp.kristdemokraterna.se\/botkyrka\/files\/2019\/09\/stefan-invigning-768x576.jpg 768w, https:\/\/wp.kristdemokraterna.se\/botkyrka\/files\/2019\/09\/stefan-invigning-540x405.jpg 540w\" sizes=\"auto, (max-width: 300px) 100vw, 300px\" \/><\/p>\n","protected":false},"excerpt":{"rendered":"<p>Idag var det \u00e4ntligen dags f\u00f6r invigning av den f\u00f6rsta f\u00e4rdigst\u00e4llda nyrenoverade delen av Tun\u00e4ngen v\u00e5rd- och omsorgsboende i Tumba. Kommunalr\u00e5d Stefan Dayne (kd), ordf\u00f6rande f\u00f6r tekniska n\u00e4mnden fanns p\u00e5 plats och var en av de som h\u00f6ll tal och \u00f6nskade att alla \u00e4ldre och personal ska trivas i de fina och rymliga lokalerna.\u00a0<\/p>\n","protected":false},"author":467,"featured_media":661,"comment_status":"closed","ping_status":"closed","sticky":false,"template":"","format":"standard","meta":{"_acf_changed":false,"footnotes":""},"categories":[1],"tags":[],"class_list":["post-657","post","type-post","status-publish","format-standard","hentry","category-okategoriserade"],"acf":[],"yoast_head":"<!-- This site is optimized with the Yoast SEO plugin v27.4 - https:\/\/yoast.com\/product\/yoast-seo-wordpress\/ -->\n<title>Invigning av Tun\u00e4ngen - Botkyrka<\/title>\n<meta name=\"robots\" content=\"index, follow, max-snippet:-1, max-image-preview:large, max-video-preview:-1\" \/>\n<link rel=\"canonical\" href=\"https:\/\/wp.kristdemokraterna.se\/botkyrka\/invigning-av-tunangen\/\" \/>\n<meta property=\"og:locale\" content=\"sv_SE\" \/>\n<meta property=\"og:type\" content=\"article\" \/>\n<meta property=\"og:title\" content=\"Invigning av Tun\u00e4ngen - Botkyrka\" \/>\n<meta property=\"og:description\" content=\"Idag var det \u00e4ntligen dags f\u00f6r invigning av den f\u00f6rsta f\u00e4rdigst\u00e4llda nyrenoverade delen av Tun\u00e4ngen v\u00e5rd- och omsorgsboende i Tumba. Kommunalr\u00e5d Stefan Dayne (kd), ordf\u00f6rande f\u00f6r tekniska n\u00e4mnden fanns p\u00e5 plats och var en av de som h\u00f6ll tal och \u00f6nskade att alla \u00e4ldre och personal ska trivas i de fina och rymliga lokalerna.\u00a0\" \/>\n<meta property=\"og:url\" content=\"https:\/\/wp.kristdemokraterna.se\/botkyrka\/invigning-av-tunangen\/\" \/>\n<meta property=\"og:site_name\" content=\"Botkyrka\" \/>\n<meta property=\"article:published_time\" content=\"2019-09-11T18:26:05+00:00\" \/>\n<meta property=\"article:modified_time\" content=\"2019-09-11T18:31:29+00:00\" \/>\n<meta property=\"og:image\" content=\"https:\/\/wp.kristdemokraterna.se\/botkyrka\/files\/2019\/09\/stefan-fb3.jpg\" \/>\n\t<meta property=\"og:image:width\" content=\"1482\" \/>\n\t<meta property=\"og:image:height\" content=\"944\" \/>\n\t<meta property=\"og:image:type\" content=\"image\/jpeg\" \/>\n<meta name=\"author\" content=\"botkyrka\" \/>\n<meta name=\"twitter:card\" content=\"summary_large_image\" \/>\n<meta name=\"twitter:label1\" content=\"Skriven av\" \/>\n\t<meta name=\"twitter:data1\" content=\"botkyrka\" \/>\n\t<meta name=\"twitter:label2\" content=\"Ber\u00e4knad l\u00e4stid\" \/>\n\t<meta name=\"twitter:data2\" content=\"1 minut\" \/>\n<script type=\"application\/ld+json\" class=\"yoast-schema-graph\">{\"@context\":\"https:\\\/\\\/schema.org\",\"@graph\":[{\"@type\":\"Article\",\"@id\":\"https:\\\/\\\/wp.kristdemokraterna.se\\\/botkyrka\\\/invigning-av-tunangen\\\/#article\",\"isPartOf\":{\"@id\":\"https:\\\/\\\/wp.kristdemokraterna.se\\\/botkyrka\\\/invigning-av-tunangen\\\/\"},\"author\":{\"name\":\"botkyrka\",\"@id\":\"https:\\\/\\\/wp.kristdemokraterna.se\\\/botkyrka\\\/#\\\/schema\\\/person\\\/1a01d6ad86e5b7f64cf915d634e76da7\"},\"headline\":\"Invigning av Tun\u00e4ngen\",\"datePublished\":\"2019-09-11T18:26:05+00:00\",\"dateModified\":\"2019-09-11T18:31:29+00:00\",\"mainEntityOfPage\":{\"@id\":\"https:\\\/\\\/wp.kristdemokraterna.se\\\/botkyrka\\\/invigning-av-tunangen\\\/\"},\"wordCount\":226,\"image\":{\"@id\":\"https:\\\/\\\/wp.kristdemokraterna.se\\\/botkyrka\\\/invigning-av-tunangen\\\/#primaryimage\"},\"thumbnailUrl\":\"https:\\\/\\\/wp.kristdemokraterna.se\\\/botkyrka\\\/files\\\/2019\\\/09\\\/stefan-fb3.jpg\",\"inLanguage\":\"sv-SE\"},{\"@type\":\"WebPage\",\"@id\":\"https:\\\/\\\/wp.kristdemokraterna.se\\\/botkyrka\\\/invigning-av-tunangen\\\/\",\"url\":\"https:\\\/\\\/wp.kristdemokraterna.se\\\/botkyrka\\\/invigning-av-tunangen\\\/\",\"name\":\"Invigning av Tun\u00e4ngen - Botkyrka\",\"isPartOf\":{\"@id\":\"https:\\\/\\\/wp.kristdemokraterna.se\\\/botkyrka\\\/#website\"},\"primaryImageOfPage\":{\"@id\":\"https:\\\/\\\/wp.kristdemokraterna.se\\\/botkyrka\\\/invigning-av-tunangen\\\/#primaryimage\"},\"image\":{\"@id\":\"https:\\\/\\\/wp.kristdemokraterna.se\\\/botkyrka\\\/invigning-av-tunangen\\\/#primaryimage\"},\"thumbnailUrl\":\"https:\\\/\\\/wp.kristdemokraterna.se\\\/botkyrka\\\/files\\\/2019\\\/09\\\/stefan-fb3.jpg\",\"datePublished\":\"2019-09-11T18:26:05+00:00\",\"dateModified\":\"2019-09-11T18:31:29+00:00\",\"author\":{\"@id\":\"https:\\\/\\\/wp.kristdemokraterna.se\\\/botkyrka\\\/#\\\/schema\\\/person\\\/1a01d6ad86e5b7f64cf915d634e76da7\"},\"breadcrumb\":{\"@id\":\"https:\\\/\\\/wp.kristdemokraterna.se\\\/botkyrka\\\/invigning-av-tunangen\\\/#breadcrumb\"},\"inLanguage\":\"sv-SE\",\"potentialAction\":[{\"@type\":\"ReadAction\",\"target\":[\"https:\\\/\\\/wp.kristdemokraterna.se\\\/botkyrka\\\/invigning-av-tunangen\\\/\"]}]},{\"@type\":\"ImageObject\",\"inLanguage\":\"sv-SE\",\"@id\":\"https:\\\/\\\/wp.kristdemokraterna.se\\\/botkyrka\\\/invigning-av-tunangen\\\/#primaryimage\",\"url\":\"https:\\\/\\\/wp.kristdemokraterna.se\\\/botkyrka\\\/files\\\/2019\\\/09\\\/stefan-fb3.jpg\",\"contentUrl\":\"https:\\\/\\\/wp.kristdemokraterna.se\\\/botkyrka\\\/files\\\/2019\\\/09\\\/stefan-fb3.jpg\",\"width\":1482,\"height\":944},{\"@type\":\"BreadcrumbList\",\"@id\":\"https:\\\/\\\/wp.kristdemokraterna.se\\\/botkyrka\\\/invigning-av-tunangen\\\/#breadcrumb\",\"itemListElement\":[{\"@type\":\"ListItem\",\"position\":1,\"name\":\"Hem\",\"item\":\"https:\\\/\\\/wp.kristdemokraterna.se\\\/botkyrka\\\/\"},{\"@type\":\"ListItem\",\"position\":2,\"name\":\"Invigning av Tun\u00e4ngen\"}]},{\"@type\":\"WebSite\",\"@id\":\"https:\\\/\\\/wp.kristdemokraterna.se\\\/botkyrka\\\/#website\",\"url\":\"https:\\\/\\\/wp.kristdemokraterna.se\\\/botkyrka\\\/\",\"name\":\"Botkyrka\",\"description\":\"\",\"inLanguage\":\"sv-SE\"},{\"@type\":\"Person\",\"@id\":\"https:\\\/\\\/wp.kristdemokraterna.se\\\/botkyrka\\\/#\\\/schema\\\/person\\\/1a01d6ad86e5b7f64cf915d634e76da7\",\"name\":\"botkyrka\",\"image\":{\"@type\":\"ImageObject\",\"inLanguage\":\"sv-SE\",\"@id\":\"https:\\\/\\\/secure.gravatar.com\\\/avatar\\\/c1f0f7a96c49a88c1b5a6ef0e8fdfe5ec34c12a0b5db282beeb9263a417da04d?s=96&r=g\",\"url\":\"https:\\\/\\\/secure.gravatar.com\\\/avatar\\\/c1f0f7a96c49a88c1b5a6ef0e8fdfe5ec34c12a0b5db282beeb9263a417da04d?s=96&r=g\",\"contentUrl\":\"https:\\\/\\\/secure.gravatar.com\\\/avatar\\\/c1f0f7a96c49a88c1b5a6ef0e8fdfe5ec34c12a0b5db282beeb9263a417da04d?s=96&r=g\",\"caption\":\"botkyrka\"},\"url\":\"https:\\\/\\\/wp.kristdemokraterna.se\\\/botkyrka\\\/author\\\/botkyrka\\\/\"}]}<\/script>\n<!-- \/ Yoast SEO plugin. -->","yoast_head_json":{"title":"Invigning av Tun\u00e4ngen - Botkyrka","robots":{"index":"index","follow":"follow","max-snippet":"max-snippet:-1","max-image-preview":"max-image-preview:large","max-video-preview":"max-video-preview:-1"},"canonical":"https:\/\/wp.kristdemokraterna.se\/botkyrka\/invigning-av-tunangen\/","og_locale":"sv_SE","og_type":"article","og_title":"Invigning av Tun\u00e4ngen - Botkyrka","og_description":"Idag var det \u00e4ntligen dags f\u00f6r invigning av den f\u00f6rsta f\u00e4rdigst\u00e4llda nyrenoverade delen av Tun\u00e4ngen v\u00e5rd- och omsorgsboende i Tumba. Kommunalr\u00e5d Stefan Dayne (kd), ordf\u00f6rande f\u00f6r tekniska n\u00e4mnden fanns p\u00e5 plats och var en av de som h\u00f6ll tal och \u00f6nskade att alla \u00e4ldre och personal ska trivas i de fina och rymliga lokalerna.\u00a0","og_url":"https:\/\/wp.kristdemokraterna.se\/botkyrka\/invigning-av-tunangen\/","og_site_name":"Botkyrka","article_published_time":"2019-09-11T18:26:05+00:00","article_modified_time":"2019-09-11T18:31:29+00:00","og_image":[{"width":1482,"height":944,"url":"https:\/\/wp.kristdemokraterna.se\/botkyrka\/files\/2019\/09\/stefan-fb3.jpg","type":"image\/jpeg"}],"author":"botkyrka","twitter_card":"summary_large_image","twitter_misc":{"Skriven av":"botkyrka","Ber\u00e4knad l\u00e4stid":"1 minut"},"schema":{"@context":"https:\/\/schema.org","@graph":[{"@type":"Article","@id":"https:\/\/wp.kristdemokraterna.se\/botkyrka\/invigning-av-tunangen\/#article","isPartOf":{"@id":"https:\/\/wp.kristdemokraterna.se\/botkyrka\/invigning-av-tunangen\/"},"author":{"name":"botkyrka","@id":"https:\/\/wp.kristdemokraterna.se\/botkyrka\/#\/schema\/person\/1a01d6ad86e5b7f64cf915d634e76da7"},"headline":"Invigning av Tun\u00e4ngen","datePublished":"2019-09-11T18:26:05+00:00","dateModified":"2019-09-11T18:31:29+00:00","mainEntityOfPage":{"@id":"https:\/\/wp.kristdemokraterna.se\/botkyrka\/invigning-av-tunangen\/"},"wordCount":226,"image":{"@id":"https:\/\/wp.kristdemokraterna.se\/botkyrka\/invigning-av-tunangen\/#primaryimage"},"thumbnailUrl":"https:\/\/wp.kristdemokraterna.se\/botkyrka\/files\/2019\/09\/stefan-fb3.jpg","inLanguage":"sv-SE"},{"@type":"WebPage","@id":"https:\/\/wp.kristdemokraterna.se\/botkyrka\/invigning-av-tunangen\/","url":"https:\/\/wp.kristdemokraterna.se\/botkyrka\/invigning-av-tunangen\/","name":"Invigning av Tun\u00e4ngen - Botkyrka","isPartOf":{"@id":"https:\/\/wp.kristdemokraterna.se\/botkyrka\/#website"},"primaryImageOfPage":{"@id":"https:\/\/wp.kristdemokraterna.se\/botkyrka\/invigning-av-tunangen\/#primaryimage"},"image":{"@id":"https:\/\/wp.kristdemokraterna.se\/botkyrka\/invigning-av-tunangen\/#primaryimage"},"thumbnailUrl":"https:\/\/wp.kristdemokraterna.se\/botkyrka\/files\/2019\/09\/stefan-fb3.jpg","datePublished":"2019-09-11T18:26:05+00:00","dateModified":"2019-09-11T18:31:29+00:00","author":{"@id":"https:\/\/wp.kristdemokraterna.se\/botkyrka\/#\/schema\/person\/1a01d6ad86e5b7f64cf915d634e76da7"},"breadcrumb":{"@id":"https:\/\/wp.kristdemokraterna.se\/botkyrka\/invigning-av-tunangen\/#breadcrumb"},"inLanguage":"sv-SE","potentialAction":[{"@type":"ReadAction","target":["https:\/\/wp.kristdemokraterna.se\/botkyrka\/invigning-av-tunangen\/"]}]},{"@type":"ImageObject","inLanguage":"sv-SE","@id":"https:\/\/wp.kristdemokraterna.se\/botkyrka\/invigning-av-tunangen\/#primaryimage","url":"https:\/\/wp.kristdemokraterna.se\/botkyrka\/files\/2019\/09\/stefan-fb3.jpg","contentUrl":"https:\/\/wp.kristdemokraterna.se\/botkyrka\/files\/2019\/09\/stefan-fb3.jpg","width":1482,"height":944},{"@type":"BreadcrumbList","@id":"https:\/\/wp.kristdemokraterna.se\/botkyrka\/invigning-av-tunangen\/#breadcrumb","itemListElement":[{"@type":"ListItem","position":1,"name":"Hem","item":"https:\/\/wp.kristdemokraterna.se\/botkyrka\/"},{"@type":"ListItem","position":2,"name":"Invigning av Tun\u00e4ngen"}]},{"@type":"WebSite","@id":"https:\/\/wp.kristdemokraterna.se\/botkyrka\/#website","url":"https:\/\/wp.kristdemokraterna.se\/botkyrka\/","name":"Botkyrka","description":"","inLanguage":"sv-SE"},{"@type":"Person","@id":"https:\/\/wp.kristdemokraterna.se\/botkyrka\/#\/schema\/person\/1a01d6ad86e5b7f64cf915d634e76da7","name":"botkyrka","image":{"@type":"ImageObject","inLanguage":"sv-SE","@id":"https:\/\/secure.gravatar.com\/avatar\/c1f0f7a96c49a88c1b5a6ef0e8fdfe5ec34c12a0b5db282beeb9263a417da04d?s=96&r=g","url":"https:\/\/secure.gravatar.com\/avatar\/c1f0f7a96c49a88c1b5a6ef0e8fdfe5ec34c12a0b5db282beeb9263a417da04d?s=96&r=g","contentUrl":"https:\/\/secure.gravatar.com\/avatar\/c1f0f7a96c49a88c1b5a6ef0e8fdfe5ec34c12a0b5db282beeb9263a417da04d?s=96&r=g","caption":"botkyrka"},"url":"https:\/\/wp.kristdemokraterna.se\/botkyrka\/author\/botkyrka\/"}]}},"_links":{"self":[{"href":"https:\/\/wp.kristdemokraterna.se\/botkyrka\/wp-json\/wp\/v2\/posts\/657","targetHints":{"allow":["GET"]}}],"collection":[{"href":"https:\/\/wp.kristdemokraterna.se\/botkyrka\/wp-json\/wp\/v2\/posts"}],"about":[{"href":"https:\/\/wp.kristdemokraterna.se\/botkyrka\/wp-json\/wp\/v2\/types\/post"}],"author":[{"embeddable":true,"href":"https:\/\/wp.kristdemokraterna.se\/botkyrka\/wp-json\/wp\/v2\/users\/467"}],"replies":[{"embeddable":true,"href":"https:\/\/wp.kristdemokraterna.se\/botkyrka\/wp-json\/wp\/v2\/comments?post=657"}],"version-history":[{"count":3,"href":"https:\/\/wp.kristdemokraterna.se\/botkyrka\/wp-json\/wp\/v2\/posts\/657\/revisions"}],"predecessor-version":[{"id":663,"href":"https:\/\/wp.kristdemokraterna.se\/botkyrka\/wp-json\/wp\/v2\/posts\/657\/revisions\/663"}],"wp:featuredmedia":[{"embeddable":true,"href":"https:\/\/wp.kristdemokraterna.se\/botkyrka\/wp-json\/wp\/v2\/media\/661"}],"wp:attachment":[{"href":"https:\/\/wp.kristdemokraterna.se\/botkyrka\/wp-json\/wp\/v2\/media?parent=657"}],"wp:term":[{"taxonomy":"category","embeddable":true,"href":"https:\/\/wp.kristdemokraterna.se\/botkyrka\/wp-json\/wp\/v2\/categories?post=657"},{"taxonomy":"post_tag","embeddable":true,"href":"https:\/\/wp.kristdemokraterna.se\/botkyrka\/wp-json\/wp\/v2\/tags?post=657"}],"curies":[{"name":"wp","href":"https:\/\/api.w.org\/{rel}","templated":true}]}}