{"id":1001,"date":"2018-11-29T06:11:55","date_gmt":"2018-11-29T05:11:55","guid":{"rendered":"http:\/\/wp.kristdemokraterna.se\/brannberg\/?p=1001"},"modified":"2018-11-29T06:11:55","modified_gmt":"2018-11-29T05:11:55","slug":"uppdragen-2018-2022-klara","status":"publish","type":"post","link":"https:\/\/wp.kristdemokraterna.se\/brannberg\/uppdragen-2018-2022-klara\/","title":{"rendered":"Uppdragen 2018-2022 klara"},"content":{"rendered":"<p>Nu har valen inf\u00f6r mandatperioden genomf\u00f6rts. F\u00f6ljande \u00e4r nu klart f\u00f6r min del:<\/p>\n<p><strong>Sk\u00f6vde Kommun<\/strong><br \/>\nOrdf\u00f6rande f\u00f6r kommunfullm\u00e4ktige<br \/>\nOrdf\u00f6rande f\u00f6r von Haugwitz-Cedermarkska stiftelsen<\/p>\n<p><strong>V\u00e4stra G\u00f6talandsregionen<\/strong><br \/>\nRegionr\u00e5d, dvs ledamot av regionstyrelsen<br \/>\nLedamot av regionstyrelsens \u00e4garutskott<br \/>\nOrdf\u00f6rande f\u00f6r kulturn\u00e4mnden<br \/>\nLedamot av Beredningen f\u00f6r H\u00e5llbar Utveckling<br \/>\nLedamot av Beredningen f\u00f6r Externa Relationer<\/p>\n<p>P\u00e5 nationell niv\u00e5 \u00e4r jag verksam inom <strong>(SKL<\/strong>) Sveriges Kommuner och Landsting och representerar Kristdemokraterna i Beredningen f\u00f6r Kultur och Fritid. Till v\u00e5ren \u00e4r det valkongress och d\u00e5 kandiderar jag f\u00f6r fortsatt uppdrag.<\/p>\n<p><strong>Kristdemokraterna<\/strong><br \/>\nJag \u00e4r med i s\u00e5v\u00e4l partiets distriktsstyrelse som partistyrelsen. I v\u00e5r regionala styrelse i VG \u00e4r jag adjungerad.<\/p>\n<p>&nbsp;<\/p>\n","protected":false},"excerpt":{"rendered":"<p>Nu har valen inf\u00f6r mandatperioden genomf\u00f6rts. F\u00f6ljande \u00e4r nu klart f\u00f6r min del: Sk\u00f6vde Kommun Ordf\u00f6rande f\u00f6r kommunfullm\u00e4ktige Ordf\u00f6rande f\u00f6r von Haugwitz-Cedermarkska stiftelsen V\u00e4stra G\u00f6talandsregionen Regionr\u00e5d, dvs ledamot av regionstyrelsen Ledamot av regionstyrelsens \u00e4garutskott Ordf\u00f6rande f\u00f6r kulturn\u00e4mnden Ledamot av Beredningen f\u00f6r H\u00e5llbar Utveckling Ledamot av Beredningen f\u00f6r Externa Relationer P\u00e5 nationell niv\u00e5 \u00e4r jag verksam <a class=\"read-more-link\" href=\"https:\/\/wp.kristdemokraterna.se\/brannberg\/uppdragen-2018-2022-klara\/\">Read More<\/a><\/p>\n","protected":false},"author":744,"featured_media":0,"comment_status":"closed","ping_status":"closed","sticky":false,"template":"","format":"standard","meta":{"_acf_changed":false,"footnotes":""},"categories":[7],"tags":[],"class_list":["post-1001","post","type-post","status-publish","format-standard","hentry","category-senaste-handelser"],"acf":[],"yoast_head":"<!-- This site is optimized with the Yoast SEO plugin v27.5 - https:\/\/yoast.com\/product\/yoast-seo-wordpress\/ -->\n<title>Uppdragen 2018-2022 klara - Conny Br\u00e4nnberg<\/title>\n<meta name=\"robots\" content=\"index, follow, max-snippet:-1, max-image-preview:large, max-video-preview:-1\" \/>\n<link rel=\"canonical\" href=\"https:\/\/wp.kristdemokraterna.se\/brannberg\/uppdragen-2018-2022-klara\/\" \/>\n<meta property=\"og:locale\" content=\"sv_SE\" \/>\n<meta property=\"og:type\" content=\"article\" \/>\n<meta property=\"og:title\" content=\"Uppdragen 2018-2022 klara - Conny Br\u00e4nnberg\" \/>\n<meta property=\"og:description\" content=\"Nu har valen inf\u00f6r mandatperioden genomf\u00f6rts. F\u00f6ljande \u00e4r nu klart f\u00f6r min del: Sk\u00f6vde Kommun Ordf\u00f6rande f\u00f6r kommunfullm\u00e4ktige Ordf\u00f6rande f\u00f6r von Haugwitz-Cedermarkska stiftelsen V\u00e4stra G\u00f6talandsregionen Regionr\u00e5d, dvs ledamot av regionstyrelsen Ledamot av regionstyrelsens \u00e4garutskott Ordf\u00f6rande f\u00f6r kulturn\u00e4mnden Ledamot av Beredningen f\u00f6r H\u00e5llbar Utveckling Ledamot av Beredningen f\u00f6r Externa Relationer P\u00e5 nationell niv\u00e5 \u00e4r jag verksam Read More\" \/>\n<meta property=\"og:url\" content=\"https:\/\/wp.kristdemokraterna.se\/brannberg\/uppdragen-2018-2022-klara\/\" \/>\n<meta property=\"og:site_name\" content=\"Conny Br\u00e4nnberg\" \/>\n<meta property=\"article:publisher\" content=\"https:\/\/www.facebook.com\/connybrannberg\" \/>\n<meta property=\"article:published_time\" content=\"2018-11-29T05:11:55+00:00\" \/>\n<meta name=\"author\" content=\"brannberg\" \/>\n<meta name=\"twitter:card\" content=\"summary_large_image\" \/>\n<meta name=\"twitter:creator\" content=\"@brannberg\" \/>\n<meta name=\"twitter:site\" content=\"@brannberg\" \/>\n<meta name=\"twitter:label1\" content=\"Skriven av\" \/>\n\t<meta name=\"twitter:data1\" content=\"brannberg\" \/>\n\t<meta name=\"twitter:label2\" content=\"Ber\u00e4knad l\u00e4stid\" \/>\n\t<meta name=\"twitter:data2\" content=\"1 minut\" \/>\n<script type=\"application\/ld+json\" class=\"yoast-schema-graph\">{\"@context\":\"https:\\\/\\\/schema.org\",\"@graph\":[{\"@type\":\"Article\",\"@id\":\"https:\\\/\\\/wp.kristdemokraterna.se\\\/brannberg\\\/uppdragen-2018-2022-klara\\\/#article\",\"isPartOf\":{\"@id\":\"https:\\\/\\\/wp.kristdemokraterna.se\\\/brannberg\\\/uppdragen-2018-2022-klara\\\/\"},\"author\":{\"name\":\"brannberg\",\"@id\":\"https:\\\/\\\/wp.kristdemokraterna.se\\\/brannberg\\\/#\\\/schema\\\/person\\\/16c27da76d91de55cd55bdfac6e90bd2\"},\"headline\":\"Uppdragen 2018-2022 klara\",\"datePublished\":\"2018-11-29T05:11:55+00:00\",\"mainEntityOfPage\":{\"@id\":\"https:\\\/\\\/wp.kristdemokraterna.se\\\/brannberg\\\/uppdragen-2018-2022-klara\\\/\"},\"wordCount\":130,\"articleSection\":[\"Senaste h\u00e4ndelser\"],\"inLanguage\":\"sv-SE\"},{\"@type\":\"WebPage\",\"@id\":\"https:\\\/\\\/wp.kristdemokraterna.se\\\/brannberg\\\/uppdragen-2018-2022-klara\\\/\",\"url\":\"https:\\\/\\\/wp.kristdemokraterna.se\\\/brannberg\\\/uppdragen-2018-2022-klara\\\/\",\"name\":\"Uppdragen 2018-2022 klara - Conny Br\u00e4nnberg\",\"isPartOf\":{\"@id\":\"https:\\\/\\\/wp.kristdemokraterna.se\\\/brannberg\\\/#website\"},\"datePublished\":\"2018-11-29T05:11:55+00:00\",\"author\":{\"@id\":\"https:\\\/\\\/wp.kristdemokraterna.se\\\/brannberg\\\/#\\\/schema\\\/person\\\/16c27da76d91de55cd55bdfac6e90bd2\"},\"breadcrumb\":{\"@id\":\"https:\\\/\\\/wp.kristdemokraterna.se\\\/brannberg\\\/uppdragen-2018-2022-klara\\\/#breadcrumb\"},\"inLanguage\":\"sv-SE\",\"potentialAction\":[{\"@type\":\"ReadAction\",\"target\":[\"https:\\\/\\\/wp.kristdemokraterna.se\\\/brannberg\\\/uppdragen-2018-2022-klara\\\/\"]}]},{\"@type\":\"BreadcrumbList\",\"@id\":\"https:\\\/\\\/wp.kristdemokraterna.se\\\/brannberg\\\/uppdragen-2018-2022-klara\\\/#breadcrumb\",\"itemListElement\":[{\"@type\":\"ListItem\",\"position\":1,\"name\":\"Hem\",\"item\":\"https:\\\/\\\/wp.kristdemokraterna.se\\\/brannberg\\\/\"},{\"@type\":\"ListItem\",\"position\":2,\"name\":\"Uppdragen 2018-2022 klara\"}]},{\"@type\":\"WebSite\",\"@id\":\"https:\\\/\\\/wp.kristdemokraterna.se\\\/brannberg\\\/#website\",\"url\":\"https:\\\/\\\/wp.kristdemokraterna.se\\\/brannberg\\\/\",\"name\":\"Conny Br\u00e4nnberg\",\"description\":\"Trygg v\u00e5rd n\u00e4ra dig!\",\"inLanguage\":\"sv-SE\"},{\"@type\":\"Person\",\"@id\":\"https:\\\/\\\/wp.kristdemokraterna.se\\\/brannberg\\\/#\\\/schema\\\/person\\\/16c27da76d91de55cd55bdfac6e90bd2\",\"name\":\"brannberg\",\"image\":{\"@type\":\"ImageObject\",\"inLanguage\":\"sv-SE\",\"@id\":\"https:\\\/\\\/secure.gravatar.com\\\/avatar\\\/3065f237d64bcc60246edd2804abb1788848e0a9f187add49e65be41fbadadec?s=96&d=mm&r=g\",\"url\":\"https:\\\/\\\/secure.gravatar.com\\\/avatar\\\/3065f237d64bcc60246edd2804abb1788848e0a9f187add49e65be41fbadadec?s=96&d=mm&r=g\",\"contentUrl\":\"https:\\\/\\\/secure.gravatar.com\\\/avatar\\\/3065f237d64bcc60246edd2804abb1788848e0a9f187add49e65be41fbadadec?s=96&d=mm&r=g\",\"caption\":\"brannberg\"}}]}<\/script>\n<!-- \/ Yoast SEO plugin. -->","yoast_head_json":{"title":"Uppdragen 2018-2022 klara - Conny Br\u00e4nnberg","robots":{"index":"index","follow":"follow","max-snippet":"max-snippet:-1","max-image-preview":"max-image-preview:large","max-video-preview":"max-video-preview:-1"},"canonical":"https:\/\/wp.kristdemokraterna.se\/brannberg\/uppdragen-2018-2022-klara\/","og_locale":"sv_SE","og_type":"article","og_title":"Uppdragen 2018-2022 klara - Conny Br\u00e4nnberg","og_description":"Nu har valen inf\u00f6r mandatperioden genomf\u00f6rts. F\u00f6ljande \u00e4r nu klart f\u00f6r min del: Sk\u00f6vde Kommun Ordf\u00f6rande f\u00f6r kommunfullm\u00e4ktige Ordf\u00f6rande f\u00f6r von Haugwitz-Cedermarkska stiftelsen V\u00e4stra G\u00f6talandsregionen Regionr\u00e5d, dvs ledamot av regionstyrelsen Ledamot av regionstyrelsens \u00e4garutskott Ordf\u00f6rande f\u00f6r kulturn\u00e4mnden Ledamot av Beredningen f\u00f6r H\u00e5llbar Utveckling Ledamot av Beredningen f\u00f6r Externa Relationer P\u00e5 nationell niv\u00e5 \u00e4r jag verksam Read More","og_url":"https:\/\/wp.kristdemokraterna.se\/brannberg\/uppdragen-2018-2022-klara\/","og_site_name":"Conny Br\u00e4nnberg","article_publisher":"https:\/\/www.facebook.com\/connybrannberg","article_published_time":"2018-11-29T05:11:55+00:00","author":"brannberg","twitter_card":"summary_large_image","twitter_creator":"@brannberg","twitter_site":"@brannberg","twitter_misc":{"Skriven av":"brannberg","Ber\u00e4knad l\u00e4stid":"1 minut"},"schema":{"@context":"https:\/\/schema.org","@graph":[{"@type":"Article","@id":"https:\/\/wp.kristdemokraterna.se\/brannberg\/uppdragen-2018-2022-klara\/#article","isPartOf":{"@id":"https:\/\/wp.kristdemokraterna.se\/brannberg\/uppdragen-2018-2022-klara\/"},"author":{"name":"brannberg","@id":"https:\/\/wp.kristdemokraterna.se\/brannberg\/#\/schema\/person\/16c27da76d91de55cd55bdfac6e90bd2"},"headline":"Uppdragen 2018-2022 klara","datePublished":"2018-11-29T05:11:55+00:00","mainEntityOfPage":{"@id":"https:\/\/wp.kristdemokraterna.se\/brannberg\/uppdragen-2018-2022-klara\/"},"wordCount":130,"articleSection":["Senaste h\u00e4ndelser"],"inLanguage":"sv-SE"},{"@type":"WebPage","@id":"https:\/\/wp.kristdemokraterna.se\/brannberg\/uppdragen-2018-2022-klara\/","url":"https:\/\/wp.kristdemokraterna.se\/brannberg\/uppdragen-2018-2022-klara\/","name":"Uppdragen 2018-2022 klara - Conny Br\u00e4nnberg","isPartOf":{"@id":"https:\/\/wp.kristdemokraterna.se\/brannberg\/#website"},"datePublished":"2018-11-29T05:11:55+00:00","author":{"@id":"https:\/\/wp.kristdemokraterna.se\/brannberg\/#\/schema\/person\/16c27da76d91de55cd55bdfac6e90bd2"},"breadcrumb":{"@id":"https:\/\/wp.kristdemokraterna.se\/brannberg\/uppdragen-2018-2022-klara\/#breadcrumb"},"inLanguage":"sv-SE","potentialAction":[{"@type":"ReadAction","target":["https:\/\/wp.kristdemokraterna.se\/brannberg\/uppdragen-2018-2022-klara\/"]}]},{"@type":"BreadcrumbList","@id":"https:\/\/wp.kristdemokraterna.se\/brannberg\/uppdragen-2018-2022-klara\/#breadcrumb","itemListElement":[{"@type":"ListItem","position":1,"name":"Hem","item":"https:\/\/wp.kristdemokraterna.se\/brannberg\/"},{"@type":"ListItem","position":2,"name":"Uppdragen 2018-2022 klara"}]},{"@type":"WebSite","@id":"https:\/\/wp.kristdemokraterna.se\/brannberg\/#website","url":"https:\/\/wp.kristdemokraterna.se\/brannberg\/","name":"Conny Br\u00e4nnberg","description":"Trygg v\u00e5rd n\u00e4ra dig!","inLanguage":"sv-SE"},{"@type":"Person","@id":"https:\/\/wp.kristdemokraterna.se\/brannberg\/#\/schema\/person\/16c27da76d91de55cd55bdfac6e90bd2","name":"brannberg","image":{"@type":"ImageObject","inLanguage":"sv-SE","@id":"https:\/\/secure.gravatar.com\/avatar\/3065f237d64bcc60246edd2804abb1788848e0a9f187add49e65be41fbadadec?s=96&d=mm&r=g","url":"https:\/\/secure.gravatar.com\/avatar\/3065f237d64bcc60246edd2804abb1788848e0a9f187add49e65be41fbadadec?s=96&d=mm&r=g","contentUrl":"https:\/\/secure.gravatar.com\/avatar\/3065f237d64bcc60246edd2804abb1788848e0a9f187add49e65be41fbadadec?s=96&d=mm&r=g","caption":"brannberg"}}]}},"_links":{"self":[{"href":"https:\/\/wp.kristdemokraterna.se\/brannberg\/wp-json\/wp\/v2\/posts\/1001","targetHints":{"allow":["GET"]}}],"collection":[{"href":"https:\/\/wp.kristdemokraterna.se\/brannberg\/wp-json\/wp\/v2\/posts"}],"about":[{"href":"https:\/\/wp.kristdemokraterna.se\/brannberg\/wp-json\/wp\/v2\/types\/post"}],"author":[{"embeddable":true,"href":"https:\/\/wp.kristdemokraterna.se\/brannberg\/wp-json\/wp\/v2\/users\/744"}],"replies":[{"embeddable":true,"href":"https:\/\/wp.kristdemokraterna.se\/brannberg\/wp-json\/wp\/v2\/comments?post=1001"}],"version-history":[{"count":1,"href":"https:\/\/wp.kristdemokraterna.se\/brannberg\/wp-json\/wp\/v2\/posts\/1001\/revisions"}],"predecessor-version":[{"id":1002,"href":"https:\/\/wp.kristdemokraterna.se\/brannberg\/wp-json\/wp\/v2\/posts\/1001\/revisions\/1002"}],"wp:attachment":[{"href":"https:\/\/wp.kristdemokraterna.se\/brannberg\/wp-json\/wp\/v2\/media?parent=1001"}],"wp:term":[{"taxonomy":"category","embeddable":true,"href":"https:\/\/wp.kristdemokraterna.se\/brannberg\/wp-json\/wp\/v2\/categories?post=1001"},{"taxonomy":"post_tag","embeddable":true,"href":"https:\/\/wp.kristdemokraterna.se\/brannberg\/wp-json\/wp\/v2\/tags?post=1001"}],"curies":[{"name":"wp","href":"https:\/\/api.w.org\/{rel}","templated":true}]}}