{"id":1016,"date":"2019-02-12T07:24:19","date_gmt":"2019-02-12T06:24:19","guid":{"rendered":"http:\/\/wp.kristdemokraterna.se\/brannberg\/?p=1016"},"modified":"2019-02-12T07:25:37","modified_gmt":"2019-02-12T06:25:37","slug":"kultur-spelar-en-viktig-roll","status":"publish","type":"post","link":"https:\/\/wp.kristdemokraterna.se\/brannberg\/kultur-spelar-en-viktig-roll\/","title":{"rendered":"Kultur spelar en viktig roll"},"content":{"rendered":"<p>Under den kommande mandatperioden f\u00e5r jag m\u00f6jlighet att \u00e4gna mig \u00e5t kulturpolitik. Det \u00e4r ett omr\u00e5de som jag varit aktiv inom under m\u00e5nga \u00e5r, men i min nya roll som regionr\u00e5d i V\u00e4stra G\u00f6talandsregionen \u00e4r det nu min &#8221;portf\u00f6lj&#8221;.<\/p>\n<p>Jag h\u00e4vdar att kultur har stor betydelse f\u00f6r v\u00e5rt v\u00e4lbefinnande. Den inre odlingen st\u00e4rker v\u00e5r identitet och sj\u00e4lvbild. Att bli berikad med konstens dimensioner g\u00f6r att man v\u00e4xer som m\u00e4nniska. Ordet kultur kommer fr\u00e5n latinets cultura och inneb\u00e4r just odling.<\/p>\n<p>Kulturpolitik som omr\u00e5de har oerh\u00f6rt mycket att erbjuda och finns inom alla andra politikomr\u00e5den. Att ha tillg\u00e5ng till f\u00e4rg, form, design, texter, r\u00f6rliga filmer, ta del av gestaltning p\u00e5 scen, men kanske ocks\u00e5 sj\u00e4lv f\u00e5 ut\u00f6va konst, \u00e4r s\u00e5dant som alla m\u00e4nniskor beh\u00f6ver.<\/p>\n<p>Att barn och unga ska f\u00e5 ta del av konsten och kulturen \u00e4r f\u00f6r mig en viktig drivkraft.<\/p>\n<p>Sverige har en ny regering och en ny kulturminister, Amanda Lind. Hon har ett stort ansvar f\u00f6r kulturen i Sverige men vi som \u00e4r verksamma p\u00e5 regional niv\u00e5 m\u00e5ste samverka b\u00e5de med varandra, med kommunerna och med staten. Det \u00e4r en nationell kulturpolitik som vi vill utveckla. D\u00e5 beh\u00f6vs samverkan p\u00e5 alla niv\u00e5er.<\/p>\n","protected":false},"excerpt":{"rendered":"<p>Under den kommande mandatperioden f\u00e5r jag m\u00f6jlighet att \u00e4gna mig \u00e5t kulturpolitik. Det \u00e4r ett omr\u00e5de som jag varit aktiv inom under m\u00e5nga \u00e5r, men i min nya roll som regionr\u00e5d i V\u00e4stra G\u00f6talandsregionen \u00e4r det nu min &#8221;portf\u00f6lj&#8221;. Jag h\u00e4vdar att kultur har stor betydelse f\u00f6r v\u00e5rt v\u00e4lbefinnande. Den inre odlingen st\u00e4rker v\u00e5r identitet <a class=\"read-more-link\" href=\"https:\/\/wp.kristdemokraterna.se\/brannberg\/kultur-spelar-en-viktig-roll\/\">Read More<\/a><\/p>\n","protected":false},"author":744,"featured_media":0,"comment_status":"closed","ping_status":"closed","sticky":false,"template":"","format":"standard","meta":{"_acf_changed":false,"footnotes":""},"categories":[7],"tags":[],"class_list":["post-1016","post","type-post","status-publish","format-standard","hentry","category-senaste-handelser"],"acf":[],"yoast_head":"<!-- This site is optimized with the Yoast SEO plugin v27.5 - https:\/\/yoast.com\/product\/yoast-seo-wordpress\/ -->\n<title>Kultur spelar en viktig roll - Conny Br\u00e4nnberg<\/title>\n<meta name=\"robots\" content=\"index, follow, max-snippet:-1, max-image-preview:large, max-video-preview:-1\" \/>\n<link rel=\"canonical\" href=\"https:\/\/wp.kristdemokraterna.se\/brannberg\/kultur-spelar-en-viktig-roll\/\" \/>\n<meta property=\"og:locale\" content=\"sv_SE\" \/>\n<meta property=\"og:type\" content=\"article\" \/>\n<meta property=\"og:title\" content=\"Kultur spelar en viktig roll - Conny Br\u00e4nnberg\" \/>\n<meta property=\"og:description\" content=\"Under den kommande mandatperioden f\u00e5r jag m\u00f6jlighet att \u00e4gna mig \u00e5t kulturpolitik. Det \u00e4r ett omr\u00e5de som jag varit aktiv inom under m\u00e5nga \u00e5r, men i min nya roll som regionr\u00e5d i V\u00e4stra G\u00f6talandsregionen \u00e4r det nu min &#8221;portf\u00f6lj&#8221;. Jag h\u00e4vdar att kultur har stor betydelse f\u00f6r v\u00e5rt v\u00e4lbefinnande. Den inre odlingen st\u00e4rker v\u00e5r identitet Read More\" \/>\n<meta property=\"og:url\" content=\"https:\/\/wp.kristdemokraterna.se\/brannberg\/kultur-spelar-en-viktig-roll\/\" \/>\n<meta property=\"og:site_name\" content=\"Conny Br\u00e4nnberg\" \/>\n<meta property=\"article:publisher\" content=\"https:\/\/www.facebook.com\/connybrannberg\" \/>\n<meta property=\"article:published_time\" content=\"2019-02-12T06:24:19+00:00\" \/>\n<meta property=\"article:modified_time\" content=\"2019-02-12T06:25:37+00:00\" \/>\n<meta name=\"author\" content=\"brannberg\" \/>\n<meta name=\"twitter:card\" content=\"summary_large_image\" \/>\n<meta name=\"twitter:creator\" content=\"@brannberg\" \/>\n<meta name=\"twitter:site\" content=\"@brannberg\" \/>\n<meta name=\"twitter:label1\" content=\"Skriven av\" \/>\n\t<meta name=\"twitter:data1\" content=\"brannberg\" \/>\n\t<meta name=\"twitter:label2\" content=\"Ber\u00e4knad l\u00e4stid\" \/>\n\t<meta name=\"twitter:data2\" content=\"1 minut\" \/>\n<script type=\"application\/ld+json\" class=\"yoast-schema-graph\">{\"@context\":\"https:\\\/\\\/schema.org\",\"@graph\":[{\"@type\":\"Article\",\"@id\":\"https:\\\/\\\/wp.kristdemokraterna.se\\\/brannberg\\\/kultur-spelar-en-viktig-roll\\\/#article\",\"isPartOf\":{\"@id\":\"https:\\\/\\\/wp.kristdemokraterna.se\\\/brannberg\\\/kultur-spelar-en-viktig-roll\\\/\"},\"author\":{\"name\":\"brannberg\",\"@id\":\"https:\\\/\\\/wp.kristdemokraterna.se\\\/brannberg\\\/#\\\/schema\\\/person\\\/16c27da76d91de55cd55bdfac6e90bd2\"},\"headline\":\"Kultur spelar en viktig roll\",\"datePublished\":\"2019-02-12T06:24:19+00:00\",\"dateModified\":\"2019-02-12T06:25:37+00:00\",\"mainEntityOfPage\":{\"@id\":\"https:\\\/\\\/wp.kristdemokraterna.se\\\/brannberg\\\/kultur-spelar-en-viktig-roll\\\/\"},\"wordCount\":235,\"articleSection\":[\"Senaste h\u00e4ndelser\"],\"inLanguage\":\"sv-SE\"},{\"@type\":\"WebPage\",\"@id\":\"https:\\\/\\\/wp.kristdemokraterna.se\\\/brannberg\\\/kultur-spelar-en-viktig-roll\\\/\",\"url\":\"https:\\\/\\\/wp.kristdemokraterna.se\\\/brannberg\\\/kultur-spelar-en-viktig-roll\\\/\",\"name\":\"Kultur spelar en viktig roll - Conny Br\u00e4nnberg\",\"isPartOf\":{\"@id\":\"https:\\\/\\\/wp.kristdemokraterna.se\\\/brannberg\\\/#website\"},\"datePublished\":\"2019-02-12T06:24:19+00:00\",\"dateModified\":\"2019-02-12T06:25:37+00:00\",\"author\":{\"@id\":\"https:\\\/\\\/wp.kristdemokraterna.se\\\/brannberg\\\/#\\\/schema\\\/person\\\/16c27da76d91de55cd55bdfac6e90bd2\"},\"breadcrumb\":{\"@id\":\"https:\\\/\\\/wp.kristdemokraterna.se\\\/brannberg\\\/kultur-spelar-en-viktig-roll\\\/#breadcrumb\"},\"inLanguage\":\"sv-SE\",\"potentialAction\":[{\"@type\":\"ReadAction\",\"target\":[\"https:\\\/\\\/wp.kristdemokraterna.se\\\/brannberg\\\/kultur-spelar-en-viktig-roll\\\/\"]}]},{\"@type\":\"BreadcrumbList\",\"@id\":\"https:\\\/\\\/wp.kristdemokraterna.se\\\/brannberg\\\/kultur-spelar-en-viktig-roll\\\/#breadcrumb\",\"itemListElement\":[{\"@type\":\"ListItem\",\"position\":1,\"name\":\"Hem\",\"item\":\"https:\\\/\\\/wp.kristdemokraterna.se\\\/brannberg\\\/\"},{\"@type\":\"ListItem\",\"position\":2,\"name\":\"Kultur spelar en viktig roll\"}]},{\"@type\":\"WebSite\",\"@id\":\"https:\\\/\\\/wp.kristdemokraterna.se\\\/brannberg\\\/#website\",\"url\":\"https:\\\/\\\/wp.kristdemokraterna.se\\\/brannberg\\\/\",\"name\":\"Conny Br\u00e4nnberg\",\"description\":\"Trygg v\u00e5rd n\u00e4ra dig!\",\"inLanguage\":\"sv-SE\"},{\"@type\":\"Person\",\"@id\":\"https:\\\/\\\/wp.kristdemokraterna.se\\\/brannberg\\\/#\\\/schema\\\/person\\\/16c27da76d91de55cd55bdfac6e90bd2\",\"name\":\"brannberg\",\"image\":{\"@type\":\"ImageObject\",\"inLanguage\":\"sv-SE\",\"@id\":\"https:\\\/\\\/secure.gravatar.com\\\/avatar\\\/3065f237d64bcc60246edd2804abb1788848e0a9f187add49e65be41fbadadec?s=96&d=mm&r=g\",\"url\":\"https:\\\/\\\/secure.gravatar.com\\\/avatar\\\/3065f237d64bcc60246edd2804abb1788848e0a9f187add49e65be41fbadadec?s=96&d=mm&r=g\",\"contentUrl\":\"https:\\\/\\\/secure.gravatar.com\\\/avatar\\\/3065f237d64bcc60246edd2804abb1788848e0a9f187add49e65be41fbadadec?s=96&d=mm&r=g\",\"caption\":\"brannberg\"}}]}<\/script>\n<!-- \/ Yoast SEO plugin. -->","yoast_head_json":{"title":"Kultur spelar en viktig roll - Conny Br\u00e4nnberg","robots":{"index":"index","follow":"follow","max-snippet":"max-snippet:-1","max-image-preview":"max-image-preview:large","max-video-preview":"max-video-preview:-1"},"canonical":"https:\/\/wp.kristdemokraterna.se\/brannberg\/kultur-spelar-en-viktig-roll\/","og_locale":"sv_SE","og_type":"article","og_title":"Kultur spelar en viktig roll - Conny Br\u00e4nnberg","og_description":"Under den kommande mandatperioden f\u00e5r jag m\u00f6jlighet att \u00e4gna mig \u00e5t kulturpolitik. Det \u00e4r ett omr\u00e5de som jag varit aktiv inom under m\u00e5nga \u00e5r, men i min nya roll som regionr\u00e5d i V\u00e4stra G\u00f6talandsregionen \u00e4r det nu min &#8221;portf\u00f6lj&#8221;. Jag h\u00e4vdar att kultur har stor betydelse f\u00f6r v\u00e5rt v\u00e4lbefinnande. Den inre odlingen st\u00e4rker v\u00e5r identitet Read More","og_url":"https:\/\/wp.kristdemokraterna.se\/brannberg\/kultur-spelar-en-viktig-roll\/","og_site_name":"Conny Br\u00e4nnberg","article_publisher":"https:\/\/www.facebook.com\/connybrannberg","article_published_time":"2019-02-12T06:24:19+00:00","article_modified_time":"2019-02-12T06:25:37+00:00","author":"brannberg","twitter_card":"summary_large_image","twitter_creator":"@brannberg","twitter_site":"@brannberg","twitter_misc":{"Skriven av":"brannberg","Ber\u00e4knad l\u00e4stid":"1 minut"},"schema":{"@context":"https:\/\/schema.org","@graph":[{"@type":"Article","@id":"https:\/\/wp.kristdemokraterna.se\/brannberg\/kultur-spelar-en-viktig-roll\/#article","isPartOf":{"@id":"https:\/\/wp.kristdemokraterna.se\/brannberg\/kultur-spelar-en-viktig-roll\/"},"author":{"name":"brannberg","@id":"https:\/\/wp.kristdemokraterna.se\/brannberg\/#\/schema\/person\/16c27da76d91de55cd55bdfac6e90bd2"},"headline":"Kultur spelar en viktig roll","datePublished":"2019-02-12T06:24:19+00:00","dateModified":"2019-02-12T06:25:37+00:00","mainEntityOfPage":{"@id":"https:\/\/wp.kristdemokraterna.se\/brannberg\/kultur-spelar-en-viktig-roll\/"},"wordCount":235,"articleSection":["Senaste h\u00e4ndelser"],"inLanguage":"sv-SE"},{"@type":"WebPage","@id":"https:\/\/wp.kristdemokraterna.se\/brannberg\/kultur-spelar-en-viktig-roll\/","url":"https:\/\/wp.kristdemokraterna.se\/brannberg\/kultur-spelar-en-viktig-roll\/","name":"Kultur spelar en viktig roll - Conny Br\u00e4nnberg","isPartOf":{"@id":"https:\/\/wp.kristdemokraterna.se\/brannberg\/#website"},"datePublished":"2019-02-12T06:24:19+00:00","dateModified":"2019-02-12T06:25:37+00:00","author":{"@id":"https:\/\/wp.kristdemokraterna.se\/brannberg\/#\/schema\/person\/16c27da76d91de55cd55bdfac6e90bd2"},"breadcrumb":{"@id":"https:\/\/wp.kristdemokraterna.se\/brannberg\/kultur-spelar-en-viktig-roll\/#breadcrumb"},"inLanguage":"sv-SE","potentialAction":[{"@type":"ReadAction","target":["https:\/\/wp.kristdemokraterna.se\/brannberg\/kultur-spelar-en-viktig-roll\/"]}]},{"@type":"BreadcrumbList","@id":"https:\/\/wp.kristdemokraterna.se\/brannberg\/kultur-spelar-en-viktig-roll\/#breadcrumb","itemListElement":[{"@type":"ListItem","position":1,"name":"Hem","item":"https:\/\/wp.kristdemokraterna.se\/brannberg\/"},{"@type":"ListItem","position":2,"name":"Kultur spelar en viktig roll"}]},{"@type":"WebSite","@id":"https:\/\/wp.kristdemokraterna.se\/brannberg\/#website","url":"https:\/\/wp.kristdemokraterna.se\/brannberg\/","name":"Conny Br\u00e4nnberg","description":"Trygg v\u00e5rd n\u00e4ra dig!","inLanguage":"sv-SE"},{"@type":"Person","@id":"https:\/\/wp.kristdemokraterna.se\/brannberg\/#\/schema\/person\/16c27da76d91de55cd55bdfac6e90bd2","name":"brannberg","image":{"@type":"ImageObject","inLanguage":"sv-SE","@id":"https:\/\/secure.gravatar.com\/avatar\/3065f237d64bcc60246edd2804abb1788848e0a9f187add49e65be41fbadadec?s=96&d=mm&r=g","url":"https:\/\/secure.gravatar.com\/avatar\/3065f237d64bcc60246edd2804abb1788848e0a9f187add49e65be41fbadadec?s=96&d=mm&r=g","contentUrl":"https:\/\/secure.gravatar.com\/avatar\/3065f237d64bcc60246edd2804abb1788848e0a9f187add49e65be41fbadadec?s=96&d=mm&r=g","caption":"brannberg"}}]}},"_links":{"self":[{"href":"https:\/\/wp.kristdemokraterna.se\/brannberg\/wp-json\/wp\/v2\/posts\/1016","targetHints":{"allow":["GET"]}}],"collection":[{"href":"https:\/\/wp.kristdemokraterna.se\/brannberg\/wp-json\/wp\/v2\/posts"}],"about":[{"href":"https:\/\/wp.kristdemokraterna.se\/brannberg\/wp-json\/wp\/v2\/types\/post"}],"author":[{"embeddable":true,"href":"https:\/\/wp.kristdemokraterna.se\/brannberg\/wp-json\/wp\/v2\/users\/744"}],"replies":[{"embeddable":true,"href":"https:\/\/wp.kristdemokraterna.se\/brannberg\/wp-json\/wp\/v2\/comments?post=1016"}],"version-history":[{"count":2,"href":"https:\/\/wp.kristdemokraterna.se\/brannberg\/wp-json\/wp\/v2\/posts\/1016\/revisions"}],"predecessor-version":[{"id":1019,"href":"https:\/\/wp.kristdemokraterna.se\/brannberg\/wp-json\/wp\/v2\/posts\/1016\/revisions\/1019"}],"wp:attachment":[{"href":"https:\/\/wp.kristdemokraterna.se\/brannberg\/wp-json\/wp\/v2\/media?parent=1016"}],"wp:term":[{"taxonomy":"category","embeddable":true,"href":"https:\/\/wp.kristdemokraterna.se\/brannberg\/wp-json\/wp\/v2\/categories?post=1016"},{"taxonomy":"post_tag","embeddable":true,"href":"https:\/\/wp.kristdemokraterna.se\/brannberg\/wp-json\/wp\/v2\/tags?post=1016"}],"curies":[{"name":"wp","href":"https:\/\/api.w.org\/{rel}","templated":true}]}}