{"id":1238,"date":"2021-09-22T11:24:01","date_gmt":"2021-09-22T09:24:01","guid":{"rendered":"https:\/\/wp.kristdemokraterna.se\/brannberg\/?p=1238"},"modified":"2021-09-22T11:24:57","modified_gmt":"2021-09-22T09:24:57","slug":"artikel-i-media-om-sjukvarden","status":"publish","type":"post","link":"https:\/\/wp.kristdemokraterna.se\/brannberg\/artikel-i-media-om-sjukvarden\/","title":{"rendered":"Artikel i media om sjukv\u00e5rden (igen)"},"content":{"rendered":"<p>Den h\u00e4r artikeln \u00e4r en beskrivning av den f\u00f6r\u00e4ndring som sjukv\u00e5rden genomg\u00e5r. Vi arbetar intensivt med att f\u00e5 bort v\u00e5rdk\u00f6er och f\u00f6r oss Kristdemokrater \u00e4r sjukv\u00e5rden v\u00e5r fr\u00e4msta fr\u00e5ga. Med detta inl\u00e4gg som publiceras i flera tidningar vill jag f\u00f6rs\u00e4kra v\u00e4ljarna om att vi Kristdemokrater deltar i det viktiga f\u00f6r\u00e4ndringsarbetet.<\/p>\n<p>https:\/\/www.sla.se\/2021\/09\/22\/forandringar-av-sjukvarden-kravs-for-att-mota-utmaningar\/<\/p>\n","protected":false},"excerpt":{"rendered":"<p>Den h\u00e4r artikeln \u00e4r en beskrivning av den f\u00f6r\u00e4ndring som sjukv\u00e5rden genomg\u00e5r. Vi arbetar intensivt med att f\u00e5 bort v\u00e5rdk\u00f6er och f\u00f6r oss Kristdemokrater \u00e4r sjukv\u00e5rden v\u00e5r fr\u00e4msta fr\u00e5ga. Med detta inl\u00e4gg som publiceras i flera tidningar vill jag f\u00f6rs\u00e4kra v\u00e4ljarna om att vi Kristdemokrater deltar i det viktiga f\u00f6r\u00e4ndringsarbetet. https:\/\/www.sla.se\/2021\/09\/22\/forandringar-av-sjukvarden-kravs-for-att-mota-utmaningar\/<\/p>\n","protected":false},"author":744,"featured_media":0,"comment_status":"closed","ping_status":"closed","sticky":false,"template":"","format":"standard","meta":{"_acf_changed":false,"footnotes":""},"categories":[8],"tags":[],"class_list":["post-1238","post","type-post","status-publish","format-standard","hentry","category-publicerat"],"acf":[],"yoast_head":"<!-- This site is optimized with the Yoast SEO plugin v27.5 - https:\/\/yoast.com\/product\/yoast-seo-wordpress\/ -->\n<title>Artikel i media om sjukv\u00e5rden (igen) - Conny Br\u00e4nnberg<\/title>\n<meta name=\"robots\" content=\"index, follow, max-snippet:-1, max-image-preview:large, max-video-preview:-1\" \/>\n<link rel=\"canonical\" href=\"https:\/\/wp.kristdemokraterna.se\/brannberg\/artikel-i-media-om-sjukvarden\/\" \/>\n<meta property=\"og:locale\" content=\"sv_SE\" \/>\n<meta property=\"og:type\" content=\"article\" \/>\n<meta property=\"og:title\" content=\"Artikel i media om sjukv\u00e5rden (igen) - Conny Br\u00e4nnberg\" \/>\n<meta property=\"og:description\" content=\"Den h\u00e4r artikeln \u00e4r en beskrivning av den f\u00f6r\u00e4ndring som sjukv\u00e5rden genomg\u00e5r. Vi arbetar intensivt med att f\u00e5 bort v\u00e5rdk\u00f6er och f\u00f6r oss Kristdemokrater \u00e4r sjukv\u00e5rden v\u00e5r fr\u00e4msta fr\u00e5ga. Med detta inl\u00e4gg som publiceras i flera tidningar vill jag f\u00f6rs\u00e4kra v\u00e4ljarna om att vi Kristdemokrater deltar i det viktiga f\u00f6r\u00e4ndringsarbetet. https:\/\/www.sla.se\/2021\/09\/22\/forandringar-av-sjukvarden-kravs-for-att-mota-utmaningar\/\" \/>\n<meta property=\"og:url\" content=\"https:\/\/wp.kristdemokraterna.se\/brannberg\/artikel-i-media-om-sjukvarden\/\" \/>\n<meta property=\"og:site_name\" content=\"Conny Br\u00e4nnberg\" \/>\n<meta property=\"article:publisher\" content=\"https:\/\/www.facebook.com\/connybrannberg\" \/>\n<meta property=\"article:published_time\" content=\"2021-09-22T09:24:01+00:00\" \/>\n<meta property=\"article:modified_time\" content=\"2021-09-22T09:24:57+00:00\" \/>\n<meta name=\"author\" content=\"brannberg\" \/>\n<meta name=\"twitter:card\" content=\"summary_large_image\" \/>\n<meta name=\"twitter:creator\" content=\"@brannberg\" \/>\n<meta name=\"twitter:site\" content=\"@brannberg\" \/>\n<meta name=\"twitter:label1\" content=\"Skriven av\" \/>\n\t<meta name=\"twitter:data1\" content=\"brannberg\" \/>\n\t<meta name=\"twitter:label2\" content=\"Ber\u00e4knad l\u00e4stid\" \/>\n\t<meta name=\"twitter:data2\" content=\"1 minut\" \/>\n<script type=\"application\/ld+json\" class=\"yoast-schema-graph\">{\"@context\":\"https:\\\/\\\/schema.org\",\"@graph\":[{\"@type\":\"Article\",\"@id\":\"https:\\\/\\\/wp.kristdemokraterna.se\\\/brannberg\\\/artikel-i-media-om-sjukvarden\\\/#article\",\"isPartOf\":{\"@id\":\"https:\\\/\\\/wp.kristdemokraterna.se\\\/brannberg\\\/artikel-i-media-om-sjukvarden\\\/\"},\"author\":{\"name\":\"brannberg\",\"@id\":\"https:\\\/\\\/wp.kristdemokraterna.se\\\/brannberg\\\/#\\\/schema\\\/person\\\/16c27da76d91de55cd55bdfac6e90bd2\"},\"headline\":\"Artikel i media om sjukv\u00e5rden (igen)\",\"datePublished\":\"2021-09-22T09:24:01+00:00\",\"dateModified\":\"2021-09-22T09:24:57+00:00\",\"mainEntityOfPage\":{\"@id\":\"https:\\\/\\\/wp.kristdemokraterna.se\\\/brannberg\\\/artikel-i-media-om-sjukvarden\\\/\"},\"wordCount\":80,\"articleSection\":[\"Publicerat\"],\"inLanguage\":\"sv-SE\"},{\"@type\":\"WebPage\",\"@id\":\"https:\\\/\\\/wp.kristdemokraterna.se\\\/brannberg\\\/artikel-i-media-om-sjukvarden\\\/\",\"url\":\"https:\\\/\\\/wp.kristdemokraterna.se\\\/brannberg\\\/artikel-i-media-om-sjukvarden\\\/\",\"name\":\"Artikel i media om sjukv\u00e5rden (igen) - Conny Br\u00e4nnberg\",\"isPartOf\":{\"@id\":\"https:\\\/\\\/wp.kristdemokraterna.se\\\/brannberg\\\/#website\"},\"datePublished\":\"2021-09-22T09:24:01+00:00\",\"dateModified\":\"2021-09-22T09:24:57+00:00\",\"author\":{\"@id\":\"https:\\\/\\\/wp.kristdemokraterna.se\\\/brannberg\\\/#\\\/schema\\\/person\\\/16c27da76d91de55cd55bdfac6e90bd2\"},\"breadcrumb\":{\"@id\":\"https:\\\/\\\/wp.kristdemokraterna.se\\\/brannberg\\\/artikel-i-media-om-sjukvarden\\\/#breadcrumb\"},\"inLanguage\":\"sv-SE\",\"potentialAction\":[{\"@type\":\"ReadAction\",\"target\":[\"https:\\\/\\\/wp.kristdemokraterna.se\\\/brannberg\\\/artikel-i-media-om-sjukvarden\\\/\"]}]},{\"@type\":\"BreadcrumbList\",\"@id\":\"https:\\\/\\\/wp.kristdemokraterna.se\\\/brannberg\\\/artikel-i-media-om-sjukvarden\\\/#breadcrumb\",\"itemListElement\":[{\"@type\":\"ListItem\",\"position\":1,\"name\":\"Hem\",\"item\":\"https:\\\/\\\/wp.kristdemokraterna.se\\\/brannberg\\\/\"},{\"@type\":\"ListItem\",\"position\":2,\"name\":\"Artikel i media om sjukv\u00e5rden (igen)\"}]},{\"@type\":\"WebSite\",\"@id\":\"https:\\\/\\\/wp.kristdemokraterna.se\\\/brannberg\\\/#website\",\"url\":\"https:\\\/\\\/wp.kristdemokraterna.se\\\/brannberg\\\/\",\"name\":\"Conny Br\u00e4nnberg\",\"description\":\"Trygg v\u00e5rd n\u00e4ra dig!\",\"inLanguage\":\"sv-SE\"},{\"@type\":\"Person\",\"@id\":\"https:\\\/\\\/wp.kristdemokraterna.se\\\/brannberg\\\/#\\\/schema\\\/person\\\/16c27da76d91de55cd55bdfac6e90bd2\",\"name\":\"brannberg\",\"image\":{\"@type\":\"ImageObject\",\"inLanguage\":\"sv-SE\",\"@id\":\"https:\\\/\\\/secure.gravatar.com\\\/avatar\\\/3065f237d64bcc60246edd2804abb1788848e0a9f187add49e65be41fbadadec?s=96&d=mm&r=g\",\"url\":\"https:\\\/\\\/secure.gravatar.com\\\/avatar\\\/3065f237d64bcc60246edd2804abb1788848e0a9f187add49e65be41fbadadec?s=96&d=mm&r=g\",\"contentUrl\":\"https:\\\/\\\/secure.gravatar.com\\\/avatar\\\/3065f237d64bcc60246edd2804abb1788848e0a9f187add49e65be41fbadadec?s=96&d=mm&r=g\",\"caption\":\"brannberg\"}}]}<\/script>\n<!-- \/ Yoast SEO plugin. -->","yoast_head_json":{"title":"Artikel i media om sjukv\u00e5rden (igen) - Conny Br\u00e4nnberg","robots":{"index":"index","follow":"follow","max-snippet":"max-snippet:-1","max-image-preview":"max-image-preview:large","max-video-preview":"max-video-preview:-1"},"canonical":"https:\/\/wp.kristdemokraterna.se\/brannberg\/artikel-i-media-om-sjukvarden\/","og_locale":"sv_SE","og_type":"article","og_title":"Artikel i media om sjukv\u00e5rden (igen) - Conny Br\u00e4nnberg","og_description":"Den h\u00e4r artikeln \u00e4r en beskrivning av den f\u00f6r\u00e4ndring som sjukv\u00e5rden genomg\u00e5r. Vi arbetar intensivt med att f\u00e5 bort v\u00e5rdk\u00f6er och f\u00f6r oss Kristdemokrater \u00e4r sjukv\u00e5rden v\u00e5r fr\u00e4msta fr\u00e5ga. Med detta inl\u00e4gg som publiceras i flera tidningar vill jag f\u00f6rs\u00e4kra v\u00e4ljarna om att vi Kristdemokrater deltar i det viktiga f\u00f6r\u00e4ndringsarbetet. https:\/\/www.sla.se\/2021\/09\/22\/forandringar-av-sjukvarden-kravs-for-att-mota-utmaningar\/","og_url":"https:\/\/wp.kristdemokraterna.se\/brannberg\/artikel-i-media-om-sjukvarden\/","og_site_name":"Conny Br\u00e4nnberg","article_publisher":"https:\/\/www.facebook.com\/connybrannberg","article_published_time":"2021-09-22T09:24:01+00:00","article_modified_time":"2021-09-22T09:24:57+00:00","author":"brannberg","twitter_card":"summary_large_image","twitter_creator":"@brannberg","twitter_site":"@brannberg","twitter_misc":{"Skriven av":"brannberg","Ber\u00e4knad l\u00e4stid":"1 minut"},"schema":{"@context":"https:\/\/schema.org","@graph":[{"@type":"Article","@id":"https:\/\/wp.kristdemokraterna.se\/brannberg\/artikel-i-media-om-sjukvarden\/#article","isPartOf":{"@id":"https:\/\/wp.kristdemokraterna.se\/brannberg\/artikel-i-media-om-sjukvarden\/"},"author":{"name":"brannberg","@id":"https:\/\/wp.kristdemokraterna.se\/brannberg\/#\/schema\/person\/16c27da76d91de55cd55bdfac6e90bd2"},"headline":"Artikel i media om sjukv\u00e5rden (igen)","datePublished":"2021-09-22T09:24:01+00:00","dateModified":"2021-09-22T09:24:57+00:00","mainEntityOfPage":{"@id":"https:\/\/wp.kristdemokraterna.se\/brannberg\/artikel-i-media-om-sjukvarden\/"},"wordCount":80,"articleSection":["Publicerat"],"inLanguage":"sv-SE"},{"@type":"WebPage","@id":"https:\/\/wp.kristdemokraterna.se\/brannberg\/artikel-i-media-om-sjukvarden\/","url":"https:\/\/wp.kristdemokraterna.se\/brannberg\/artikel-i-media-om-sjukvarden\/","name":"Artikel i media om sjukv\u00e5rden (igen) - Conny Br\u00e4nnberg","isPartOf":{"@id":"https:\/\/wp.kristdemokraterna.se\/brannberg\/#website"},"datePublished":"2021-09-22T09:24:01+00:00","dateModified":"2021-09-22T09:24:57+00:00","author":{"@id":"https:\/\/wp.kristdemokraterna.se\/brannberg\/#\/schema\/person\/16c27da76d91de55cd55bdfac6e90bd2"},"breadcrumb":{"@id":"https:\/\/wp.kristdemokraterna.se\/brannberg\/artikel-i-media-om-sjukvarden\/#breadcrumb"},"inLanguage":"sv-SE","potentialAction":[{"@type":"ReadAction","target":["https:\/\/wp.kristdemokraterna.se\/brannberg\/artikel-i-media-om-sjukvarden\/"]}]},{"@type":"BreadcrumbList","@id":"https:\/\/wp.kristdemokraterna.se\/brannberg\/artikel-i-media-om-sjukvarden\/#breadcrumb","itemListElement":[{"@type":"ListItem","position":1,"name":"Hem","item":"https:\/\/wp.kristdemokraterna.se\/brannberg\/"},{"@type":"ListItem","position":2,"name":"Artikel i media om sjukv\u00e5rden (igen)"}]},{"@type":"WebSite","@id":"https:\/\/wp.kristdemokraterna.se\/brannberg\/#website","url":"https:\/\/wp.kristdemokraterna.se\/brannberg\/","name":"Conny Br\u00e4nnberg","description":"Trygg v\u00e5rd n\u00e4ra dig!","inLanguage":"sv-SE"},{"@type":"Person","@id":"https:\/\/wp.kristdemokraterna.se\/brannberg\/#\/schema\/person\/16c27da76d91de55cd55bdfac6e90bd2","name":"brannberg","image":{"@type":"ImageObject","inLanguage":"sv-SE","@id":"https:\/\/secure.gravatar.com\/avatar\/3065f237d64bcc60246edd2804abb1788848e0a9f187add49e65be41fbadadec?s=96&d=mm&r=g","url":"https:\/\/secure.gravatar.com\/avatar\/3065f237d64bcc60246edd2804abb1788848e0a9f187add49e65be41fbadadec?s=96&d=mm&r=g","contentUrl":"https:\/\/secure.gravatar.com\/avatar\/3065f237d64bcc60246edd2804abb1788848e0a9f187add49e65be41fbadadec?s=96&d=mm&r=g","caption":"brannberg"}}]}},"_links":{"self":[{"href":"https:\/\/wp.kristdemokraterna.se\/brannberg\/wp-json\/wp\/v2\/posts\/1238","targetHints":{"allow":["GET"]}}],"collection":[{"href":"https:\/\/wp.kristdemokraterna.se\/brannberg\/wp-json\/wp\/v2\/posts"}],"about":[{"href":"https:\/\/wp.kristdemokraterna.se\/brannberg\/wp-json\/wp\/v2\/types\/post"}],"author":[{"embeddable":true,"href":"https:\/\/wp.kristdemokraterna.se\/brannberg\/wp-json\/wp\/v2\/users\/744"}],"replies":[{"embeddable":true,"href":"https:\/\/wp.kristdemokraterna.se\/brannberg\/wp-json\/wp\/v2\/comments?post=1238"}],"version-history":[{"count":2,"href":"https:\/\/wp.kristdemokraterna.se\/brannberg\/wp-json\/wp\/v2\/posts\/1238\/revisions"}],"predecessor-version":[{"id":1240,"href":"https:\/\/wp.kristdemokraterna.se\/brannberg\/wp-json\/wp\/v2\/posts\/1238\/revisions\/1240"}],"wp:attachment":[{"href":"https:\/\/wp.kristdemokraterna.se\/brannberg\/wp-json\/wp\/v2\/media?parent=1238"}],"wp:term":[{"taxonomy":"category","embeddable":true,"href":"https:\/\/wp.kristdemokraterna.se\/brannberg\/wp-json\/wp\/v2\/categories?post=1238"},{"taxonomy":"post_tag","embeddable":true,"href":"https:\/\/wp.kristdemokraterna.se\/brannberg\/wp-json\/wp\/v2\/tags?post=1238"}],"curies":[{"name":"wp","href":"https:\/\/api.w.org\/{rel}","templated":true}]}}