{"id":1241,"date":"2021-10-04T13:05:15","date_gmt":"2021-10-04T11:05:15","guid":{"rendered":"https:\/\/wp.kristdemokraterna.se\/brannberg\/?p=1241"},"modified":"2021-10-04T13:06:20","modified_gmt":"2021-10-04T11:06:20","slug":"skapa-inte-en-konstnarlig-regionarrest","status":"publish","type":"post","link":"https:\/\/wp.kristdemokraterna.se\/brannberg\/skapa-inte-en-konstnarlig-regionarrest\/","title":{"rendered":"Skapa inte en konstn\u00e4rlig regionarrest"},"content":{"rendered":"<p>Jag h\u00e4vdar kulturens egenv\u00e4rde men ocks\u00e5 principen om arml\u00e4ngds avst\u00e5nd. Jag \u00e4r oroad \u00f6ver att politiker st\u00e4ller allt f\u00f6r m\u00e5nga krav p\u00e5 kulturpolitiken. De senaste \u00e5ren har en rad perspektiv kr\u00e4vts och den rapport som MYKA (Myndigheten f\u00f6r Kulturanalys) kom med i somras pekar p\u00e5 att konstens frihet hotas.<\/p>\n<p>Denna l\u00e4nk \u00e4r till en debattartikel som publicerades i GP oktober 2021.<\/p>\n<p>https:\/\/www.gp.se\/debatt\/politikerna-hotar-den-konstn%C3%A4rliga-friheten-1.56154402<\/p>\n","protected":false},"excerpt":{"rendered":"<p>Jag h\u00e4vdar kulturens egenv\u00e4rde men ocks\u00e5 principen om arml\u00e4ngds avst\u00e5nd. Jag \u00e4r oroad \u00f6ver att politiker st\u00e4ller allt f\u00f6r m\u00e5nga krav p\u00e5 kulturpolitiken. De senaste \u00e5ren har en rad perspektiv kr\u00e4vts och den rapport som MYKA (Myndigheten f\u00f6r Kulturanalys) kom med i somras pekar p\u00e5 att konstens frihet hotas. Denna l\u00e4nk \u00e4r till en debattartikel <a class=\"read-more-link\" href=\"https:\/\/wp.kristdemokraterna.se\/brannberg\/skapa-inte-en-konstnarlig-regionarrest\/\">Read More<\/a><\/p>\n","protected":false},"author":744,"featured_media":0,"comment_status":"closed","ping_status":"closed","sticky":false,"template":"","format":"standard","meta":{"_acf_changed":false,"footnotes":""},"categories":[8],"tags":[],"class_list":["post-1241","post","type-post","status-publish","format-standard","hentry","category-publicerat"],"acf":[],"yoast_head":"<!-- This site is optimized with the Yoast SEO plugin v27.5 - https:\/\/yoast.com\/product\/yoast-seo-wordpress\/ -->\n<title>Skapa inte en konstn\u00e4rlig regionarrest - Conny Br\u00e4nnberg<\/title>\n<meta name=\"robots\" content=\"index, follow, max-snippet:-1, max-image-preview:large, max-video-preview:-1\" \/>\n<link rel=\"canonical\" href=\"https:\/\/wp.kristdemokraterna.se\/brannberg\/skapa-inte-en-konstnarlig-regionarrest\/\" \/>\n<meta property=\"og:locale\" content=\"sv_SE\" \/>\n<meta property=\"og:type\" content=\"article\" \/>\n<meta property=\"og:title\" content=\"Skapa inte en konstn\u00e4rlig regionarrest - Conny Br\u00e4nnberg\" \/>\n<meta property=\"og:description\" content=\"Jag h\u00e4vdar kulturens egenv\u00e4rde men ocks\u00e5 principen om arml\u00e4ngds avst\u00e5nd. Jag \u00e4r oroad \u00f6ver att politiker st\u00e4ller allt f\u00f6r m\u00e5nga krav p\u00e5 kulturpolitiken. De senaste \u00e5ren har en rad perspektiv kr\u00e4vts och den rapport som MYKA (Myndigheten f\u00f6r Kulturanalys) kom med i somras pekar p\u00e5 att konstens frihet hotas. Denna l\u00e4nk \u00e4r till en debattartikel Read More\" \/>\n<meta property=\"og:url\" content=\"https:\/\/wp.kristdemokraterna.se\/brannberg\/skapa-inte-en-konstnarlig-regionarrest\/\" \/>\n<meta property=\"og:site_name\" content=\"Conny Br\u00e4nnberg\" \/>\n<meta property=\"article:publisher\" content=\"https:\/\/www.facebook.com\/connybrannberg\" \/>\n<meta property=\"article:published_time\" content=\"2021-10-04T11:05:15+00:00\" \/>\n<meta property=\"article:modified_time\" content=\"2021-10-04T11:06:20+00:00\" \/>\n<meta name=\"author\" content=\"brannberg\" \/>\n<meta name=\"twitter:card\" content=\"summary_large_image\" \/>\n<meta name=\"twitter:creator\" content=\"@brannberg\" \/>\n<meta name=\"twitter:site\" content=\"@brannberg\" \/>\n<meta name=\"twitter:label1\" content=\"Skriven av\" \/>\n\t<meta name=\"twitter:data1\" content=\"brannberg\" \/>\n\t<meta name=\"twitter:label2\" content=\"Ber\u00e4knad l\u00e4stid\" \/>\n\t<meta name=\"twitter:data2\" content=\"1 minut\" \/>\n<script type=\"application\/ld+json\" class=\"yoast-schema-graph\">{\"@context\":\"https:\\\/\\\/schema.org\",\"@graph\":[{\"@type\":\"Article\",\"@id\":\"https:\\\/\\\/wp.kristdemokraterna.se\\\/brannberg\\\/skapa-inte-en-konstnarlig-regionarrest\\\/#article\",\"isPartOf\":{\"@id\":\"https:\\\/\\\/wp.kristdemokraterna.se\\\/brannberg\\\/skapa-inte-en-konstnarlig-regionarrest\\\/\"},\"author\":{\"name\":\"brannberg\",\"@id\":\"https:\\\/\\\/wp.kristdemokraterna.se\\\/brannberg\\\/#\\\/schema\\\/person\\\/16c27da76d91de55cd55bdfac6e90bd2\"},\"headline\":\"Skapa inte en konstn\u00e4rlig regionarrest\",\"datePublished\":\"2021-10-04T11:05:15+00:00\",\"dateModified\":\"2021-10-04T11:06:20+00:00\",\"mainEntityOfPage\":{\"@id\":\"https:\\\/\\\/wp.kristdemokraterna.se\\\/brannberg\\\/skapa-inte-en-konstnarlig-regionarrest\\\/\"},\"wordCount\":85,\"articleSection\":[\"Publicerat\"],\"inLanguage\":\"sv-SE\"},{\"@type\":\"WebPage\",\"@id\":\"https:\\\/\\\/wp.kristdemokraterna.se\\\/brannberg\\\/skapa-inte-en-konstnarlig-regionarrest\\\/\",\"url\":\"https:\\\/\\\/wp.kristdemokraterna.se\\\/brannberg\\\/skapa-inte-en-konstnarlig-regionarrest\\\/\",\"name\":\"Skapa inte en konstn\u00e4rlig regionarrest - Conny Br\u00e4nnberg\",\"isPartOf\":{\"@id\":\"https:\\\/\\\/wp.kristdemokraterna.se\\\/brannberg\\\/#website\"},\"datePublished\":\"2021-10-04T11:05:15+00:00\",\"dateModified\":\"2021-10-04T11:06:20+00:00\",\"author\":{\"@id\":\"https:\\\/\\\/wp.kristdemokraterna.se\\\/brannberg\\\/#\\\/schema\\\/person\\\/16c27da76d91de55cd55bdfac6e90bd2\"},\"breadcrumb\":{\"@id\":\"https:\\\/\\\/wp.kristdemokraterna.se\\\/brannberg\\\/skapa-inte-en-konstnarlig-regionarrest\\\/#breadcrumb\"},\"inLanguage\":\"sv-SE\",\"potentialAction\":[{\"@type\":\"ReadAction\",\"target\":[\"https:\\\/\\\/wp.kristdemokraterna.se\\\/brannberg\\\/skapa-inte-en-konstnarlig-regionarrest\\\/\"]}]},{\"@type\":\"BreadcrumbList\",\"@id\":\"https:\\\/\\\/wp.kristdemokraterna.se\\\/brannberg\\\/skapa-inte-en-konstnarlig-regionarrest\\\/#breadcrumb\",\"itemListElement\":[{\"@type\":\"ListItem\",\"position\":1,\"name\":\"Hem\",\"item\":\"https:\\\/\\\/wp.kristdemokraterna.se\\\/brannberg\\\/\"},{\"@type\":\"ListItem\",\"position\":2,\"name\":\"Skapa inte en konstn\u00e4rlig regionarrest\"}]},{\"@type\":\"WebSite\",\"@id\":\"https:\\\/\\\/wp.kristdemokraterna.se\\\/brannberg\\\/#website\",\"url\":\"https:\\\/\\\/wp.kristdemokraterna.se\\\/brannberg\\\/\",\"name\":\"Conny Br\u00e4nnberg\",\"description\":\"Trygg v\u00e5rd n\u00e4ra dig!\",\"inLanguage\":\"sv-SE\"},{\"@type\":\"Person\",\"@id\":\"https:\\\/\\\/wp.kristdemokraterna.se\\\/brannberg\\\/#\\\/schema\\\/person\\\/16c27da76d91de55cd55bdfac6e90bd2\",\"name\":\"brannberg\",\"image\":{\"@type\":\"ImageObject\",\"inLanguage\":\"sv-SE\",\"@id\":\"https:\\\/\\\/secure.gravatar.com\\\/avatar\\\/3065f237d64bcc60246edd2804abb1788848e0a9f187add49e65be41fbadadec?s=96&d=mm&r=g\",\"url\":\"https:\\\/\\\/secure.gravatar.com\\\/avatar\\\/3065f237d64bcc60246edd2804abb1788848e0a9f187add49e65be41fbadadec?s=96&d=mm&r=g\",\"contentUrl\":\"https:\\\/\\\/secure.gravatar.com\\\/avatar\\\/3065f237d64bcc60246edd2804abb1788848e0a9f187add49e65be41fbadadec?s=96&d=mm&r=g\",\"caption\":\"brannberg\"}}]}<\/script>\n<!-- \/ Yoast SEO plugin. -->","yoast_head_json":{"title":"Skapa inte en konstn\u00e4rlig regionarrest - Conny Br\u00e4nnberg","robots":{"index":"index","follow":"follow","max-snippet":"max-snippet:-1","max-image-preview":"max-image-preview:large","max-video-preview":"max-video-preview:-1"},"canonical":"https:\/\/wp.kristdemokraterna.se\/brannberg\/skapa-inte-en-konstnarlig-regionarrest\/","og_locale":"sv_SE","og_type":"article","og_title":"Skapa inte en konstn\u00e4rlig regionarrest - Conny Br\u00e4nnberg","og_description":"Jag h\u00e4vdar kulturens egenv\u00e4rde men ocks\u00e5 principen om arml\u00e4ngds avst\u00e5nd. Jag \u00e4r oroad \u00f6ver att politiker st\u00e4ller allt f\u00f6r m\u00e5nga krav p\u00e5 kulturpolitiken. De senaste \u00e5ren har en rad perspektiv kr\u00e4vts och den rapport som MYKA (Myndigheten f\u00f6r Kulturanalys) kom med i somras pekar p\u00e5 att konstens frihet hotas. Denna l\u00e4nk \u00e4r till en debattartikel Read More","og_url":"https:\/\/wp.kristdemokraterna.se\/brannberg\/skapa-inte-en-konstnarlig-regionarrest\/","og_site_name":"Conny Br\u00e4nnberg","article_publisher":"https:\/\/www.facebook.com\/connybrannberg","article_published_time":"2021-10-04T11:05:15+00:00","article_modified_time":"2021-10-04T11:06:20+00:00","author":"brannberg","twitter_card":"summary_large_image","twitter_creator":"@brannberg","twitter_site":"@brannberg","twitter_misc":{"Skriven av":"brannberg","Ber\u00e4knad l\u00e4stid":"1 minut"},"schema":{"@context":"https:\/\/schema.org","@graph":[{"@type":"Article","@id":"https:\/\/wp.kristdemokraterna.se\/brannberg\/skapa-inte-en-konstnarlig-regionarrest\/#article","isPartOf":{"@id":"https:\/\/wp.kristdemokraterna.se\/brannberg\/skapa-inte-en-konstnarlig-regionarrest\/"},"author":{"name":"brannberg","@id":"https:\/\/wp.kristdemokraterna.se\/brannberg\/#\/schema\/person\/16c27da76d91de55cd55bdfac6e90bd2"},"headline":"Skapa inte en konstn\u00e4rlig regionarrest","datePublished":"2021-10-04T11:05:15+00:00","dateModified":"2021-10-04T11:06:20+00:00","mainEntityOfPage":{"@id":"https:\/\/wp.kristdemokraterna.se\/brannberg\/skapa-inte-en-konstnarlig-regionarrest\/"},"wordCount":85,"articleSection":["Publicerat"],"inLanguage":"sv-SE"},{"@type":"WebPage","@id":"https:\/\/wp.kristdemokraterna.se\/brannberg\/skapa-inte-en-konstnarlig-regionarrest\/","url":"https:\/\/wp.kristdemokraterna.se\/brannberg\/skapa-inte-en-konstnarlig-regionarrest\/","name":"Skapa inte en konstn\u00e4rlig regionarrest - Conny Br\u00e4nnberg","isPartOf":{"@id":"https:\/\/wp.kristdemokraterna.se\/brannberg\/#website"},"datePublished":"2021-10-04T11:05:15+00:00","dateModified":"2021-10-04T11:06:20+00:00","author":{"@id":"https:\/\/wp.kristdemokraterna.se\/brannberg\/#\/schema\/person\/16c27da76d91de55cd55bdfac6e90bd2"},"breadcrumb":{"@id":"https:\/\/wp.kristdemokraterna.se\/brannberg\/skapa-inte-en-konstnarlig-regionarrest\/#breadcrumb"},"inLanguage":"sv-SE","potentialAction":[{"@type":"ReadAction","target":["https:\/\/wp.kristdemokraterna.se\/brannberg\/skapa-inte-en-konstnarlig-regionarrest\/"]}]},{"@type":"BreadcrumbList","@id":"https:\/\/wp.kristdemokraterna.se\/brannberg\/skapa-inte-en-konstnarlig-regionarrest\/#breadcrumb","itemListElement":[{"@type":"ListItem","position":1,"name":"Hem","item":"https:\/\/wp.kristdemokraterna.se\/brannberg\/"},{"@type":"ListItem","position":2,"name":"Skapa inte en konstn\u00e4rlig regionarrest"}]},{"@type":"WebSite","@id":"https:\/\/wp.kristdemokraterna.se\/brannberg\/#website","url":"https:\/\/wp.kristdemokraterna.se\/brannberg\/","name":"Conny Br\u00e4nnberg","description":"Trygg v\u00e5rd n\u00e4ra dig!","inLanguage":"sv-SE"},{"@type":"Person","@id":"https:\/\/wp.kristdemokraterna.se\/brannberg\/#\/schema\/person\/16c27da76d91de55cd55bdfac6e90bd2","name":"brannberg","image":{"@type":"ImageObject","inLanguage":"sv-SE","@id":"https:\/\/secure.gravatar.com\/avatar\/3065f237d64bcc60246edd2804abb1788848e0a9f187add49e65be41fbadadec?s=96&d=mm&r=g","url":"https:\/\/secure.gravatar.com\/avatar\/3065f237d64bcc60246edd2804abb1788848e0a9f187add49e65be41fbadadec?s=96&d=mm&r=g","contentUrl":"https:\/\/secure.gravatar.com\/avatar\/3065f237d64bcc60246edd2804abb1788848e0a9f187add49e65be41fbadadec?s=96&d=mm&r=g","caption":"brannberg"}}]}},"_links":{"self":[{"href":"https:\/\/wp.kristdemokraterna.se\/brannberg\/wp-json\/wp\/v2\/posts\/1241","targetHints":{"allow":["GET"]}}],"collection":[{"href":"https:\/\/wp.kristdemokraterna.se\/brannberg\/wp-json\/wp\/v2\/posts"}],"about":[{"href":"https:\/\/wp.kristdemokraterna.se\/brannberg\/wp-json\/wp\/v2\/types\/post"}],"author":[{"embeddable":true,"href":"https:\/\/wp.kristdemokraterna.se\/brannberg\/wp-json\/wp\/v2\/users\/744"}],"replies":[{"embeddable":true,"href":"https:\/\/wp.kristdemokraterna.se\/brannberg\/wp-json\/wp\/v2\/comments?post=1241"}],"version-history":[{"count":1,"href":"https:\/\/wp.kristdemokraterna.se\/brannberg\/wp-json\/wp\/v2\/posts\/1241\/revisions"}],"predecessor-version":[{"id":1242,"href":"https:\/\/wp.kristdemokraterna.se\/brannberg\/wp-json\/wp\/v2\/posts\/1241\/revisions\/1242"}],"wp:attachment":[{"href":"https:\/\/wp.kristdemokraterna.se\/brannberg\/wp-json\/wp\/v2\/media?parent=1241"}],"wp:term":[{"taxonomy":"category","embeddable":true,"href":"https:\/\/wp.kristdemokraterna.se\/brannberg\/wp-json\/wp\/v2\/categories?post=1241"},{"taxonomy":"post_tag","embeddable":true,"href":"https:\/\/wp.kristdemokraterna.se\/brannberg\/wp-json\/wp\/v2\/tags?post=1241"}],"curies":[{"name":"wp","href":"https:\/\/api.w.org\/{rel}","templated":true}]}}