{"id":1402,"date":"2022-08-08T08:15:04","date_gmt":"2022-08-08T06:15:04","guid":{"rendered":"https:\/\/wp.kristdemokraterna.se\/brannberg\/?p=1402"},"modified":"2022-08-08T08:15:04","modified_gmt":"2022-08-08T06:15:04","slug":"ebba-har-haft-sitt-sommartal","status":"publish","type":"post","link":"https:\/\/wp.kristdemokraterna.se\/brannberg\/ebba-har-haft-sitt-sommartal\/","title":{"rendered":"Ebba har haft sitt sommartal"},"content":{"rendered":"<p>Kristdemokrater \u00e4r ute och kampanjar runt om i landet. Ambitionen \u00e4r att \u00f6ka representationen i de olika politiska f\u00f6rsamlingarna. I g\u00e5r h\u00f6ll Ebba Busch sitt sommartal och markerade d\u00e5 att valr\u00f6relsen \u00e4r verkligen ig\u00e5ng. Nu f\u00f6rbereds f\u00f6r upps\u00e4ttning av affischer, filmer \u00e4r producerade och m\u00e4ngder av olika texter har tagits fram. Ambitionen \u00e4r att Kristdemokraterna ska f\u00e5 vara med och bild en ny regering. Detta ska ske med Moderaterna. Det kan \u00e4ven bli s\u00e5 att Liberalerna kommer att vilja vara med, men d\u00e5 kr\u00e4vs en rad beslut inom det partiet. De senaste \u00e5ren har ju inte Alliansen funnits kvar d\u00e5 b\u00e5de C och L valt en annan v\u00e4g.<br \/>\nEbba var tydligt i sitt tal om att Sverige beh\u00f6ver en ny v\u00e4g fram\u00f6ver. Hon presenterade ocks\u00e5 ett f\u00f6rslag p\u00e5 en satsning inom f\u00f6rlossningsv\u00e5rden. I V\u00e4stra G\u00f6taland har det varit ett start fokus p\u00e5 f\u00f6rlossningsv\u00e5rden och det var ett anstr\u00e4ngt l\u00e4ge i sommar, men \u00e4ven under v\u00e5ren. Samtidigt s\u00e5 \u00e4r det stor variation p\u00e5 de olika klinikerna. I v\u00e5ras kunde vi l\u00e4sa i media att alla tj\u00e4nster p\u00e5 Skaraborgs Sjukhus var tillsatta och det fanns m\u00e5nga barnmorskor som \u00f6nskade f\u00e5 arbeta i Skaraborg.<\/p>\n<p>Ebba betonade ocks\u00e5 Hj\u00e4rtlandet. Det \u00e4r en beteckning som Kristdemokraterna anv\u00e4nder f\u00f6r att beskriva att hela Sverige ska leva. Devisen handlar helt enkelt om att v\u00e5rt hj\u00e4rta sl\u00e5r f\u00f6r landsbygden som \u00e4r en viktig, men ibland bortgl\u00f6md del, av landet. Vi s\u00e4ger Stad och Land &#8211; Hand i Hand!<\/p>\n","protected":false},"excerpt":{"rendered":"<p>Kristdemokrater \u00e4r ute och kampanjar runt om i landet. Ambitionen \u00e4r att \u00f6ka representationen i de olika politiska f\u00f6rsamlingarna. I g\u00e5r h\u00f6ll Ebba Busch sitt sommartal och markerade d\u00e5 att valr\u00f6relsen \u00e4r verkligen ig\u00e5ng. Nu f\u00f6rbereds f\u00f6r upps\u00e4ttning av affischer, filmer \u00e4r producerade och m\u00e4ngder av olika texter har tagits fram. Ambitionen \u00e4r att Kristdemokraterna <a class=\"read-more-link\" href=\"https:\/\/wp.kristdemokraterna.se\/brannberg\/ebba-har-haft-sitt-sommartal\/\">Read More<\/a><\/p>\n","protected":false},"author":744,"featured_media":0,"comment_status":"closed","ping_status":"closed","sticky":false,"template":"","format":"standard","meta":{"_acf_changed":false,"footnotes":""},"categories":[7],"tags":[],"class_list":["post-1402","post","type-post","status-publish","format-standard","hentry","category-senaste-handelser"],"acf":[],"yoast_head":"<!-- This site is optimized with the Yoast SEO plugin v27.4 - https:\/\/yoast.com\/product\/yoast-seo-wordpress\/ -->\n<title>Ebba har haft sitt sommartal - Conny Br\u00e4nnberg<\/title>\n<meta name=\"robots\" content=\"index, follow, max-snippet:-1, max-image-preview:large, max-video-preview:-1\" \/>\n<link rel=\"canonical\" href=\"https:\/\/wp.kristdemokraterna.se\/brannberg\/ebba-har-haft-sitt-sommartal\/\" \/>\n<meta property=\"og:locale\" content=\"sv_SE\" \/>\n<meta property=\"og:type\" content=\"article\" \/>\n<meta property=\"og:title\" content=\"Ebba har haft sitt sommartal - Conny Br\u00e4nnberg\" \/>\n<meta property=\"og:description\" content=\"Kristdemokrater \u00e4r ute och kampanjar runt om i landet. Ambitionen \u00e4r att \u00f6ka representationen i de olika politiska f\u00f6rsamlingarna. I g\u00e5r h\u00f6ll Ebba Busch sitt sommartal och markerade d\u00e5 att valr\u00f6relsen \u00e4r verkligen ig\u00e5ng. Nu f\u00f6rbereds f\u00f6r upps\u00e4ttning av affischer, filmer \u00e4r producerade och m\u00e4ngder av olika texter har tagits fram. Ambitionen \u00e4r att Kristdemokraterna Read More\" \/>\n<meta property=\"og:url\" content=\"https:\/\/wp.kristdemokraterna.se\/brannberg\/ebba-har-haft-sitt-sommartal\/\" \/>\n<meta property=\"og:site_name\" content=\"Conny Br\u00e4nnberg\" \/>\n<meta property=\"article:publisher\" content=\"https:\/\/www.facebook.com\/connybrannberg\" \/>\n<meta property=\"article:published_time\" content=\"2022-08-08T06:15:04+00:00\" \/>\n<meta name=\"author\" content=\"brannberg\" \/>\n<meta name=\"twitter:card\" content=\"summary_large_image\" \/>\n<meta name=\"twitter:creator\" content=\"@brannberg\" \/>\n<meta name=\"twitter:site\" content=\"@brannberg\" \/>\n<meta name=\"twitter:label1\" content=\"Skriven av\" \/>\n\t<meta name=\"twitter:data1\" content=\"brannberg\" \/>\n\t<meta name=\"twitter:label2\" content=\"Ber\u00e4knad l\u00e4stid\" \/>\n\t<meta name=\"twitter:data2\" content=\"1 minut\" \/>\n<script type=\"application\/ld+json\" class=\"yoast-schema-graph\">{\"@context\":\"https:\\\/\\\/schema.org\",\"@graph\":[{\"@type\":\"Article\",\"@id\":\"https:\\\/\\\/wp.kristdemokraterna.se\\\/brannberg\\\/ebba-har-haft-sitt-sommartal\\\/#article\",\"isPartOf\":{\"@id\":\"https:\\\/\\\/wp.kristdemokraterna.se\\\/brannberg\\\/ebba-har-haft-sitt-sommartal\\\/\"},\"author\":{\"name\":\"brannberg\",\"@id\":\"https:\\\/\\\/wp.kristdemokraterna.se\\\/brannberg\\\/#\\\/schema\\\/person\\\/16c27da76d91de55cd55bdfac6e90bd2\"},\"headline\":\"Ebba har haft sitt sommartal\",\"datePublished\":\"2022-08-08T06:15:04+00:00\",\"mainEntityOfPage\":{\"@id\":\"https:\\\/\\\/wp.kristdemokraterna.se\\\/brannberg\\\/ebba-har-haft-sitt-sommartal\\\/\"},\"wordCount\":283,\"articleSection\":[\"Senaste h\u00e4ndelser\"],\"inLanguage\":\"sv-SE\"},{\"@type\":\"WebPage\",\"@id\":\"https:\\\/\\\/wp.kristdemokraterna.se\\\/brannberg\\\/ebba-har-haft-sitt-sommartal\\\/\",\"url\":\"https:\\\/\\\/wp.kristdemokraterna.se\\\/brannberg\\\/ebba-har-haft-sitt-sommartal\\\/\",\"name\":\"Ebba har haft sitt sommartal - Conny Br\u00e4nnberg\",\"isPartOf\":{\"@id\":\"https:\\\/\\\/wp.kristdemokraterna.se\\\/brannberg\\\/#website\"},\"datePublished\":\"2022-08-08T06:15:04+00:00\",\"author\":{\"@id\":\"https:\\\/\\\/wp.kristdemokraterna.se\\\/brannberg\\\/#\\\/schema\\\/person\\\/16c27da76d91de55cd55bdfac6e90bd2\"},\"breadcrumb\":{\"@id\":\"https:\\\/\\\/wp.kristdemokraterna.se\\\/brannberg\\\/ebba-har-haft-sitt-sommartal\\\/#breadcrumb\"},\"inLanguage\":\"sv-SE\",\"potentialAction\":[{\"@type\":\"ReadAction\",\"target\":[\"https:\\\/\\\/wp.kristdemokraterna.se\\\/brannberg\\\/ebba-har-haft-sitt-sommartal\\\/\"]}]},{\"@type\":\"BreadcrumbList\",\"@id\":\"https:\\\/\\\/wp.kristdemokraterna.se\\\/brannberg\\\/ebba-har-haft-sitt-sommartal\\\/#breadcrumb\",\"itemListElement\":[{\"@type\":\"ListItem\",\"position\":1,\"name\":\"Hem\",\"item\":\"https:\\\/\\\/wp.kristdemokraterna.se\\\/brannberg\\\/\"},{\"@type\":\"ListItem\",\"position\":2,\"name\":\"Ebba har haft sitt sommartal\"}]},{\"@type\":\"WebSite\",\"@id\":\"https:\\\/\\\/wp.kristdemokraterna.se\\\/brannberg\\\/#website\",\"url\":\"https:\\\/\\\/wp.kristdemokraterna.se\\\/brannberg\\\/\",\"name\":\"Conny Br\u00e4nnberg\",\"description\":\"Trygg v\u00e5rd n\u00e4ra dig!\",\"inLanguage\":\"sv-SE\"},{\"@type\":\"Person\",\"@id\":\"https:\\\/\\\/wp.kristdemokraterna.se\\\/brannberg\\\/#\\\/schema\\\/person\\\/16c27da76d91de55cd55bdfac6e90bd2\",\"name\":\"brannberg\",\"image\":{\"@type\":\"ImageObject\",\"inLanguage\":\"sv-SE\",\"@id\":\"https:\\\/\\\/secure.gravatar.com\\\/avatar\\\/3065f237d64bcc60246edd2804abb1788848e0a9f187add49e65be41fbadadec?s=96&d=mm&r=g\",\"url\":\"https:\\\/\\\/secure.gravatar.com\\\/avatar\\\/3065f237d64bcc60246edd2804abb1788848e0a9f187add49e65be41fbadadec?s=96&d=mm&r=g\",\"contentUrl\":\"https:\\\/\\\/secure.gravatar.com\\\/avatar\\\/3065f237d64bcc60246edd2804abb1788848e0a9f187add49e65be41fbadadec?s=96&d=mm&r=g\",\"caption\":\"brannberg\"}}]}<\/script>\n<!-- \/ Yoast SEO plugin. -->","yoast_head_json":{"title":"Ebba har haft sitt sommartal - Conny Br\u00e4nnberg","robots":{"index":"index","follow":"follow","max-snippet":"max-snippet:-1","max-image-preview":"max-image-preview:large","max-video-preview":"max-video-preview:-1"},"canonical":"https:\/\/wp.kristdemokraterna.se\/brannberg\/ebba-har-haft-sitt-sommartal\/","og_locale":"sv_SE","og_type":"article","og_title":"Ebba har haft sitt sommartal - Conny Br\u00e4nnberg","og_description":"Kristdemokrater \u00e4r ute och kampanjar runt om i landet. Ambitionen \u00e4r att \u00f6ka representationen i de olika politiska f\u00f6rsamlingarna. I g\u00e5r h\u00f6ll Ebba Busch sitt sommartal och markerade d\u00e5 att valr\u00f6relsen \u00e4r verkligen ig\u00e5ng. Nu f\u00f6rbereds f\u00f6r upps\u00e4ttning av affischer, filmer \u00e4r producerade och m\u00e4ngder av olika texter har tagits fram. Ambitionen \u00e4r att Kristdemokraterna Read More","og_url":"https:\/\/wp.kristdemokraterna.se\/brannberg\/ebba-har-haft-sitt-sommartal\/","og_site_name":"Conny Br\u00e4nnberg","article_publisher":"https:\/\/www.facebook.com\/connybrannberg","article_published_time":"2022-08-08T06:15:04+00:00","author":"brannberg","twitter_card":"summary_large_image","twitter_creator":"@brannberg","twitter_site":"@brannberg","twitter_misc":{"Skriven av":"brannberg","Ber\u00e4knad l\u00e4stid":"1 minut"},"schema":{"@context":"https:\/\/schema.org","@graph":[{"@type":"Article","@id":"https:\/\/wp.kristdemokraterna.se\/brannberg\/ebba-har-haft-sitt-sommartal\/#article","isPartOf":{"@id":"https:\/\/wp.kristdemokraterna.se\/brannberg\/ebba-har-haft-sitt-sommartal\/"},"author":{"name":"brannberg","@id":"https:\/\/wp.kristdemokraterna.se\/brannberg\/#\/schema\/person\/16c27da76d91de55cd55bdfac6e90bd2"},"headline":"Ebba har haft sitt sommartal","datePublished":"2022-08-08T06:15:04+00:00","mainEntityOfPage":{"@id":"https:\/\/wp.kristdemokraterna.se\/brannberg\/ebba-har-haft-sitt-sommartal\/"},"wordCount":283,"articleSection":["Senaste h\u00e4ndelser"],"inLanguage":"sv-SE"},{"@type":"WebPage","@id":"https:\/\/wp.kristdemokraterna.se\/brannberg\/ebba-har-haft-sitt-sommartal\/","url":"https:\/\/wp.kristdemokraterna.se\/brannberg\/ebba-har-haft-sitt-sommartal\/","name":"Ebba har haft sitt sommartal - Conny Br\u00e4nnberg","isPartOf":{"@id":"https:\/\/wp.kristdemokraterna.se\/brannberg\/#website"},"datePublished":"2022-08-08T06:15:04+00:00","author":{"@id":"https:\/\/wp.kristdemokraterna.se\/brannberg\/#\/schema\/person\/16c27da76d91de55cd55bdfac6e90bd2"},"breadcrumb":{"@id":"https:\/\/wp.kristdemokraterna.se\/brannberg\/ebba-har-haft-sitt-sommartal\/#breadcrumb"},"inLanguage":"sv-SE","potentialAction":[{"@type":"ReadAction","target":["https:\/\/wp.kristdemokraterna.se\/brannberg\/ebba-har-haft-sitt-sommartal\/"]}]},{"@type":"BreadcrumbList","@id":"https:\/\/wp.kristdemokraterna.se\/brannberg\/ebba-har-haft-sitt-sommartal\/#breadcrumb","itemListElement":[{"@type":"ListItem","position":1,"name":"Hem","item":"https:\/\/wp.kristdemokraterna.se\/brannberg\/"},{"@type":"ListItem","position":2,"name":"Ebba har haft sitt sommartal"}]},{"@type":"WebSite","@id":"https:\/\/wp.kristdemokraterna.se\/brannberg\/#website","url":"https:\/\/wp.kristdemokraterna.se\/brannberg\/","name":"Conny Br\u00e4nnberg","description":"Trygg v\u00e5rd n\u00e4ra dig!","inLanguage":"sv-SE"},{"@type":"Person","@id":"https:\/\/wp.kristdemokraterna.se\/brannberg\/#\/schema\/person\/16c27da76d91de55cd55bdfac6e90bd2","name":"brannberg","image":{"@type":"ImageObject","inLanguage":"sv-SE","@id":"https:\/\/secure.gravatar.com\/avatar\/3065f237d64bcc60246edd2804abb1788848e0a9f187add49e65be41fbadadec?s=96&d=mm&r=g","url":"https:\/\/secure.gravatar.com\/avatar\/3065f237d64bcc60246edd2804abb1788848e0a9f187add49e65be41fbadadec?s=96&d=mm&r=g","contentUrl":"https:\/\/secure.gravatar.com\/avatar\/3065f237d64bcc60246edd2804abb1788848e0a9f187add49e65be41fbadadec?s=96&d=mm&r=g","caption":"brannberg"}}]}},"_links":{"self":[{"href":"https:\/\/wp.kristdemokraterna.se\/brannberg\/wp-json\/wp\/v2\/posts\/1402","targetHints":{"allow":["GET"]}}],"collection":[{"href":"https:\/\/wp.kristdemokraterna.se\/brannberg\/wp-json\/wp\/v2\/posts"}],"about":[{"href":"https:\/\/wp.kristdemokraterna.se\/brannberg\/wp-json\/wp\/v2\/types\/post"}],"author":[{"embeddable":true,"href":"https:\/\/wp.kristdemokraterna.se\/brannberg\/wp-json\/wp\/v2\/users\/744"}],"replies":[{"embeddable":true,"href":"https:\/\/wp.kristdemokraterna.se\/brannberg\/wp-json\/wp\/v2\/comments?post=1402"}],"version-history":[{"count":1,"href":"https:\/\/wp.kristdemokraterna.se\/brannberg\/wp-json\/wp\/v2\/posts\/1402\/revisions"}],"predecessor-version":[{"id":1404,"href":"https:\/\/wp.kristdemokraterna.se\/brannberg\/wp-json\/wp\/v2\/posts\/1402\/revisions\/1404"}],"wp:attachment":[{"href":"https:\/\/wp.kristdemokraterna.se\/brannberg\/wp-json\/wp\/v2\/media?parent=1402"}],"wp:term":[{"taxonomy":"category","embeddable":true,"href":"https:\/\/wp.kristdemokraterna.se\/brannberg\/wp-json\/wp\/v2\/categories?post=1402"},{"taxonomy":"post_tag","embeddable":true,"href":"https:\/\/wp.kristdemokraterna.se\/brannberg\/wp-json\/wp\/v2\/tags?post=1402"}],"curies":[{"name":"wp","href":"https:\/\/api.w.org\/{rel}","templated":true}]}}