{"id":1419,"date":"2022-09-09T06:23:33","date_gmt":"2022-09-09T04:23:33","guid":{"rendered":"https:\/\/wp.kristdemokraterna.se\/brannberg\/?p=1419"},"modified":"2022-09-09T06:23:33","modified_gmt":"2022-09-09T04:23:33","slug":"vi-finns-pa-hertig-johans-torg","status":"publish","type":"post","link":"https:\/\/wp.kristdemokraterna.se\/brannberg\/vi-finns-pa-hertig-johans-torg\/","title":{"rendered":"Vi finns p\u00e5 Hertig Johans Torg"},"content":{"rendered":"<p>Vi finns p\u00e5 Hertig Johans Torg i Sk\u00f6vde i dag fredag mellan 11-18, i morgon l\u00f6rdag fr\u00e5n kl 11. V\u00e4lkommen att samtala med oss. Vi vill g\u00e4rna ge dig material s\u00e5 att du kan k\u00e4nna dig trygg i ditt val p\u00e5 s\u00f6ndag. Vi ber om ditt f\u00f6rtroende i valet. Vi \u00e4r ett lag som vill vara med och utveckla Sk\u00f6vde!<\/p>\n","protected":false},"excerpt":{"rendered":"<p>Vi finns p\u00e5 Hertig Johans Torg i Sk\u00f6vde i dag fredag mellan 11-18, i morgon l\u00f6rdag fr\u00e5n kl 11. V\u00e4lkommen att samtala med oss. Vi vill g\u00e4rna ge dig material s\u00e5 att du kan k\u00e4nna dig trygg i ditt val p\u00e5 s\u00f6ndag. Vi ber om ditt f\u00f6rtroende i valet. Vi \u00e4r ett lag som vill <a class=\"read-more-link\" href=\"https:\/\/wp.kristdemokraterna.se\/brannberg\/vi-finns-pa-hertig-johans-torg\/\">Read More<\/a><\/p>\n","protected":false},"author":744,"featured_media":0,"comment_status":"closed","ping_status":"closed","sticky":false,"template":"","format":"standard","meta":{"_acf_changed":false,"footnotes":""},"categories":[7],"tags":[],"class_list":["post-1419","post","type-post","status-publish","format-standard","hentry","category-senaste-handelser"],"acf":[],"yoast_head":"<!-- This site is optimized with the Yoast SEO plugin v27.5 - https:\/\/yoast.com\/product\/yoast-seo-wordpress\/ -->\n<title>Vi finns p\u00e5 Hertig Johans Torg - Conny Br\u00e4nnberg<\/title>\n<meta name=\"robots\" content=\"index, follow, max-snippet:-1, max-image-preview:large, max-video-preview:-1\" \/>\n<link rel=\"canonical\" href=\"https:\/\/wp.kristdemokraterna.se\/brannberg\/vi-finns-pa-hertig-johans-torg\/\" \/>\n<meta property=\"og:locale\" content=\"sv_SE\" \/>\n<meta property=\"og:type\" content=\"article\" \/>\n<meta property=\"og:title\" content=\"Vi finns p\u00e5 Hertig Johans Torg - Conny Br\u00e4nnberg\" \/>\n<meta property=\"og:description\" content=\"Vi finns p\u00e5 Hertig Johans Torg i Sk\u00f6vde i dag fredag mellan 11-18, i morgon l\u00f6rdag fr\u00e5n kl 11. V\u00e4lkommen att samtala med oss. Vi vill g\u00e4rna ge dig material s\u00e5 att du kan k\u00e4nna dig trygg i ditt val p\u00e5 s\u00f6ndag. Vi ber om ditt f\u00f6rtroende i valet. Vi \u00e4r ett lag som vill Read More\" \/>\n<meta property=\"og:url\" content=\"https:\/\/wp.kristdemokraterna.se\/brannberg\/vi-finns-pa-hertig-johans-torg\/\" \/>\n<meta property=\"og:site_name\" content=\"Conny Br\u00e4nnberg\" \/>\n<meta property=\"article:publisher\" content=\"https:\/\/www.facebook.com\/connybrannberg\" \/>\n<meta property=\"article:published_time\" content=\"2022-09-09T04:23:33+00:00\" \/>\n<meta name=\"author\" content=\"brannberg\" \/>\n<meta name=\"twitter:card\" content=\"summary_large_image\" \/>\n<meta name=\"twitter:creator\" content=\"@brannberg\" \/>\n<meta name=\"twitter:site\" content=\"@brannberg\" \/>\n<meta name=\"twitter:label1\" content=\"Skriven av\" \/>\n\t<meta name=\"twitter:data1\" content=\"brannberg\" \/>\n\t<meta name=\"twitter:label2\" content=\"Ber\u00e4knad l\u00e4stid\" \/>\n\t<meta name=\"twitter:data2\" content=\"1 minut\" \/>\n<script type=\"application\/ld+json\" class=\"yoast-schema-graph\">{\"@context\":\"https:\\\/\\\/schema.org\",\"@graph\":[{\"@type\":\"Article\",\"@id\":\"https:\\\/\\\/wp.kristdemokraterna.se\\\/brannberg\\\/vi-finns-pa-hertig-johans-torg\\\/#article\",\"isPartOf\":{\"@id\":\"https:\\\/\\\/wp.kristdemokraterna.se\\\/brannberg\\\/vi-finns-pa-hertig-johans-torg\\\/\"},\"author\":{\"name\":\"brannberg\",\"@id\":\"https:\\\/\\\/wp.kristdemokraterna.se\\\/brannberg\\\/#\\\/schema\\\/person\\\/16c27da76d91de55cd55bdfac6e90bd2\"},\"headline\":\"Vi finns p\u00e5 Hertig Johans Torg\",\"datePublished\":\"2022-09-09T04:23:33+00:00\",\"mainEntityOfPage\":{\"@id\":\"https:\\\/\\\/wp.kristdemokraterna.se\\\/brannberg\\\/vi-finns-pa-hertig-johans-torg\\\/\"},\"wordCount\":74,\"articleSection\":[\"Senaste h\u00e4ndelser\"],\"inLanguage\":\"sv-SE\"},{\"@type\":\"WebPage\",\"@id\":\"https:\\\/\\\/wp.kristdemokraterna.se\\\/brannberg\\\/vi-finns-pa-hertig-johans-torg\\\/\",\"url\":\"https:\\\/\\\/wp.kristdemokraterna.se\\\/brannberg\\\/vi-finns-pa-hertig-johans-torg\\\/\",\"name\":\"Vi finns p\u00e5 Hertig Johans Torg - Conny Br\u00e4nnberg\",\"isPartOf\":{\"@id\":\"https:\\\/\\\/wp.kristdemokraterna.se\\\/brannberg\\\/#website\"},\"datePublished\":\"2022-09-09T04:23:33+00:00\",\"author\":{\"@id\":\"https:\\\/\\\/wp.kristdemokraterna.se\\\/brannberg\\\/#\\\/schema\\\/person\\\/16c27da76d91de55cd55bdfac6e90bd2\"},\"breadcrumb\":{\"@id\":\"https:\\\/\\\/wp.kristdemokraterna.se\\\/brannberg\\\/vi-finns-pa-hertig-johans-torg\\\/#breadcrumb\"},\"inLanguage\":\"sv-SE\",\"potentialAction\":[{\"@type\":\"ReadAction\",\"target\":[\"https:\\\/\\\/wp.kristdemokraterna.se\\\/brannberg\\\/vi-finns-pa-hertig-johans-torg\\\/\"]}]},{\"@type\":\"BreadcrumbList\",\"@id\":\"https:\\\/\\\/wp.kristdemokraterna.se\\\/brannberg\\\/vi-finns-pa-hertig-johans-torg\\\/#breadcrumb\",\"itemListElement\":[{\"@type\":\"ListItem\",\"position\":1,\"name\":\"Hem\",\"item\":\"https:\\\/\\\/wp.kristdemokraterna.se\\\/brannberg\\\/\"},{\"@type\":\"ListItem\",\"position\":2,\"name\":\"Vi finns p\u00e5 Hertig Johans Torg\"}]},{\"@type\":\"WebSite\",\"@id\":\"https:\\\/\\\/wp.kristdemokraterna.se\\\/brannberg\\\/#website\",\"url\":\"https:\\\/\\\/wp.kristdemokraterna.se\\\/brannberg\\\/\",\"name\":\"Conny Br\u00e4nnberg\",\"description\":\"Trygg v\u00e5rd n\u00e4ra dig!\",\"inLanguage\":\"sv-SE\"},{\"@type\":\"Person\",\"@id\":\"https:\\\/\\\/wp.kristdemokraterna.se\\\/brannberg\\\/#\\\/schema\\\/person\\\/16c27da76d91de55cd55bdfac6e90bd2\",\"name\":\"brannberg\",\"image\":{\"@type\":\"ImageObject\",\"inLanguage\":\"sv-SE\",\"@id\":\"https:\\\/\\\/secure.gravatar.com\\\/avatar\\\/3065f237d64bcc60246edd2804abb1788848e0a9f187add49e65be41fbadadec?s=96&d=mm&r=g\",\"url\":\"https:\\\/\\\/secure.gravatar.com\\\/avatar\\\/3065f237d64bcc60246edd2804abb1788848e0a9f187add49e65be41fbadadec?s=96&d=mm&r=g\",\"contentUrl\":\"https:\\\/\\\/secure.gravatar.com\\\/avatar\\\/3065f237d64bcc60246edd2804abb1788848e0a9f187add49e65be41fbadadec?s=96&d=mm&r=g\",\"caption\":\"brannberg\"}}]}<\/script>\n<!-- \/ Yoast SEO plugin. -->","yoast_head_json":{"title":"Vi finns p\u00e5 Hertig Johans Torg - Conny Br\u00e4nnberg","robots":{"index":"index","follow":"follow","max-snippet":"max-snippet:-1","max-image-preview":"max-image-preview:large","max-video-preview":"max-video-preview:-1"},"canonical":"https:\/\/wp.kristdemokraterna.se\/brannberg\/vi-finns-pa-hertig-johans-torg\/","og_locale":"sv_SE","og_type":"article","og_title":"Vi finns p\u00e5 Hertig Johans Torg - Conny Br\u00e4nnberg","og_description":"Vi finns p\u00e5 Hertig Johans Torg i Sk\u00f6vde i dag fredag mellan 11-18, i morgon l\u00f6rdag fr\u00e5n kl 11. V\u00e4lkommen att samtala med oss. Vi vill g\u00e4rna ge dig material s\u00e5 att du kan k\u00e4nna dig trygg i ditt val p\u00e5 s\u00f6ndag. Vi ber om ditt f\u00f6rtroende i valet. Vi \u00e4r ett lag som vill Read More","og_url":"https:\/\/wp.kristdemokraterna.se\/brannberg\/vi-finns-pa-hertig-johans-torg\/","og_site_name":"Conny Br\u00e4nnberg","article_publisher":"https:\/\/www.facebook.com\/connybrannberg","article_published_time":"2022-09-09T04:23:33+00:00","author":"brannberg","twitter_card":"summary_large_image","twitter_creator":"@brannberg","twitter_site":"@brannberg","twitter_misc":{"Skriven av":"brannberg","Ber\u00e4knad l\u00e4stid":"1 minut"},"schema":{"@context":"https:\/\/schema.org","@graph":[{"@type":"Article","@id":"https:\/\/wp.kristdemokraterna.se\/brannberg\/vi-finns-pa-hertig-johans-torg\/#article","isPartOf":{"@id":"https:\/\/wp.kristdemokraterna.se\/brannberg\/vi-finns-pa-hertig-johans-torg\/"},"author":{"name":"brannberg","@id":"https:\/\/wp.kristdemokraterna.se\/brannberg\/#\/schema\/person\/16c27da76d91de55cd55bdfac6e90bd2"},"headline":"Vi finns p\u00e5 Hertig Johans Torg","datePublished":"2022-09-09T04:23:33+00:00","mainEntityOfPage":{"@id":"https:\/\/wp.kristdemokraterna.se\/brannberg\/vi-finns-pa-hertig-johans-torg\/"},"wordCount":74,"articleSection":["Senaste h\u00e4ndelser"],"inLanguage":"sv-SE"},{"@type":"WebPage","@id":"https:\/\/wp.kristdemokraterna.se\/brannberg\/vi-finns-pa-hertig-johans-torg\/","url":"https:\/\/wp.kristdemokraterna.se\/brannberg\/vi-finns-pa-hertig-johans-torg\/","name":"Vi finns p\u00e5 Hertig Johans Torg - Conny Br\u00e4nnberg","isPartOf":{"@id":"https:\/\/wp.kristdemokraterna.se\/brannberg\/#website"},"datePublished":"2022-09-09T04:23:33+00:00","author":{"@id":"https:\/\/wp.kristdemokraterna.se\/brannberg\/#\/schema\/person\/16c27da76d91de55cd55bdfac6e90bd2"},"breadcrumb":{"@id":"https:\/\/wp.kristdemokraterna.se\/brannberg\/vi-finns-pa-hertig-johans-torg\/#breadcrumb"},"inLanguage":"sv-SE","potentialAction":[{"@type":"ReadAction","target":["https:\/\/wp.kristdemokraterna.se\/brannberg\/vi-finns-pa-hertig-johans-torg\/"]}]},{"@type":"BreadcrumbList","@id":"https:\/\/wp.kristdemokraterna.se\/brannberg\/vi-finns-pa-hertig-johans-torg\/#breadcrumb","itemListElement":[{"@type":"ListItem","position":1,"name":"Hem","item":"https:\/\/wp.kristdemokraterna.se\/brannberg\/"},{"@type":"ListItem","position":2,"name":"Vi finns p\u00e5 Hertig Johans Torg"}]},{"@type":"WebSite","@id":"https:\/\/wp.kristdemokraterna.se\/brannberg\/#website","url":"https:\/\/wp.kristdemokraterna.se\/brannberg\/","name":"Conny Br\u00e4nnberg","description":"Trygg v\u00e5rd n\u00e4ra dig!","inLanguage":"sv-SE"},{"@type":"Person","@id":"https:\/\/wp.kristdemokraterna.se\/brannberg\/#\/schema\/person\/16c27da76d91de55cd55bdfac6e90bd2","name":"brannberg","image":{"@type":"ImageObject","inLanguage":"sv-SE","@id":"https:\/\/secure.gravatar.com\/avatar\/3065f237d64bcc60246edd2804abb1788848e0a9f187add49e65be41fbadadec?s=96&d=mm&r=g","url":"https:\/\/secure.gravatar.com\/avatar\/3065f237d64bcc60246edd2804abb1788848e0a9f187add49e65be41fbadadec?s=96&d=mm&r=g","contentUrl":"https:\/\/secure.gravatar.com\/avatar\/3065f237d64bcc60246edd2804abb1788848e0a9f187add49e65be41fbadadec?s=96&d=mm&r=g","caption":"brannberg"}}]}},"_links":{"self":[{"href":"https:\/\/wp.kristdemokraterna.se\/brannberg\/wp-json\/wp\/v2\/posts\/1419","targetHints":{"allow":["GET"]}}],"collection":[{"href":"https:\/\/wp.kristdemokraterna.se\/brannberg\/wp-json\/wp\/v2\/posts"}],"about":[{"href":"https:\/\/wp.kristdemokraterna.se\/brannberg\/wp-json\/wp\/v2\/types\/post"}],"author":[{"embeddable":true,"href":"https:\/\/wp.kristdemokraterna.se\/brannberg\/wp-json\/wp\/v2\/users\/744"}],"replies":[{"embeddable":true,"href":"https:\/\/wp.kristdemokraterna.se\/brannberg\/wp-json\/wp\/v2\/comments?post=1419"}],"version-history":[{"count":1,"href":"https:\/\/wp.kristdemokraterna.se\/brannberg\/wp-json\/wp\/v2\/posts\/1419\/revisions"}],"predecessor-version":[{"id":1421,"href":"https:\/\/wp.kristdemokraterna.se\/brannberg\/wp-json\/wp\/v2\/posts\/1419\/revisions\/1421"}],"wp:attachment":[{"href":"https:\/\/wp.kristdemokraterna.se\/brannberg\/wp-json\/wp\/v2\/media?parent=1419"}],"wp:term":[{"taxonomy":"category","embeddable":true,"href":"https:\/\/wp.kristdemokraterna.se\/brannberg\/wp-json\/wp\/v2\/categories?post=1419"},{"taxonomy":"post_tag","embeddable":true,"href":"https:\/\/wp.kristdemokraterna.se\/brannberg\/wp-json\/wp\/v2\/tags?post=1419"}],"curies":[{"name":"wp","href":"https:\/\/api.w.org\/{rel}","templated":true}]}}