{"id":1457,"date":"2023-02-24T16:56:58","date_gmt":"2023-02-24T15:56:58","guid":{"rendered":"https:\/\/wp.kristdemokraterna.se\/brannberg\/?p=1457"},"modified":"2023-02-24T16:56:58","modified_gmt":"2023-02-24T15:56:58","slug":"ett-ar-har-gatt","status":"publish","type":"post","link":"https:\/\/wp.kristdemokraterna.se\/brannberg\/ett-ar-har-gatt\/","title":{"rendered":"Ett \u00e5r har g\u00e5tt"},"content":{"rendered":"<p>I dag \u00e4r det ett \u00e5r sedan kriget i Ukraina br\u00f6t ut. Miljoner m\u00e4nniskor \u00e4r drabbade och m\u00e4ngder av personer har f\u00e5tt s\u00e4tta livet till. Det \u00e4r s\u00e5 tragiskt och meningsfullt. Det finns bara f\u00f6rlorare i detta. I Sverige har nu m\u00e5nga ukrainare vistats i ovisshet och l\u00e4ngtar hem. Men f\u00f6r m\u00e5nga finns det inga hem kvar att \u00e5terv\u00e4nda till. V\u00e4rldens l\u00e4nder g\u00f6r stora insatser f\u00f6r att st\u00f6tta ukrainarna. I V\u00e4stra G\u00f6taland har vi t ex satsat ytterligare en miljon kronor f\u00f6r att st\u00f6tta kulturarbetare (Kulturn\u00e4mnden har tidigare satsat tv\u00e5 miljoner och 15 konstn\u00e4rer har levt i residens hos oss). Kommuner har flaggat den ukrainska flaggan i solidaritet eller belyst byggnader. Fotot visar hur Kulturhuset i Sk\u00f6vde \u00e4r en del av en hyllning till det ukrainska folket.<\/p>\n","protected":false},"excerpt":{"rendered":"<p>I dag \u00e4r det ett \u00e5r sedan kriget i Ukraina br\u00f6t ut. Miljoner m\u00e4nniskor \u00e4r drabbade och m\u00e4ngder av personer har f\u00e5tt s\u00e4tta livet till. Det \u00e4r s\u00e5 tragiskt och meningsfullt. Det finns bara f\u00f6rlorare i detta. I Sverige har nu m\u00e5nga ukrainare vistats i ovisshet och l\u00e4ngtar hem. Men f\u00f6r m\u00e5nga finns det inga <a class=\"read-more-link\" href=\"https:\/\/wp.kristdemokraterna.se\/brannberg\/ett-ar-har-gatt\/\">Read More<\/a><\/p>\n","protected":false},"author":744,"featured_media":0,"comment_status":"closed","ping_status":"closed","sticky":false,"template":"","format":"standard","meta":{"_acf_changed":false,"footnotes":""},"categories":[7],"tags":[],"class_list":["post-1457","post","type-post","status-publish","format-standard","hentry","category-senaste-handelser"],"acf":[],"yoast_head":"<!-- This site is optimized with the Yoast SEO plugin v27.5 - https:\/\/yoast.com\/product\/yoast-seo-wordpress\/ -->\n<title>Ett \u00e5r har g\u00e5tt - Conny Br\u00e4nnberg<\/title>\n<meta name=\"robots\" content=\"index, follow, max-snippet:-1, max-image-preview:large, max-video-preview:-1\" \/>\n<link rel=\"canonical\" href=\"https:\/\/wp.kristdemokraterna.se\/brannberg\/ett-ar-har-gatt\/\" \/>\n<meta property=\"og:locale\" content=\"sv_SE\" \/>\n<meta property=\"og:type\" content=\"article\" \/>\n<meta property=\"og:title\" content=\"Ett \u00e5r har g\u00e5tt - Conny Br\u00e4nnberg\" \/>\n<meta property=\"og:description\" content=\"I dag \u00e4r det ett \u00e5r sedan kriget i Ukraina br\u00f6t ut. Miljoner m\u00e4nniskor \u00e4r drabbade och m\u00e4ngder av personer har f\u00e5tt s\u00e4tta livet till. Det \u00e4r s\u00e5 tragiskt och meningsfullt. Det finns bara f\u00f6rlorare i detta. I Sverige har nu m\u00e5nga ukrainare vistats i ovisshet och l\u00e4ngtar hem. Men f\u00f6r m\u00e5nga finns det inga Read More\" \/>\n<meta property=\"og:url\" content=\"https:\/\/wp.kristdemokraterna.se\/brannberg\/ett-ar-har-gatt\/\" \/>\n<meta property=\"og:site_name\" content=\"Conny Br\u00e4nnberg\" \/>\n<meta property=\"article:publisher\" content=\"https:\/\/www.facebook.com\/connybrannberg\" \/>\n<meta property=\"article:published_time\" content=\"2023-02-24T15:56:58+00:00\" \/>\n<meta name=\"author\" content=\"brannberg\" \/>\n<meta name=\"twitter:card\" content=\"summary_large_image\" \/>\n<meta name=\"twitter:creator\" content=\"@brannberg\" \/>\n<meta name=\"twitter:site\" content=\"@brannberg\" \/>\n<meta name=\"twitter:label1\" content=\"Skriven av\" \/>\n\t<meta name=\"twitter:data1\" content=\"brannberg\" \/>\n\t<meta name=\"twitter:label2\" content=\"Ber\u00e4knad l\u00e4stid\" \/>\n\t<meta name=\"twitter:data2\" content=\"1 minut\" \/>\n<script type=\"application\/ld+json\" class=\"yoast-schema-graph\">{\"@context\":\"https:\\\/\\\/schema.org\",\"@graph\":[{\"@type\":\"Article\",\"@id\":\"https:\\\/\\\/wp.kristdemokraterna.se\\\/brannberg\\\/ett-ar-har-gatt\\\/#article\",\"isPartOf\":{\"@id\":\"https:\\\/\\\/wp.kristdemokraterna.se\\\/brannberg\\\/ett-ar-har-gatt\\\/\"},\"author\":{\"name\":\"brannberg\",\"@id\":\"https:\\\/\\\/wp.kristdemokraterna.se\\\/brannberg\\\/#\\\/schema\\\/person\\\/16c27da76d91de55cd55bdfac6e90bd2\"},\"headline\":\"Ett \u00e5r har g\u00e5tt\",\"datePublished\":\"2023-02-24T15:56:58+00:00\",\"mainEntityOfPage\":{\"@id\":\"https:\\\/\\\/wp.kristdemokraterna.se\\\/brannberg\\\/ett-ar-har-gatt\\\/\"},\"wordCount\":154,\"articleSection\":[\"Senaste h\u00e4ndelser\"],\"inLanguage\":\"sv-SE\"},{\"@type\":\"WebPage\",\"@id\":\"https:\\\/\\\/wp.kristdemokraterna.se\\\/brannberg\\\/ett-ar-har-gatt\\\/\",\"url\":\"https:\\\/\\\/wp.kristdemokraterna.se\\\/brannberg\\\/ett-ar-har-gatt\\\/\",\"name\":\"Ett \u00e5r har g\u00e5tt - Conny Br\u00e4nnberg\",\"isPartOf\":{\"@id\":\"https:\\\/\\\/wp.kristdemokraterna.se\\\/brannberg\\\/#website\"},\"datePublished\":\"2023-02-24T15:56:58+00:00\",\"author\":{\"@id\":\"https:\\\/\\\/wp.kristdemokraterna.se\\\/brannberg\\\/#\\\/schema\\\/person\\\/16c27da76d91de55cd55bdfac6e90bd2\"},\"breadcrumb\":{\"@id\":\"https:\\\/\\\/wp.kristdemokraterna.se\\\/brannberg\\\/ett-ar-har-gatt\\\/#breadcrumb\"},\"inLanguage\":\"sv-SE\",\"potentialAction\":[{\"@type\":\"ReadAction\",\"target\":[\"https:\\\/\\\/wp.kristdemokraterna.se\\\/brannberg\\\/ett-ar-har-gatt\\\/\"]}]},{\"@type\":\"BreadcrumbList\",\"@id\":\"https:\\\/\\\/wp.kristdemokraterna.se\\\/brannberg\\\/ett-ar-har-gatt\\\/#breadcrumb\",\"itemListElement\":[{\"@type\":\"ListItem\",\"position\":1,\"name\":\"Hem\",\"item\":\"https:\\\/\\\/wp.kristdemokraterna.se\\\/brannberg\\\/\"},{\"@type\":\"ListItem\",\"position\":2,\"name\":\"Ett \u00e5r har g\u00e5tt\"}]},{\"@type\":\"WebSite\",\"@id\":\"https:\\\/\\\/wp.kristdemokraterna.se\\\/brannberg\\\/#website\",\"url\":\"https:\\\/\\\/wp.kristdemokraterna.se\\\/brannberg\\\/\",\"name\":\"Conny Br\u00e4nnberg\",\"description\":\"Trygg v\u00e5rd n\u00e4ra dig!\",\"inLanguage\":\"sv-SE\"},{\"@type\":\"Person\",\"@id\":\"https:\\\/\\\/wp.kristdemokraterna.se\\\/brannberg\\\/#\\\/schema\\\/person\\\/16c27da76d91de55cd55bdfac6e90bd2\",\"name\":\"brannberg\",\"image\":{\"@type\":\"ImageObject\",\"inLanguage\":\"sv-SE\",\"@id\":\"https:\\\/\\\/secure.gravatar.com\\\/avatar\\\/3065f237d64bcc60246edd2804abb1788848e0a9f187add49e65be41fbadadec?s=96&d=mm&r=g\",\"url\":\"https:\\\/\\\/secure.gravatar.com\\\/avatar\\\/3065f237d64bcc60246edd2804abb1788848e0a9f187add49e65be41fbadadec?s=96&d=mm&r=g\",\"contentUrl\":\"https:\\\/\\\/secure.gravatar.com\\\/avatar\\\/3065f237d64bcc60246edd2804abb1788848e0a9f187add49e65be41fbadadec?s=96&d=mm&r=g\",\"caption\":\"brannberg\"}}]}<\/script>\n<!-- \/ Yoast SEO plugin. -->","yoast_head_json":{"title":"Ett \u00e5r har g\u00e5tt - Conny Br\u00e4nnberg","robots":{"index":"index","follow":"follow","max-snippet":"max-snippet:-1","max-image-preview":"max-image-preview:large","max-video-preview":"max-video-preview:-1"},"canonical":"https:\/\/wp.kristdemokraterna.se\/brannberg\/ett-ar-har-gatt\/","og_locale":"sv_SE","og_type":"article","og_title":"Ett \u00e5r har g\u00e5tt - Conny Br\u00e4nnberg","og_description":"I dag \u00e4r det ett \u00e5r sedan kriget i Ukraina br\u00f6t ut. Miljoner m\u00e4nniskor \u00e4r drabbade och m\u00e4ngder av personer har f\u00e5tt s\u00e4tta livet till. Det \u00e4r s\u00e5 tragiskt och meningsfullt. Det finns bara f\u00f6rlorare i detta. I Sverige har nu m\u00e5nga ukrainare vistats i ovisshet och l\u00e4ngtar hem. Men f\u00f6r m\u00e5nga finns det inga Read More","og_url":"https:\/\/wp.kristdemokraterna.se\/brannberg\/ett-ar-har-gatt\/","og_site_name":"Conny Br\u00e4nnberg","article_publisher":"https:\/\/www.facebook.com\/connybrannberg","article_published_time":"2023-02-24T15:56:58+00:00","author":"brannberg","twitter_card":"summary_large_image","twitter_creator":"@brannberg","twitter_site":"@brannberg","twitter_misc":{"Skriven av":"brannberg","Ber\u00e4knad l\u00e4stid":"1 minut"},"schema":{"@context":"https:\/\/schema.org","@graph":[{"@type":"Article","@id":"https:\/\/wp.kristdemokraterna.se\/brannberg\/ett-ar-har-gatt\/#article","isPartOf":{"@id":"https:\/\/wp.kristdemokraterna.se\/brannberg\/ett-ar-har-gatt\/"},"author":{"name":"brannberg","@id":"https:\/\/wp.kristdemokraterna.se\/brannberg\/#\/schema\/person\/16c27da76d91de55cd55bdfac6e90bd2"},"headline":"Ett \u00e5r har g\u00e5tt","datePublished":"2023-02-24T15:56:58+00:00","mainEntityOfPage":{"@id":"https:\/\/wp.kristdemokraterna.se\/brannberg\/ett-ar-har-gatt\/"},"wordCount":154,"articleSection":["Senaste h\u00e4ndelser"],"inLanguage":"sv-SE"},{"@type":"WebPage","@id":"https:\/\/wp.kristdemokraterna.se\/brannberg\/ett-ar-har-gatt\/","url":"https:\/\/wp.kristdemokraterna.se\/brannberg\/ett-ar-har-gatt\/","name":"Ett \u00e5r har g\u00e5tt - Conny Br\u00e4nnberg","isPartOf":{"@id":"https:\/\/wp.kristdemokraterna.se\/brannberg\/#website"},"datePublished":"2023-02-24T15:56:58+00:00","author":{"@id":"https:\/\/wp.kristdemokraterna.se\/brannberg\/#\/schema\/person\/16c27da76d91de55cd55bdfac6e90bd2"},"breadcrumb":{"@id":"https:\/\/wp.kristdemokraterna.se\/brannberg\/ett-ar-har-gatt\/#breadcrumb"},"inLanguage":"sv-SE","potentialAction":[{"@type":"ReadAction","target":["https:\/\/wp.kristdemokraterna.se\/brannberg\/ett-ar-har-gatt\/"]}]},{"@type":"BreadcrumbList","@id":"https:\/\/wp.kristdemokraterna.se\/brannberg\/ett-ar-har-gatt\/#breadcrumb","itemListElement":[{"@type":"ListItem","position":1,"name":"Hem","item":"https:\/\/wp.kristdemokraterna.se\/brannberg\/"},{"@type":"ListItem","position":2,"name":"Ett \u00e5r har g\u00e5tt"}]},{"@type":"WebSite","@id":"https:\/\/wp.kristdemokraterna.se\/brannberg\/#website","url":"https:\/\/wp.kristdemokraterna.se\/brannberg\/","name":"Conny Br\u00e4nnberg","description":"Trygg v\u00e5rd n\u00e4ra dig!","inLanguage":"sv-SE"},{"@type":"Person","@id":"https:\/\/wp.kristdemokraterna.se\/brannberg\/#\/schema\/person\/16c27da76d91de55cd55bdfac6e90bd2","name":"brannberg","image":{"@type":"ImageObject","inLanguage":"sv-SE","@id":"https:\/\/secure.gravatar.com\/avatar\/3065f237d64bcc60246edd2804abb1788848e0a9f187add49e65be41fbadadec?s=96&d=mm&r=g","url":"https:\/\/secure.gravatar.com\/avatar\/3065f237d64bcc60246edd2804abb1788848e0a9f187add49e65be41fbadadec?s=96&d=mm&r=g","contentUrl":"https:\/\/secure.gravatar.com\/avatar\/3065f237d64bcc60246edd2804abb1788848e0a9f187add49e65be41fbadadec?s=96&d=mm&r=g","caption":"brannberg"}}]}},"_links":{"self":[{"href":"https:\/\/wp.kristdemokraterna.se\/brannberg\/wp-json\/wp\/v2\/posts\/1457","targetHints":{"allow":["GET"]}}],"collection":[{"href":"https:\/\/wp.kristdemokraterna.se\/brannberg\/wp-json\/wp\/v2\/posts"}],"about":[{"href":"https:\/\/wp.kristdemokraterna.se\/brannberg\/wp-json\/wp\/v2\/types\/post"}],"author":[{"embeddable":true,"href":"https:\/\/wp.kristdemokraterna.se\/brannberg\/wp-json\/wp\/v2\/users\/744"}],"replies":[{"embeddable":true,"href":"https:\/\/wp.kristdemokraterna.se\/brannberg\/wp-json\/wp\/v2\/comments?post=1457"}],"version-history":[{"count":1,"href":"https:\/\/wp.kristdemokraterna.se\/brannberg\/wp-json\/wp\/v2\/posts\/1457\/revisions"}],"predecessor-version":[{"id":1459,"href":"https:\/\/wp.kristdemokraterna.se\/brannberg\/wp-json\/wp\/v2\/posts\/1457\/revisions\/1459"}],"wp:attachment":[{"href":"https:\/\/wp.kristdemokraterna.se\/brannberg\/wp-json\/wp\/v2\/media?parent=1457"}],"wp:term":[{"taxonomy":"category","embeddable":true,"href":"https:\/\/wp.kristdemokraterna.se\/brannberg\/wp-json\/wp\/v2\/categories?post=1457"},{"taxonomy":"post_tag","embeddable":true,"href":"https:\/\/wp.kristdemokraterna.se\/brannberg\/wp-json\/wp\/v2\/tags?post=1457"}],"curies":[{"name":"wp","href":"https:\/\/api.w.org\/{rel}","templated":true}]}}